{"id":9937,"date":"2022-03-07T12:04:23","date_gmt":"2022-03-07T12:04:23","guid":{"rendered":"https:\/\/cuadra-agrado.es\/?p=7759"},"modified":"2024-02-27T09:14:48","modified_gmt":"2024-02-27T09:14:48","slug":"barbarigo-y-kendor-blue-abren-la-temporada-2022","status":"publish","type":"post","link":"https:\/\/cuadra-agrado.es\/?p=9937","title":{"rendered":"Barbarigo y Kendor Blue abren la temporada 2022"},"content":{"rendered":"<p style=\"text-align: justify;\">Segunda jornada de la temporada de primavera en Hip\u00f3dromo de Madrid, y primer envite estrenando nuestra particular temporada con la confirmaci\u00f3n de dos de nuestros efectivos.<\/p>\n<p style=\"text-align: justify;\">\u201c<strong>Barbarigo<\/strong>\u201d vuelve a escena despu\u00e9s de un peque\u00f1o descanso invernal, desde que se desplazara a tierras sevillanas a comienzos de diciembre. Nuevamente el Premio Caporal ser\u00e1 su primera partida de cajones en sus recientes estrenados ocho a\u00f1itos. Prueba que sirve de soporte a la lototurf de la semana con un muy buen nivel competitivo entre sus doce participantes. \u201c<strong>Rugby<\/strong> <strong>Indus<\/strong>\u201d, <strong>\u201cElamir\u201d \u201cIron Duke\u201d, \u201cPowerful Sole\u201d, \u201cEl Sokhna\u201d,<\/strong> <strong>\u201cGalindo\u201d, \u201cCopita de Cava\u201d,<\/strong> etc\u2026 son caballos de nivel muy cercanos a grandes premios que seguro nos ofrecer\u00e1n una de las mejores carreras del d\u00eda. En el caso de \u201c<strong>Barbarigo<\/strong>\u201d es doble ganador de este Gran H\u00e1ndicap Referenciado en 2019 con Melgarejo, y en 2020 con Fayos. Solo la cabeza de un portentoso \u201c<strong>Sir Roque<\/strong>\u201d el pasado a\u00f1o le priv\u00f3 de su tercera consecutiva en un premio que se ha convertido en uno de sus principales objetivos de primavera. Este nuevo a\u00f1o, el veterano gladiador a\u00fan mantiene valor, forma y salud para poder volver a luchar esta carrera fetiche de su particular calendario. Sus problemas de menudillos parecen haber desaparecido, y sus achaques de dorso se mantienen a raya con infiltraciones espor\u00e1dicas que el caballo agradece. Sus trabajos previos nos muestran mucha confianza en sus opciones, que van acompa\u00f1ados, como decimos, de un magn\u00edfico estatus de salud. Sus cinco \u00faltimas actuaciones sin caerse del tr\u00edo avalan esta fant\u00e1stica etapa que lleva junto a su nueva preparaci\u00f3n desde el pasado verano. A Rom\u00e1n Mart\u00edn Jr le ha calado hondo este guerrillero hijo de<strong> \u201cCanford Cliffs\u201d,<\/strong> que es ahora el que lleva los galones en su patio. Es un a\u00f1o m\u00e1s viejo s\u00ed, pero si a siete a\u00f1os puso contra las cuerdas a todo un caballo de Gran Premio de nuestro turf, este a\u00f1o, mejor situado incluso en peso, no le vemos con menos opciones.<br \/>\nMonta para el checo Janacek, que despu\u00e9s de muchos a\u00f1os vuelve a vestirse con nuestros colores. A\u00fan nos queda en el recuerdo sus cuatro victorias consecutivas con \u201c<strong>Rany\u00e1n<\/strong>\u201d en su edad cl\u00e1sica de 2012, acompa\u00f1adas con otras tres victorias en ese mismo a\u00f1o tambi\u00e9n con \u201c<strong>Valiant Blue\u201d<\/strong>. Despu\u00e9s, nuestros caminos se bifurcaron por motivos profesionales, y diez a\u00f1os despu\u00e9s volveremos a recordar en el paddock previo aquella bonita temporada. Le deseamos mucha suerte para volver sobre aquella senda de victorias con nosotros, esta vez, con este viejo que merece m\u00e1s que nadie una nueva victoria que se le debe desde hace tiempo.<\/p>\n<p style=\"text-align: justify;\">En la segunda de la jornada llegar\u00e1 el d\u00eda del bautismo para <strong>\u201cKendor Blue\u201d<\/strong> que debutar\u00e1 en el Premio Jose Carlos Fernandez sobre distancia de 2.100 metros. Hemos sido pacientes e indulgentes como parec\u00eda decir su origen durante todo el pasado a\u00f1o, y es hora de que nos devuelva una primera muestra de agradecimiento por ello en esta su primera cita en competici\u00f3n. Sus dos a\u00f1os se pasaron entre \u201cponte bien y estate quieto\u201d, con una cabeza poco amueblada que se centr\u00f3 tras su castraci\u00f3n, y unos peque\u00f1os problemas f\u00edsicos que le hicieron pasar por quir\u00f3fano por precauci\u00f3n. Un a\u00f1o m\u00e1s tarde, el fornido tordo hijo de \u201c<strong>Kendargent<\/strong>\u201d est\u00e1 listo para abordar una dura competici\u00f3n que para \u00e9l comienza este domingo. Aunque la previsi\u00f3n de lluvias durante toda la semana puede poner un terreno mucho m\u00e1s a su favor y acercar sus opciones, somos conscientes de que, a priori, no podemos esperar luchar una carrera contra potros ya rodados, y algunos de ellos con suficiente experiencia a dos a\u00f1os. Lo que s\u00ed esperamos es que debute dignamente, y podamos ver ya en esta primera un atisbo de la calidad que debiera tener con este bonito origen cl\u00e1sico, a\u00f1adido al precio que marcaba su etiqueta de compra. Carrera por tanto complicada para \u00e9l en opciones, pero de trascendencia para su futuro. El lote de 11 participantes tampoco lo tendr\u00e1n f\u00e1cil, y no vemos un claro favorito para salir de \u201cmaiden\u201d. Prueba para \u201cno ganadores\u201d donde todos abordar\u00e1n por primera vez la distancia que marcan las dos curvas, a\u00f1adido a un terreno previsiblemente muy blando, y que despejar\u00e1 muchas dudas y provocar\u00e1 sorpresas. Nosotros a esperar esa sorpresa sin hacer ruido desde atr\u00e1s, tratar de ir c\u00f3modos en el recorrido, y ver hasta donde llega su progresi\u00f3n en una \u00faltima larga recta que dejar\u00e1 alg\u00fan que otro cad\u00e1ver a partir de los \u00faltimos 300 metros.<br \/>\nMonta para Borja Fayos que, aunque es consciente de que no sacar\u00e1 demasiada rentabilidad econ\u00f3mica al esfuerzo en esta primera tentativa con \u00e9l, su enorme experiencia como jockey nos ofrecer\u00e1 buenos argumentos post-carrera. En este caso, toca trabajo de brega para el patio en el que trabaja diariamente, y ofrecer sus profesionales valoraciones al t\u00e9rmino de la prueba.<\/p>\n<p style=\"text-align: justify;\">No es demasiado significativo c\u00f3mo podamos comenzar esta nueva primavera, sino las valoraciones a final de temporada, pero es evidente que un buen comienzo siempre aportar\u00e1 confianza y, sobre todo, la ilusi\u00f3n necesaria para emprender este nuevo viaje.<\/p>\n<p style=\"text-align: justify;\">Queremos desear toda la fortuna que merecen en este inicio de temporada a nuestros dos preparadores, Christian Delcher y Rom\u00e1n Mart\u00edn Arranz, que sustentar\u00e1n todos nuestros efectivos. Un bonito c\u00f3ctel entre ellos de experiencia y juventud, y sabidur\u00eda e ilusi\u00f3n.<\/p>\n<p style=\"text-align: justify;\">Mucha suerte equipo!!!<\/p>\n<!-- AddThis Advanced Settings generic via filter on the_content --><!-- AddThis Share Buttons generic via filter on the_content -->","protected":false},"excerpt":{"rendered":"<p>Segunda jornada de la temporada de primavera en Hip\u00f3dromo de Madrid, y primer envite estrenando nuestra particular temporada con la confirmaci\u00f3n de dos de nuestros efectivos. \u201cBarbarigo\u201d vuelve a escena despu\u00e9s de un peque\u00f1o descanso invernal, desde que se desplazara a tierras sevillanas a comienzos de diciembre. Nuevamente el Premio Caporal ser\u00e1 su primera partida [&hellip;]<!-- AddThis Advanced Settings generic via filter on get_the_excerpt --><!-- AddThis Share Buttons generic via filter on get_the_excerpt --><\/p>\n","protected":false},"author":5,"featured_media":9938,"comment_status":"closed","ping_status":"open","sticky":false,"template":"","format":"standard","meta":{"_acf_changed":false,"_et_pb_use_builder":"","_et_pb_old_content":"","_et_gb_content_width":"","footnotes":""},"categories":[3],"tags":[],"class_list":["post-9937","post","type-post","status-publish","format-standard","has-post-thumbnail","hentry","category-noticias-cuadra-agrado"],"acf":[],"yoast_head":"<!-- This site is optimized with the Yoast SEO plugin v27.4 - https:\/\/yoast.com\/product\/yoast-seo-wordpress\/ -->\n<title>Barbarigo y Kendor Blue abren la temporada 2022 - Cuadra Agrado<\/title>\n<meta name=\"robots\" content=\"index, follow, max-snippet:-1, max-image-preview:large, max-video-preview:-1\" \/>\n<link rel=\"canonical\" href=\"https:\/\/cuadra-agrado.es\/?p=9937\" \/>\n<meta property=\"og:locale\" content=\"es_ES\" \/>\n<meta property=\"og:type\" content=\"article\" \/>\n<meta property=\"og:title\" content=\"Barbarigo y Kendor Blue abren la temporada 2022 - Cuadra Agrado\" \/>\n<meta property=\"og:description\" content=\"Segunda jornada de la temporada de primavera en Hip\u00f3dromo de Madrid, y primer envite estrenando nuestra particular temporada con la confirmaci\u00f3n de dos de nuestros efectivos. \u201cBarbarigo\u201d vuelve a escena despu\u00e9s de un peque\u00f1o descanso invernal, desde que se desplazara a tierras sevillanas a comienzos de diciembre. Nuevamente el Premio Caporal ser\u00e1 su primera partida [&hellip;]\" \/>\n<meta property=\"og:url\" content=\"https:\/\/cuadra-agrado.es\/?p=9937\" \/>\n<meta property=\"og:site_name\" content=\"Cuadra Agrado\" \/>\n<meta property=\"article:published_time\" content=\"2022-03-07T12:04:23+00:00\" \/>\n<meta property=\"article:modified_time\" content=\"2024-02-27T09:14:48+00:00\" \/>\n<meta property=\"og:image\" content=\"https:\/\/cuadra-agrado.es\/wp-content\/uploads\/2020\/07\/barbarigo-2.jpg\" \/>\n\t<meta property=\"og:image:width\" content=\"732\" \/>\n\t<meta property=\"og:image:height\" content=\"490\" \/>\n\t<meta property=\"og:image:type\" content=\"image\/jpeg\" \/>\n<meta name=\"author\" content=\"Miguel Redondo\" \/>\n<meta name=\"twitter:card\" content=\"summary_large_image\" \/>\n<meta name=\"twitter:creator\" content=\"@AGRADOracing\" \/>\n<meta name=\"twitter:site\" content=\"@AGRADOracing\" \/>\n<meta name=\"twitter:label1\" content=\"Escrito por\" \/>\n\t<meta name=\"twitter:data1\" content=\"Miguel Redondo\" \/>\n\t<meta name=\"twitter:label2\" content=\"Tiempo de lectura\" \/>\n\t<meta name=\"twitter:data2\" content=\"5 minutos\" \/>\n<script type=\"application\/ld+json\" class=\"yoast-schema-graph\">{\"@context\":\"https:\\\/\\\/schema.org\",\"@graph\":[{\"@type\":\"Article\",\"@id\":\"https:\\\/\\\/cuadra-agrado.es\\\/?p=9937#article\",\"isPartOf\":{\"@id\":\"https:\\\/\\\/cuadra-agrado.es\\\/?p=9937\"},\"author\":{\"name\":\"Miguel Redondo\",\"@id\":\"https:\\\/\\\/cuadra-agrado.es\\\/#\\\/schema\\\/person\\\/3aa4f8d2373cf756d93a5526bc72f31b\"},\"headline\":\"Barbarigo y Kendor Blue abren la temporada 2022\",\"datePublished\":\"2022-03-07T12:04:23+00:00\",\"dateModified\":\"2024-02-27T09:14:48+00:00\",\"mainEntityOfPage\":{\"@id\":\"https:\\\/\\\/cuadra-agrado.es\\\/?p=9937\"},\"wordCount\":953,\"image\":{\"@id\":\"https:\\\/\\\/cuadra-agrado.es\\\/?p=9937#primaryimage\"},\"thumbnailUrl\":\"https:\\\/\\\/cuadra-agrado.es\\\/wp-content\\\/uploads\\\/2020\\\/07\\\/barbarigo-2.jpg\",\"articleSection\":[\"Actualidad\"],\"inLanguage\":\"es\"},{\"@type\":\"WebPage\",\"@id\":\"https:\\\/\\\/cuadra-agrado.es\\\/?p=9937\",\"url\":\"https:\\\/\\\/cuadra-agrado.es\\\/?p=9937\",\"name\":\"Barbarigo y Kendor Blue abren la temporada 2022 - Cuadra Agrado\",\"isPartOf\":{\"@id\":\"https:\\\/\\\/cuadra-agrado.es\\\/#website\"},\"primaryImageOfPage\":{\"@id\":\"https:\\\/\\\/cuadra-agrado.es\\\/?p=9937#primaryimage\"},\"image\":{\"@id\":\"https:\\\/\\\/cuadra-agrado.es\\\/?p=9937#primaryimage\"},\"thumbnailUrl\":\"https:\\\/\\\/cuadra-agrado.es\\\/wp-content\\\/uploads\\\/2020\\\/07\\\/barbarigo-2.jpg\",\"datePublished\":\"2022-03-07T12:04:23+00:00\",\"dateModified\":\"2024-02-27T09:14:48+00:00\",\"author\":{\"@id\":\"https:\\\/\\\/cuadra-agrado.es\\\/#\\\/schema\\\/person\\\/3aa4f8d2373cf756d93a5526bc72f31b\"},\"breadcrumb\":{\"@id\":\"https:\\\/\\\/cuadra-agrado.es\\\/?p=9937#breadcrumb\"},\"inLanguage\":\"es\",\"potentialAction\":[{\"@type\":\"ReadAction\",\"target\":[\"https:\\\/\\\/cuadra-agrado.es\\\/?p=9937\"]}]},{\"@type\":\"ImageObject\",\"inLanguage\":\"es\",\"@id\":\"https:\\\/\\\/cuadra-agrado.es\\\/?p=9937#primaryimage\",\"url\":\"https:\\\/\\\/cuadra-agrado.es\\\/wp-content\\\/uploads\\\/2020\\\/07\\\/barbarigo-2.jpg\",\"contentUrl\":\"https:\\\/\\\/cuadra-agrado.es\\\/wp-content\\\/uploads\\\/2020\\\/07\\\/barbarigo-2.jpg\",\"width\":732,\"height\":490},{\"@type\":\"BreadcrumbList\",\"@id\":\"https:\\\/\\\/cuadra-agrado.es\\\/?p=9937#breadcrumb\",\"itemListElement\":[{\"@type\":\"ListItem\",\"position\":1,\"name\":\"Portada\",\"item\":\"https:\\\/\\\/cuadra-agrado.es\\\/\"},{\"@type\":\"ListItem\",\"position\":2,\"name\":\"Barbarigo y Kendor Blue abren la temporada 2022\"}]},{\"@type\":\"WebSite\",\"@id\":\"https:\\\/\\\/cuadra-agrado.es\\\/#website\",\"url\":\"https:\\\/\\\/cuadra-agrado.es\\\/\",\"name\":\"Cuadra Agrado\",\"description\":\"En el mundo del Turf desde 2008\",\"potentialAction\":[{\"@type\":\"SearchAction\",\"target\":{\"@type\":\"EntryPoint\",\"urlTemplate\":\"https:\\\/\\\/cuadra-agrado.es\\\/?s={search_term_string}\"},\"query-input\":{\"@type\":\"PropertyValueSpecification\",\"valueRequired\":true,\"valueName\":\"search_term_string\"}}],\"inLanguage\":\"es\"},{\"@type\":\"Person\",\"@id\":\"https:\\\/\\\/cuadra-agrado.es\\\/#\\\/schema\\\/person\\\/3aa4f8d2373cf756d93a5526bc72f31b\",\"name\":\"Miguel Redondo\",\"image\":{\"@type\":\"ImageObject\",\"inLanguage\":\"es\",\"@id\":\"https:\\\/\\\/secure.gravatar.com\\\/avatar\\\/85704fceb4fa34017e3c1344d182da00dbf772fb8856ba2b7726a2df926415b4?s=96&d=mm&r=g\",\"url\":\"https:\\\/\\\/secure.gravatar.com\\\/avatar\\\/85704fceb4fa34017e3c1344d182da00dbf772fb8856ba2b7726a2df926415b4?s=96&d=mm&r=g\",\"contentUrl\":\"https:\\\/\\\/secure.gravatar.com\\\/avatar\\\/85704fceb4fa34017e3c1344d182da00dbf772fb8856ba2b7726a2df926415b4?s=96&d=mm&r=g\",\"caption\":\"Miguel Redondo\"},\"sameAs\":[\"https:\\\/\\\/cuadra-agrado.es\"],\"url\":\"https:\\\/\\\/cuadra-agrado.es\\\/?author=5\"}]}<\/script>\n<!-- \/ Yoast SEO plugin. -->","yoast_head_json":{"title":"Barbarigo y Kendor Blue abren la temporada 2022 - Cuadra Agrado","robots":{"index":"index","follow":"follow","max-snippet":"max-snippet:-1","max-image-preview":"max-image-preview:large","max-video-preview":"max-video-preview:-1"},"canonical":"https:\/\/cuadra-agrado.es\/?p=9937","og_locale":"es_ES","og_type":"article","og_title":"Barbarigo y Kendor Blue abren la temporada 2022 - Cuadra Agrado","og_description":"Segunda jornada de la temporada de primavera en Hip\u00f3dromo de Madrid, y primer envite estrenando nuestra particular temporada con la confirmaci\u00f3n de dos de nuestros efectivos. \u201cBarbarigo\u201d vuelve a escena despu\u00e9s de un peque\u00f1o descanso invernal, desde que se desplazara a tierras sevillanas a comienzos de diciembre. Nuevamente el Premio Caporal ser\u00e1 su primera partida [&hellip;]","og_url":"https:\/\/cuadra-agrado.es\/?p=9937","og_site_name":"Cuadra Agrado","article_published_time":"2022-03-07T12:04:23+00:00","article_modified_time":"2024-02-27T09:14:48+00:00","og_image":[{"width":732,"height":490,"url":"https:\/\/cuadra-agrado.es\/wp-content\/uploads\/2020\/07\/barbarigo-2.jpg","type":"image\/jpeg"}],"author":"Miguel Redondo","twitter_card":"summary_large_image","twitter_creator":"@AGRADOracing","twitter_site":"@AGRADOracing","twitter_misc":{"Escrito por":"Miguel Redondo","Tiempo de lectura":"5 minutos"},"schema":{"@context":"https:\/\/schema.org","@graph":[{"@type":"Article","@id":"https:\/\/cuadra-agrado.es\/?p=9937#article","isPartOf":{"@id":"https:\/\/cuadra-agrado.es\/?p=9937"},"author":{"name":"Miguel Redondo","@id":"https:\/\/cuadra-agrado.es\/#\/schema\/person\/3aa4f8d2373cf756d93a5526bc72f31b"},"headline":"Barbarigo y Kendor Blue abren la temporada 2022","datePublished":"2022-03-07T12:04:23+00:00","dateModified":"2024-02-27T09:14:48+00:00","mainEntityOfPage":{"@id":"https:\/\/cuadra-agrado.es\/?p=9937"},"wordCount":953,"image":{"@id":"https:\/\/cuadra-agrado.es\/?p=9937#primaryimage"},"thumbnailUrl":"https:\/\/cuadra-agrado.es\/wp-content\/uploads\/2020\/07\/barbarigo-2.jpg","articleSection":["Actualidad"],"inLanguage":"es"},{"@type":"WebPage","@id":"https:\/\/cuadra-agrado.es\/?p=9937","url":"https:\/\/cuadra-agrado.es\/?p=9937","name":"Barbarigo y Kendor Blue abren la temporada 2022 - Cuadra Agrado","isPartOf":{"@id":"https:\/\/cuadra-agrado.es\/#website"},"primaryImageOfPage":{"@id":"https:\/\/cuadra-agrado.es\/?p=9937#primaryimage"},"image":{"@id":"https:\/\/cuadra-agrado.es\/?p=9937#primaryimage"},"thumbnailUrl":"https:\/\/cuadra-agrado.es\/wp-content\/uploads\/2020\/07\/barbarigo-2.jpg","datePublished":"2022-03-07T12:04:23+00:00","dateModified":"2024-02-27T09:14:48+00:00","author":{"@id":"https:\/\/cuadra-agrado.es\/#\/schema\/person\/3aa4f8d2373cf756d93a5526bc72f31b"},"breadcrumb":{"@id":"https:\/\/cuadra-agrado.es\/?p=9937#breadcrumb"},"inLanguage":"es","potentialAction":[{"@type":"ReadAction","target":["https:\/\/cuadra-agrado.es\/?p=9937"]}]},{"@type":"ImageObject","inLanguage":"es","@id":"https:\/\/cuadra-agrado.es\/?p=9937#primaryimage","url":"https:\/\/cuadra-agrado.es\/wp-content\/uploads\/2020\/07\/barbarigo-2.jpg","contentUrl":"https:\/\/cuadra-agrado.es\/wp-content\/uploads\/2020\/07\/barbarigo-2.jpg","width":732,"height":490},{"@type":"BreadcrumbList","@id":"https:\/\/cuadra-agrado.es\/?p=9937#breadcrumb","itemListElement":[{"@type":"ListItem","position":1,"name":"Portada","item":"https:\/\/cuadra-agrado.es\/"},{"@type":"ListItem","position":2,"name":"Barbarigo y Kendor Blue abren la temporada 2022"}]},{"@type":"WebSite","@id":"https:\/\/cuadra-agrado.es\/#website","url":"https:\/\/cuadra-agrado.es\/","name":"Cuadra Agrado","description":"En el mundo del Turf desde 2008","potentialAction":[{"@type":"SearchAction","target":{"@type":"EntryPoint","urlTemplate":"https:\/\/cuadra-agrado.es\/?s={search_term_string}"},"query-input":{"@type":"PropertyValueSpecification","valueRequired":true,"valueName":"search_term_string"}}],"inLanguage":"es"},{"@type":"Person","@id":"https:\/\/cuadra-agrado.es\/#\/schema\/person\/3aa4f8d2373cf756d93a5526bc72f31b","name":"Miguel Redondo","image":{"@type":"ImageObject","inLanguage":"es","@id":"https:\/\/secure.gravatar.com\/avatar\/85704fceb4fa34017e3c1344d182da00dbf772fb8856ba2b7726a2df926415b4?s=96&d=mm&r=g","url":"https:\/\/secure.gravatar.com\/avatar\/85704fceb4fa34017e3c1344d182da00dbf772fb8856ba2b7726a2df926415b4?s=96&d=mm&r=g","contentUrl":"https:\/\/secure.gravatar.com\/avatar\/85704fceb4fa34017e3c1344d182da00dbf772fb8856ba2b7726a2df926415b4?s=96&d=mm&r=g","caption":"Miguel Redondo"},"sameAs":["https:\/\/cuadra-agrado.es"],"url":"https:\/\/cuadra-agrado.es\/?author=5"}]}},"_links":{"self":[{"href":"https:\/\/cuadra-agrado.es\/index.php?rest_route=\/wp\/v2\/posts\/9937","targetHints":{"allow":["GET"]}}],"collection":[{"href":"https:\/\/cuadra-agrado.es\/index.php?rest_route=\/wp\/v2\/posts"}],"about":[{"href":"https:\/\/cuadra-agrado.es\/index.php?rest_route=\/wp\/v2\/types\/post"}],"author":[{"embeddable":true,"href":"https:\/\/cuadra-agrado.es\/index.php?rest_route=\/wp\/v2\/users\/5"}],"replies":[{"embeddable":true,"href":"https:\/\/cuadra-agrado.es\/index.php?rest_route=%2Fwp%2Fv2%2Fcomments&post=9937"}],"version-history":[{"count":0,"href":"https:\/\/cuadra-agrado.es\/index.php?rest_route=\/wp\/v2\/posts\/9937\/revisions"}],"wp:featuredmedia":[{"embeddable":true,"href":"https:\/\/cuadra-agrado.es\/index.php?rest_route=\/wp\/v2\/media\/9938"}],"wp:attachment":[{"href":"https:\/\/cuadra-agrado.es\/index.php?rest_route=%2Fwp%2Fv2%2Fmedia&parent=9937"}],"wp:term":[{"taxonomy":"category","embeddable":true,"href":"https:\/\/cuadra-agrado.es\/index.php?rest_route=%2Fwp%2Fv2%2Fcategories&post=9937"},{"taxonomy":"post_tag","embeddable":true,"href":"https:\/\/cuadra-agrado.es\/index.php?rest_route=%2Fwp%2Fv2%2Ftags&post=9937"}],"curies":[{"name":"wp","href":"https:\/\/api.w.org\/{rel}","templated":true}]}}