{"id":963,"date":"2014-02-10T22:04:25","date_gmt":"2014-02-10T21:04:25","guid":{"rendered":"https:\/\/cuadra-agrado.es\/?p=963"},"modified":"2024-02-27T09:22:34","modified_gmt":"2024-02-27T09:22:34","slug":"ranyan-se-queda-sin-reaparecer-en-francia","status":"publish","type":"post","link":"https:\/\/cuadra-agrado.es\/?p=963","title":{"rendered":"Rany\u00e1n cambia Madrid por Mont de Marsan!!!"},"content":{"rendered":"<p style=\"text-align: justify;\"><a href=\"http:\/\/cuadra-agrado.es\/wp-content\/uploads\/2014\/01\/RANYAN.jpg\"><img loading=\"lazy\" decoding=\"async\" class=\"alignleft  wp-image-849\" alt=\"RANYAN\" src=\"http:\/\/cuadra-agrado.es\/wp-content\/uploads\/2014\/01\/RANYAN.jpg\" width=\"200\" height=\"170\" \/><\/a>La reaparici\u00f3n de Rany\u00e1n en Mont de Marsan, que estaba prevista para el martes 11 de febrero, ha quedado anulada a causa del sorteo celebrado por exceso de caballos matriculados.\u00a0 Mala suerte en esta ocasi\u00f3n que nos priva de poder verle en esta y que nos hace poner punto de mira para comienzos de temporada de Primavera en Madrid.<\/p>\n<p style=\"text-align: justify;\">Rany\u00e1n cambia por tanto Mont de Marsan por Madrid y como no hay mal que por bien no venga, ha sido matriculado para el estreno de la temporada madrile\u00f1a el pr\u00f3ximo domingo 23 de Febrero en su primer handicap sobre distancia de 1.800 metros. No es precisamente su distancia ideal para un caballo que tiene bien demostrado su fondo, pero &#8216;Eduardo Buz\u00f3n&#8217; ha querido que su reaparici\u00f3n sea lo menos gravosa posible y esta nueva distancia le vendr\u00e1 muy bien para toma de contacto en pista y se ahorrar\u00e1 un viaje a tierras francesas.<\/p>\n<p style=\"text-align: justify;\">Los trabajos seguir\u00e1n por tanto su programaci\u00f3n, y en breve confirmaremos su cita para esta reaparici\u00f3n despu\u00e9s de casi seis meses sin competir a causa de la lesi\u00f3n sufrida el pasado Agosto en Lasarte.<\/p>\n<p><a href=\"http:\/\/www.hipodromodelazarzuela.es\/sites\/default\/files\/estado_carrera\/37139.pdf?ts=1392061480\" target=\"_blank\" rel=\"noopener noreferrer\">Matriculas 1\u00aa Jornada Temporada HZ Primavera 2014 handicap 1.800 metros<\/a><\/p>\n<p>&nbsp;<\/p>\n<p style=\"text-align: justify;\">_____________________________________________________________________________<\/p>\n<!-- AddThis Advanced Settings generic via filter on the_content --><!-- AddThis Share Buttons generic via filter on the_content -->","protected":false},"excerpt":{"rendered":"<p>La reaparici\u00f3n de Rany\u00e1n en Mont de Marsan, que estaba prevista para el martes 11 de febrero, ha quedado anulada a causa del sorteo celebrado por exceso de caballos matriculados.\u00a0 Mala suerte en esta ocasi\u00f3n que nos priva de poder verle en esta y que nos hace poner punto de mira para comienzos de temporada [&hellip;]<!-- AddThis Advanced Settings generic via filter on get_the_excerpt --><!-- AddThis Share Buttons generic via filter on get_the_excerpt --><\/p>\n","protected":false},"author":5,"featured_media":0,"comment_status":"closed","ping_status":"closed","sticky":false,"template":"","format":"gallery","meta":{"_acf_changed":false,"_et_pb_use_builder":"","_et_pb_old_content":"","_et_gb_content_width":"","footnotes":""},"categories":[3],"tags":[],"class_list":["post-963","post","type-post","status-publish","format-gallery","hentry","category-noticias-cuadra-agrado","post_format-post-format-gallery"],"acf":[],"yoast_head":"<!-- This site is optimized with the Yoast SEO plugin v27.4 - https:\/\/yoast.com\/product\/yoast-seo-wordpress\/ -->\n<title>Rany\u00e1n cambia Madrid por Mont de Marsan!!! - Cuadra Agrado<\/title>\n<meta name=\"robots\" content=\"index, follow, max-snippet:-1, max-image-preview:large, max-video-preview:-1\" \/>\n<link rel=\"canonical\" href=\"https:\/\/cuadra-agrado.es\/?p=963\" \/>\n<meta property=\"og:locale\" content=\"es_ES\" \/>\n<meta property=\"og:type\" content=\"article\" \/>\n<meta property=\"og:title\" content=\"Rany\u00e1n cambia Madrid por Mont de Marsan!!! - Cuadra Agrado\" \/>\n<meta property=\"og:description\" content=\"La reaparici\u00f3n de Rany\u00e1n en Mont de Marsan, que estaba prevista para el martes 11 de febrero, ha quedado anulada a causa del sorteo celebrado por exceso de caballos matriculados.\u00a0 Mala suerte en esta ocasi\u00f3n que nos priva de poder verle en esta y que nos hace poner punto de mira para comienzos de temporada [&hellip;]\" \/>\n<meta property=\"og:url\" content=\"https:\/\/cuadra-agrado.es\/?p=963\" \/>\n<meta property=\"og:site_name\" content=\"Cuadra Agrado\" \/>\n<meta property=\"article:published_time\" content=\"2014-02-10T21:04:25+00:00\" \/>\n<meta property=\"article:modified_time\" content=\"2024-02-27T09:22:34+00:00\" \/>\n<meta property=\"og:image\" content=\"http:\/\/cuadra-agrado.es\/wp-content\/uploads\/2014\/01\/RANYAN.jpg\" \/>\n<meta name=\"author\" content=\"Miguel Redondo\" \/>\n<meta name=\"twitter:card\" content=\"summary_large_image\" \/>\n<meta name=\"twitter:creator\" content=\"@AGRADOracing\" \/>\n<meta name=\"twitter:site\" content=\"@AGRADOracing\" \/>\n<meta name=\"twitter:label1\" content=\"Escrito por\" \/>\n\t<meta name=\"twitter:data1\" content=\"Miguel Redondo\" \/>\n\t<meta name=\"twitter:label2\" content=\"Tiempo de lectura\" \/>\n\t<meta name=\"twitter:data2\" content=\"1 minuto\" \/>\n<script type=\"application\/ld+json\" class=\"yoast-schema-graph\">{\"@context\":\"https:\\\/\\\/schema.org\",\"@graph\":[{\"@type\":\"Article\",\"@id\":\"https:\\\/\\\/cuadra-agrado.es\\\/?p=963#article\",\"isPartOf\":{\"@id\":\"https:\\\/\\\/cuadra-agrado.es\\\/?p=963\"},\"author\":{\"name\":\"Miguel Redondo\",\"@id\":\"https:\\\/\\\/cuadra-agrado.es\\\/#\\\/schema\\\/person\\\/3aa4f8d2373cf756d93a5526bc72f31b\"},\"headline\":\"Rany\u00e1n cambia Madrid por Mont de Marsan!!!\",\"datePublished\":\"2014-02-10T21:04:25+00:00\",\"dateModified\":\"2024-02-27T09:22:34+00:00\",\"mainEntityOfPage\":{\"@id\":\"https:\\\/\\\/cuadra-agrado.es\\\/?p=963\"},\"wordCount\":213,\"image\":{\"@id\":\"https:\\\/\\\/cuadra-agrado.es\\\/?p=963#primaryimage\"},\"thumbnailUrl\":\"http:\\\/\\\/cuadra-agrado.es\\\/wp-content\\\/uploads\\\/2014\\\/01\\\/RANYAN.jpg\",\"articleSection\":[\"Actualidad\"],\"inLanguage\":\"es\"},{\"@type\":\"WebPage\",\"@id\":\"https:\\\/\\\/cuadra-agrado.es\\\/?p=963\",\"url\":\"https:\\\/\\\/cuadra-agrado.es\\\/?p=963\",\"name\":\"Rany\u00e1n cambia Madrid por Mont de Marsan!!! - Cuadra Agrado\",\"isPartOf\":{\"@id\":\"https:\\\/\\\/cuadra-agrado.es\\\/#website\"},\"primaryImageOfPage\":{\"@id\":\"https:\\\/\\\/cuadra-agrado.es\\\/?p=963#primaryimage\"},\"image\":{\"@id\":\"https:\\\/\\\/cuadra-agrado.es\\\/?p=963#primaryimage\"},\"thumbnailUrl\":\"http:\\\/\\\/cuadra-agrado.es\\\/wp-content\\\/uploads\\\/2014\\\/01\\\/RANYAN.jpg\",\"datePublished\":\"2014-02-10T21:04:25+00:00\",\"dateModified\":\"2024-02-27T09:22:34+00:00\",\"author\":{\"@id\":\"https:\\\/\\\/cuadra-agrado.es\\\/#\\\/schema\\\/person\\\/3aa4f8d2373cf756d93a5526bc72f31b\"},\"breadcrumb\":{\"@id\":\"https:\\\/\\\/cuadra-agrado.es\\\/?p=963#breadcrumb\"},\"inLanguage\":\"es\",\"potentialAction\":[{\"@type\":\"ReadAction\",\"target\":[\"https:\\\/\\\/cuadra-agrado.es\\\/?p=963\"]}]},{\"@type\":\"ImageObject\",\"inLanguage\":\"es\",\"@id\":\"https:\\\/\\\/cuadra-agrado.es\\\/?p=963#primaryimage\",\"url\":\"http:\\\/\\\/cuadra-agrado.es\\\/wp-content\\\/uploads\\\/2014\\\/01\\\/RANYAN.jpg\",\"contentUrl\":\"http:\\\/\\\/cuadra-agrado.es\\\/wp-content\\\/uploads\\\/2014\\\/01\\\/RANYAN.jpg\"},{\"@type\":\"BreadcrumbList\",\"@id\":\"https:\\\/\\\/cuadra-agrado.es\\\/?p=963#breadcrumb\",\"itemListElement\":[{\"@type\":\"ListItem\",\"position\":1,\"name\":\"Portada\",\"item\":\"https:\\\/\\\/cuadra-agrado.es\\\/\"},{\"@type\":\"ListItem\",\"position\":2,\"name\":\"Rany\u00e1n cambia Madrid por Mont de Marsan!!!\"}]},{\"@type\":\"WebSite\",\"@id\":\"https:\\\/\\\/cuadra-agrado.es\\\/#website\",\"url\":\"https:\\\/\\\/cuadra-agrado.es\\\/\",\"name\":\"Cuadra Agrado\",\"description\":\"En el mundo del Turf desde 2008\",\"potentialAction\":[{\"@type\":\"SearchAction\",\"target\":{\"@type\":\"EntryPoint\",\"urlTemplate\":\"https:\\\/\\\/cuadra-agrado.es\\\/?s={search_term_string}\"},\"query-input\":{\"@type\":\"PropertyValueSpecification\",\"valueRequired\":true,\"valueName\":\"search_term_string\"}}],\"inLanguage\":\"es\"},{\"@type\":\"Person\",\"@id\":\"https:\\\/\\\/cuadra-agrado.es\\\/#\\\/schema\\\/person\\\/3aa4f8d2373cf756d93a5526bc72f31b\",\"name\":\"Miguel Redondo\",\"image\":{\"@type\":\"ImageObject\",\"inLanguage\":\"es\",\"@id\":\"https:\\\/\\\/secure.gravatar.com\\\/avatar\\\/85704fceb4fa34017e3c1344d182da00dbf772fb8856ba2b7726a2df926415b4?s=96&d=mm&r=g\",\"url\":\"https:\\\/\\\/secure.gravatar.com\\\/avatar\\\/85704fceb4fa34017e3c1344d182da00dbf772fb8856ba2b7726a2df926415b4?s=96&d=mm&r=g\",\"contentUrl\":\"https:\\\/\\\/secure.gravatar.com\\\/avatar\\\/85704fceb4fa34017e3c1344d182da00dbf772fb8856ba2b7726a2df926415b4?s=96&d=mm&r=g\",\"caption\":\"Miguel Redondo\"},\"sameAs\":[\"https:\\\/\\\/cuadra-agrado.es\"],\"url\":\"https:\\\/\\\/cuadra-agrado.es\\\/?author=5\"}]}<\/script>\n<!-- \/ Yoast SEO plugin. -->","yoast_head_json":{"title":"Rany\u00e1n cambia Madrid por Mont de Marsan!!! - Cuadra Agrado","robots":{"index":"index","follow":"follow","max-snippet":"max-snippet:-1","max-image-preview":"max-image-preview:large","max-video-preview":"max-video-preview:-1"},"canonical":"https:\/\/cuadra-agrado.es\/?p=963","og_locale":"es_ES","og_type":"article","og_title":"Rany\u00e1n cambia Madrid por Mont de Marsan!!! - Cuadra Agrado","og_description":"La reaparici\u00f3n de Rany\u00e1n en Mont de Marsan, que estaba prevista para el martes 11 de febrero, ha quedado anulada a causa del sorteo celebrado por exceso de caballos matriculados.\u00a0 Mala suerte en esta ocasi\u00f3n que nos priva de poder verle en esta y que nos hace poner punto de mira para comienzos de temporada [&hellip;]","og_url":"https:\/\/cuadra-agrado.es\/?p=963","og_site_name":"Cuadra Agrado","article_published_time":"2014-02-10T21:04:25+00:00","article_modified_time":"2024-02-27T09:22:34+00:00","og_image":[{"url":"http:\/\/cuadra-agrado.es\/wp-content\/uploads\/2014\/01\/RANYAN.jpg","type":"","width":"","height":""}],"author":"Miguel Redondo","twitter_card":"summary_large_image","twitter_creator":"@AGRADOracing","twitter_site":"@AGRADOracing","twitter_misc":{"Escrito por":"Miguel Redondo","Tiempo de lectura":"1 minuto"},"schema":{"@context":"https:\/\/schema.org","@graph":[{"@type":"Article","@id":"https:\/\/cuadra-agrado.es\/?p=963#article","isPartOf":{"@id":"https:\/\/cuadra-agrado.es\/?p=963"},"author":{"name":"Miguel Redondo","@id":"https:\/\/cuadra-agrado.es\/#\/schema\/person\/3aa4f8d2373cf756d93a5526bc72f31b"},"headline":"Rany\u00e1n cambia Madrid por Mont de Marsan!!!","datePublished":"2014-02-10T21:04:25+00:00","dateModified":"2024-02-27T09:22:34+00:00","mainEntityOfPage":{"@id":"https:\/\/cuadra-agrado.es\/?p=963"},"wordCount":213,"image":{"@id":"https:\/\/cuadra-agrado.es\/?p=963#primaryimage"},"thumbnailUrl":"http:\/\/cuadra-agrado.es\/wp-content\/uploads\/2014\/01\/RANYAN.jpg","articleSection":["Actualidad"],"inLanguage":"es"},{"@type":"WebPage","@id":"https:\/\/cuadra-agrado.es\/?p=963","url":"https:\/\/cuadra-agrado.es\/?p=963","name":"Rany\u00e1n cambia Madrid por Mont de Marsan!!! - Cuadra Agrado","isPartOf":{"@id":"https:\/\/cuadra-agrado.es\/#website"},"primaryImageOfPage":{"@id":"https:\/\/cuadra-agrado.es\/?p=963#primaryimage"},"image":{"@id":"https:\/\/cuadra-agrado.es\/?p=963#primaryimage"},"thumbnailUrl":"http:\/\/cuadra-agrado.es\/wp-content\/uploads\/2014\/01\/RANYAN.jpg","datePublished":"2014-02-10T21:04:25+00:00","dateModified":"2024-02-27T09:22:34+00:00","author":{"@id":"https:\/\/cuadra-agrado.es\/#\/schema\/person\/3aa4f8d2373cf756d93a5526bc72f31b"},"breadcrumb":{"@id":"https:\/\/cuadra-agrado.es\/?p=963#breadcrumb"},"inLanguage":"es","potentialAction":[{"@type":"ReadAction","target":["https:\/\/cuadra-agrado.es\/?p=963"]}]},{"@type":"ImageObject","inLanguage":"es","@id":"https:\/\/cuadra-agrado.es\/?p=963#primaryimage","url":"http:\/\/cuadra-agrado.es\/wp-content\/uploads\/2014\/01\/RANYAN.jpg","contentUrl":"http:\/\/cuadra-agrado.es\/wp-content\/uploads\/2014\/01\/RANYAN.jpg"},{"@type":"BreadcrumbList","@id":"https:\/\/cuadra-agrado.es\/?p=963#breadcrumb","itemListElement":[{"@type":"ListItem","position":1,"name":"Portada","item":"https:\/\/cuadra-agrado.es\/"},{"@type":"ListItem","position":2,"name":"Rany\u00e1n cambia Madrid por Mont de Marsan!!!"}]},{"@type":"WebSite","@id":"https:\/\/cuadra-agrado.es\/#website","url":"https:\/\/cuadra-agrado.es\/","name":"Cuadra Agrado","description":"En el mundo del Turf desde 2008","potentialAction":[{"@type":"SearchAction","target":{"@type":"EntryPoint","urlTemplate":"https:\/\/cuadra-agrado.es\/?s={search_term_string}"},"query-input":{"@type":"PropertyValueSpecification","valueRequired":true,"valueName":"search_term_string"}}],"inLanguage":"es"},{"@type":"Person","@id":"https:\/\/cuadra-agrado.es\/#\/schema\/person\/3aa4f8d2373cf756d93a5526bc72f31b","name":"Miguel Redondo","image":{"@type":"ImageObject","inLanguage":"es","@id":"https:\/\/secure.gravatar.com\/avatar\/85704fceb4fa34017e3c1344d182da00dbf772fb8856ba2b7726a2df926415b4?s=96&d=mm&r=g","url":"https:\/\/secure.gravatar.com\/avatar\/85704fceb4fa34017e3c1344d182da00dbf772fb8856ba2b7726a2df926415b4?s=96&d=mm&r=g","contentUrl":"https:\/\/secure.gravatar.com\/avatar\/85704fceb4fa34017e3c1344d182da00dbf772fb8856ba2b7726a2df926415b4?s=96&d=mm&r=g","caption":"Miguel Redondo"},"sameAs":["https:\/\/cuadra-agrado.es"],"url":"https:\/\/cuadra-agrado.es\/?author=5"}]}},"_links":{"self":[{"href":"https:\/\/cuadra-agrado.es\/index.php?rest_route=\/wp\/v2\/posts\/963","targetHints":{"allow":["GET"]}}],"collection":[{"href":"https:\/\/cuadra-agrado.es\/index.php?rest_route=\/wp\/v2\/posts"}],"about":[{"href":"https:\/\/cuadra-agrado.es\/index.php?rest_route=\/wp\/v2\/types\/post"}],"author":[{"embeddable":true,"href":"https:\/\/cuadra-agrado.es\/index.php?rest_route=\/wp\/v2\/users\/5"}],"replies":[{"embeddable":true,"href":"https:\/\/cuadra-agrado.es\/index.php?rest_route=%2Fwp%2Fv2%2Fcomments&post=963"}],"version-history":[{"count":0,"href":"https:\/\/cuadra-agrado.es\/index.php?rest_route=\/wp\/v2\/posts\/963\/revisions"}],"wp:attachment":[{"href":"https:\/\/cuadra-agrado.es\/index.php?rest_route=%2Fwp%2Fv2%2Fmedia&parent=963"}],"wp:term":[{"taxonomy":"category","embeddable":true,"href":"https:\/\/cuadra-agrado.es\/index.php?rest_route=%2Fwp%2Fv2%2Fcategories&post=963"},{"taxonomy":"post_tag","embeddable":true,"href":"https:\/\/cuadra-agrado.es\/index.php?rest_route=%2Fwp%2Fv2%2Ftags&post=963"}],"curies":[{"name":"wp","href":"https:\/\/api.w.org\/{rel}","templated":true}]}}