{"id":8084,"date":"2021-08-26T12:34:36","date_gmt":"2021-08-26T12:34:36","guid":{"rendered":"https:\/\/cuadra-agrado.es\/?p=7356"},"modified":"2024-02-27T09:14:53","modified_gmt":"2024-02-27T09:14:53","slug":"un-ilusionante-otono-en-el-punto-de-mira","status":"publish","type":"post","link":"https:\/\/cuadra-agrado.es\/?p=8084","title":{"rendered":"Un ilusionante oto\u00f1o en el punto de mira"},"content":{"rendered":"<p style=\"text-align: justify;\">Tras dos sosegados meses de descanso alejados socialmente de las redes y el entorno de nuestro mundo del turf, volvemos en este final de temporada estival poniendo al d\u00eda todo lo acontecido alrededor de nuestra cuadra durante el verano, y un anticipo de lo que ser\u00e1 nuestra pr\u00f3xima temporada oto\u00f1al que ya hemos puesto en nuestro punto de mira.<\/p>\n<p style=\"text-align: justify;\"><strong>Fin de etapa con Eduardo Buz\u00f3n.<\/strong><br \/>\nLa tercera etapa de Eduardo Buz\u00f3n como preparador en nuestro pa\u00eds lamentablemente lleg\u00f3 a su fin con resultados muy parecidos a las precedentes. El valiente y encomiable preparador sanluque\u00f1o lo intent\u00f3 nuevamente en su casa tras su primer paso por tierras francesas, y su segundo por Marruecos, pero de nuevo, tuvo la fortuna adversa por hacerse un hueco entre los de su misma bandera, o al menos, ese hueco de nivel que nuevamente buscaba. Su intenci\u00f3n en esta tercera etapa, despu\u00e9s de su buen hacer en Marruecos, era confirmar definitivamente su estatus en Espa\u00f1a haci\u00e9ndose con una cuadra importante en n\u00famero y en calidad de caballos, pero tras a\u00f1o y medio de lucha y, aunque lleg\u00f3 a tener 22 caballos en su patio, ganar grandes premios, y estar durante gran parte del a\u00f1o en el medallero de la estad\u00edstica de preparadores, nunca encontr\u00f3 la estabilidad ni la confianza de nuestro turf, hecho que provoc\u00f3 una desilusi\u00f3n paulatina en el tiempo y su posterior salida. Por nuestra parte, de nuevo agradecerle p\u00fablicamente su dedicaci\u00f3n y trabajo con nuestros caballos, as\u00ed como su deferencia y estima a toda la familia que represento. Siempre le tendremos como especial referencia en nuestro particular mundo del turf por todo lo que nos ha aportado en las tres etapas en las que hemos estado ligados desde nuestros inicios. Le deseamos toda la fortuna que merece y que le ha faltado en su pa\u00eds en este nueva tentativa marroqu\u00ed y, aunque siempre quedar\u00e1 la puerta abierta en esta su casa, mucho nos tememos que esta nueva salida pudiera ser la \u00faltima estaci\u00f3n sin retorno.<\/p>\n<p style=\"text-align: justify;\"><strong>Nueva preparaci\u00f3n.<\/strong><br \/>\nLa marcha de Eduardo Buz\u00f3n nos oblig\u00f3 a buscar nuevas alternativas que llegaron de su misma mano. Nuestra confianza en su persona, y una situaci\u00f3n personal complicada que coincidi\u00f3 en el tiempo, nos hizo delegar en su decisi\u00f3n de confiar la preparaci\u00f3n de nuestros caballos en el profesional que mejor se adaptara a su m\u00e9todo de trabajo para evitar cambios dr\u00e1sticos. Pocas dudas tuvo en recomendarnos a Chistian Delcher como el profesional m\u00e1s af\u00edn y semejante a su metodolog\u00eda de entreno, y pocas dudas tuvimos nosotros en aceptar su recomendaci\u00f3n de la misma forma que as\u00ed lo hici\u00e9ramos en anteriores ocasiones. A\u00fan sin tener mucha m\u00e1s relaci\u00f3n personal con el mayor de la familia Delcher que el tiempo de conversaci\u00f3n que da compartir un par de cervezas en alguna tarde primaveral en la cantina del hip\u00f3dromo, aceptamos su recomendaci\u00f3n y nos pusimos en sus manos.<br \/>\nAs\u00ed pues, toda nuestra confianza depositada en C. Delcher que ya es, a d\u00eda de hoy, el m\u00e1ximo responsable del grueso de nuestra actual cuadra al que deseamos en esta temporada de oto\u00f1o y venideras, toda la fortuna con todo su patio, y por ende, tambi\u00e9n con nuestra cuadra. Profesional contrastado con una gran experiencia a sus espaldas cargada de grandes momentos competitivos alrededor de una familia enormemente ligada al turf nacional e internacional, son motivos m\u00e1s que suficientes para confiar en su trabajo y profesionalidad. Ser\u00e1 responsable de \u201c<strong>Kendaya<\/strong>\u201d, \u201c<strong>Oceanic<\/strong> <strong>Blue<\/strong>\u201d, \u201c<strong>Kendor<\/strong> <strong>Blue<\/strong>\u201d y la \u00faltima adquisici\u00f3n francesa \u201c<strong>Super<\/strong> <strong>Trip<\/strong>\u201d en una cuadra muy joven, renovada y de calidad.<br \/>\nPor otro lado, quisimos tambi\u00e9n aprovechar este cambio obligado de preparaci\u00f3n para cumplir nuestra promesa con el joven \u201cRom\u00e1n Mart\u00edn\u201d en un momento tambi\u00e9n dif\u00edcil para \u00e9l. En esta primera etapa, le confiamos una primera opci\u00f3n con \u201c<strong>Barbarigo<\/strong>\u201d que estar\u00e1 bajo sus \u00f3rdenes durante toda la temporada oto\u00f1al hasta su despedida de la competici\u00f3n al final de esta. De la misma forma, le deseamos toda la fortuna con \u00e9l en este final de etapa para un caballo al que tenemos especial cari\u00f1o y que, si la suerte los acompa\u00f1a a este nuevo equipo, nos podr\u00e1 ofrecer una \u00faltima victoria en su historial.<\/p>\n<p style=\"text-align: justify;\"><strong>Acontecimientos del verano<\/strong><br \/>\nLa situaci\u00f3n a final de la primavera sin llegar a los objetivos marcados con algunos efectivos nos oblig\u00f3 a tomar algunas decisiones. La retirada de competici\u00f3n de \u201c<strong>Highrock Blue<\/strong>\u201d en el mes de mayo en una muy mala temporada, nos produjo una especial tristeza. Nuestro primer producto de cr\u00eda se desvaneci\u00f3 despu\u00e9s de una edad cl\u00e1sica con mucha proyecci\u00f3n y, de manera prematura con apenas 4 a\u00f1os y sin muchos visos de mejora, no quisimos seguir vi\u00e9ndola sufrir en competici\u00f3n. Sin demasiados papeles para criar, decidimos su marcha a un lugar digno donde consiguiera ser feliz alejada de la competici\u00f3n. Hoy, es el mayor cari\u00f1o de una ni\u00f1a de 14 a\u00f1os en un club h\u00edpico de Toledo con la que seguro compartir\u00e1 el resto de su vida.<br \/>\nTampoco tuvimos suerte con <strong>\u201cPowerful Sole\u201d<\/strong> en un a\u00f1o tremendamente malo en resultados. Plano, sin progreso, y con un acusado baj\u00f3n paulatino de valor, perdimos la ilusi\u00f3n y confianza con \u00e9l y decidimos su venta a la Cuadra Tinerfe a finales de junio, a la que deseamos toda la fortuna con este peque\u00f1o hijo de \u201c<strong>Sir Percy<\/strong>\u201d.<br \/>\nTras m\u00e1s de dos meses de paciente espera, encontramos la carrera que \u201c<strong>Kendaya<\/strong>\u201d buscaba en un sprint. El pasado 1 de agosto en el hip\u00f3dromo franc\u00e9s de La Teste de Buch disputaba una clase2 sobre 1.200 metros contra buenos ejemplares de valor. Muy puesta para esa carrera, la vimos mucho m\u00e1s tranquila y seria durante el recorrido, que desemboc\u00f3 en un buen cambio de ritmo en el poste de los 400 metros para hacerse con una buena victoria y confirmar su evoluci\u00f3n y altas prestaciones en pruebas de velocidad. Sum\u00f3 otros 8.000 euros a su historial y contrast\u00f3 su buen valor que era nuestro principal objetivo para iniciar el oto\u00f1o.<\/p>\n<p style=\"text-align: justify;\">La salida de efectivos nos dio pie a buscar alguna opci\u00f3n de cara al oto\u00f1o y as\u00ed se lo hicimos saber a nuestra nueva preparaci\u00f3n. El pasado 17 de agosto se disputaba un reclamar franc\u00e9s de dos a\u00f1os en \u201cClearfontaine\u201d. La ganadora de esa prueba result\u00f3 coincidir con nuestra selecci\u00f3n previa y depositamos papeleta para hacernos con <strong>\u201cSuper Trip\u201d.<\/strong> Una potra de gran f\u00edsico que ya est\u00e1 a las \u00f3rdenes de C. Delcher en HZ desde la pasada semana y que gusta mucho en el patio.<\/p>\n<p style=\"text-align: justify;\">El viejo \u201c<strong>Barbarigo<\/strong>\u201d nos pidi\u00f3 unas peque\u00f1as vacaciones en la playa, y as\u00ed le concedimos el deseo llev\u00e1ndolo a conocer Sanl\u00facar de la mano del sanluque\u00f1o Buz\u00f3n en su \u00faltima parada antes de su despedida. Disfrut\u00f3 durante todo el mes de grandes ba\u00f1os por la ma\u00f1ana en el mar y algo de trabajo liviano en la playa para poder disputar las dos carreras programadas. Un tercer puesto en su debut playero y otro tercero en el GP De velocidad fueron sus n\u00fameros sobre una superficie algo dura para \u00e9l a la que no le dio tiempo adaptarse. Volvi\u00f3 con las vacaciones pagadas y ya est\u00e1 a las \u00f3rdenes de Rom\u00e1n Mart\u00edn en HZ para abordar su \u00faltima temporada.<\/p>\n<p style=\"text-align: justify;\"><strong>Efectivos para el oto\u00f1o<br \/>\n<\/strong>Con respecto a los efectivos que arrancar\u00e1n en la temporada oto\u00f1al en defensa de nuestros colores \u201c<strong>Barbarigo<\/strong>\u201d queda al frente de la capitan\u00eda hasta diciembre. No esperamos ya grandes batallas por su parte, sus mil duras batallas ya pasan factura camino de sus ocho a\u00f1os, pero si Rom\u00e1n le coge pronto la tecla a un caballo m\u00e1s que honrado, seguro podr\u00eda darnos una \u00faltima victoria, y alguna que otra colocaci\u00f3n en este oto\u00f1o. El caballo est\u00e1 bien de salud, se lleva dos colocaciones de Sanl\u00facar y vuelve a estar situado en el h\u00e1ndicap donde seguro encontrar\u00e1 su carrera.<\/p>\n<p style=\"text-align: justify;\">La nueva princesa de la cuadra ya ha confirmado recientemente su nivel. \u201c<strong>Kendaya<\/strong>\u201d se convertir\u00e1 sin duda, tras la marcha de \u201c<strong>Barbarigo<\/strong>\u201d, en el nuevo puntal y referente de nuestra cuadra. Nuestra hija de \u201cFree Eagle\u201d ya hab\u00eda demostrado en Espa\u00f1a a dos a\u00f1os su calidad en varias pruebas de nivel, y que confirm\u00f3 en Francia en su edad cl\u00e1sica ganando su segunda carrera al sprint. Su valor en esta carrera se aproxima a un 40 FR, y eso son palabras mayores para disputar confiados en nuestro pa\u00eds las mejores pruebas de velocidad entre 1.200 y 1.400 metros. Su anterior responsable siempre la tuvo muy bien considerada y, ahora, su nueva preparaci\u00f3n en apenas dos semanas est\u00e1 m\u00e1s que confiado e ilusionado en poder entrenar a una yegua de calidad con mucha proyecci\u00f3n. En principio, disputar\u00e1 las dos pruebas importantes de velocidad en este oto\u00f1o en Madrid (Premio Lorenzo Sanz y GP Rub\u00e1n) que nos ayudar\u00e1n a situar el list\u00f3n a la altura que corresponda y atacar tambi\u00e9n un GP Blasco donde tambi\u00e9n est\u00e1 matriculada.<\/p>\n<p style=\"text-align: justify;\">\u201c<strong>Kendor Blue\u201d<\/strong> es nuestro \u00fanico macho dos a\u00f1os que tendr\u00e1 que demostrar su val\u00eda en otra fuerte apuesta por nuestra parte. Una reciente intervenci\u00f3n quir\u00fargica este mismo verano para quitarle un par de \u201cmicro-chips\u201d en sus menudillos posteriores ha trastocado el plan inicial y le ha dejado sin el debut que hab\u00edamos programado para septiembre. Ahora toca esperar su buena evoluci\u00f3n para intentar el bautismo a final de temporada, o en el peor de los casos, esperar ya a su edad cl\u00e1sica del pr\u00f3ximo a\u00f1o. El hijo tordo de \u201c<strong>Kendargent<\/strong>\u201d tiene muy buena pinta y, tras una primera etapa de entrenamiento algo sosa, manten\u00eda estos \u00faltimos meses una buena progresi\u00f3n en trabajos. Con este contratiempo, se va a hacer esperar un poco m\u00e1s, pero tendremos calma y le esperaremos pacientemente hasta que su nuevo preparador considere oportuno su debut.<\/p>\n<p style=\"text-align: justify;\"><strong>\u201cOceanic Blue\u201d<\/strong> es nuestro segundo producto de cr\u00eda y propia hermana de \u201c<strong>Highrock<\/strong>\u201d. Mucho m\u00e1s cuajada f\u00edsicamente que su hermana, tambi\u00e9n desborda mucha m\u00e1s calidad y seriedad en sus trabajos hasta la fecha. No vamos a tirar las campanas al vuelo con ella, porque probablemente no pase de ser una buena yegua de h\u00e1ndicap en el futuro, pero s\u00ed parece tener la opci\u00f3n de poder luchar buenas carreras a partir de este mismo oto\u00f1o. Su origen no ofrece precocidad, pero su car\u00e1cter voluntarioso y su seriedad desde que llegara a entrenamiento nos ha hecho confirmar su matr\u00edcula para el GP ACPSIE. Para estar en el partant en ese primer GP de octubre, C. Delcher ya est\u00e1 en marcha con ella para intentar llegar a su bautismo en las primeras jornadas de oto\u00f1o en Madrid y buscar esa opci\u00f3n en ese bonito Gran Premio que es para nosotros como criadores.<\/p>\n<p style=\"text-align: justify;\"><strong>\u201cSuper Trip\u201d<\/strong> es la \u00faltima adquisici\u00f3n que recientemente hemos confirmado en un buen reclamar franc\u00e9s. Su incontestable victoria contra machos bien valorados en Deauville dando peso, nos hizo apostar fuerte por ella y ya est\u00e1 desde la semana pasada en el patio de C. Delcher en Madrid. Su origen paterno no es demasiado comercial, pero en la familia Delcher prevalecen en muchos casos los buenos f\u00edsicos a los buenos papeles, y esta hija de <strong>\u201cTriple Threat\u201d<\/strong> con muy buen origen materno muy contrastado por \u201c<strong>Anabaa<\/strong>\u201d, parece tener todo lo que necesita un pura sangre para competir al mejor nivel. Su actuaci\u00f3n en el reclamar fue m\u00e1s que sobresaliente para ser su segunda salida a pista dando un valor muy cercano al 40FR, y nuestra ilusi\u00f3n por tanto ya est\u00e1 depositada desde sus dos a\u00f1os. Su andadura en nuestro calendario pasa por una pronta presentaci\u00f3n en Madrid en el Carlos Sobrino con destino final al Gran Criterium.<\/p>\n<p style=\"text-align: justify;\">Cinco efectivos por tanto para este inicio de temporada oto\u00f1al con una cuadra muy joven y renovada. Tres dos a\u00f1os con mucho futuro, y una poderosa tres a\u00f1os con mucho que decir es la base de nuestra apuesta para este final de temporada 2021 al que se sumar\u00e1 el pr\u00f3ximo a\u00f1o <strong>\u00abHighdark Blue<\/strong>\u00ab, el yearling que paciente crece en nuestra yeguada con muy buena pinta, hijo del gran \u201c<strong>Dariyan<\/strong>\u201d, y que en este mes de septiembre iniciar\u00e1 su pre-training para sumarse a competici\u00f3n a comienzos del pr\u00f3ximo a\u00f1o.<\/p>\n<!-- AddThis Advanced Settings generic via filter on the_content --><!-- AddThis Share Buttons generic via filter on the_content -->","protected":false},"excerpt":{"rendered":"<p>Tras dos sosegados meses de descanso alejados socialmente de las redes y el entorno de nuestro mundo del turf, volvemos en este final de temporada estival poniendo al d\u00eda todo lo acontecido alrededor de nuestra cuadra durante el verano, y un anticipo de lo que ser\u00e1 nuestra pr\u00f3xima temporada oto\u00f1al que ya hemos puesto en [&hellip;]<!-- AddThis Advanced Settings generic via filter on get_the_excerpt --><!-- AddThis Share Buttons generic via filter on get_the_excerpt --><\/p>\n","protected":false},"author":5,"featured_media":8085,"comment_status":"closed","ping_status":"open","sticky":false,"template":"","format":"standard","meta":{"_acf_changed":false,"_et_pb_use_builder":"","_et_pb_old_content":"","_et_gb_content_width":"","footnotes":""},"categories":[3],"tags":[],"class_list":["post-8084","post","type-post","status-publish","format-standard","has-post-thumbnail","hentry","category-noticias-cuadra-agrado"],"acf":[],"yoast_head":"<!-- This site is optimized with the Yoast SEO plugin v27.4 - https:\/\/yoast.com\/product\/yoast-seo-wordpress\/ -->\n<title>Un ilusionante oto\u00f1o en el punto de mira - Cuadra Agrado<\/title>\n<meta name=\"robots\" content=\"index, follow, max-snippet:-1, max-image-preview:large, max-video-preview:-1\" \/>\n<link rel=\"canonical\" href=\"https:\/\/cuadra-agrado.es\/?p=8084\" \/>\n<meta property=\"og:locale\" content=\"es_ES\" \/>\n<meta property=\"og:type\" content=\"article\" \/>\n<meta property=\"og:title\" content=\"Un ilusionante oto\u00f1o en el punto de mira - Cuadra Agrado\" \/>\n<meta property=\"og:description\" content=\"Tras dos sosegados meses de descanso alejados socialmente de las redes y el entorno de nuestro mundo del turf, volvemos en este final de temporada estival poniendo al d\u00eda todo lo acontecido alrededor de nuestra cuadra durante el verano, y un anticipo de lo que ser\u00e1 nuestra pr\u00f3xima temporada oto\u00f1al que ya hemos puesto en [&hellip;]\" \/>\n<meta property=\"og:url\" content=\"https:\/\/cuadra-agrado.es\/?p=8084\" \/>\n<meta property=\"og:site_name\" content=\"Cuadra Agrado\" \/>\n<meta property=\"article:published_time\" content=\"2021-08-26T12:34:36+00:00\" \/>\n<meta property=\"article:modified_time\" content=\"2024-02-27T09:14:53+00:00\" \/>\n<meta property=\"og:image\" content=\"https:\/\/cuadra-agrado.es\/wp-content\/uploads\/2021\/03\/Img_29.jpg\" \/>\n\t<meta property=\"og:image:width\" content=\"2398\" \/>\n\t<meta property=\"og:image:height\" content=\"1795\" \/>\n\t<meta property=\"og:image:type\" content=\"image\/jpeg\" \/>\n<meta name=\"author\" content=\"Miguel Redondo\" \/>\n<meta name=\"twitter:card\" content=\"summary_large_image\" \/>\n<meta name=\"twitter:creator\" content=\"@AGRADOracing\" \/>\n<meta name=\"twitter:site\" content=\"@AGRADOracing\" \/>\n<meta name=\"twitter:label1\" content=\"Escrito por\" \/>\n\t<meta name=\"twitter:data1\" content=\"Miguel Redondo\" \/>\n\t<meta name=\"twitter:label2\" content=\"Tiempo de lectura\" \/>\n\t<meta name=\"twitter:data2\" content=\"11 minutos\" \/>\n<script type=\"application\/ld+json\" class=\"yoast-schema-graph\">{\"@context\":\"https:\\\/\\\/schema.org\",\"@graph\":[{\"@type\":\"Article\",\"@id\":\"https:\\\/\\\/cuadra-agrado.es\\\/?p=8084#article\",\"isPartOf\":{\"@id\":\"https:\\\/\\\/cuadra-agrado.es\\\/?p=8084\"},\"author\":{\"name\":\"Miguel Redondo\",\"@id\":\"https:\\\/\\\/cuadra-agrado.es\\\/#\\\/schema\\\/person\\\/3aa4f8d2373cf756d93a5526bc72f31b\"},\"headline\":\"Un ilusionante oto\u00f1o en el punto de mira\",\"datePublished\":\"2021-08-26T12:34:36+00:00\",\"dateModified\":\"2024-02-27T09:14:53+00:00\",\"mainEntityOfPage\":{\"@id\":\"https:\\\/\\\/cuadra-agrado.es\\\/?p=8084\"},\"wordCount\":2160,\"image\":{\"@id\":\"https:\\\/\\\/cuadra-agrado.es\\\/?p=8084#primaryimage\"},\"thumbnailUrl\":\"https:\\\/\\\/cuadra-agrado.es\\\/wp-content\\\/uploads\\\/2021\\\/03\\\/Img_29.jpg\",\"articleSection\":[\"Actualidad\"],\"inLanguage\":\"es\"},{\"@type\":\"WebPage\",\"@id\":\"https:\\\/\\\/cuadra-agrado.es\\\/?p=8084\",\"url\":\"https:\\\/\\\/cuadra-agrado.es\\\/?p=8084\",\"name\":\"Un ilusionante oto\u00f1o en el punto de mira - Cuadra Agrado\",\"isPartOf\":{\"@id\":\"https:\\\/\\\/cuadra-agrado.es\\\/#website\"},\"primaryImageOfPage\":{\"@id\":\"https:\\\/\\\/cuadra-agrado.es\\\/?p=8084#primaryimage\"},\"image\":{\"@id\":\"https:\\\/\\\/cuadra-agrado.es\\\/?p=8084#primaryimage\"},\"thumbnailUrl\":\"https:\\\/\\\/cuadra-agrado.es\\\/wp-content\\\/uploads\\\/2021\\\/03\\\/Img_29.jpg\",\"datePublished\":\"2021-08-26T12:34:36+00:00\",\"dateModified\":\"2024-02-27T09:14:53+00:00\",\"author\":{\"@id\":\"https:\\\/\\\/cuadra-agrado.es\\\/#\\\/schema\\\/person\\\/3aa4f8d2373cf756d93a5526bc72f31b\"},\"breadcrumb\":{\"@id\":\"https:\\\/\\\/cuadra-agrado.es\\\/?p=8084#breadcrumb\"},\"inLanguage\":\"es\",\"potentialAction\":[{\"@type\":\"ReadAction\",\"target\":[\"https:\\\/\\\/cuadra-agrado.es\\\/?p=8084\"]}]},{\"@type\":\"ImageObject\",\"inLanguage\":\"es\",\"@id\":\"https:\\\/\\\/cuadra-agrado.es\\\/?p=8084#primaryimage\",\"url\":\"https:\\\/\\\/cuadra-agrado.es\\\/wp-content\\\/uploads\\\/2021\\\/03\\\/Img_29.jpg\",\"contentUrl\":\"https:\\\/\\\/cuadra-agrado.es\\\/wp-content\\\/uploads\\\/2021\\\/03\\\/Img_29.jpg\",\"width\":2398,\"height\":1795},{\"@type\":\"BreadcrumbList\",\"@id\":\"https:\\\/\\\/cuadra-agrado.es\\\/?p=8084#breadcrumb\",\"itemListElement\":[{\"@type\":\"ListItem\",\"position\":1,\"name\":\"Portada\",\"item\":\"https:\\\/\\\/cuadra-agrado.es\\\/\"},{\"@type\":\"ListItem\",\"position\":2,\"name\":\"Un ilusionante oto\u00f1o en el punto de mira\"}]},{\"@type\":\"WebSite\",\"@id\":\"https:\\\/\\\/cuadra-agrado.es\\\/#website\",\"url\":\"https:\\\/\\\/cuadra-agrado.es\\\/\",\"name\":\"Cuadra Agrado\",\"description\":\"En el mundo del Turf desde 2008\",\"potentialAction\":[{\"@type\":\"SearchAction\",\"target\":{\"@type\":\"EntryPoint\",\"urlTemplate\":\"https:\\\/\\\/cuadra-agrado.es\\\/?s={search_term_string}\"},\"query-input\":{\"@type\":\"PropertyValueSpecification\",\"valueRequired\":true,\"valueName\":\"search_term_string\"}}],\"inLanguage\":\"es\"},{\"@type\":\"Person\",\"@id\":\"https:\\\/\\\/cuadra-agrado.es\\\/#\\\/schema\\\/person\\\/3aa4f8d2373cf756d93a5526bc72f31b\",\"name\":\"Miguel Redondo\",\"image\":{\"@type\":\"ImageObject\",\"inLanguage\":\"es\",\"@id\":\"https:\\\/\\\/secure.gravatar.com\\\/avatar\\\/85704fceb4fa34017e3c1344d182da00dbf772fb8856ba2b7726a2df926415b4?s=96&d=mm&r=g\",\"url\":\"https:\\\/\\\/secure.gravatar.com\\\/avatar\\\/85704fceb4fa34017e3c1344d182da00dbf772fb8856ba2b7726a2df926415b4?s=96&d=mm&r=g\",\"contentUrl\":\"https:\\\/\\\/secure.gravatar.com\\\/avatar\\\/85704fceb4fa34017e3c1344d182da00dbf772fb8856ba2b7726a2df926415b4?s=96&d=mm&r=g\",\"caption\":\"Miguel Redondo\"},\"sameAs\":[\"https:\\\/\\\/cuadra-agrado.es\"],\"url\":\"https:\\\/\\\/cuadra-agrado.es\\\/?author=5\"}]}<\/script>\n<!-- \/ Yoast SEO plugin. -->","yoast_head_json":{"title":"Un ilusionante oto\u00f1o en el punto de mira - Cuadra Agrado","robots":{"index":"index","follow":"follow","max-snippet":"max-snippet:-1","max-image-preview":"max-image-preview:large","max-video-preview":"max-video-preview:-1"},"canonical":"https:\/\/cuadra-agrado.es\/?p=8084","og_locale":"es_ES","og_type":"article","og_title":"Un ilusionante oto\u00f1o en el punto de mira - Cuadra Agrado","og_description":"Tras dos sosegados meses de descanso alejados socialmente de las redes y el entorno de nuestro mundo del turf, volvemos en este final de temporada estival poniendo al d\u00eda todo lo acontecido alrededor de nuestra cuadra durante el verano, y un anticipo de lo que ser\u00e1 nuestra pr\u00f3xima temporada oto\u00f1al que ya hemos puesto en [&hellip;]","og_url":"https:\/\/cuadra-agrado.es\/?p=8084","og_site_name":"Cuadra Agrado","article_published_time":"2021-08-26T12:34:36+00:00","article_modified_time":"2024-02-27T09:14:53+00:00","og_image":[{"width":2398,"height":1795,"url":"https:\/\/cuadra-agrado.es\/wp-content\/uploads\/2021\/03\/Img_29.jpg","type":"image\/jpeg"}],"author":"Miguel Redondo","twitter_card":"summary_large_image","twitter_creator":"@AGRADOracing","twitter_site":"@AGRADOracing","twitter_misc":{"Escrito por":"Miguel Redondo","Tiempo de lectura":"11 minutos"},"schema":{"@context":"https:\/\/schema.org","@graph":[{"@type":"Article","@id":"https:\/\/cuadra-agrado.es\/?p=8084#article","isPartOf":{"@id":"https:\/\/cuadra-agrado.es\/?p=8084"},"author":{"name":"Miguel Redondo","@id":"https:\/\/cuadra-agrado.es\/#\/schema\/person\/3aa4f8d2373cf756d93a5526bc72f31b"},"headline":"Un ilusionante oto\u00f1o en el punto de mira","datePublished":"2021-08-26T12:34:36+00:00","dateModified":"2024-02-27T09:14:53+00:00","mainEntityOfPage":{"@id":"https:\/\/cuadra-agrado.es\/?p=8084"},"wordCount":2160,"image":{"@id":"https:\/\/cuadra-agrado.es\/?p=8084#primaryimage"},"thumbnailUrl":"https:\/\/cuadra-agrado.es\/wp-content\/uploads\/2021\/03\/Img_29.jpg","articleSection":["Actualidad"],"inLanguage":"es"},{"@type":"WebPage","@id":"https:\/\/cuadra-agrado.es\/?p=8084","url":"https:\/\/cuadra-agrado.es\/?p=8084","name":"Un ilusionante oto\u00f1o en el punto de mira - Cuadra Agrado","isPartOf":{"@id":"https:\/\/cuadra-agrado.es\/#website"},"primaryImageOfPage":{"@id":"https:\/\/cuadra-agrado.es\/?p=8084#primaryimage"},"image":{"@id":"https:\/\/cuadra-agrado.es\/?p=8084#primaryimage"},"thumbnailUrl":"https:\/\/cuadra-agrado.es\/wp-content\/uploads\/2021\/03\/Img_29.jpg","datePublished":"2021-08-26T12:34:36+00:00","dateModified":"2024-02-27T09:14:53+00:00","author":{"@id":"https:\/\/cuadra-agrado.es\/#\/schema\/person\/3aa4f8d2373cf756d93a5526bc72f31b"},"breadcrumb":{"@id":"https:\/\/cuadra-agrado.es\/?p=8084#breadcrumb"},"inLanguage":"es","potentialAction":[{"@type":"ReadAction","target":["https:\/\/cuadra-agrado.es\/?p=8084"]}]},{"@type":"ImageObject","inLanguage":"es","@id":"https:\/\/cuadra-agrado.es\/?p=8084#primaryimage","url":"https:\/\/cuadra-agrado.es\/wp-content\/uploads\/2021\/03\/Img_29.jpg","contentUrl":"https:\/\/cuadra-agrado.es\/wp-content\/uploads\/2021\/03\/Img_29.jpg","width":2398,"height":1795},{"@type":"BreadcrumbList","@id":"https:\/\/cuadra-agrado.es\/?p=8084#breadcrumb","itemListElement":[{"@type":"ListItem","position":1,"name":"Portada","item":"https:\/\/cuadra-agrado.es\/"},{"@type":"ListItem","position":2,"name":"Un ilusionante oto\u00f1o en el punto de mira"}]},{"@type":"WebSite","@id":"https:\/\/cuadra-agrado.es\/#website","url":"https:\/\/cuadra-agrado.es\/","name":"Cuadra Agrado","description":"En el mundo del Turf desde 2008","potentialAction":[{"@type":"SearchAction","target":{"@type":"EntryPoint","urlTemplate":"https:\/\/cuadra-agrado.es\/?s={search_term_string}"},"query-input":{"@type":"PropertyValueSpecification","valueRequired":true,"valueName":"search_term_string"}}],"inLanguage":"es"},{"@type":"Person","@id":"https:\/\/cuadra-agrado.es\/#\/schema\/person\/3aa4f8d2373cf756d93a5526bc72f31b","name":"Miguel Redondo","image":{"@type":"ImageObject","inLanguage":"es","@id":"https:\/\/secure.gravatar.com\/avatar\/85704fceb4fa34017e3c1344d182da00dbf772fb8856ba2b7726a2df926415b4?s=96&d=mm&r=g","url":"https:\/\/secure.gravatar.com\/avatar\/85704fceb4fa34017e3c1344d182da00dbf772fb8856ba2b7726a2df926415b4?s=96&d=mm&r=g","contentUrl":"https:\/\/secure.gravatar.com\/avatar\/85704fceb4fa34017e3c1344d182da00dbf772fb8856ba2b7726a2df926415b4?s=96&d=mm&r=g","caption":"Miguel Redondo"},"sameAs":["https:\/\/cuadra-agrado.es"],"url":"https:\/\/cuadra-agrado.es\/?author=5"}]}},"_links":{"self":[{"href":"https:\/\/cuadra-agrado.es\/index.php?rest_route=\/wp\/v2\/posts\/8084","targetHints":{"allow":["GET"]}}],"collection":[{"href":"https:\/\/cuadra-agrado.es\/index.php?rest_route=\/wp\/v2\/posts"}],"about":[{"href":"https:\/\/cuadra-agrado.es\/index.php?rest_route=\/wp\/v2\/types\/post"}],"author":[{"embeddable":true,"href":"https:\/\/cuadra-agrado.es\/index.php?rest_route=\/wp\/v2\/users\/5"}],"replies":[{"embeddable":true,"href":"https:\/\/cuadra-agrado.es\/index.php?rest_route=%2Fwp%2Fv2%2Fcomments&post=8084"}],"version-history":[{"count":0,"href":"https:\/\/cuadra-agrado.es\/index.php?rest_route=\/wp\/v2\/posts\/8084\/revisions"}],"wp:featuredmedia":[{"embeddable":true,"href":"https:\/\/cuadra-agrado.es\/index.php?rest_route=\/wp\/v2\/media\/8085"}],"wp:attachment":[{"href":"https:\/\/cuadra-agrado.es\/index.php?rest_route=%2Fwp%2Fv2%2Fmedia&parent=8084"}],"wp:term":[{"taxonomy":"category","embeddable":true,"href":"https:\/\/cuadra-agrado.es\/index.php?rest_route=%2Fwp%2Fv2%2Fcategories&post=8084"},{"taxonomy":"post_tag","embeddable":true,"href":"https:\/\/cuadra-agrado.es\/index.php?rest_route=%2Fwp%2Fv2%2Ftags&post=8084"}],"curies":[{"name":"wp","href":"https:\/\/api.w.org\/{rel}","templated":true}]}}