{"id":8082,"date":"2021-09-14T10:52:45","date_gmt":"2021-09-14T10:52:45","guid":{"rendered":"https:\/\/cuadra-agrado.es\/?p=7390"},"modified":"2024-02-27T09:14:53","modified_gmt":"2024-02-27T09:14:53","slug":"dos-debuts-en-nuestro-reinicio-de-competicion-otonal","status":"publish","type":"post","link":"https:\/\/cuadra-agrado.es\/?p=8082","title":{"rendered":"Dos debuts en nuestro reinicio de competici\u00f3n oto\u00f1al"},"content":{"rendered":"<p style=\"text-align: justify;\">Segunda jornada de oto\u00f1o en el Hip\u00f3dromo de la Zarzuela y ponemos el contador a cero para reiniciar la competici\u00f3n con nueva preparaci\u00f3n y con el debut de dos potras en diferente versi\u00f3n, que reci\u00e9n comienzan a defender nuestros colores.<\/p>\n<p style=\"text-align: justify;\">Iniciaremos la jornada ya en la primera del d\u00eda con el debut de<strong> \u201cOceanic Blue\u201d<\/strong> en el Premio <em>Biblioteca del Turf<\/em> sobre distancia de 1.400 metros. Un corto partant de tan solo cuatro efectivos nos dio confianza para reenganchar y ganar una semana m\u00e1s de tiempo con vistas al GP Acpsie donde hace tiempo pusimos nuestro objetivo con ella para este oto\u00f1o. Es evidente que la \u00fanica intenci\u00f3n del nuevo preparador pasa por debutar dignamente, y a la vez, tener ya una primera idea de sus opciones de cara a ese gran premio ante un lote superreducido donde nuestro objetivo en meta ser\u00e1 intentar cerrar el tr\u00edo por delante del otro debutante en igualdad de condiciones, a sabiendas que, los dos ganadores del lote copar\u00e1n de manera fiable la gemela. La potra, muy seria desde sus primeros trabajos desde que llegara a entrenamiento, se ha ganado el premio de debutar, incluso antes de lo esperado inicialmente, y esto ya es un punto a favor. Mucha ilusi\u00f3n en este nuestro segundo producto de cr\u00eda, propia hermana de <strong>\u201cHighrock Blue<\/strong>\u201d, ya retirada de competici\u00f3n, pero que tan buena impresi\u00f3n caus\u00f3 en sus primeras salidas. Este segundo producto, mucho m\u00e1s cuajado f\u00edsicamente ha hecho todo lo que se le ped\u00eda en estos m\u00e1s de ocho meses en entrenamiento y est\u00e1 lista para debutar. Su anterior preparaci\u00f3n ya la hab\u00eda movido en trabajos serios para su previsible debut en septiembre y, en el nuevo patio, pronto se dieron cuenta que no hab\u00eda mucho m\u00e1s que hacer con ella que pasar a la acci\u00f3n. Muy seria en sus \u00faltimos trabajos, tanto en la arena como en su primer contacto con la hierba, necesita ser bautizada en pista para seguir progresando y, esta c\u00f3moda carrera que se ha quedado para su debut, podr\u00eda ser un buen punto de partida que le sirva de esa necesaria\u00a0 experiencia de cara a sus pr\u00f3ximos objetivos en un recorrido c\u00f3modo y sin demasiada presi\u00f3n.<\/p>\n<p style=\"text-align: justify;\">Los c\u00f3modos 54 kilos con los que queda encuadrada nos obligan a buscar una segunda opci\u00f3n en la monta y prescindir en esta ocasi\u00f3n de nuestro jockey Ignacio Melgarejo con el que regalar\u00edamos alg\u00fan kilo. Ser\u00e1 Nico de Julian, su nuevo compa\u00f1ero de cuadra y habitual en sus trabajos matutinos, quien haga con ella ese primer trabajo de entidad ya en competici\u00f3n, y al que le deseamos toda la suerte y confianza durante este asequible primer recorrido.<\/p>\n<p style=\"text-align: justify;\">En la tercera prueba de la jornada la reci\u00e9n adquirida<strong> \u201cSuper Trip\u201d<\/strong> debutar\u00e1 tambi\u00e9n con nuestros colores en el <em>Premio Carlos Sobrino<\/em>. Presentaci\u00f3n en Espa\u00f1a de una potra con la que tenemos especial confianza e ilusi\u00f3n para defender nuestra chaquetilla este oto\u00f1o y, si la fortuna nos acompa\u00f1a, a lo largo de su venidera y prospera edad cl\u00e1sica. Su victoria en Francia el pasado agosto desclasando a un buen lote de machos nos hizo pujar fuerte por ella y desde esa misma semana se puso a las \u00f3rdenes de Christian Delcher como nueva preparaci\u00f3n. La potra gusta mucho en el patio, porta gran f\u00edsico y salud y sus \u00faltimos trabajos serios confirman calidad y adaptaci\u00f3n a su nueva casa. El lote de ocho potras como antesala al Gran Criterium es sumamente selectivo. Hasta el momento no han salido demasiadas f\u00e9minas a pista, y las que hemos visto, apenas hemos podido contrastar sus valores. Aun as\u00ed, figuran en el partant definitivo de ocho ejemplares nombres de una nueva generaci\u00f3n que empiezan ya a sonar fuerte. Son los casos de<strong> \u201cBlack Voice\u201d, \u201cLuarca\u201d, \u201cPretty Emerald\u201d o \u201cCasilda\u201d<\/strong> como ya ganadoras del lote en Espa\u00f1a, y la compa\u00f1era de patio \u201c<strong>Incredit<\/strong>\u201d, junto con la nuestra, como ganadora en Francia. Lote por tanto muy selectivo, todas ellas ganadoras y de valor que ser\u00e1 punto de inflexi\u00f3n para aquellas que luchen una carrera ya de relevancia en nuestro programa. Por nuestra parte, salimos con buenas opciones de \u00e9xito basadas en un valor cercano a 39 que demostrara en su anterior. Esto no implica un favoritismo en este debut en Espa\u00f1a, pero s\u00ed es evidente que contamos con la confianza necesaria para tratar de luchar esta primera salida defendiendo nuestros colores, y que nos sirva para dirigir el punto de mira en el Gran Criterium de finales de octubre donde qued\u00f3 matriculada.<\/p>\n<p style=\"text-align: justify;\">Monta para nuestro jockey Ignacio Melgarejo que tratar\u00e1 de confirmar los buenos presagios, y al que le deseamos toda la fortuna durante un recorrido en el que intuimos podr\u00eda ser selectivo y r\u00e1pido. De igual forma, desear la misma fortuna a la nueva preparaci\u00f3n y equipo al frente de nuestros efectivos en ambos debuts con los que iniciamos esta nueva etapa, as\u00ed como con todos los efectivos que defiende Christian Delcher en un patio de gran nivel.<\/p>\n<p style=\"text-align: justify;\">Mucha suerte equipo!!!<\/p>\n<!-- AddThis Advanced Settings generic via filter on the_content --><!-- AddThis Share Buttons generic via filter on the_content -->","protected":false},"excerpt":{"rendered":"<p>Segunda jornada de oto\u00f1o en el Hip\u00f3dromo de la Zarzuela y ponemos el contador a cero para reiniciar la competici\u00f3n con nueva preparaci\u00f3n y con el debut de dos potras en diferente versi\u00f3n, que reci\u00e9n comienzan a defender nuestros colores. Iniciaremos la jornada ya en la primera del d\u00eda con el debut de \u201cOceanic Blue\u201d [&hellip;]<!-- AddThis Advanced Settings generic via filter on get_the_excerpt --><!-- AddThis Share Buttons generic via filter on get_the_excerpt --><\/p>\n","protected":false},"author":5,"featured_media":8083,"comment_status":"closed","ping_status":"open","sticky":false,"template":"","format":"standard","meta":{"_acf_changed":false,"_et_pb_use_builder":"","_et_pb_old_content":"","_et_gb_content_width":"","footnotes":""},"categories":[3],"tags":[],"class_list":["post-8082","post","type-post","status-publish","format-standard","has-post-thumbnail","hentry","category-noticias-cuadra-agrado"],"acf":[],"yoast_head":"<!-- This site is optimized with the Yoast SEO plugin v27.4 - https:\/\/yoast.com\/product\/yoast-seo-wordpress\/ -->\n<title>Dos debuts en nuestro reinicio de competici\u00f3n oto\u00f1al - Cuadra Agrado<\/title>\n<meta name=\"robots\" content=\"index, follow, max-snippet:-1, max-image-preview:large, max-video-preview:-1\" \/>\n<link rel=\"canonical\" href=\"https:\/\/cuadra-agrado.es\/?p=8082\" \/>\n<meta property=\"og:locale\" content=\"es_ES\" \/>\n<meta property=\"og:type\" content=\"article\" \/>\n<meta property=\"og:title\" content=\"Dos debuts en nuestro reinicio de competici\u00f3n oto\u00f1al - Cuadra Agrado\" \/>\n<meta property=\"og:description\" content=\"Segunda jornada de oto\u00f1o en el Hip\u00f3dromo de la Zarzuela y ponemos el contador a cero para reiniciar la competici\u00f3n con nueva preparaci\u00f3n y con el debut de dos potras en diferente versi\u00f3n, que reci\u00e9n comienzan a defender nuestros colores. Iniciaremos la jornada ya en la primera del d\u00eda con el debut de \u201cOceanic Blue\u201d [&hellip;]\" \/>\n<meta property=\"og:url\" content=\"https:\/\/cuadra-agrado.es\/?p=8082\" \/>\n<meta property=\"og:site_name\" content=\"Cuadra Agrado\" \/>\n<meta property=\"article:published_time\" content=\"2021-09-14T10:52:45+00:00\" \/>\n<meta property=\"article:modified_time\" content=\"2024-02-27T09:14:53+00:00\" \/>\n<meta property=\"og:image\" content=\"https:\/\/cuadra-agrado.es\/wp-content\/uploads\/2021\/08\/super-trip.png\" \/>\n\t<meta property=\"og:image:width\" content=\"600\" \/>\n\t<meta property=\"og:image:height\" content=\"400\" \/>\n\t<meta property=\"og:image:type\" content=\"image\/png\" \/>\n<meta name=\"author\" content=\"Miguel Redondo\" \/>\n<meta name=\"twitter:card\" content=\"summary_large_image\" \/>\n<meta name=\"twitter:creator\" content=\"@AGRADOracing\" \/>\n<meta name=\"twitter:site\" content=\"@AGRADOracing\" \/>\n<meta name=\"twitter:label1\" content=\"Escrito por\" \/>\n\t<meta name=\"twitter:data1\" content=\"Miguel Redondo\" \/>\n\t<meta name=\"twitter:label2\" content=\"Tiempo de lectura\" \/>\n\t<meta name=\"twitter:data2\" content=\"4 minutos\" \/>\n<script type=\"application\/ld+json\" class=\"yoast-schema-graph\">{\"@context\":\"https:\\\/\\\/schema.org\",\"@graph\":[{\"@type\":\"Article\",\"@id\":\"https:\\\/\\\/cuadra-agrado.es\\\/?p=8082#article\",\"isPartOf\":{\"@id\":\"https:\\\/\\\/cuadra-agrado.es\\\/?p=8082\"},\"author\":{\"name\":\"Miguel Redondo\",\"@id\":\"https:\\\/\\\/cuadra-agrado.es\\\/#\\\/schema\\\/person\\\/3aa4f8d2373cf756d93a5526bc72f31b\"},\"headline\":\"Dos debuts en nuestro reinicio de competici\u00f3n oto\u00f1al\",\"datePublished\":\"2021-09-14T10:52:45+00:00\",\"dateModified\":\"2024-02-27T09:14:53+00:00\",\"mainEntityOfPage\":{\"@id\":\"https:\\\/\\\/cuadra-agrado.es\\\/?p=8082\"},\"wordCount\":891,\"image\":{\"@id\":\"https:\\\/\\\/cuadra-agrado.es\\\/?p=8082#primaryimage\"},\"thumbnailUrl\":\"https:\\\/\\\/cuadra-agrado.es\\\/wp-content\\\/uploads\\\/2021\\\/08\\\/super-trip.png\",\"articleSection\":[\"Actualidad\"],\"inLanguage\":\"es\"},{\"@type\":\"WebPage\",\"@id\":\"https:\\\/\\\/cuadra-agrado.es\\\/?p=8082\",\"url\":\"https:\\\/\\\/cuadra-agrado.es\\\/?p=8082\",\"name\":\"Dos debuts en nuestro reinicio de competici\u00f3n oto\u00f1al - Cuadra Agrado\",\"isPartOf\":{\"@id\":\"https:\\\/\\\/cuadra-agrado.es\\\/#website\"},\"primaryImageOfPage\":{\"@id\":\"https:\\\/\\\/cuadra-agrado.es\\\/?p=8082#primaryimage\"},\"image\":{\"@id\":\"https:\\\/\\\/cuadra-agrado.es\\\/?p=8082#primaryimage\"},\"thumbnailUrl\":\"https:\\\/\\\/cuadra-agrado.es\\\/wp-content\\\/uploads\\\/2021\\\/08\\\/super-trip.png\",\"datePublished\":\"2021-09-14T10:52:45+00:00\",\"dateModified\":\"2024-02-27T09:14:53+00:00\",\"author\":{\"@id\":\"https:\\\/\\\/cuadra-agrado.es\\\/#\\\/schema\\\/person\\\/3aa4f8d2373cf756d93a5526bc72f31b\"},\"breadcrumb\":{\"@id\":\"https:\\\/\\\/cuadra-agrado.es\\\/?p=8082#breadcrumb\"},\"inLanguage\":\"es\",\"potentialAction\":[{\"@type\":\"ReadAction\",\"target\":[\"https:\\\/\\\/cuadra-agrado.es\\\/?p=8082\"]}]},{\"@type\":\"ImageObject\",\"inLanguage\":\"es\",\"@id\":\"https:\\\/\\\/cuadra-agrado.es\\\/?p=8082#primaryimage\",\"url\":\"https:\\\/\\\/cuadra-agrado.es\\\/wp-content\\\/uploads\\\/2021\\\/08\\\/super-trip.png\",\"contentUrl\":\"https:\\\/\\\/cuadra-agrado.es\\\/wp-content\\\/uploads\\\/2021\\\/08\\\/super-trip.png\",\"width\":600,\"height\":400},{\"@type\":\"BreadcrumbList\",\"@id\":\"https:\\\/\\\/cuadra-agrado.es\\\/?p=8082#breadcrumb\",\"itemListElement\":[{\"@type\":\"ListItem\",\"position\":1,\"name\":\"Portada\",\"item\":\"https:\\\/\\\/cuadra-agrado.es\\\/\"},{\"@type\":\"ListItem\",\"position\":2,\"name\":\"Dos debuts en nuestro reinicio de competici\u00f3n oto\u00f1al\"}]},{\"@type\":\"WebSite\",\"@id\":\"https:\\\/\\\/cuadra-agrado.es\\\/#website\",\"url\":\"https:\\\/\\\/cuadra-agrado.es\\\/\",\"name\":\"Cuadra Agrado\",\"description\":\"En el mundo del Turf desde 2008\",\"potentialAction\":[{\"@type\":\"SearchAction\",\"target\":{\"@type\":\"EntryPoint\",\"urlTemplate\":\"https:\\\/\\\/cuadra-agrado.es\\\/?s={search_term_string}\"},\"query-input\":{\"@type\":\"PropertyValueSpecification\",\"valueRequired\":true,\"valueName\":\"search_term_string\"}}],\"inLanguage\":\"es\"},{\"@type\":\"Person\",\"@id\":\"https:\\\/\\\/cuadra-agrado.es\\\/#\\\/schema\\\/person\\\/3aa4f8d2373cf756d93a5526bc72f31b\",\"name\":\"Miguel Redondo\",\"image\":{\"@type\":\"ImageObject\",\"inLanguage\":\"es\",\"@id\":\"https:\\\/\\\/secure.gravatar.com\\\/avatar\\\/85704fceb4fa34017e3c1344d182da00dbf772fb8856ba2b7726a2df926415b4?s=96&d=mm&r=g\",\"url\":\"https:\\\/\\\/secure.gravatar.com\\\/avatar\\\/85704fceb4fa34017e3c1344d182da00dbf772fb8856ba2b7726a2df926415b4?s=96&d=mm&r=g\",\"contentUrl\":\"https:\\\/\\\/secure.gravatar.com\\\/avatar\\\/85704fceb4fa34017e3c1344d182da00dbf772fb8856ba2b7726a2df926415b4?s=96&d=mm&r=g\",\"caption\":\"Miguel Redondo\"},\"sameAs\":[\"https:\\\/\\\/cuadra-agrado.es\"],\"url\":\"https:\\\/\\\/cuadra-agrado.es\\\/?author=5\"}]}<\/script>\n<!-- \/ Yoast SEO plugin. -->","yoast_head_json":{"title":"Dos debuts en nuestro reinicio de competici\u00f3n oto\u00f1al - Cuadra Agrado","robots":{"index":"index","follow":"follow","max-snippet":"max-snippet:-1","max-image-preview":"max-image-preview:large","max-video-preview":"max-video-preview:-1"},"canonical":"https:\/\/cuadra-agrado.es\/?p=8082","og_locale":"es_ES","og_type":"article","og_title":"Dos debuts en nuestro reinicio de competici\u00f3n oto\u00f1al - Cuadra Agrado","og_description":"Segunda jornada de oto\u00f1o en el Hip\u00f3dromo de la Zarzuela y ponemos el contador a cero para reiniciar la competici\u00f3n con nueva preparaci\u00f3n y con el debut de dos potras en diferente versi\u00f3n, que reci\u00e9n comienzan a defender nuestros colores. Iniciaremos la jornada ya en la primera del d\u00eda con el debut de \u201cOceanic Blue\u201d [&hellip;]","og_url":"https:\/\/cuadra-agrado.es\/?p=8082","og_site_name":"Cuadra Agrado","article_published_time":"2021-09-14T10:52:45+00:00","article_modified_time":"2024-02-27T09:14:53+00:00","og_image":[{"width":600,"height":400,"url":"https:\/\/cuadra-agrado.es\/wp-content\/uploads\/2021\/08\/super-trip.png","type":"image\/png"}],"author":"Miguel Redondo","twitter_card":"summary_large_image","twitter_creator":"@AGRADOracing","twitter_site":"@AGRADOracing","twitter_misc":{"Escrito por":"Miguel Redondo","Tiempo de lectura":"4 minutos"},"schema":{"@context":"https:\/\/schema.org","@graph":[{"@type":"Article","@id":"https:\/\/cuadra-agrado.es\/?p=8082#article","isPartOf":{"@id":"https:\/\/cuadra-agrado.es\/?p=8082"},"author":{"name":"Miguel Redondo","@id":"https:\/\/cuadra-agrado.es\/#\/schema\/person\/3aa4f8d2373cf756d93a5526bc72f31b"},"headline":"Dos debuts en nuestro reinicio de competici\u00f3n oto\u00f1al","datePublished":"2021-09-14T10:52:45+00:00","dateModified":"2024-02-27T09:14:53+00:00","mainEntityOfPage":{"@id":"https:\/\/cuadra-agrado.es\/?p=8082"},"wordCount":891,"image":{"@id":"https:\/\/cuadra-agrado.es\/?p=8082#primaryimage"},"thumbnailUrl":"https:\/\/cuadra-agrado.es\/wp-content\/uploads\/2021\/08\/super-trip.png","articleSection":["Actualidad"],"inLanguage":"es"},{"@type":"WebPage","@id":"https:\/\/cuadra-agrado.es\/?p=8082","url":"https:\/\/cuadra-agrado.es\/?p=8082","name":"Dos debuts en nuestro reinicio de competici\u00f3n oto\u00f1al - Cuadra Agrado","isPartOf":{"@id":"https:\/\/cuadra-agrado.es\/#website"},"primaryImageOfPage":{"@id":"https:\/\/cuadra-agrado.es\/?p=8082#primaryimage"},"image":{"@id":"https:\/\/cuadra-agrado.es\/?p=8082#primaryimage"},"thumbnailUrl":"https:\/\/cuadra-agrado.es\/wp-content\/uploads\/2021\/08\/super-trip.png","datePublished":"2021-09-14T10:52:45+00:00","dateModified":"2024-02-27T09:14:53+00:00","author":{"@id":"https:\/\/cuadra-agrado.es\/#\/schema\/person\/3aa4f8d2373cf756d93a5526bc72f31b"},"breadcrumb":{"@id":"https:\/\/cuadra-agrado.es\/?p=8082#breadcrumb"},"inLanguage":"es","potentialAction":[{"@type":"ReadAction","target":["https:\/\/cuadra-agrado.es\/?p=8082"]}]},{"@type":"ImageObject","inLanguage":"es","@id":"https:\/\/cuadra-agrado.es\/?p=8082#primaryimage","url":"https:\/\/cuadra-agrado.es\/wp-content\/uploads\/2021\/08\/super-trip.png","contentUrl":"https:\/\/cuadra-agrado.es\/wp-content\/uploads\/2021\/08\/super-trip.png","width":600,"height":400},{"@type":"BreadcrumbList","@id":"https:\/\/cuadra-agrado.es\/?p=8082#breadcrumb","itemListElement":[{"@type":"ListItem","position":1,"name":"Portada","item":"https:\/\/cuadra-agrado.es\/"},{"@type":"ListItem","position":2,"name":"Dos debuts en nuestro reinicio de competici\u00f3n oto\u00f1al"}]},{"@type":"WebSite","@id":"https:\/\/cuadra-agrado.es\/#website","url":"https:\/\/cuadra-agrado.es\/","name":"Cuadra Agrado","description":"En el mundo del Turf desde 2008","potentialAction":[{"@type":"SearchAction","target":{"@type":"EntryPoint","urlTemplate":"https:\/\/cuadra-agrado.es\/?s={search_term_string}"},"query-input":{"@type":"PropertyValueSpecification","valueRequired":true,"valueName":"search_term_string"}}],"inLanguage":"es"},{"@type":"Person","@id":"https:\/\/cuadra-agrado.es\/#\/schema\/person\/3aa4f8d2373cf756d93a5526bc72f31b","name":"Miguel Redondo","image":{"@type":"ImageObject","inLanguage":"es","@id":"https:\/\/secure.gravatar.com\/avatar\/85704fceb4fa34017e3c1344d182da00dbf772fb8856ba2b7726a2df926415b4?s=96&d=mm&r=g","url":"https:\/\/secure.gravatar.com\/avatar\/85704fceb4fa34017e3c1344d182da00dbf772fb8856ba2b7726a2df926415b4?s=96&d=mm&r=g","contentUrl":"https:\/\/secure.gravatar.com\/avatar\/85704fceb4fa34017e3c1344d182da00dbf772fb8856ba2b7726a2df926415b4?s=96&d=mm&r=g","caption":"Miguel Redondo"},"sameAs":["https:\/\/cuadra-agrado.es"],"url":"https:\/\/cuadra-agrado.es\/?author=5"}]}},"_links":{"self":[{"href":"https:\/\/cuadra-agrado.es\/index.php?rest_route=\/wp\/v2\/posts\/8082","targetHints":{"allow":["GET"]}}],"collection":[{"href":"https:\/\/cuadra-agrado.es\/index.php?rest_route=\/wp\/v2\/posts"}],"about":[{"href":"https:\/\/cuadra-agrado.es\/index.php?rest_route=\/wp\/v2\/types\/post"}],"author":[{"embeddable":true,"href":"https:\/\/cuadra-agrado.es\/index.php?rest_route=\/wp\/v2\/users\/5"}],"replies":[{"embeddable":true,"href":"https:\/\/cuadra-agrado.es\/index.php?rest_route=%2Fwp%2Fv2%2Fcomments&post=8082"}],"version-history":[{"count":0,"href":"https:\/\/cuadra-agrado.es\/index.php?rest_route=\/wp\/v2\/posts\/8082\/revisions"}],"wp:featuredmedia":[{"embeddable":true,"href":"https:\/\/cuadra-agrado.es\/index.php?rest_route=\/wp\/v2\/media\/8083"}],"wp:attachment":[{"href":"https:\/\/cuadra-agrado.es\/index.php?rest_route=%2Fwp%2Fv2%2Fmedia&parent=8082"}],"wp:term":[{"taxonomy":"category","embeddable":true,"href":"https:\/\/cuadra-agrado.es\/index.php?rest_route=%2Fwp%2Fv2%2Fcategories&post=8082"},{"taxonomy":"post_tag","embeddable":true,"href":"https:\/\/cuadra-agrado.es\/index.php?rest_route=%2Fwp%2Fv2%2Ftags&post=8082"}],"curies":[{"name":"wp","href":"https:\/\/api.w.org\/{rel}","templated":true}]}}