{"id":8058,"date":"2021-12-01T10:33:33","date_gmt":"2021-12-01T10:33:33","guid":{"rendered":"https:\/\/cuadra-agrado.es\/?p=7591"},"modified":"2024-02-27T09:14:50","modified_gmt":"2024-02-27T09:14:50","slug":"solida-opcion-de-barbarigo-en-su-regreso-al-gran-hipodromo-de-andalucia","status":"publish","type":"post","link":"https:\/\/cuadra-agrado.es\/?p=8058","title":{"rendered":"S\u00f3lida opci\u00f3n de Barbarigo en su regreso al Gran Hip\u00f3dromo de Andaluc\u00eda"},"content":{"rendered":"<p style=\"text-align: justify;\">\u201c<strong>Barbarigo<\/strong>\u201d disputar\u00e1 este pr\u00f3ximo domingo una prueba de condici\u00f3n sobre distancia 1.500 metros sobre la fibra del reinaugurado Gran Hip\u00f3dromo de Andaluc\u00eda que, casi dos a\u00f1os despu\u00e9s, ha vuelto recientemente a ser protagonista del programa de carreras nacional. Deseamos y confiamos que el consistorio de la localidad de Dos Hermanas, que toma las riendas como responsable de la gesti\u00f3n directa de este Gran Hip\u00f3dromo del sur, logre en esta nueva tentativa recuperar el prestigio dilapidado tras una desgraciada gesti\u00f3n de la anterior gestora. Solamente una vez viaj\u00f3 a tierras nazarenas el bueno de \u201c<strong>Barbarigo<\/strong>\u201d. Fue para disputar el GP de Andaluc\u00eda all\u00e1 por febrero de 2018 obteniendo un segundo puesto por detr\u00e1s de \u201c<strong>C\u00e9firo<\/strong>\u201d, que a la postre, ser\u00eda ganador ese mismo a\u00f1o del GP de la Hispanidad.<\/p>\n<p style=\"text-align: justify;\">Del amplio lote de aquella \u00faltima cita, ya no queda ninguno en competici\u00f3n nada m\u00e1s que \u00e9l, lo que dice mucho de su longevidad y su competitividad. Ha pasado ya un trienio desde entonces que ha sumado dignamente a su antig\u00fcedad, y es evidente que poco a poco, y a\u00f1o tras a\u00f1o, se ha dejado puntos de valor por las pistas de nuestro pa\u00eds. Pero lo que a\u00fan conserva intacto desde entonces son sus tremendas ganas de lucha cada vez que sale a competir, y es que el coraz\u00f3n que tiene este caballo est\u00e1 fuera de toda incertidumbre. Desde el verano, tres terceros puestos y un segundo en su \u00faltima muy cerquita ya de la victoria es su tarjeta de presentaci\u00f3n de forma en el GH de Andaluc\u00eda este domingo. Aguanta el viejo ese buen estado de forma incluso al final de un nuevo a\u00f1o, como si de un potro se tratara, y eso dice mucho del enorme trabajo de su nuevo preparador y las ganas que todav\u00eda tiene el viejo por galopar en una pista de carreras. Desde que llegara a su patio a finales de agostos, su joven preparador Rom\u00e1n Mart\u00edn se ha entendido con \u00e9l de una manera muy especial, y es todo un gusto o\u00edrle hablar con tanto cari\u00f1o y devoci\u00f3n sobre su comportamiento tanto en el trabajo diario, como en el patio donde ya hace tiempo se gan\u00f3 los galones. El caballo sigue mostr\u00e1ndose con mucha fortaleza y entrega en sus entrenamientos, luce en estas fechas cercanas al invierno un pelo y forma envidiable, y todo eso manifiesta una confianza plena tanto para el caballo, como para su preparador que le tiene en palmitas desde que se acuesta hasta que se levanta. Al reci\u00e9n reinaugurado recinto de Dos Hermanas viajamos como lo hizo por \u00faltima vez con el objetivo de pasar por ganadores. De un lote corto de cinco participantes que finalmente han quedado en el partant definitivo, el viejo nos ha dicho que, a\u00fan con todo el respeto que le merecen sus rivales, no le tiene miedo a ninguno de los cuatro que lucharan por este premio. Se sabe superior, y eso es lo que m\u00e1s confianza nos ofrece para que finalmente pueda pasar por ganadores este a\u00f1o, de la misma forma que lo ha hecho durante toda su vida en competici\u00f3n en a\u00f1os anteriores.<\/p>\n<p style=\"text-align: justify;\">Con 55 kilos de escala queda muy bien situado en esta prueba de condici\u00f3n con respecto a todos sus rivales, y donde la pista de fibra tampoco debe ser un h\u00e1ndicap en contra. Es varias veces ganador sobre esta superficie, y solamente un imprevisto infortunio que no merece, le privar\u00eda de atacar ese \u00fanico objetivo de pasar por ganadores por primera vez en ese recinto, y poner su particular \u201cecart\u201d a cero despu\u00e9s de un largo a\u00f1o mereciendo esa victoria.<\/p>\n<p style=\"text-align: justify;\">La reciente sanci\u00f3n de \u201cpuesta a pie\u201d interpuesta a nuestro jockey Ignacio Melgarejo no nos permit\u00eda contar con \u00e9l en primera instancia, pero un recurso presentado en el pasado lunes ante los comisarios del JCE abr\u00edan la opci\u00f3n de confirmar su monta en este primer d\u00eda de sanci\u00f3n y, en caso de que el recurso no llegue a buen fin, retrasar al menos su cumplimiento una jornada m\u00e1s tarde. Ser\u00e1 pues Ignacio Melgarejo de nuevo el compa\u00f1ero que viaje a su tierra natal para tratar de desquitarse de su \u00faltima donde le dejaron con la miel en los labios en los \u00faltimos metros. Imaginamos que las \u00f3rdenes que le dar\u00e1 Rom\u00e1n no ser\u00e1n diferentes a lo que nos lleva mostrando el viejo durante toda su vida en competici\u00f3n. Saldr\u00e1 r\u00e1pido de cajones, se mostrar\u00e1 valiente en posiciones de vanguardia durante el recorrido con ritmo alto, tratar\u00e1 de llegar bien posicionado por carriles interiores para enfilar la recta para despu\u00e9s aguantar el ataque de quien quiera pon\u00e9rselo dif\u00edcil en los \u00faltimos 300 metros.<\/p>\n<p style=\"text-align: justify;\">Deseamos toda la suerte que merece un equipo volcado con un viejo que todav\u00eda tiene mucha \u00a0p\u00f3lvora seca para disparar.<br \/>\nVamos a por ello equipo!!!<\/p>\n<p>&nbsp;<\/p>\n<!-- AddThis Advanced Settings generic via filter on the_content --><!-- AddThis Share Buttons generic via filter on the_content -->","protected":false},"excerpt":{"rendered":"<p>\u201cBarbarigo\u201d disputar\u00e1 este pr\u00f3ximo domingo una prueba de condici\u00f3n sobre distancia 1.500 metros sobre la fibra del reinaugurado Gran Hip\u00f3dromo de Andaluc\u00eda que, casi dos a\u00f1os despu\u00e9s, ha vuelto recientemente a ser protagonista del programa de carreras nacional. Deseamos y confiamos que el consistorio de la localidad de Dos Hermanas, que toma las riendas como [&hellip;]<!-- AddThis Advanced Settings generic via filter on get_the_excerpt --><!-- AddThis Share Buttons generic via filter on get_the_excerpt --><\/p>\n","protected":false},"author":5,"featured_media":9938,"comment_status":"closed","ping_status":"open","sticky":false,"template":"","format":"standard","meta":{"_acf_changed":false,"_et_pb_use_builder":"","_et_pb_old_content":"","_et_gb_content_width":"","footnotes":""},"categories":[3],"tags":[],"class_list":["post-8058","post","type-post","status-publish","format-standard","has-post-thumbnail","hentry","category-noticias-cuadra-agrado"],"acf":[],"yoast_head":"<!-- This site is optimized with the Yoast SEO plugin v27.4 - https:\/\/yoast.com\/product\/yoast-seo-wordpress\/ -->\n<title>S\u00f3lida opci\u00f3n de Barbarigo en su regreso al Gran Hip\u00f3dromo de Andaluc\u00eda - Cuadra Agrado<\/title>\n<meta name=\"robots\" content=\"index, follow, max-snippet:-1, max-image-preview:large, max-video-preview:-1\" \/>\n<link rel=\"canonical\" href=\"https:\/\/cuadra-agrado.es\/?p=8058\" \/>\n<meta property=\"og:locale\" content=\"es_ES\" \/>\n<meta property=\"og:type\" content=\"article\" \/>\n<meta property=\"og:title\" content=\"S\u00f3lida opci\u00f3n de Barbarigo en su regreso al Gran Hip\u00f3dromo de Andaluc\u00eda - Cuadra Agrado\" \/>\n<meta property=\"og:description\" content=\"\u201cBarbarigo\u201d disputar\u00e1 este pr\u00f3ximo domingo una prueba de condici\u00f3n sobre distancia 1.500 metros sobre la fibra del reinaugurado Gran Hip\u00f3dromo de Andaluc\u00eda que, casi dos a\u00f1os despu\u00e9s, ha vuelto recientemente a ser protagonista del programa de carreras nacional. Deseamos y confiamos que el consistorio de la localidad de Dos Hermanas, que toma las riendas como [&hellip;]\" \/>\n<meta property=\"og:url\" content=\"https:\/\/cuadra-agrado.es\/?p=8058\" \/>\n<meta property=\"og:site_name\" content=\"Cuadra Agrado\" \/>\n<meta property=\"article:published_time\" content=\"2021-12-01T10:33:33+00:00\" \/>\n<meta property=\"article:modified_time\" content=\"2024-02-27T09:14:50+00:00\" \/>\n<meta property=\"og:image\" content=\"https:\/\/cuadra-agrado.es\/wp-content\/uploads\/2020\/07\/barbarigo-2.jpg\" \/>\n\t<meta property=\"og:image:width\" content=\"732\" \/>\n\t<meta property=\"og:image:height\" content=\"490\" \/>\n\t<meta property=\"og:image:type\" content=\"image\/jpeg\" \/>\n<meta name=\"author\" content=\"Miguel Redondo\" \/>\n<meta name=\"twitter:card\" content=\"summary_large_image\" \/>\n<meta name=\"twitter:creator\" content=\"@AGRADOracing\" \/>\n<meta name=\"twitter:site\" content=\"@AGRADOracing\" \/>\n<meta name=\"twitter:label1\" content=\"Escrito por\" \/>\n\t<meta name=\"twitter:data1\" content=\"Miguel Redondo\" \/>\n\t<meta name=\"twitter:label2\" content=\"Tiempo de lectura\" \/>\n\t<meta name=\"twitter:data2\" content=\"4 minutos\" \/>\n<script type=\"application\/ld+json\" class=\"yoast-schema-graph\">{\"@context\":\"https:\\\/\\\/schema.org\",\"@graph\":[{\"@type\":\"Article\",\"@id\":\"https:\\\/\\\/cuadra-agrado.es\\\/?p=8058#article\",\"isPartOf\":{\"@id\":\"https:\\\/\\\/cuadra-agrado.es\\\/?p=8058\"},\"author\":{\"name\":\"Miguel Redondo\",\"@id\":\"https:\\\/\\\/cuadra-agrado.es\\\/#\\\/schema\\\/person\\\/3aa4f8d2373cf756d93a5526bc72f31b\"},\"headline\":\"S\u00f3lida opci\u00f3n de Barbarigo en su regreso al Gran Hip\u00f3dromo de Andaluc\u00eda\",\"datePublished\":\"2021-12-01T10:33:33+00:00\",\"dateModified\":\"2024-02-27T09:14:50+00:00\",\"mainEntityOfPage\":{\"@id\":\"https:\\\/\\\/cuadra-agrado.es\\\/?p=8058\"},\"wordCount\":869,\"image\":{\"@id\":\"https:\\\/\\\/cuadra-agrado.es\\\/?p=8058#primaryimage\"},\"thumbnailUrl\":\"https:\\\/\\\/cuadra-agrado.es\\\/wp-content\\\/uploads\\\/2020\\\/07\\\/barbarigo-2.jpg\",\"articleSection\":[\"Actualidad\"],\"inLanguage\":\"es\"},{\"@type\":\"WebPage\",\"@id\":\"https:\\\/\\\/cuadra-agrado.es\\\/?p=8058\",\"url\":\"https:\\\/\\\/cuadra-agrado.es\\\/?p=8058\",\"name\":\"S\u00f3lida opci\u00f3n de Barbarigo en su regreso al Gran Hip\u00f3dromo de Andaluc\u00eda - Cuadra Agrado\",\"isPartOf\":{\"@id\":\"https:\\\/\\\/cuadra-agrado.es\\\/#website\"},\"primaryImageOfPage\":{\"@id\":\"https:\\\/\\\/cuadra-agrado.es\\\/?p=8058#primaryimage\"},\"image\":{\"@id\":\"https:\\\/\\\/cuadra-agrado.es\\\/?p=8058#primaryimage\"},\"thumbnailUrl\":\"https:\\\/\\\/cuadra-agrado.es\\\/wp-content\\\/uploads\\\/2020\\\/07\\\/barbarigo-2.jpg\",\"datePublished\":\"2021-12-01T10:33:33+00:00\",\"dateModified\":\"2024-02-27T09:14:50+00:00\",\"author\":{\"@id\":\"https:\\\/\\\/cuadra-agrado.es\\\/#\\\/schema\\\/person\\\/3aa4f8d2373cf756d93a5526bc72f31b\"},\"breadcrumb\":{\"@id\":\"https:\\\/\\\/cuadra-agrado.es\\\/?p=8058#breadcrumb\"},\"inLanguage\":\"es\",\"potentialAction\":[{\"@type\":\"ReadAction\",\"target\":[\"https:\\\/\\\/cuadra-agrado.es\\\/?p=8058\"]}]},{\"@type\":\"ImageObject\",\"inLanguage\":\"es\",\"@id\":\"https:\\\/\\\/cuadra-agrado.es\\\/?p=8058#primaryimage\",\"url\":\"https:\\\/\\\/cuadra-agrado.es\\\/wp-content\\\/uploads\\\/2020\\\/07\\\/barbarigo-2.jpg\",\"contentUrl\":\"https:\\\/\\\/cuadra-agrado.es\\\/wp-content\\\/uploads\\\/2020\\\/07\\\/barbarigo-2.jpg\",\"width\":732,\"height\":490},{\"@type\":\"BreadcrumbList\",\"@id\":\"https:\\\/\\\/cuadra-agrado.es\\\/?p=8058#breadcrumb\",\"itemListElement\":[{\"@type\":\"ListItem\",\"position\":1,\"name\":\"Portada\",\"item\":\"https:\\\/\\\/cuadra-agrado.es\\\/\"},{\"@type\":\"ListItem\",\"position\":2,\"name\":\"S\u00f3lida opci\u00f3n de Barbarigo en su regreso al Gran Hip\u00f3dromo de Andaluc\u00eda\"}]},{\"@type\":\"WebSite\",\"@id\":\"https:\\\/\\\/cuadra-agrado.es\\\/#website\",\"url\":\"https:\\\/\\\/cuadra-agrado.es\\\/\",\"name\":\"Cuadra Agrado\",\"description\":\"En el mundo del Turf desde 2008\",\"potentialAction\":[{\"@type\":\"SearchAction\",\"target\":{\"@type\":\"EntryPoint\",\"urlTemplate\":\"https:\\\/\\\/cuadra-agrado.es\\\/?s={search_term_string}\"},\"query-input\":{\"@type\":\"PropertyValueSpecification\",\"valueRequired\":true,\"valueName\":\"search_term_string\"}}],\"inLanguage\":\"es\"},{\"@type\":\"Person\",\"@id\":\"https:\\\/\\\/cuadra-agrado.es\\\/#\\\/schema\\\/person\\\/3aa4f8d2373cf756d93a5526bc72f31b\",\"name\":\"Miguel Redondo\",\"image\":{\"@type\":\"ImageObject\",\"inLanguage\":\"es\",\"@id\":\"https:\\\/\\\/secure.gravatar.com\\\/avatar\\\/85704fceb4fa34017e3c1344d182da00dbf772fb8856ba2b7726a2df926415b4?s=96&d=mm&r=g\",\"url\":\"https:\\\/\\\/secure.gravatar.com\\\/avatar\\\/85704fceb4fa34017e3c1344d182da00dbf772fb8856ba2b7726a2df926415b4?s=96&d=mm&r=g\",\"contentUrl\":\"https:\\\/\\\/secure.gravatar.com\\\/avatar\\\/85704fceb4fa34017e3c1344d182da00dbf772fb8856ba2b7726a2df926415b4?s=96&d=mm&r=g\",\"caption\":\"Miguel Redondo\"},\"sameAs\":[\"https:\\\/\\\/cuadra-agrado.es\"],\"url\":\"https:\\\/\\\/cuadra-agrado.es\\\/?author=5\"}]}<\/script>\n<!-- \/ Yoast SEO plugin. -->","yoast_head_json":{"title":"S\u00f3lida opci\u00f3n de Barbarigo en su regreso al Gran Hip\u00f3dromo de Andaluc\u00eda - Cuadra Agrado","robots":{"index":"index","follow":"follow","max-snippet":"max-snippet:-1","max-image-preview":"max-image-preview:large","max-video-preview":"max-video-preview:-1"},"canonical":"https:\/\/cuadra-agrado.es\/?p=8058","og_locale":"es_ES","og_type":"article","og_title":"S\u00f3lida opci\u00f3n de Barbarigo en su regreso al Gran Hip\u00f3dromo de Andaluc\u00eda - Cuadra Agrado","og_description":"\u201cBarbarigo\u201d disputar\u00e1 este pr\u00f3ximo domingo una prueba de condici\u00f3n sobre distancia 1.500 metros sobre la fibra del reinaugurado Gran Hip\u00f3dromo de Andaluc\u00eda que, casi dos a\u00f1os despu\u00e9s, ha vuelto recientemente a ser protagonista del programa de carreras nacional. Deseamos y confiamos que el consistorio de la localidad de Dos Hermanas, que toma las riendas como [&hellip;]","og_url":"https:\/\/cuadra-agrado.es\/?p=8058","og_site_name":"Cuadra Agrado","article_published_time":"2021-12-01T10:33:33+00:00","article_modified_time":"2024-02-27T09:14:50+00:00","og_image":[{"width":732,"height":490,"url":"https:\/\/cuadra-agrado.es\/wp-content\/uploads\/2020\/07\/barbarigo-2.jpg","type":"image\/jpeg"}],"author":"Miguel Redondo","twitter_card":"summary_large_image","twitter_creator":"@AGRADOracing","twitter_site":"@AGRADOracing","twitter_misc":{"Escrito por":"Miguel Redondo","Tiempo de lectura":"4 minutos"},"schema":{"@context":"https:\/\/schema.org","@graph":[{"@type":"Article","@id":"https:\/\/cuadra-agrado.es\/?p=8058#article","isPartOf":{"@id":"https:\/\/cuadra-agrado.es\/?p=8058"},"author":{"name":"Miguel Redondo","@id":"https:\/\/cuadra-agrado.es\/#\/schema\/person\/3aa4f8d2373cf756d93a5526bc72f31b"},"headline":"S\u00f3lida opci\u00f3n de Barbarigo en su regreso al Gran Hip\u00f3dromo de Andaluc\u00eda","datePublished":"2021-12-01T10:33:33+00:00","dateModified":"2024-02-27T09:14:50+00:00","mainEntityOfPage":{"@id":"https:\/\/cuadra-agrado.es\/?p=8058"},"wordCount":869,"image":{"@id":"https:\/\/cuadra-agrado.es\/?p=8058#primaryimage"},"thumbnailUrl":"https:\/\/cuadra-agrado.es\/wp-content\/uploads\/2020\/07\/barbarigo-2.jpg","articleSection":["Actualidad"],"inLanguage":"es"},{"@type":"WebPage","@id":"https:\/\/cuadra-agrado.es\/?p=8058","url":"https:\/\/cuadra-agrado.es\/?p=8058","name":"S\u00f3lida opci\u00f3n de Barbarigo en su regreso al Gran Hip\u00f3dromo de Andaluc\u00eda - Cuadra Agrado","isPartOf":{"@id":"https:\/\/cuadra-agrado.es\/#website"},"primaryImageOfPage":{"@id":"https:\/\/cuadra-agrado.es\/?p=8058#primaryimage"},"image":{"@id":"https:\/\/cuadra-agrado.es\/?p=8058#primaryimage"},"thumbnailUrl":"https:\/\/cuadra-agrado.es\/wp-content\/uploads\/2020\/07\/barbarigo-2.jpg","datePublished":"2021-12-01T10:33:33+00:00","dateModified":"2024-02-27T09:14:50+00:00","author":{"@id":"https:\/\/cuadra-agrado.es\/#\/schema\/person\/3aa4f8d2373cf756d93a5526bc72f31b"},"breadcrumb":{"@id":"https:\/\/cuadra-agrado.es\/?p=8058#breadcrumb"},"inLanguage":"es","potentialAction":[{"@type":"ReadAction","target":["https:\/\/cuadra-agrado.es\/?p=8058"]}]},{"@type":"ImageObject","inLanguage":"es","@id":"https:\/\/cuadra-agrado.es\/?p=8058#primaryimage","url":"https:\/\/cuadra-agrado.es\/wp-content\/uploads\/2020\/07\/barbarigo-2.jpg","contentUrl":"https:\/\/cuadra-agrado.es\/wp-content\/uploads\/2020\/07\/barbarigo-2.jpg","width":732,"height":490},{"@type":"BreadcrumbList","@id":"https:\/\/cuadra-agrado.es\/?p=8058#breadcrumb","itemListElement":[{"@type":"ListItem","position":1,"name":"Portada","item":"https:\/\/cuadra-agrado.es\/"},{"@type":"ListItem","position":2,"name":"S\u00f3lida opci\u00f3n de Barbarigo en su regreso al Gran Hip\u00f3dromo de Andaluc\u00eda"}]},{"@type":"WebSite","@id":"https:\/\/cuadra-agrado.es\/#website","url":"https:\/\/cuadra-agrado.es\/","name":"Cuadra Agrado","description":"En el mundo del Turf desde 2008","potentialAction":[{"@type":"SearchAction","target":{"@type":"EntryPoint","urlTemplate":"https:\/\/cuadra-agrado.es\/?s={search_term_string}"},"query-input":{"@type":"PropertyValueSpecification","valueRequired":true,"valueName":"search_term_string"}}],"inLanguage":"es"},{"@type":"Person","@id":"https:\/\/cuadra-agrado.es\/#\/schema\/person\/3aa4f8d2373cf756d93a5526bc72f31b","name":"Miguel Redondo","image":{"@type":"ImageObject","inLanguage":"es","@id":"https:\/\/secure.gravatar.com\/avatar\/85704fceb4fa34017e3c1344d182da00dbf772fb8856ba2b7726a2df926415b4?s=96&d=mm&r=g","url":"https:\/\/secure.gravatar.com\/avatar\/85704fceb4fa34017e3c1344d182da00dbf772fb8856ba2b7726a2df926415b4?s=96&d=mm&r=g","contentUrl":"https:\/\/secure.gravatar.com\/avatar\/85704fceb4fa34017e3c1344d182da00dbf772fb8856ba2b7726a2df926415b4?s=96&d=mm&r=g","caption":"Miguel Redondo"},"sameAs":["https:\/\/cuadra-agrado.es"],"url":"https:\/\/cuadra-agrado.es\/?author=5"}]}},"_links":{"self":[{"href":"https:\/\/cuadra-agrado.es\/index.php?rest_route=\/wp\/v2\/posts\/8058","targetHints":{"allow":["GET"]}}],"collection":[{"href":"https:\/\/cuadra-agrado.es\/index.php?rest_route=\/wp\/v2\/posts"}],"about":[{"href":"https:\/\/cuadra-agrado.es\/index.php?rest_route=\/wp\/v2\/types\/post"}],"author":[{"embeddable":true,"href":"https:\/\/cuadra-agrado.es\/index.php?rest_route=\/wp\/v2\/users\/5"}],"replies":[{"embeddable":true,"href":"https:\/\/cuadra-agrado.es\/index.php?rest_route=%2Fwp%2Fv2%2Fcomments&post=8058"}],"version-history":[{"count":0,"href":"https:\/\/cuadra-agrado.es\/index.php?rest_route=\/wp\/v2\/posts\/8058\/revisions"}],"wp:featuredmedia":[{"embeddable":true,"href":"https:\/\/cuadra-agrado.es\/index.php?rest_route=\/wp\/v2\/media\/9938"}],"wp:attachment":[{"href":"https:\/\/cuadra-agrado.es\/index.php?rest_route=%2Fwp%2Fv2%2Fmedia&parent=8058"}],"wp:term":[{"taxonomy":"category","embeddable":true,"href":"https:\/\/cuadra-agrado.es\/index.php?rest_route=%2Fwp%2Fv2%2Fcategories&post=8058"},{"taxonomy":"post_tag","embeddable":true,"href":"https:\/\/cuadra-agrado.es\/index.php?rest_route=%2Fwp%2Fv2%2Ftags&post=8058"}],"curies":[{"name":"wp","href":"https:\/\/api.w.org\/{rel}","templated":true}]}}