{"id":764,"date":"2014-02-03T16:09:21","date_gmt":"2014-02-03T15:09:21","guid":{"rendered":"http:\/\/s465126685.mialojamiento.es\/?p=764"},"modified":"2024-02-27T09:22:35","modified_gmt":"2024-02-27T09:22:35","slug":"valiant-blue-matriculado-para-el-gp-de-la-milla-sevillana","status":"publish","type":"post","link":"https:\/\/cuadra-agrado.es\/?p=764","title":{"rendered":"Valiant Blue, matriculado para el GP de la milla sevillana"},"content":{"rendered":"<p style=\"text-align: justify;\">Nuestro caballo m\u00e1s en forma &#8216;Valiant Blue&#8217;, ha quedado hoy matriculado para el GP de la milla sevillana a disputar el pr\u00f3ximo d\u00eda 16 de Febrero en el Gran Hip\u00f3dromo de Sevilla.<\/p>\n<p style=\"text-align: justify;\"><a href=\"http:\/\/s465126685.mialojamiento.es\/wp-content\/uploads\/2014\/01\/valiantToragua.png\"><img loading=\"lazy\" decoding=\"async\" class=\"alignleft  wp-image-661\" alt=\"valiantToragua\" src=\"http:\/\/s465126685.mialojamiento.es\/wp-content\/uploads\/2014\/01\/valiantToragua.png\" width=\"300\" height=\"260\" \/><\/a>Ganador de la preparatoria hace dos semanas con un alivio de plomo, afronta este nuevo reto de subir ese pelda\u00f1o que parece le faltaba el pasado a\u00f1o para luchar los grandes premios de la milla. El trabajo desde entonces va encaminado a dar el salto a igualdad de pesos y a medirse con los grandes velocistas actuales como los matriculados &#8216;Mil Azul&#8217;, &#8216;Indiano&#8217;, o &#8216;Sergei&#8217;.<\/p>\n<p style=\"text-align: justify;\">Confianza plena en &#8216;Eduardo Buz\u00f3n&#8217; que desde que vino a Espa\u00f1a ya puso el ojo en esta carrera, y todas sus actuaciones precedentes con \u00e9l han ido dirigidas a tratar de llevarse este GP.<\/p>\n<p style=\"text-align: justify;\">Le quedan a\u00fan un par de semanas para perfilar y porner al 120% este hijo de &#8216;Moss Vale&#8217; cuya espectacular progresi\u00f3n ha sido todo un logro por su parte.<\/p>\n<p style=\"text-align: justify;\">Vamos a por ello!!!!<\/p>\n<!-- AddThis Advanced Settings generic via filter on the_content --><!-- AddThis Share Buttons generic via filter on the_content -->","protected":false},"excerpt":{"rendered":"<p>Nuestro caballo m\u00e1s en forma &#8216;Valiant Blue&#8217;, ha quedado hoy matriculado para el GP de la milla sevillana a disputar el pr\u00f3ximo d\u00eda 16 de Febrero en el Gran Hip\u00f3dromo de Sevilla. Ganador de la preparatoria hace dos semanas con un alivio de plomo, afronta este nuevo reto de subir ese pelda\u00f1o que parece le [&hellip;]<!-- AddThis Advanced Settings generic via filter on get_the_excerpt --><!-- AddThis Share Buttons generic via filter on get_the_excerpt --><\/p>\n","protected":false},"author":5,"featured_media":0,"comment_status":"closed","ping_status":"closed","sticky":false,"template":"","format":"gallery","meta":{"_acf_changed":false,"_et_pb_use_builder":"","_et_pb_old_content":"","_et_gb_content_width":"","footnotes":""},"categories":[3],"tags":[],"class_list":["post-764","post","type-post","status-publish","format-gallery","hentry","category-noticias-cuadra-agrado","post_format-post-format-gallery"],"acf":[],"yoast_head":"<!-- This site is optimized with the Yoast SEO plugin v27.4 - https:\/\/yoast.com\/product\/yoast-seo-wordpress\/ -->\n<title>Valiant Blue, matriculado para el GP de la milla sevillana - Cuadra Agrado<\/title>\n<meta name=\"robots\" content=\"index, follow, max-snippet:-1, max-image-preview:large, max-video-preview:-1\" \/>\n<link rel=\"canonical\" href=\"https:\/\/cuadra-agrado.es\/?p=764\" \/>\n<meta property=\"og:locale\" content=\"es_ES\" \/>\n<meta property=\"og:type\" content=\"article\" \/>\n<meta property=\"og:title\" content=\"Valiant Blue, matriculado para el GP de la milla sevillana - Cuadra Agrado\" \/>\n<meta property=\"og:description\" content=\"Nuestro caballo m\u00e1s en forma &#8216;Valiant Blue&#8217;, ha quedado hoy matriculado para el GP de la milla sevillana a disputar el pr\u00f3ximo d\u00eda 16 de Febrero en el Gran Hip\u00f3dromo de Sevilla. Ganador de la preparatoria hace dos semanas con un alivio de plomo, afronta este nuevo reto de subir ese pelda\u00f1o que parece le [&hellip;]\" \/>\n<meta property=\"og:url\" content=\"https:\/\/cuadra-agrado.es\/?p=764\" \/>\n<meta property=\"og:site_name\" content=\"Cuadra Agrado\" \/>\n<meta property=\"article:published_time\" content=\"2014-02-03T15:09:21+00:00\" \/>\n<meta property=\"article:modified_time\" content=\"2024-02-27T09:22:35+00:00\" \/>\n<meta property=\"og:image\" content=\"http:\/\/s465126685.mialojamiento.es\/wp-content\/uploads\/2014\/01\/valiantToragua.png\" \/>\n<meta name=\"author\" content=\"Miguel Redondo\" \/>\n<meta name=\"twitter:card\" content=\"summary_large_image\" \/>\n<meta name=\"twitter:creator\" content=\"@AGRADOracing\" \/>\n<meta name=\"twitter:site\" content=\"@AGRADOracing\" \/>\n<meta name=\"twitter:label1\" content=\"Escrito por\" \/>\n\t<meta name=\"twitter:data1\" content=\"Miguel Redondo\" \/>\n\t<meta name=\"twitter:label2\" content=\"Tiempo de lectura\" \/>\n\t<meta name=\"twitter:data2\" content=\"1 minuto\" \/>\n<script type=\"application\/ld+json\" class=\"yoast-schema-graph\">{\"@context\":\"https:\\\/\\\/schema.org\",\"@graph\":[{\"@type\":\"Article\",\"@id\":\"https:\\\/\\\/cuadra-agrado.es\\\/?p=764#article\",\"isPartOf\":{\"@id\":\"https:\\\/\\\/cuadra-agrado.es\\\/?p=764\"},\"author\":{\"name\":\"Miguel Redondo\",\"@id\":\"https:\\\/\\\/cuadra-agrado.es\\\/#\\\/schema\\\/person\\\/3aa4f8d2373cf756d93a5526bc72f31b\"},\"headline\":\"Valiant Blue, matriculado para el GP de la milla sevillana\",\"datePublished\":\"2014-02-03T15:09:21+00:00\",\"dateModified\":\"2024-02-27T09:22:35+00:00\",\"mainEntityOfPage\":{\"@id\":\"https:\\\/\\\/cuadra-agrado.es\\\/?p=764\"},\"wordCount\":182,\"image\":{\"@id\":\"https:\\\/\\\/cuadra-agrado.es\\\/?p=764#primaryimage\"},\"thumbnailUrl\":\"http:\\\/\\\/s465126685.mialojamiento.es\\\/wp-content\\\/uploads\\\/2014\\\/01\\\/valiantToragua.png\",\"articleSection\":[\"Actualidad\"],\"inLanguage\":\"es\"},{\"@type\":\"WebPage\",\"@id\":\"https:\\\/\\\/cuadra-agrado.es\\\/?p=764\",\"url\":\"https:\\\/\\\/cuadra-agrado.es\\\/?p=764\",\"name\":\"Valiant Blue, matriculado para el GP de la milla sevillana - Cuadra Agrado\",\"isPartOf\":{\"@id\":\"https:\\\/\\\/cuadra-agrado.es\\\/#website\"},\"primaryImageOfPage\":{\"@id\":\"https:\\\/\\\/cuadra-agrado.es\\\/?p=764#primaryimage\"},\"image\":{\"@id\":\"https:\\\/\\\/cuadra-agrado.es\\\/?p=764#primaryimage\"},\"thumbnailUrl\":\"http:\\\/\\\/s465126685.mialojamiento.es\\\/wp-content\\\/uploads\\\/2014\\\/01\\\/valiantToragua.png\",\"datePublished\":\"2014-02-03T15:09:21+00:00\",\"dateModified\":\"2024-02-27T09:22:35+00:00\",\"author\":{\"@id\":\"https:\\\/\\\/cuadra-agrado.es\\\/#\\\/schema\\\/person\\\/3aa4f8d2373cf756d93a5526bc72f31b\"},\"breadcrumb\":{\"@id\":\"https:\\\/\\\/cuadra-agrado.es\\\/?p=764#breadcrumb\"},\"inLanguage\":\"es\",\"potentialAction\":[{\"@type\":\"ReadAction\",\"target\":[\"https:\\\/\\\/cuadra-agrado.es\\\/?p=764\"]}]},{\"@type\":\"ImageObject\",\"inLanguage\":\"es\",\"@id\":\"https:\\\/\\\/cuadra-agrado.es\\\/?p=764#primaryimage\",\"url\":\"http:\\\/\\\/s465126685.mialojamiento.es\\\/wp-content\\\/uploads\\\/2014\\\/01\\\/valiantToragua.png\",\"contentUrl\":\"http:\\\/\\\/s465126685.mialojamiento.es\\\/wp-content\\\/uploads\\\/2014\\\/01\\\/valiantToragua.png\"},{\"@type\":\"BreadcrumbList\",\"@id\":\"https:\\\/\\\/cuadra-agrado.es\\\/?p=764#breadcrumb\",\"itemListElement\":[{\"@type\":\"ListItem\",\"position\":1,\"name\":\"Portada\",\"item\":\"https:\\\/\\\/cuadra-agrado.es\\\/\"},{\"@type\":\"ListItem\",\"position\":2,\"name\":\"Valiant Blue, matriculado para el GP de la milla sevillana\"}]},{\"@type\":\"WebSite\",\"@id\":\"https:\\\/\\\/cuadra-agrado.es\\\/#website\",\"url\":\"https:\\\/\\\/cuadra-agrado.es\\\/\",\"name\":\"Cuadra Agrado\",\"description\":\"En el mundo del Turf desde 2008\",\"potentialAction\":[{\"@type\":\"SearchAction\",\"target\":{\"@type\":\"EntryPoint\",\"urlTemplate\":\"https:\\\/\\\/cuadra-agrado.es\\\/?s={search_term_string}\"},\"query-input\":{\"@type\":\"PropertyValueSpecification\",\"valueRequired\":true,\"valueName\":\"search_term_string\"}}],\"inLanguage\":\"es\"},{\"@type\":\"Person\",\"@id\":\"https:\\\/\\\/cuadra-agrado.es\\\/#\\\/schema\\\/person\\\/3aa4f8d2373cf756d93a5526bc72f31b\",\"name\":\"Miguel Redondo\",\"image\":{\"@type\":\"ImageObject\",\"inLanguage\":\"es\",\"@id\":\"https:\\\/\\\/secure.gravatar.com\\\/avatar\\\/85704fceb4fa34017e3c1344d182da00dbf772fb8856ba2b7726a2df926415b4?s=96&d=mm&r=g\",\"url\":\"https:\\\/\\\/secure.gravatar.com\\\/avatar\\\/85704fceb4fa34017e3c1344d182da00dbf772fb8856ba2b7726a2df926415b4?s=96&d=mm&r=g\",\"contentUrl\":\"https:\\\/\\\/secure.gravatar.com\\\/avatar\\\/85704fceb4fa34017e3c1344d182da00dbf772fb8856ba2b7726a2df926415b4?s=96&d=mm&r=g\",\"caption\":\"Miguel Redondo\"},\"sameAs\":[\"https:\\\/\\\/cuadra-agrado.es\"],\"url\":\"https:\\\/\\\/cuadra-agrado.es\\\/?author=5\"}]}<\/script>\n<!-- \/ Yoast SEO plugin. -->","yoast_head_json":{"title":"Valiant Blue, matriculado para el GP de la milla sevillana - Cuadra Agrado","robots":{"index":"index","follow":"follow","max-snippet":"max-snippet:-1","max-image-preview":"max-image-preview:large","max-video-preview":"max-video-preview:-1"},"canonical":"https:\/\/cuadra-agrado.es\/?p=764","og_locale":"es_ES","og_type":"article","og_title":"Valiant Blue, matriculado para el GP de la milla sevillana - Cuadra Agrado","og_description":"Nuestro caballo m\u00e1s en forma &#8216;Valiant Blue&#8217;, ha quedado hoy matriculado para el GP de la milla sevillana a disputar el pr\u00f3ximo d\u00eda 16 de Febrero en el Gran Hip\u00f3dromo de Sevilla. Ganador de la preparatoria hace dos semanas con un alivio de plomo, afronta este nuevo reto de subir ese pelda\u00f1o que parece le [&hellip;]","og_url":"https:\/\/cuadra-agrado.es\/?p=764","og_site_name":"Cuadra Agrado","article_published_time":"2014-02-03T15:09:21+00:00","article_modified_time":"2024-02-27T09:22:35+00:00","og_image":[{"url":"http:\/\/s465126685.mialojamiento.es\/wp-content\/uploads\/2014\/01\/valiantToragua.png","type":"","width":"","height":""}],"author":"Miguel Redondo","twitter_card":"summary_large_image","twitter_creator":"@AGRADOracing","twitter_site":"@AGRADOracing","twitter_misc":{"Escrito por":"Miguel Redondo","Tiempo de lectura":"1 minuto"},"schema":{"@context":"https:\/\/schema.org","@graph":[{"@type":"Article","@id":"https:\/\/cuadra-agrado.es\/?p=764#article","isPartOf":{"@id":"https:\/\/cuadra-agrado.es\/?p=764"},"author":{"name":"Miguel Redondo","@id":"https:\/\/cuadra-agrado.es\/#\/schema\/person\/3aa4f8d2373cf756d93a5526bc72f31b"},"headline":"Valiant Blue, matriculado para el GP de la milla sevillana","datePublished":"2014-02-03T15:09:21+00:00","dateModified":"2024-02-27T09:22:35+00:00","mainEntityOfPage":{"@id":"https:\/\/cuadra-agrado.es\/?p=764"},"wordCount":182,"image":{"@id":"https:\/\/cuadra-agrado.es\/?p=764#primaryimage"},"thumbnailUrl":"http:\/\/s465126685.mialojamiento.es\/wp-content\/uploads\/2014\/01\/valiantToragua.png","articleSection":["Actualidad"],"inLanguage":"es"},{"@type":"WebPage","@id":"https:\/\/cuadra-agrado.es\/?p=764","url":"https:\/\/cuadra-agrado.es\/?p=764","name":"Valiant Blue, matriculado para el GP de la milla sevillana - Cuadra Agrado","isPartOf":{"@id":"https:\/\/cuadra-agrado.es\/#website"},"primaryImageOfPage":{"@id":"https:\/\/cuadra-agrado.es\/?p=764#primaryimage"},"image":{"@id":"https:\/\/cuadra-agrado.es\/?p=764#primaryimage"},"thumbnailUrl":"http:\/\/s465126685.mialojamiento.es\/wp-content\/uploads\/2014\/01\/valiantToragua.png","datePublished":"2014-02-03T15:09:21+00:00","dateModified":"2024-02-27T09:22:35+00:00","author":{"@id":"https:\/\/cuadra-agrado.es\/#\/schema\/person\/3aa4f8d2373cf756d93a5526bc72f31b"},"breadcrumb":{"@id":"https:\/\/cuadra-agrado.es\/?p=764#breadcrumb"},"inLanguage":"es","potentialAction":[{"@type":"ReadAction","target":["https:\/\/cuadra-agrado.es\/?p=764"]}]},{"@type":"ImageObject","inLanguage":"es","@id":"https:\/\/cuadra-agrado.es\/?p=764#primaryimage","url":"http:\/\/s465126685.mialojamiento.es\/wp-content\/uploads\/2014\/01\/valiantToragua.png","contentUrl":"http:\/\/s465126685.mialojamiento.es\/wp-content\/uploads\/2014\/01\/valiantToragua.png"},{"@type":"BreadcrumbList","@id":"https:\/\/cuadra-agrado.es\/?p=764#breadcrumb","itemListElement":[{"@type":"ListItem","position":1,"name":"Portada","item":"https:\/\/cuadra-agrado.es\/"},{"@type":"ListItem","position":2,"name":"Valiant Blue, matriculado para el GP de la milla sevillana"}]},{"@type":"WebSite","@id":"https:\/\/cuadra-agrado.es\/#website","url":"https:\/\/cuadra-agrado.es\/","name":"Cuadra Agrado","description":"En el mundo del Turf desde 2008","potentialAction":[{"@type":"SearchAction","target":{"@type":"EntryPoint","urlTemplate":"https:\/\/cuadra-agrado.es\/?s={search_term_string}"},"query-input":{"@type":"PropertyValueSpecification","valueRequired":true,"valueName":"search_term_string"}}],"inLanguage":"es"},{"@type":"Person","@id":"https:\/\/cuadra-agrado.es\/#\/schema\/person\/3aa4f8d2373cf756d93a5526bc72f31b","name":"Miguel Redondo","image":{"@type":"ImageObject","inLanguage":"es","@id":"https:\/\/secure.gravatar.com\/avatar\/85704fceb4fa34017e3c1344d182da00dbf772fb8856ba2b7726a2df926415b4?s=96&d=mm&r=g","url":"https:\/\/secure.gravatar.com\/avatar\/85704fceb4fa34017e3c1344d182da00dbf772fb8856ba2b7726a2df926415b4?s=96&d=mm&r=g","contentUrl":"https:\/\/secure.gravatar.com\/avatar\/85704fceb4fa34017e3c1344d182da00dbf772fb8856ba2b7726a2df926415b4?s=96&d=mm&r=g","caption":"Miguel Redondo"},"sameAs":["https:\/\/cuadra-agrado.es"],"url":"https:\/\/cuadra-agrado.es\/?author=5"}]}},"_links":{"self":[{"href":"https:\/\/cuadra-agrado.es\/index.php?rest_route=\/wp\/v2\/posts\/764","targetHints":{"allow":["GET"]}}],"collection":[{"href":"https:\/\/cuadra-agrado.es\/index.php?rest_route=\/wp\/v2\/posts"}],"about":[{"href":"https:\/\/cuadra-agrado.es\/index.php?rest_route=\/wp\/v2\/types\/post"}],"author":[{"embeddable":true,"href":"https:\/\/cuadra-agrado.es\/index.php?rest_route=\/wp\/v2\/users\/5"}],"replies":[{"embeddable":true,"href":"https:\/\/cuadra-agrado.es\/index.php?rest_route=%2Fwp%2Fv2%2Fcomments&post=764"}],"version-history":[{"count":0,"href":"https:\/\/cuadra-agrado.es\/index.php?rest_route=\/wp\/v2\/posts\/764\/revisions"}],"wp:attachment":[{"href":"https:\/\/cuadra-agrado.es\/index.php?rest_route=%2Fwp%2Fv2%2Fmedia&parent=764"}],"wp:term":[{"taxonomy":"category","embeddable":true,"href":"https:\/\/cuadra-agrado.es\/index.php?rest_route=%2Fwp%2Fv2%2Fcategories&post=764"},{"taxonomy":"post_tag","embeddable":true,"href":"https:\/\/cuadra-agrado.es\/index.php?rest_route=%2Fwp%2Fv2%2Ftags&post=764"}],"curies":[{"name":"wp","href":"https:\/\/api.w.org\/{rel}","templated":true}]}}