{"id":745,"date":"2012-10-21T20:31:19","date_gmt":"2012-10-21T19:31:19","guid":{"rendered":"http:\/\/s465126685.mialojamiento.es\/?p=745"},"modified":"2024-02-27T09:22:50","modified_gmt":"2024-02-27T09:22:50","slug":"ranyan-rompe-su-racha-en-el-memorial","status":"publish","type":"post","link":"https:\/\/cuadra-agrado.es\/?p=745","title":{"rendered":"Rany\u00e1n rompe su racha en el Memorial"},"content":{"rendered":"<p style=\"text-align: justify;\"><a href=\"http:\/\/s465126685.mialojamiento.es\/wp-content\/uploads\/2013\/05\/fondo_caballo.jpg\"><img loading=\"lazy\" decoding=\"async\" class=\" wp-image-480 alignright\" alt=\"fondo_caballo.jpg\" src=\"http:\/\/s465126685.mialojamiento.es\/wp-content\/uploads\/2013\/05\/fondo_caballo.jpg\" width=\"280\" height=\"220\" \/><\/a>No pudo ser esta vez, y &#8216;Rany\u00e1n&#8217; no cumpli\u00f3 las expectativas que hab\u00eda generado en este maravilloso a\u00f1o. Hab\u00eda que ver su techo, y saber hasta donde pod\u00eda llegar, pero nos quedamos con menos dudas de si nuestro potro est\u00e1 a la altura de los grandes. Al menos con su edad, creemos que no va a poder ser. Esperaremos a cuatro a\u00f1os para ver si su progresi\u00f3n sigue en orden ascendente, y podemos luchar la pr\u00f3xima temporada.<\/p>\n<p style=\"text-align: justify;\">Hace apenas 6 meses desde su debut, y cinco victorias, dos preparatorias a Gp\u00b4s, y una participaci\u00f3n en un &#8216;Gran Premio&#8217; creemos que merece el m\u00e1ximo de los respetos para confiar y tenerle en cuenta de cara al pr\u00f3ximo a\u00f1o.<\/p>\n<p style=\"text-align: justify;\">La carrera fue quiz\u00e1s demasiado r\u00e1pida para nuestro potro, y la monta que tra\u00edamos tambi\u00e9n fue un handicap en contra, primera vez corriendo en Madrid, con un ritmo totalmente diferente que en Francia y sin conocer en absoluto al caballo. En cualquier caso, no debemos caer en lo f\u00e1cil de responsabilizar a la monta, debemos ser se\u00f1ores, y agradecer a Jerome Claudic por desplazarse hasta Madrid para montar un caballo que a\u00fan tiene que demostrar mucho m\u00e1s, si quiere estar con los grandes.<\/p>\n<p style=\"text-align: justify;\">Por poner alg\u00fan pero a Jerome, quiz\u00e1s ten\u00eda que haber seguido la estela de &#8216;Entre Copas&#8217; hasta la recta final, y no encerrarse al inicio de la curva donde perdi\u00f3 gran parte de sus opciones entrando ya en recta muy retrasado, pero estas cosas son complicadas en vivo, y f\u00e1ciles de ver en video despu\u00e9s.<\/p>\n<p style=\"text-align: justify;\">A 500 metros, ya desembocando en la recta final, la posici\u00f3n no era la id\u00f3nea, m\u00e1s si cabe cuando es un caballo que le gusta ver pista, y que suple con coraz\u00f3n lo que le falta de fuerza, y eso le hizo verse demasiado encerrado a derecha, izquierda, y delante, sin espacio para que le saliera el &#8216;gran coraz\u00f3n&#8217; que tiene.<\/p>\n<p style=\"text-align: justify;\">En definitiva, no pudo ser, y no salio la carrera, ni en ritmo, ni en terreno, que dese\u00e1bamos m\u00e1s pesado, ni en la gesti\u00f3n de la misma. Habr\u00e1 que esperar a la temporada pr\u00f3xima para ver de nuevo otro de nuestros caballos en otro Gran Premio. Por nuestra parte, felices y muy orgullosos de lo que hemos hecho en este 2012, disputar dos &#8216;Grandes Premios&#8217;, Hispanidad y Memorial en apenas una semana no es f\u00e1cil, y eramos conscientes de lo dif\u00edcil que era poder estar luchando contra los grandes.<\/p>\n<p style=\"text-align: justify;\">Lo mejor que hemos extra\u00eddo de estas dos grandes citas, m\u00e1s un &#8216;Gobierno Vasco&#8217; en verano, ha sido la experiencia, la ilusi\u00f3n de c\u00f3mo se vive como protagonistas, y sobre todo el aprendizaje para encajar golpes de desilusi\u00f3n como el del d\u00eda de hoy. Esperemos que nos sirva para el futuro, y que sigamos con la misma ilusi\u00f3n.<\/p>\n<p style=\"text-align: justify;\">En cuanto a la carrera, dar nuestra m\u00e1s sincera enhorabuena a &#8216;Casaca&#8217; y por ende a la &#8216;Cuadra Africa&#8217;, que sin contar para nada en los pron\u00f3sticos, ha sabido gestionar la carrera en \u00faltima posici\u00f3n durante buena parte de la misma, y rematar con un largo e increible sprint en los \u00faltimos 200 metros robando la carrera a &#8216;Pazifiksturm&#8217; en el \u00faltimo suspiro.<\/p>\n<p style=\"text-align: justify;\">Nuestra enhorabuena tambi\u00e9n a &#8216;Pazific&#8217; que no ha fallado tampoco hoy, y un segundo lugar es m\u00e1s que suficiente como para confirmarle como mejor caballo de medio fondo en este 2012.<\/p>\n<!-- AddThis Advanced Settings generic via filter on the_content --><!-- AddThis Share Buttons generic via filter on the_content -->","protected":false},"excerpt":{"rendered":"<p>No pudo ser esta vez, y &#8216;Rany\u00e1n&#8217; no cumpli\u00f3 las expectativas que hab\u00eda generado en este maravilloso a\u00f1o. Hab\u00eda que ver su techo, y saber hasta donde pod\u00eda llegar, pero nos quedamos con menos dudas de si nuestro potro est\u00e1 a la altura de los grandes. Al menos con su edad, creemos que no va [&hellip;]<!-- AddThis Advanced Settings generic via filter on get_the_excerpt --><!-- AddThis Share Buttons generic via filter on get_the_excerpt --><\/p>\n","protected":false},"author":5,"featured_media":0,"comment_status":"closed","ping_status":"closed","sticky":false,"template":"","format":"gallery","meta":{"_acf_changed":false,"_et_pb_use_builder":"","_et_pb_old_content":"","_et_gb_content_width":"","footnotes":""},"categories":[3],"tags":[],"class_list":["post-745","post","type-post","status-publish","format-gallery","hentry","category-noticias-cuadra-agrado","post_format-post-format-gallery"],"acf":[],"yoast_head":"<!-- This site is optimized with the Yoast SEO plugin v27.4 - https:\/\/yoast.com\/product\/yoast-seo-wordpress\/ -->\n<title>Rany\u00e1n rompe su racha en el Memorial - Cuadra Agrado<\/title>\n<meta name=\"robots\" content=\"index, follow, max-snippet:-1, max-image-preview:large, max-video-preview:-1\" \/>\n<link rel=\"canonical\" href=\"https:\/\/cuadra-agrado.es\/?p=745\" \/>\n<meta property=\"og:locale\" content=\"es_ES\" \/>\n<meta property=\"og:type\" content=\"article\" \/>\n<meta property=\"og:title\" content=\"Rany\u00e1n rompe su racha en el Memorial - Cuadra Agrado\" \/>\n<meta property=\"og:description\" content=\"No pudo ser esta vez, y &#8216;Rany\u00e1n&#8217; no cumpli\u00f3 las expectativas que hab\u00eda generado en este maravilloso a\u00f1o. Hab\u00eda que ver su techo, y saber hasta donde pod\u00eda llegar, pero nos quedamos con menos dudas de si nuestro potro est\u00e1 a la altura de los grandes. Al menos con su edad, creemos que no va [&hellip;]\" \/>\n<meta property=\"og:url\" content=\"https:\/\/cuadra-agrado.es\/?p=745\" \/>\n<meta property=\"og:site_name\" content=\"Cuadra Agrado\" \/>\n<meta property=\"article:published_time\" content=\"2012-10-21T19:31:19+00:00\" \/>\n<meta property=\"article:modified_time\" content=\"2024-02-27T09:22:50+00:00\" \/>\n<meta property=\"og:image\" content=\"http:\/\/s465126685.mialojamiento.es\/wp-content\/uploads\/2013\/05\/fondo_caballo.jpg\" \/>\n<meta name=\"author\" content=\"Miguel Redondo\" \/>\n<meta name=\"twitter:card\" content=\"summary_large_image\" \/>\n<meta name=\"twitter:creator\" content=\"@AGRADOracing\" \/>\n<meta name=\"twitter:site\" content=\"@AGRADOracing\" \/>\n<meta name=\"twitter:label1\" content=\"Escrito por\" \/>\n\t<meta name=\"twitter:data1\" content=\"Miguel Redondo\" \/>\n\t<meta name=\"twitter:label2\" content=\"Tiempo de lectura\" \/>\n\t<meta name=\"twitter:data2\" content=\"3 minutos\" \/>\n<script type=\"application\/ld+json\" class=\"yoast-schema-graph\">{\"@context\":\"https:\\\/\\\/schema.org\",\"@graph\":[{\"@type\":\"Article\",\"@id\":\"https:\\\/\\\/cuadra-agrado.es\\\/?p=745#article\",\"isPartOf\":{\"@id\":\"https:\\\/\\\/cuadra-agrado.es\\\/?p=745\"},\"author\":{\"name\":\"Miguel Redondo\",\"@id\":\"https:\\\/\\\/cuadra-agrado.es\\\/#\\\/schema\\\/person\\\/3aa4f8d2373cf756d93a5526bc72f31b\"},\"headline\":\"Rany\u00e1n rompe su racha en el Memorial\",\"datePublished\":\"2012-10-21T19:31:19+00:00\",\"dateModified\":\"2024-02-27T09:22:50+00:00\",\"mainEntityOfPage\":{\"@id\":\"https:\\\/\\\/cuadra-agrado.es\\\/?p=745\"},\"wordCount\":609,\"image\":{\"@id\":\"https:\\\/\\\/cuadra-agrado.es\\\/?p=745#primaryimage\"},\"thumbnailUrl\":\"http:\\\/\\\/s465126685.mialojamiento.es\\\/wp-content\\\/uploads\\\/2013\\\/05\\\/fondo_caballo.jpg\",\"articleSection\":[\"Actualidad\"],\"inLanguage\":\"es\"},{\"@type\":\"WebPage\",\"@id\":\"https:\\\/\\\/cuadra-agrado.es\\\/?p=745\",\"url\":\"https:\\\/\\\/cuadra-agrado.es\\\/?p=745\",\"name\":\"Rany\u00e1n rompe su racha en el Memorial - Cuadra Agrado\",\"isPartOf\":{\"@id\":\"https:\\\/\\\/cuadra-agrado.es\\\/#website\"},\"primaryImageOfPage\":{\"@id\":\"https:\\\/\\\/cuadra-agrado.es\\\/?p=745#primaryimage\"},\"image\":{\"@id\":\"https:\\\/\\\/cuadra-agrado.es\\\/?p=745#primaryimage\"},\"thumbnailUrl\":\"http:\\\/\\\/s465126685.mialojamiento.es\\\/wp-content\\\/uploads\\\/2013\\\/05\\\/fondo_caballo.jpg\",\"datePublished\":\"2012-10-21T19:31:19+00:00\",\"dateModified\":\"2024-02-27T09:22:50+00:00\",\"author\":{\"@id\":\"https:\\\/\\\/cuadra-agrado.es\\\/#\\\/schema\\\/person\\\/3aa4f8d2373cf756d93a5526bc72f31b\"},\"breadcrumb\":{\"@id\":\"https:\\\/\\\/cuadra-agrado.es\\\/?p=745#breadcrumb\"},\"inLanguage\":\"es\",\"potentialAction\":[{\"@type\":\"ReadAction\",\"target\":[\"https:\\\/\\\/cuadra-agrado.es\\\/?p=745\"]}]},{\"@type\":\"ImageObject\",\"inLanguage\":\"es\",\"@id\":\"https:\\\/\\\/cuadra-agrado.es\\\/?p=745#primaryimage\",\"url\":\"http:\\\/\\\/s465126685.mialojamiento.es\\\/wp-content\\\/uploads\\\/2013\\\/05\\\/fondo_caballo.jpg\",\"contentUrl\":\"http:\\\/\\\/s465126685.mialojamiento.es\\\/wp-content\\\/uploads\\\/2013\\\/05\\\/fondo_caballo.jpg\"},{\"@type\":\"BreadcrumbList\",\"@id\":\"https:\\\/\\\/cuadra-agrado.es\\\/?p=745#breadcrumb\",\"itemListElement\":[{\"@type\":\"ListItem\",\"position\":1,\"name\":\"Portada\",\"item\":\"https:\\\/\\\/cuadra-agrado.es\\\/\"},{\"@type\":\"ListItem\",\"position\":2,\"name\":\"Rany\u00e1n rompe su racha en el Memorial\"}]},{\"@type\":\"WebSite\",\"@id\":\"https:\\\/\\\/cuadra-agrado.es\\\/#website\",\"url\":\"https:\\\/\\\/cuadra-agrado.es\\\/\",\"name\":\"Cuadra Agrado\",\"description\":\"En el mundo del Turf desde 2008\",\"potentialAction\":[{\"@type\":\"SearchAction\",\"target\":{\"@type\":\"EntryPoint\",\"urlTemplate\":\"https:\\\/\\\/cuadra-agrado.es\\\/?s={search_term_string}\"},\"query-input\":{\"@type\":\"PropertyValueSpecification\",\"valueRequired\":true,\"valueName\":\"search_term_string\"}}],\"inLanguage\":\"es\"},{\"@type\":\"Person\",\"@id\":\"https:\\\/\\\/cuadra-agrado.es\\\/#\\\/schema\\\/person\\\/3aa4f8d2373cf756d93a5526bc72f31b\",\"name\":\"Miguel Redondo\",\"image\":{\"@type\":\"ImageObject\",\"inLanguage\":\"es\",\"@id\":\"https:\\\/\\\/secure.gravatar.com\\\/avatar\\\/85704fceb4fa34017e3c1344d182da00dbf772fb8856ba2b7726a2df926415b4?s=96&d=mm&r=g\",\"url\":\"https:\\\/\\\/secure.gravatar.com\\\/avatar\\\/85704fceb4fa34017e3c1344d182da00dbf772fb8856ba2b7726a2df926415b4?s=96&d=mm&r=g\",\"contentUrl\":\"https:\\\/\\\/secure.gravatar.com\\\/avatar\\\/85704fceb4fa34017e3c1344d182da00dbf772fb8856ba2b7726a2df926415b4?s=96&d=mm&r=g\",\"caption\":\"Miguel Redondo\"},\"sameAs\":[\"https:\\\/\\\/cuadra-agrado.es\"],\"url\":\"https:\\\/\\\/cuadra-agrado.es\\\/?author=5\"}]}<\/script>\n<!-- \/ Yoast SEO plugin. -->","yoast_head_json":{"title":"Rany\u00e1n rompe su racha en el Memorial - Cuadra Agrado","robots":{"index":"index","follow":"follow","max-snippet":"max-snippet:-1","max-image-preview":"max-image-preview:large","max-video-preview":"max-video-preview:-1"},"canonical":"https:\/\/cuadra-agrado.es\/?p=745","og_locale":"es_ES","og_type":"article","og_title":"Rany\u00e1n rompe su racha en el Memorial - Cuadra Agrado","og_description":"No pudo ser esta vez, y &#8216;Rany\u00e1n&#8217; no cumpli\u00f3 las expectativas que hab\u00eda generado en este maravilloso a\u00f1o. Hab\u00eda que ver su techo, y saber hasta donde pod\u00eda llegar, pero nos quedamos con menos dudas de si nuestro potro est\u00e1 a la altura de los grandes. Al menos con su edad, creemos que no va [&hellip;]","og_url":"https:\/\/cuadra-agrado.es\/?p=745","og_site_name":"Cuadra Agrado","article_published_time":"2012-10-21T19:31:19+00:00","article_modified_time":"2024-02-27T09:22:50+00:00","og_image":[{"url":"http:\/\/s465126685.mialojamiento.es\/wp-content\/uploads\/2013\/05\/fondo_caballo.jpg","type":"","width":"","height":""}],"author":"Miguel Redondo","twitter_card":"summary_large_image","twitter_creator":"@AGRADOracing","twitter_site":"@AGRADOracing","twitter_misc":{"Escrito por":"Miguel Redondo","Tiempo de lectura":"3 minutos"},"schema":{"@context":"https:\/\/schema.org","@graph":[{"@type":"Article","@id":"https:\/\/cuadra-agrado.es\/?p=745#article","isPartOf":{"@id":"https:\/\/cuadra-agrado.es\/?p=745"},"author":{"name":"Miguel Redondo","@id":"https:\/\/cuadra-agrado.es\/#\/schema\/person\/3aa4f8d2373cf756d93a5526bc72f31b"},"headline":"Rany\u00e1n rompe su racha en el Memorial","datePublished":"2012-10-21T19:31:19+00:00","dateModified":"2024-02-27T09:22:50+00:00","mainEntityOfPage":{"@id":"https:\/\/cuadra-agrado.es\/?p=745"},"wordCount":609,"image":{"@id":"https:\/\/cuadra-agrado.es\/?p=745#primaryimage"},"thumbnailUrl":"http:\/\/s465126685.mialojamiento.es\/wp-content\/uploads\/2013\/05\/fondo_caballo.jpg","articleSection":["Actualidad"],"inLanguage":"es"},{"@type":"WebPage","@id":"https:\/\/cuadra-agrado.es\/?p=745","url":"https:\/\/cuadra-agrado.es\/?p=745","name":"Rany\u00e1n rompe su racha en el Memorial - Cuadra Agrado","isPartOf":{"@id":"https:\/\/cuadra-agrado.es\/#website"},"primaryImageOfPage":{"@id":"https:\/\/cuadra-agrado.es\/?p=745#primaryimage"},"image":{"@id":"https:\/\/cuadra-agrado.es\/?p=745#primaryimage"},"thumbnailUrl":"http:\/\/s465126685.mialojamiento.es\/wp-content\/uploads\/2013\/05\/fondo_caballo.jpg","datePublished":"2012-10-21T19:31:19+00:00","dateModified":"2024-02-27T09:22:50+00:00","author":{"@id":"https:\/\/cuadra-agrado.es\/#\/schema\/person\/3aa4f8d2373cf756d93a5526bc72f31b"},"breadcrumb":{"@id":"https:\/\/cuadra-agrado.es\/?p=745#breadcrumb"},"inLanguage":"es","potentialAction":[{"@type":"ReadAction","target":["https:\/\/cuadra-agrado.es\/?p=745"]}]},{"@type":"ImageObject","inLanguage":"es","@id":"https:\/\/cuadra-agrado.es\/?p=745#primaryimage","url":"http:\/\/s465126685.mialojamiento.es\/wp-content\/uploads\/2013\/05\/fondo_caballo.jpg","contentUrl":"http:\/\/s465126685.mialojamiento.es\/wp-content\/uploads\/2013\/05\/fondo_caballo.jpg"},{"@type":"BreadcrumbList","@id":"https:\/\/cuadra-agrado.es\/?p=745#breadcrumb","itemListElement":[{"@type":"ListItem","position":1,"name":"Portada","item":"https:\/\/cuadra-agrado.es\/"},{"@type":"ListItem","position":2,"name":"Rany\u00e1n rompe su racha en el Memorial"}]},{"@type":"WebSite","@id":"https:\/\/cuadra-agrado.es\/#website","url":"https:\/\/cuadra-agrado.es\/","name":"Cuadra Agrado","description":"En el mundo del Turf desde 2008","potentialAction":[{"@type":"SearchAction","target":{"@type":"EntryPoint","urlTemplate":"https:\/\/cuadra-agrado.es\/?s={search_term_string}"},"query-input":{"@type":"PropertyValueSpecification","valueRequired":true,"valueName":"search_term_string"}}],"inLanguage":"es"},{"@type":"Person","@id":"https:\/\/cuadra-agrado.es\/#\/schema\/person\/3aa4f8d2373cf756d93a5526bc72f31b","name":"Miguel Redondo","image":{"@type":"ImageObject","inLanguage":"es","@id":"https:\/\/secure.gravatar.com\/avatar\/85704fceb4fa34017e3c1344d182da00dbf772fb8856ba2b7726a2df926415b4?s=96&d=mm&r=g","url":"https:\/\/secure.gravatar.com\/avatar\/85704fceb4fa34017e3c1344d182da00dbf772fb8856ba2b7726a2df926415b4?s=96&d=mm&r=g","contentUrl":"https:\/\/secure.gravatar.com\/avatar\/85704fceb4fa34017e3c1344d182da00dbf772fb8856ba2b7726a2df926415b4?s=96&d=mm&r=g","caption":"Miguel Redondo"},"sameAs":["https:\/\/cuadra-agrado.es"],"url":"https:\/\/cuadra-agrado.es\/?author=5"}]}},"_links":{"self":[{"href":"https:\/\/cuadra-agrado.es\/index.php?rest_route=\/wp\/v2\/posts\/745","targetHints":{"allow":["GET"]}}],"collection":[{"href":"https:\/\/cuadra-agrado.es\/index.php?rest_route=\/wp\/v2\/posts"}],"about":[{"href":"https:\/\/cuadra-agrado.es\/index.php?rest_route=\/wp\/v2\/types\/post"}],"author":[{"embeddable":true,"href":"https:\/\/cuadra-agrado.es\/index.php?rest_route=\/wp\/v2\/users\/5"}],"replies":[{"embeddable":true,"href":"https:\/\/cuadra-agrado.es\/index.php?rest_route=%2Fwp%2Fv2%2Fcomments&post=745"}],"version-history":[{"count":0,"href":"https:\/\/cuadra-agrado.es\/index.php?rest_route=\/wp\/v2\/posts\/745\/revisions"}],"wp:attachment":[{"href":"https:\/\/cuadra-agrado.es\/index.php?rest_route=%2Fwp%2Fv2%2Fmedia&parent=745"}],"wp:term":[{"taxonomy":"category","embeddable":true,"href":"https:\/\/cuadra-agrado.es\/index.php?rest_route=%2Fwp%2Fv2%2Fcategories&post=745"},{"taxonomy":"post_tag","embeddable":true,"href":"https:\/\/cuadra-agrado.es\/index.php?rest_route=%2Fwp%2Fv2%2Ftags&post=745"}],"curies":[{"name":"wp","href":"https:\/\/api.w.org\/{rel}","templated":true}]}}