{"id":7306,"date":"2021-06-08T11:40:11","date_gmt":"2021-06-08T11:40:11","guid":{"rendered":"https:\/\/cuadra-agrado.es\/?p=7306"},"modified":"2024-02-27T09:14:55","modified_gmt":"2024-02-27T09:14:55","slug":"barbarigo-buscara-su-novena-victoria-en-un-reclamar-de-nivel","status":"publish","type":"post","link":"https:\/\/cuadra-agrado.es\/?p=7306","title":{"rendered":"Barbarigo buscar\u00e1 su novena victoria en un reclamar de nivel."},"content":{"rendered":"<p style=\"text-align: justify;\">Segundo s\u00e1bado vespertino en el Hip\u00f3dromo de la Zarzuela de Madrid donde viviremos de nuevo otra bonita jornada casi estival de siete carreras, entre las que destaca la que protagonizar\u00e1n los mejores sprinters de nuestro pa\u00eds citados a disputar el <em>Gran Premio Urquijo<\/em>.<\/p>\n<p style=\"text-align: justify;\">Jornada en la que participaremos en el atractivo reclamar de valor sobre la distancia de 1.400 metros con el viejo \u201c<strong>Barbarigo<\/strong>\u201d en la tercera carrera de la jornada. Ya recuperado de sus problemas de salud que le hicieron demasiada mella en su anterior salida por una infecci\u00f3n respiratoria, vuelve a pista esta vez con muchas mejores opciones de poder pasar nuevamente por ganadores. Ya desde comienzos de a\u00f1o anticip\u00e1bamos que su despedida de competici\u00f3n est\u00e1 cercana. Son muchos los problemas de salud que este gladiador ha acumulado en su larga trayectoria deportiva y nuestros objetivos con \u00e9l se centran ahora en intentar seguir sumando en su historial y, si es posible, despedirnos con la novena victoria que se merece despu\u00e9s de un largo camino que comenzara con nosotros desde su temprana edad de dos a\u00f1os.<\/p>\n<p style=\"text-align: justify;\">La prueba de venta, con la que partir\u00e1 con un peso c\u00f3modo a reclamar en 11.000 euros es una de esas bonitas pruebas de nivel que ech\u00e1bamos en falta en nuestro programa, y que ha conseguido reunir a un buen ramillete de buenos caballos que, seguro buscar\u00e1n su oportunidad para buscar una victoria con una decente dotaci\u00f3n econ\u00f3mica de 7.000 euros al ganador. El partant definitivo ofrece una bonita carrera con un nivel medio de valor de 35,5. \u201c<strong>Barbarigo<\/strong>\u201d se encuentra en buenas condiciones para cubrir esa distancia id\u00f3nea, ha tenido tiempo para recuperarse de su problema respiratorio y, esos trabajos que le faltaban en su anterior, ya los lleva en el cuerpo. Debemos aprovechar este momento porque, despu\u00e9s de esta, toca otro obligado descanso para tratar de salir nuevamente con opciones en oto\u00f1o y cumplir definitivamente con su ciclo en competici\u00f3n. Siempre es un riesgo por parte del propietario salir en este tipo de pruebas de venta por el peligro que existe ante una posible compra, pero en el caso de \u201c<strong>Barbarigo<\/strong>\u201d, es un caballo m\u00e1s que amortizado, con muchas y duras batallas vividas en el pasado que le est\u00e1n pasando ahora la obligada factura y, lamentablemente pocas batallas ya de futuro, por lo que no creemos que, ya cercano a los ocho a\u00f1os, alg\u00fan interesado pueda cubrir dicho precio de venta que, por otro lado, ser\u00e1 dif\u00edcil amortizar en el tiempo que le queda.<\/p>\n<p style=\"text-align: justify;\">Ocho ser\u00e1n finalmente los participantes a esta atractiva prueba donde partimos con una buena opci\u00f3n en la misma l\u00ednea de \u201c<strong>Iron<\/strong> <strong>Duke<\/strong>\u201d y \u201c<strong>Virrey<\/strong>\u201d como principales rivales en pista. Por tablas, el pensionista de Anaya es el mejor situado en la prueba, aun cargando suplemento de peso en su montura. Caballo con valor 39 que fall\u00f3 en su intento en l\u00ednea recta y que le vemos con muchas m\u00e1s opciones en este lote y en este metraje a medio camino hacia la milla. En el bombo de los favoritos \u201c<strong>Virrey<\/strong>\u201d cuenta tambi\u00e9n con un fant\u00e1stico valor de 39,5. Tuvo un espectacular 2019 aprovech\u00e1ndose de una escala ligera en h\u00e1ndicap y que le dio moral para repetir en 2020 con otras tres buenas victorias que le llevaron alto en su valor. Este a\u00f1o comenz\u00f3 con un buen tercero en el Chamart\u00edn, pero sus dos \u00faltimas tambi\u00e9n en lotes de entidad no estuvo a la altura exigida. Baja a una categor\u00eda inferior y, a\u00fan con ese recargo de tres kilos, le vemos en el bombo de ganadores.<\/p>\n<p style=\"text-align: justify;\">Confiamos la monta al <em>jockey Ra\u00fal Ramos<\/em>, como jockey m\u00e1s en forma, y reciente ganador del \u201cDerby 2021\u201d. Posiblemente el Jockey con m\u00e1s confianza en estos momentos que, tras pasar por un calvario en sus anteriores temporadas, ha sabido aprovechar sus oportunidades para vivir en la actualidad el momento m\u00e1s dulce de toda su carrera deportiva basado en trabajo y perseverancia. Trece son las victorias que lleva en este 2021, que casi triplica en solo medio a\u00f1o las conseguidas conjuntamente en 2019 y 2020. Si hay un jockey en racha, en forma y pleno de confianza en este momento, ese es el que conducir\u00e1 a \u201c<strong>Barbarigo<\/strong>\u201d para intentar el asalto a su novena victoria.<\/p>\n<p style=\"text-align: justify;\">Mucha suerte equipo!!!<\/p>\n<!-- AddThis Advanced Settings generic via filter on the_content --><!-- AddThis Share Buttons generic via filter on the_content -->","protected":false},"excerpt":{"rendered":"<p>Segundo s\u00e1bado vespertino en el Hip\u00f3dromo de la Zarzuela de Madrid donde viviremos de nuevo otra bonita jornada casi estival de siete carreras, entre las que destaca la que protagonizar\u00e1n los mejores sprinters de nuestro pa\u00eds citados a disputar el Gran Premio Urquijo. Jornada en la que participaremos en el atractivo reclamar de valor sobre [&hellip;]<!-- AddThis Advanced Settings generic via filter on get_the_excerpt --><!-- AddThis Share Buttons generic via filter on get_the_excerpt --><\/p>\n","protected":false},"author":5,"featured_media":7195,"comment_status":"closed","ping_status":"open","sticky":false,"template":"","format":"standard","meta":{"_acf_changed":false,"_et_pb_use_builder":"","_et_pb_old_content":"","_et_gb_content_width":"","footnotes":""},"categories":[3],"tags":[],"class_list":["post-7306","post","type-post","status-publish","format-standard","has-post-thumbnail","hentry","category-noticias-cuadra-agrado"],"acf":[],"yoast_head":"<!-- This site is optimized with the Yoast SEO plugin v27.4 - https:\/\/yoast.com\/product\/yoast-seo-wordpress\/ -->\n<title>Barbarigo buscar\u00e1 su novena victoria en un reclamar de nivel. - Cuadra Agrado<\/title>\n<meta name=\"robots\" content=\"index, follow, max-snippet:-1, max-image-preview:large, max-video-preview:-1\" \/>\n<link rel=\"canonical\" href=\"https:\/\/cuadra-agrado.es\/?p=7306\" \/>\n<meta property=\"og:locale\" content=\"es_ES\" \/>\n<meta property=\"og:type\" content=\"article\" \/>\n<meta property=\"og:title\" content=\"Barbarigo buscar\u00e1 su novena victoria en un reclamar de nivel. - Cuadra Agrado\" \/>\n<meta property=\"og:description\" content=\"Segundo s\u00e1bado vespertino en el Hip\u00f3dromo de la Zarzuela de Madrid donde viviremos de nuevo otra bonita jornada casi estival de siete carreras, entre las que destaca la que protagonizar\u00e1n los mejores sprinters de nuestro pa\u00eds citados a disputar el Gran Premio Urquijo. Jornada en la que participaremos en el atractivo reclamar de valor sobre [&hellip;]\" \/>\n<meta property=\"og:url\" content=\"https:\/\/cuadra-agrado.es\/?p=7306\" \/>\n<meta property=\"og:site_name\" content=\"Cuadra Agrado\" \/>\n<meta property=\"article:published_time\" content=\"2021-06-08T11:40:11+00:00\" \/>\n<meta property=\"article:modified_time\" content=\"2024-02-27T09:14:55+00:00\" \/>\n<meta property=\"og:image\" content=\"https:\/\/cuadra-agrado.es\/wp-content\/uploads\/2021\/03\/Barbarigo-Nouvel-An-1.jpg\" \/>\n\t<meta property=\"og:image:width\" content=\"917\" \/>\n\t<meta property=\"og:image:height\" content=\"953\" \/>\n\t<meta property=\"og:image:type\" content=\"image\/jpeg\" \/>\n<meta name=\"author\" content=\"Miguel Redondo\" \/>\n<meta name=\"twitter:card\" content=\"summary_large_image\" \/>\n<meta name=\"twitter:creator\" content=\"@AGRADOracing\" \/>\n<meta name=\"twitter:site\" content=\"@AGRADOracing\" \/>\n<meta name=\"twitter:label1\" content=\"Escrito por\" \/>\n\t<meta name=\"twitter:data1\" content=\"Miguel Redondo\" \/>\n\t<meta name=\"twitter:label2\" content=\"Tiempo de lectura\" \/>\n\t<meta name=\"twitter:data2\" content=\"4 minutos\" \/>\n<script type=\"application\/ld+json\" class=\"yoast-schema-graph\">{\"@context\":\"https:\\\/\\\/schema.org\",\"@graph\":[{\"@type\":\"Article\",\"@id\":\"https:\\\/\\\/cuadra-agrado.es\\\/?p=7306#article\",\"isPartOf\":{\"@id\":\"https:\\\/\\\/cuadra-agrado.es\\\/?p=7306\"},\"author\":{\"name\":\"Miguel Redondo\",\"@id\":\"https:\\\/\\\/cuadra-agrado.es\\\/#\\\/schema\\\/person\\\/3aa4f8d2373cf756d93a5526bc72f31b\"},\"headline\":\"Barbarigo buscar\u00e1 su novena victoria en un reclamar de nivel.\",\"datePublished\":\"2021-06-08T11:40:11+00:00\",\"dateModified\":\"2024-02-27T09:14:55+00:00\",\"mainEntityOfPage\":{\"@id\":\"https:\\\/\\\/cuadra-agrado.es\\\/?p=7306\"},\"wordCount\":747,\"image\":{\"@id\":\"https:\\\/\\\/cuadra-agrado.es\\\/?p=7306#primaryimage\"},\"thumbnailUrl\":\"https:\\\/\\\/cuadra-agrado.es\\\/wp-content\\\/uploads\\\/2021\\\/03\\\/Barbarigo-Nouvel-An-1.jpg\",\"articleSection\":[\"Actualidad\"],\"inLanguage\":\"es\"},{\"@type\":\"WebPage\",\"@id\":\"https:\\\/\\\/cuadra-agrado.es\\\/?p=7306\",\"url\":\"https:\\\/\\\/cuadra-agrado.es\\\/?p=7306\",\"name\":\"Barbarigo buscar\u00e1 su novena victoria en un reclamar de nivel. - Cuadra Agrado\",\"isPartOf\":{\"@id\":\"https:\\\/\\\/cuadra-agrado.es\\\/#website\"},\"primaryImageOfPage\":{\"@id\":\"https:\\\/\\\/cuadra-agrado.es\\\/?p=7306#primaryimage\"},\"image\":{\"@id\":\"https:\\\/\\\/cuadra-agrado.es\\\/?p=7306#primaryimage\"},\"thumbnailUrl\":\"https:\\\/\\\/cuadra-agrado.es\\\/wp-content\\\/uploads\\\/2021\\\/03\\\/Barbarigo-Nouvel-An-1.jpg\",\"datePublished\":\"2021-06-08T11:40:11+00:00\",\"dateModified\":\"2024-02-27T09:14:55+00:00\",\"author\":{\"@id\":\"https:\\\/\\\/cuadra-agrado.es\\\/#\\\/schema\\\/person\\\/3aa4f8d2373cf756d93a5526bc72f31b\"},\"breadcrumb\":{\"@id\":\"https:\\\/\\\/cuadra-agrado.es\\\/?p=7306#breadcrumb\"},\"inLanguage\":\"es\",\"potentialAction\":[{\"@type\":\"ReadAction\",\"target\":[\"https:\\\/\\\/cuadra-agrado.es\\\/?p=7306\"]}]},{\"@type\":\"ImageObject\",\"inLanguage\":\"es\",\"@id\":\"https:\\\/\\\/cuadra-agrado.es\\\/?p=7306#primaryimage\",\"url\":\"https:\\\/\\\/cuadra-agrado.es\\\/wp-content\\\/uploads\\\/2021\\\/03\\\/Barbarigo-Nouvel-An-1.jpg\",\"contentUrl\":\"https:\\\/\\\/cuadra-agrado.es\\\/wp-content\\\/uploads\\\/2021\\\/03\\\/Barbarigo-Nouvel-An-1.jpg\",\"width\":917,\"height\":953},{\"@type\":\"BreadcrumbList\",\"@id\":\"https:\\\/\\\/cuadra-agrado.es\\\/?p=7306#breadcrumb\",\"itemListElement\":[{\"@type\":\"ListItem\",\"position\":1,\"name\":\"Portada\",\"item\":\"https:\\\/\\\/cuadra-agrado.es\\\/\"},{\"@type\":\"ListItem\",\"position\":2,\"name\":\"Barbarigo buscar\u00e1 su novena victoria en un reclamar de nivel.\"}]},{\"@type\":\"WebSite\",\"@id\":\"https:\\\/\\\/cuadra-agrado.es\\\/#website\",\"url\":\"https:\\\/\\\/cuadra-agrado.es\\\/\",\"name\":\"Cuadra Agrado\",\"description\":\"En el mundo del Turf desde 2008\",\"potentialAction\":[{\"@type\":\"SearchAction\",\"target\":{\"@type\":\"EntryPoint\",\"urlTemplate\":\"https:\\\/\\\/cuadra-agrado.es\\\/?s={search_term_string}\"},\"query-input\":{\"@type\":\"PropertyValueSpecification\",\"valueRequired\":true,\"valueName\":\"search_term_string\"}}],\"inLanguage\":\"es\"},{\"@type\":\"Person\",\"@id\":\"https:\\\/\\\/cuadra-agrado.es\\\/#\\\/schema\\\/person\\\/3aa4f8d2373cf756d93a5526bc72f31b\",\"name\":\"Miguel Redondo\",\"image\":{\"@type\":\"ImageObject\",\"inLanguage\":\"es\",\"@id\":\"https:\\\/\\\/secure.gravatar.com\\\/avatar\\\/85704fceb4fa34017e3c1344d182da00dbf772fb8856ba2b7726a2df926415b4?s=96&d=mm&r=g\",\"url\":\"https:\\\/\\\/secure.gravatar.com\\\/avatar\\\/85704fceb4fa34017e3c1344d182da00dbf772fb8856ba2b7726a2df926415b4?s=96&d=mm&r=g\",\"contentUrl\":\"https:\\\/\\\/secure.gravatar.com\\\/avatar\\\/85704fceb4fa34017e3c1344d182da00dbf772fb8856ba2b7726a2df926415b4?s=96&d=mm&r=g\",\"caption\":\"Miguel Redondo\"},\"sameAs\":[\"https:\\\/\\\/cuadra-agrado.es\"],\"url\":\"https:\\\/\\\/cuadra-agrado.es\\\/?author=5\"}]}<\/script>\n<!-- \/ Yoast SEO plugin. -->","yoast_head_json":{"title":"Barbarigo buscar\u00e1 su novena victoria en un reclamar de nivel. - Cuadra Agrado","robots":{"index":"index","follow":"follow","max-snippet":"max-snippet:-1","max-image-preview":"max-image-preview:large","max-video-preview":"max-video-preview:-1"},"canonical":"https:\/\/cuadra-agrado.es\/?p=7306","og_locale":"es_ES","og_type":"article","og_title":"Barbarigo buscar\u00e1 su novena victoria en un reclamar de nivel. - Cuadra Agrado","og_description":"Segundo s\u00e1bado vespertino en el Hip\u00f3dromo de la Zarzuela de Madrid donde viviremos de nuevo otra bonita jornada casi estival de siete carreras, entre las que destaca la que protagonizar\u00e1n los mejores sprinters de nuestro pa\u00eds citados a disputar el Gran Premio Urquijo. Jornada en la que participaremos en el atractivo reclamar de valor sobre [&hellip;]","og_url":"https:\/\/cuadra-agrado.es\/?p=7306","og_site_name":"Cuadra Agrado","article_published_time":"2021-06-08T11:40:11+00:00","article_modified_time":"2024-02-27T09:14:55+00:00","og_image":[{"width":917,"height":953,"url":"https:\/\/cuadra-agrado.es\/wp-content\/uploads\/2021\/03\/Barbarigo-Nouvel-An-1.jpg","type":"image\/jpeg"}],"author":"Miguel Redondo","twitter_card":"summary_large_image","twitter_creator":"@AGRADOracing","twitter_site":"@AGRADOracing","twitter_misc":{"Escrito por":"Miguel Redondo","Tiempo de lectura":"4 minutos"},"schema":{"@context":"https:\/\/schema.org","@graph":[{"@type":"Article","@id":"https:\/\/cuadra-agrado.es\/?p=7306#article","isPartOf":{"@id":"https:\/\/cuadra-agrado.es\/?p=7306"},"author":{"name":"Miguel Redondo","@id":"https:\/\/cuadra-agrado.es\/#\/schema\/person\/3aa4f8d2373cf756d93a5526bc72f31b"},"headline":"Barbarigo buscar\u00e1 su novena victoria en un reclamar de nivel.","datePublished":"2021-06-08T11:40:11+00:00","dateModified":"2024-02-27T09:14:55+00:00","mainEntityOfPage":{"@id":"https:\/\/cuadra-agrado.es\/?p=7306"},"wordCount":747,"image":{"@id":"https:\/\/cuadra-agrado.es\/?p=7306#primaryimage"},"thumbnailUrl":"https:\/\/cuadra-agrado.es\/wp-content\/uploads\/2021\/03\/Barbarigo-Nouvel-An-1.jpg","articleSection":["Actualidad"],"inLanguage":"es"},{"@type":"WebPage","@id":"https:\/\/cuadra-agrado.es\/?p=7306","url":"https:\/\/cuadra-agrado.es\/?p=7306","name":"Barbarigo buscar\u00e1 su novena victoria en un reclamar de nivel. - Cuadra Agrado","isPartOf":{"@id":"https:\/\/cuadra-agrado.es\/#website"},"primaryImageOfPage":{"@id":"https:\/\/cuadra-agrado.es\/?p=7306#primaryimage"},"image":{"@id":"https:\/\/cuadra-agrado.es\/?p=7306#primaryimage"},"thumbnailUrl":"https:\/\/cuadra-agrado.es\/wp-content\/uploads\/2021\/03\/Barbarigo-Nouvel-An-1.jpg","datePublished":"2021-06-08T11:40:11+00:00","dateModified":"2024-02-27T09:14:55+00:00","author":{"@id":"https:\/\/cuadra-agrado.es\/#\/schema\/person\/3aa4f8d2373cf756d93a5526bc72f31b"},"breadcrumb":{"@id":"https:\/\/cuadra-agrado.es\/?p=7306#breadcrumb"},"inLanguage":"es","potentialAction":[{"@type":"ReadAction","target":["https:\/\/cuadra-agrado.es\/?p=7306"]}]},{"@type":"ImageObject","inLanguage":"es","@id":"https:\/\/cuadra-agrado.es\/?p=7306#primaryimage","url":"https:\/\/cuadra-agrado.es\/wp-content\/uploads\/2021\/03\/Barbarigo-Nouvel-An-1.jpg","contentUrl":"https:\/\/cuadra-agrado.es\/wp-content\/uploads\/2021\/03\/Barbarigo-Nouvel-An-1.jpg","width":917,"height":953},{"@type":"BreadcrumbList","@id":"https:\/\/cuadra-agrado.es\/?p=7306#breadcrumb","itemListElement":[{"@type":"ListItem","position":1,"name":"Portada","item":"https:\/\/cuadra-agrado.es\/"},{"@type":"ListItem","position":2,"name":"Barbarigo buscar\u00e1 su novena victoria en un reclamar de nivel."}]},{"@type":"WebSite","@id":"https:\/\/cuadra-agrado.es\/#website","url":"https:\/\/cuadra-agrado.es\/","name":"Cuadra Agrado","description":"En el mundo del Turf desde 2008","potentialAction":[{"@type":"SearchAction","target":{"@type":"EntryPoint","urlTemplate":"https:\/\/cuadra-agrado.es\/?s={search_term_string}"},"query-input":{"@type":"PropertyValueSpecification","valueRequired":true,"valueName":"search_term_string"}}],"inLanguage":"es"},{"@type":"Person","@id":"https:\/\/cuadra-agrado.es\/#\/schema\/person\/3aa4f8d2373cf756d93a5526bc72f31b","name":"Miguel Redondo","image":{"@type":"ImageObject","inLanguage":"es","@id":"https:\/\/secure.gravatar.com\/avatar\/85704fceb4fa34017e3c1344d182da00dbf772fb8856ba2b7726a2df926415b4?s=96&d=mm&r=g","url":"https:\/\/secure.gravatar.com\/avatar\/85704fceb4fa34017e3c1344d182da00dbf772fb8856ba2b7726a2df926415b4?s=96&d=mm&r=g","contentUrl":"https:\/\/secure.gravatar.com\/avatar\/85704fceb4fa34017e3c1344d182da00dbf772fb8856ba2b7726a2df926415b4?s=96&d=mm&r=g","caption":"Miguel Redondo"},"sameAs":["https:\/\/cuadra-agrado.es"],"url":"https:\/\/cuadra-agrado.es\/?author=5"}]}},"_links":{"self":[{"href":"https:\/\/cuadra-agrado.es\/index.php?rest_route=\/wp\/v2\/posts\/7306","targetHints":{"allow":["GET"]}}],"collection":[{"href":"https:\/\/cuadra-agrado.es\/index.php?rest_route=\/wp\/v2\/posts"}],"about":[{"href":"https:\/\/cuadra-agrado.es\/index.php?rest_route=\/wp\/v2\/types\/post"}],"author":[{"embeddable":true,"href":"https:\/\/cuadra-agrado.es\/index.php?rest_route=\/wp\/v2\/users\/5"}],"replies":[{"embeddable":true,"href":"https:\/\/cuadra-agrado.es\/index.php?rest_route=%2Fwp%2Fv2%2Fcomments&post=7306"}],"version-history":[{"count":0,"href":"https:\/\/cuadra-agrado.es\/index.php?rest_route=\/wp\/v2\/posts\/7306\/revisions"}],"wp:featuredmedia":[{"embeddable":true,"href":"https:\/\/cuadra-agrado.es\/index.php?rest_route=\/wp\/v2\/media\/7195"}],"wp:attachment":[{"href":"https:\/\/cuadra-agrado.es\/index.php?rest_route=%2Fwp%2Fv2%2Fmedia&parent=7306"}],"wp:term":[{"taxonomy":"category","embeddable":true,"href":"https:\/\/cuadra-agrado.es\/index.php?rest_route=%2Fwp%2Fv2%2Fcategories&post=7306"},{"taxonomy":"post_tag","embeddable":true,"href":"https:\/\/cuadra-agrado.es\/index.php?rest_route=%2Fwp%2Fv2%2Ftags&post=7306"}],"curies":[{"name":"wp","href":"https:\/\/api.w.org\/{rel}","templated":true}]}}