{"id":7301,"date":"2021-06-01T07:42:33","date_gmt":"2021-06-01T07:42:33","guid":{"rendered":"https:\/\/cuadra-agrado.es\/?p=7301"},"modified":"2024-02-27T09:14:55","modified_gmt":"2024-02-27T09:14:55","slug":"reaparicion-para-highrock-blue-en-el-handicap-de-la-jornada","status":"publish","type":"post","link":"https:\/\/cuadra-agrado.es\/?p=7301","title":{"rendered":"Reaparici\u00f3n para Highrock Blue en el h\u00e1ndicap de la jornada.\u00a0\u00a0\u00a0\u00a0"},"content":{"rendered":"<p style=\"text-align: justify;\">Este pr\u00f3ximo s\u00e1bado inauguramos las tardes del hip\u00f3dromo de la Zarzuela para regresar a pista con \u201c<strong>Highrock<\/strong> <strong>Blue<\/strong>\u201d casi cinco meses despu\u00e9s de su \u00faltima salida sobre el reestreno de la fibra madrile\u00f1a.<\/p>\n<p style=\"text-align: justify;\">Nuestro primer producto de cr\u00eda nos despert\u00f3 buenas e ilusionantes sensaciones en sus primeras salidas a pista en su edad cl\u00e1sica. Sin caerse del tr\u00edo en sus cuatro primeras carreras, incluyendo una temprana salida de maiden, sal\u00edamos al <em>GP Nacional 2020<\/em> con esas buenas opciones de poder disputar la gran final. Un terreno fangoso, unido al incremento de metraje en un duro gran premio donde reaparec\u00eda despu\u00e9s de tres meses, pas\u00f3 una factura tan severa, que ech\u00f3 por tierra su progresi\u00f3n hasta la fecha. Pas\u00f3 un mal invierno recuper\u00e1ndose lentamente de una p\u00e9rdida de peso casi insostenible debido a esa carrera, dej\u00e1ndose pienso casi todos los d\u00edas en el pesebre. Despu\u00e9s de tres meses de lenta recuperaci\u00f3n, decidimos darle una primera carrera en las primeras jornadas de la temporada invernal para ver si la competici\u00f3n le hac\u00eda retornar un mejor status. Muy falta todav\u00eda de forma por aquellas fechas, estuvo nuevamente muy lejos de esa mejor condici\u00f3n que hab\u00eda demostrado y, sin nada donde agarrarnos, decidimos darle un descanso mucho m\u00e1s longevo, sacrificar la temporada de primavera, y comenzar casi desde cero para tratar de recuperarla con las mayores garant\u00edas posibles de cara a la temporada estival y posterior oto\u00f1o.<\/p>\n<p style=\"text-align: justify;\">Casi cuatro meses despu\u00e9s de esa reaparici\u00f3n vuelve a pista casi por obligaci\u00f3n. Han sido muchos meses esperando pacientes su recuperaci\u00f3n y queremos ver ya su compromiso y, sobre todo, queremos constatar si realmente merece la pena continuar con este primer producto de cr\u00eda en competici\u00f3n o, desgraciadamente sus mejores d\u00edas ya pasaron a una bonita historia. Es evidente que, aunque tengamos un cari\u00f1o especial por ella, nos es muy dif\u00edcil mantener en la cuadra una yegua que parece no tener predisposici\u00f3n para afrontar retos competitivos despu\u00e9s de aquel duro gran premio. La yegua en este largo tiempo ha ganado peso, vuelve a trabajar alegre y no deja un grano en el comedero, pero necesitamos ver algo m\u00e1s en carrera para poder seguir manteniendo su ficha activa en la cuadra. Debido a los forfaits de la parte alta del h\u00e1ndicap, finalmente ha quedado encuadrada en la primera parte del h\u00e1ndicap del d\u00eda sobre una distancia correcta, con un peso c\u00f3modo, y sobre una superficie de arena donde debe sentirse tambi\u00e9n c\u00f3moda. Alicientes que deber\u00edan ser suficientes para, si queda algo de aquella guerrera a tres a\u00f1os, poder dar la cara y ver alguna mejora que nos permita afrontar el verano con confianzas renovadas. En contra, demasiado tiempo sin asomarse a competici\u00f3n, en lucha con buenos caballos con mucha brega, y un lote de mayor nivel que el que esper\u00e1bamos en segunda parte. Vamos a ver qu\u00e9 sucede, pero es evidente que, en esta reaparici\u00f3n, las opciones de ir a por carrera son muy escasas, pero si vemos levantarse al jockey a 300 metros y posicionar sus manos en la cruz, ser\u00e1 el primer s\u00edntoma de que su despedida podr\u00eda estar cercana.<\/p>\n<p style=\"text-align: justify;\">Tras la imposibilidad de contar todav\u00eda con nuestro jockey Ignacio Melgarejo, confiamos la monta al franc\u00e9s Fabien Lefebvre, que de nuevo visita nuestro hip\u00f3dromo para disputar el \u201cDerby\u201d con el compa\u00f1ero de cuadra \u201c<strong>Kaspar<\/strong>\u201d. Aprovecharemos su paso por Madrid para intentar sacar a \u201c<strong>Highrock<\/strong> <strong>Blue<\/strong>\u201d del pozo sin fondo donde parece haber entrado. Su profesional opini\u00f3n post-carrera nos ayudar\u00e1 a tomar las mejores decisiones futuras con ella.<\/p>\n<p style=\"text-align: justify;\">Mucha suerte equipo!!!<\/p>\n<!-- AddThis Advanced Settings generic via filter on the_content --><!-- AddThis Share Buttons generic via filter on the_content -->","protected":false},"excerpt":{"rendered":"<p>Este pr\u00f3ximo s\u00e1bado inauguramos las tardes del hip\u00f3dromo de la Zarzuela para regresar a pista con \u201cHighrock Blue\u201d casi cinco meses despu\u00e9s de su \u00faltima salida sobre el reestreno de la fibra madrile\u00f1a. Nuestro primer producto de cr\u00eda nos despert\u00f3 buenas e ilusionantes sensaciones en sus primeras salidas a pista en su edad cl\u00e1sica. Sin [&hellip;]<!-- AddThis Advanced Settings generic via filter on get_the_excerpt --><!-- AddThis Share Buttons generic via filter on get_the_excerpt --><\/p>\n","protected":false},"author":5,"featured_media":6985,"comment_status":"closed","ping_status":"open","sticky":false,"template":"","format":"standard","meta":{"_acf_changed":false,"_et_pb_use_builder":"","_et_pb_old_content":"","_et_gb_content_width":"","footnotes":""},"categories":[3],"tags":[],"class_list":["post-7301","post","type-post","status-publish","format-standard","has-post-thumbnail","hentry","category-noticias-cuadra-agrado"],"acf":[],"yoast_head":"<!-- This site is optimized with the Yoast SEO plugin v27.4 - https:\/\/yoast.com\/product\/yoast-seo-wordpress\/ -->\n<title>Reaparici\u00f3n para Highrock Blue en el h\u00e1ndicap de la jornada.\u00a0\u00a0\u00a0\u00a0 - Cuadra Agrado<\/title>\n<meta name=\"robots\" content=\"index, follow, max-snippet:-1, max-image-preview:large, max-video-preview:-1\" \/>\n<link rel=\"canonical\" href=\"https:\/\/cuadra-agrado.es\/?p=7301\" \/>\n<meta property=\"og:locale\" content=\"es_ES\" \/>\n<meta property=\"og:type\" content=\"article\" \/>\n<meta property=\"og:title\" content=\"Reaparici\u00f3n para Highrock Blue en el h\u00e1ndicap de la jornada.\u00a0\u00a0\u00a0\u00a0 - Cuadra Agrado\" \/>\n<meta property=\"og:description\" content=\"Este pr\u00f3ximo s\u00e1bado inauguramos las tardes del hip\u00f3dromo de la Zarzuela para regresar a pista con \u201cHighrock Blue\u201d casi cinco meses despu\u00e9s de su \u00faltima salida sobre el reestreno de la fibra madrile\u00f1a. Nuestro primer producto de cr\u00eda nos despert\u00f3 buenas e ilusionantes sensaciones en sus primeras salidas a pista en su edad cl\u00e1sica. Sin [&hellip;]\" \/>\n<meta property=\"og:url\" content=\"https:\/\/cuadra-agrado.es\/?p=7301\" \/>\n<meta property=\"og:site_name\" content=\"Cuadra Agrado\" \/>\n<meta property=\"article:published_time\" content=\"2021-06-01T07:42:33+00:00\" \/>\n<meta property=\"article:modified_time\" content=\"2024-02-27T09:14:55+00:00\" \/>\n<meta name=\"author\" content=\"Miguel Redondo\" \/>\n<meta name=\"twitter:card\" content=\"summary_large_image\" \/>\n<meta name=\"twitter:creator\" content=\"@AGRADOracing\" \/>\n<meta name=\"twitter:site\" content=\"@AGRADOracing\" \/>\n<meta name=\"twitter:label1\" content=\"Escrito por\" \/>\n\t<meta name=\"twitter:data1\" content=\"Miguel Redondo\" \/>\n\t<meta name=\"twitter:label2\" content=\"Tiempo de lectura\" \/>\n\t<meta name=\"twitter:data2\" content=\"3 minutos\" \/>\n<script type=\"application\/ld+json\" class=\"yoast-schema-graph\">{\"@context\":\"https:\\\/\\\/schema.org\",\"@graph\":[{\"@type\":\"Article\",\"@id\":\"https:\\\/\\\/cuadra-agrado.es\\\/?p=7301#article\",\"isPartOf\":{\"@id\":\"https:\\\/\\\/cuadra-agrado.es\\\/?p=7301\"},\"author\":{\"name\":\"Miguel Redondo\",\"@id\":\"https:\\\/\\\/cuadra-agrado.es\\\/#\\\/schema\\\/person\\\/3aa4f8d2373cf756d93a5526bc72f31b\"},\"headline\":\"Reaparici\u00f3n para Highrock Blue en el h\u00e1ndicap de la jornada.\u00a0\u00a0\u00a0\u00a0\",\"datePublished\":\"2021-06-01T07:42:33+00:00\",\"dateModified\":\"2024-02-27T09:14:55+00:00\",\"mainEntityOfPage\":{\"@id\":\"https:\\\/\\\/cuadra-agrado.es\\\/?p=7301\"},\"wordCount\":650,\"image\":{\"@id\":\"https:\\\/\\\/cuadra-agrado.es\\\/?p=7301#primaryimage\"},\"thumbnailUrl\":\"\",\"articleSection\":[\"Actualidad\"],\"inLanguage\":\"es\"},{\"@type\":\"WebPage\",\"@id\":\"https:\\\/\\\/cuadra-agrado.es\\\/?p=7301\",\"url\":\"https:\\\/\\\/cuadra-agrado.es\\\/?p=7301\",\"name\":\"Reaparici\u00f3n para Highrock Blue en el h\u00e1ndicap de la jornada.\u00a0\u00a0\u00a0\u00a0 - Cuadra Agrado\",\"isPartOf\":{\"@id\":\"https:\\\/\\\/cuadra-agrado.es\\\/#website\"},\"primaryImageOfPage\":{\"@id\":\"https:\\\/\\\/cuadra-agrado.es\\\/?p=7301#primaryimage\"},\"image\":{\"@id\":\"https:\\\/\\\/cuadra-agrado.es\\\/?p=7301#primaryimage\"},\"thumbnailUrl\":\"\",\"datePublished\":\"2021-06-01T07:42:33+00:00\",\"dateModified\":\"2024-02-27T09:14:55+00:00\",\"author\":{\"@id\":\"https:\\\/\\\/cuadra-agrado.es\\\/#\\\/schema\\\/person\\\/3aa4f8d2373cf756d93a5526bc72f31b\"},\"breadcrumb\":{\"@id\":\"https:\\\/\\\/cuadra-agrado.es\\\/?p=7301#breadcrumb\"},\"inLanguage\":\"es\",\"potentialAction\":[{\"@type\":\"ReadAction\",\"target\":[\"https:\\\/\\\/cuadra-agrado.es\\\/?p=7301\"]}]},{\"@type\":\"ImageObject\",\"inLanguage\":\"es\",\"@id\":\"https:\\\/\\\/cuadra-agrado.es\\\/?p=7301#primaryimage\",\"url\":\"\",\"contentUrl\":\"\"},{\"@type\":\"BreadcrumbList\",\"@id\":\"https:\\\/\\\/cuadra-agrado.es\\\/?p=7301#breadcrumb\",\"itemListElement\":[{\"@type\":\"ListItem\",\"position\":1,\"name\":\"Portada\",\"item\":\"https:\\\/\\\/cuadra-agrado.es\\\/\"},{\"@type\":\"ListItem\",\"position\":2,\"name\":\"Reaparici\u00f3n para Highrock Blue en el h\u00e1ndicap de la jornada.\u00a0\u00a0\u00a0\u00a0\"}]},{\"@type\":\"WebSite\",\"@id\":\"https:\\\/\\\/cuadra-agrado.es\\\/#website\",\"url\":\"https:\\\/\\\/cuadra-agrado.es\\\/\",\"name\":\"Cuadra Agrado\",\"description\":\"En el mundo del Turf desde 2008\",\"potentialAction\":[{\"@type\":\"SearchAction\",\"target\":{\"@type\":\"EntryPoint\",\"urlTemplate\":\"https:\\\/\\\/cuadra-agrado.es\\\/?s={search_term_string}\"},\"query-input\":{\"@type\":\"PropertyValueSpecification\",\"valueRequired\":true,\"valueName\":\"search_term_string\"}}],\"inLanguage\":\"es\"},{\"@type\":\"Person\",\"@id\":\"https:\\\/\\\/cuadra-agrado.es\\\/#\\\/schema\\\/person\\\/3aa4f8d2373cf756d93a5526bc72f31b\",\"name\":\"Miguel Redondo\",\"image\":{\"@type\":\"ImageObject\",\"inLanguage\":\"es\",\"@id\":\"https:\\\/\\\/secure.gravatar.com\\\/avatar\\\/85704fceb4fa34017e3c1344d182da00dbf772fb8856ba2b7726a2df926415b4?s=96&d=mm&r=g\",\"url\":\"https:\\\/\\\/secure.gravatar.com\\\/avatar\\\/85704fceb4fa34017e3c1344d182da00dbf772fb8856ba2b7726a2df926415b4?s=96&d=mm&r=g\",\"contentUrl\":\"https:\\\/\\\/secure.gravatar.com\\\/avatar\\\/85704fceb4fa34017e3c1344d182da00dbf772fb8856ba2b7726a2df926415b4?s=96&d=mm&r=g\",\"caption\":\"Miguel Redondo\"},\"sameAs\":[\"https:\\\/\\\/cuadra-agrado.es\"],\"url\":\"https:\\\/\\\/cuadra-agrado.es\\\/?author=5\"}]}<\/script>\n<!-- \/ Yoast SEO plugin. -->","yoast_head_json":{"title":"Reaparici\u00f3n para Highrock Blue en el h\u00e1ndicap de la jornada.\u00a0\u00a0\u00a0\u00a0 - Cuadra Agrado","robots":{"index":"index","follow":"follow","max-snippet":"max-snippet:-1","max-image-preview":"max-image-preview:large","max-video-preview":"max-video-preview:-1"},"canonical":"https:\/\/cuadra-agrado.es\/?p=7301","og_locale":"es_ES","og_type":"article","og_title":"Reaparici\u00f3n para Highrock Blue en el h\u00e1ndicap de la jornada.\u00a0\u00a0\u00a0\u00a0 - Cuadra Agrado","og_description":"Este pr\u00f3ximo s\u00e1bado inauguramos las tardes del hip\u00f3dromo de la Zarzuela para regresar a pista con \u201cHighrock Blue\u201d casi cinco meses despu\u00e9s de su \u00faltima salida sobre el reestreno de la fibra madrile\u00f1a. Nuestro primer producto de cr\u00eda nos despert\u00f3 buenas e ilusionantes sensaciones en sus primeras salidas a pista en su edad cl\u00e1sica. Sin [&hellip;]","og_url":"https:\/\/cuadra-agrado.es\/?p=7301","og_site_name":"Cuadra Agrado","article_published_time":"2021-06-01T07:42:33+00:00","article_modified_time":"2024-02-27T09:14:55+00:00","author":"Miguel Redondo","twitter_card":"summary_large_image","twitter_creator":"@AGRADOracing","twitter_site":"@AGRADOracing","twitter_misc":{"Escrito por":"Miguel Redondo","Tiempo de lectura":"3 minutos"},"schema":{"@context":"https:\/\/schema.org","@graph":[{"@type":"Article","@id":"https:\/\/cuadra-agrado.es\/?p=7301#article","isPartOf":{"@id":"https:\/\/cuadra-agrado.es\/?p=7301"},"author":{"name":"Miguel Redondo","@id":"https:\/\/cuadra-agrado.es\/#\/schema\/person\/3aa4f8d2373cf756d93a5526bc72f31b"},"headline":"Reaparici\u00f3n para Highrock Blue en el h\u00e1ndicap de la jornada.\u00a0\u00a0\u00a0\u00a0","datePublished":"2021-06-01T07:42:33+00:00","dateModified":"2024-02-27T09:14:55+00:00","mainEntityOfPage":{"@id":"https:\/\/cuadra-agrado.es\/?p=7301"},"wordCount":650,"image":{"@id":"https:\/\/cuadra-agrado.es\/?p=7301#primaryimage"},"thumbnailUrl":"","articleSection":["Actualidad"],"inLanguage":"es"},{"@type":"WebPage","@id":"https:\/\/cuadra-agrado.es\/?p=7301","url":"https:\/\/cuadra-agrado.es\/?p=7301","name":"Reaparici\u00f3n para Highrock Blue en el h\u00e1ndicap de la jornada.\u00a0\u00a0\u00a0\u00a0 - Cuadra Agrado","isPartOf":{"@id":"https:\/\/cuadra-agrado.es\/#website"},"primaryImageOfPage":{"@id":"https:\/\/cuadra-agrado.es\/?p=7301#primaryimage"},"image":{"@id":"https:\/\/cuadra-agrado.es\/?p=7301#primaryimage"},"thumbnailUrl":"","datePublished":"2021-06-01T07:42:33+00:00","dateModified":"2024-02-27T09:14:55+00:00","author":{"@id":"https:\/\/cuadra-agrado.es\/#\/schema\/person\/3aa4f8d2373cf756d93a5526bc72f31b"},"breadcrumb":{"@id":"https:\/\/cuadra-agrado.es\/?p=7301#breadcrumb"},"inLanguage":"es","potentialAction":[{"@type":"ReadAction","target":["https:\/\/cuadra-agrado.es\/?p=7301"]}]},{"@type":"ImageObject","inLanguage":"es","@id":"https:\/\/cuadra-agrado.es\/?p=7301#primaryimage","url":"","contentUrl":""},{"@type":"BreadcrumbList","@id":"https:\/\/cuadra-agrado.es\/?p=7301#breadcrumb","itemListElement":[{"@type":"ListItem","position":1,"name":"Portada","item":"https:\/\/cuadra-agrado.es\/"},{"@type":"ListItem","position":2,"name":"Reaparici\u00f3n para Highrock Blue en el h\u00e1ndicap de la jornada.\u00a0\u00a0\u00a0\u00a0"}]},{"@type":"WebSite","@id":"https:\/\/cuadra-agrado.es\/#website","url":"https:\/\/cuadra-agrado.es\/","name":"Cuadra Agrado","description":"En el mundo del Turf desde 2008","potentialAction":[{"@type":"SearchAction","target":{"@type":"EntryPoint","urlTemplate":"https:\/\/cuadra-agrado.es\/?s={search_term_string}"},"query-input":{"@type":"PropertyValueSpecification","valueRequired":true,"valueName":"search_term_string"}}],"inLanguage":"es"},{"@type":"Person","@id":"https:\/\/cuadra-agrado.es\/#\/schema\/person\/3aa4f8d2373cf756d93a5526bc72f31b","name":"Miguel Redondo","image":{"@type":"ImageObject","inLanguage":"es","@id":"https:\/\/secure.gravatar.com\/avatar\/85704fceb4fa34017e3c1344d182da00dbf772fb8856ba2b7726a2df926415b4?s=96&d=mm&r=g","url":"https:\/\/secure.gravatar.com\/avatar\/85704fceb4fa34017e3c1344d182da00dbf772fb8856ba2b7726a2df926415b4?s=96&d=mm&r=g","contentUrl":"https:\/\/secure.gravatar.com\/avatar\/85704fceb4fa34017e3c1344d182da00dbf772fb8856ba2b7726a2df926415b4?s=96&d=mm&r=g","caption":"Miguel Redondo"},"sameAs":["https:\/\/cuadra-agrado.es"],"url":"https:\/\/cuadra-agrado.es\/?author=5"}]}},"_links":{"self":[{"href":"https:\/\/cuadra-agrado.es\/index.php?rest_route=\/wp\/v2\/posts\/7301","targetHints":{"allow":["GET"]}}],"collection":[{"href":"https:\/\/cuadra-agrado.es\/index.php?rest_route=\/wp\/v2\/posts"}],"about":[{"href":"https:\/\/cuadra-agrado.es\/index.php?rest_route=\/wp\/v2\/types\/post"}],"author":[{"embeddable":true,"href":"https:\/\/cuadra-agrado.es\/index.php?rest_route=\/wp\/v2\/users\/5"}],"replies":[{"embeddable":true,"href":"https:\/\/cuadra-agrado.es\/index.php?rest_route=%2Fwp%2Fv2%2Fcomments&post=7301"}],"version-history":[{"count":0,"href":"https:\/\/cuadra-agrado.es\/index.php?rest_route=\/wp\/v2\/posts\/7301\/revisions"}],"wp:featuredmedia":[{"embeddable":true,"href":"https:\/\/cuadra-agrado.es\/index.php?rest_route=\/"}],"wp:attachment":[{"href":"https:\/\/cuadra-agrado.es\/index.php?rest_route=%2Fwp%2Fv2%2Fmedia&parent=7301"}],"wp:term":[{"taxonomy":"category","embeddable":true,"href":"https:\/\/cuadra-agrado.es\/index.php?rest_route=%2Fwp%2Fv2%2Fcategories&post=7301"},{"taxonomy":"post_tag","embeddable":true,"href":"https:\/\/cuadra-agrado.es\/index.php?rest_route=%2Fwp%2Fv2%2Ftags&post=7301"}],"curies":[{"name":"wp","href":"https:\/\/api.w.org\/{rel}","templated":true}]}}