{"id":7224,"date":"2021-03-15T09:34:48","date_gmt":"2021-03-15T09:34:48","guid":{"rendered":"https:\/\/cuadra-agrado.es\/?p=7224"},"modified":"2024-02-27T09:14:58","modified_gmt":"2024-02-27T09:14:58","slug":"un-pletorico-sir-roque-privo-a-barbarigo-de-su-tercer-caporal","status":"publish","type":"post","link":"https:\/\/cuadra-agrado.es\/?p=7224","title":{"rendered":"Un plet\u00f3rico Sir Roque priv\u00f3 a Barbarigo de su tercer Caporal"},"content":{"rendered":"<p style=\"text-align: justify;\">Lo intent\u00f3 de principio a fin, pero no pudo \u00ab<strong>Barbarigo<\/strong>\u00bb hacerse con el tercer Caporal consecutivo en esta su presentaci\u00f3n a siete a\u00f1os. Reaparec\u00eda despu\u00e9s de un descanso invernal del todo placentero donde estuvo disfrutando de los prados en la yeguada durante 45 d\u00edas. No hizo falta mucho tiempo para ponerse a tono, es lo bueno de estos caballos de edad que, con un par de semanas con canters y otro par de trabajitos serios est\u00e1n a punto para competir.<\/p>\n<p style=\"text-align: justify;\">As\u00ed se presentaba el domingo en el paddock, sereno, con esbelto f\u00edsico y muchas ganas, como si por \u00e9l no pasaran los a\u00f1os. Era un buen d\u00eda para reaparecer y que volviera a sentir la frescura de esos primeros galopes en competici\u00f3n y as\u00ed lo hizo. R\u00e1pido como siempre en el golpe de cajones, cogi\u00f3 confiado la punta para marcar un ritmo alto y comenzar a seleccionar los que, bien por forma o por valor, le acompa\u00f1ar\u00edan para luchar los \u00faltimos metros.<\/p>\n<p style=\"text-align: justify;\">Aguant\u00f3 el viejo hasta el poste de los 100 metros tirando de coraz\u00f3n y orgullo tras una larga recta, pero solo el gran \u201cSir Roque\u201d con terreno a favor y demostrando su potencial le priv\u00f3 de llevarse ese tercer \u201cCaporal\u201d consecutivo que tanto deseaba en los \u00faltimos metros. Al final, un m\u00e1s que digno segundo puesto en esta su reaparici\u00f3n que nos llena de confianza para afrontar esta temporada con los mejores deseos.<\/p>\n<p style=\"text-align: justify;\">Habr\u00e1 que cuidarlo y tenerlo entre algodones despu\u00e9s de otra dura batalla en su largo historial. El caballo no ten\u00eda los 10 puntos de forma que necesitaba, pero su responsable tratar\u00e1 de lucirlos en su pr\u00f3xima salida. Tenemos claro que no ser\u00e1 un caballo para correr de manera habitual, y esto supone darle un tiempo para recuperar y retornar con la misma frescura, pero intentando buscar la excelencia en la forma para su segunda salida. Como propietarios, nos encantar\u00eda volver a disfrutar de \u00e9l en breve, pero entendemos que con su edad debemos marcar un calendario conservador que le ayude a salir con las mismas ganas y frescura que lo hizo en el d\u00eda de ayer. Son muchas y duras batallas desde que comenzara su andadura temprana con dos a\u00f1os, le quedan pocas balas en un desgastado cargador, y debemos emplearlas en d\u00edas claros y sin viento para no errar el tiro. Dejaremos pasar un tiempo prudencial para seleccionar su mejor opci\u00f3n y volver a intentarlo a lo largo de la temporada. Nuestro objetivo es seguir sumando victorias con \u00e9l y estamos seguros de que este a\u00f1o podr\u00e1 tener esa opci\u00f3n para seguir sumando los t\u00edtulos que bien merece hasta llegar a esas 10 victorias que nos hemos marcado con \u00e9l para entrar en el selecto club de campeones que descansan en la yeguada cuando abandonan la competici\u00f3n.<\/p>\n<p style=\"text-align: justify;\">Agradecer el serio trabajo de su responsable y todo el equipo, a la vez que agradecemos la confiada y valiente monta de Fabian Lefevbre que se divirti\u00f3 mucho con \u00e9l en este su segundo intento sobre su montura.<\/p>\n<p>Menci\u00f3n especial tambi\u00e9n para el segundo puesto del \u00abheredero\u00bb (Adri\u00e1n Redondo) que en concurso de salto en \u00abLa Venta La Rubia\u00bb disputado ayer obtuvo tambi\u00e9n un segundo puesto montando a \u00ab<strong>Kingkaye<\/strong>\u00ab, aquel hijo de \u00ab<strong>King<\/strong>\u00b4s <strong>Best<\/strong>\u00bb de la cuadra Habit que, debido a una lesi\u00f3n tuvo que retirarse de la competici\u00f3n para disfrutar en la especialidad del salto con muy buenas maneras hasta la fecha.<\/p>\n<!-- AddThis Advanced Settings generic via filter on the_content --><!-- AddThis Share Buttons generic via filter on the_content -->","protected":false},"excerpt":{"rendered":"<p>Lo intent\u00f3 de principio a fin, pero no pudo \u00abBarbarigo\u00bb hacerse con el tercer Caporal consecutivo en esta su presentaci\u00f3n a siete a\u00f1os. Reaparec\u00eda despu\u00e9s de un descanso invernal del todo placentero donde estuvo disfrutando de los prados en la yeguada durante 45 d\u00edas. No hizo falta mucho tiempo para ponerse a tono, es lo [&hellip;]<!-- AddThis Advanced Settings generic via filter on get_the_excerpt --><!-- AddThis Share Buttons generic via filter on get_the_excerpt --><\/p>\n","protected":false},"author":5,"featured_media":7225,"comment_status":"closed","ping_status":"open","sticky":false,"template":"","format":"standard","meta":{"_acf_changed":false,"_et_pb_use_builder":"","_et_pb_old_content":"","_et_gb_content_width":"","footnotes":""},"categories":[3],"tags":[],"class_list":["post-7224","post","type-post","status-publish","format-standard","has-post-thumbnail","hentry","category-noticias-cuadra-agrado"],"acf":[],"yoast_head":"<!-- This site is optimized with the Yoast SEO plugin v27.4 - https:\/\/yoast.com\/product\/yoast-seo-wordpress\/ -->\n<title>Un plet\u00f3rico Sir Roque priv\u00f3 a Barbarigo de su tercer Caporal - Cuadra Agrado<\/title>\n<meta name=\"robots\" content=\"index, follow, max-snippet:-1, max-image-preview:large, max-video-preview:-1\" \/>\n<link rel=\"canonical\" href=\"https:\/\/cuadra-agrado.es\/?p=7224\" \/>\n<meta property=\"og:locale\" content=\"es_ES\" \/>\n<meta property=\"og:type\" content=\"article\" \/>\n<meta property=\"og:title\" content=\"Un plet\u00f3rico Sir Roque priv\u00f3 a Barbarigo de su tercer Caporal - Cuadra Agrado\" \/>\n<meta property=\"og:description\" content=\"Lo intent\u00f3 de principio a fin, pero no pudo \u00abBarbarigo\u00bb hacerse con el tercer Caporal consecutivo en esta su presentaci\u00f3n a siete a\u00f1os. Reaparec\u00eda despu\u00e9s de un descanso invernal del todo placentero donde estuvo disfrutando de los prados en la yeguada durante 45 d\u00edas. No hizo falta mucho tiempo para ponerse a tono, es lo [&hellip;]\" \/>\n<meta property=\"og:url\" content=\"https:\/\/cuadra-agrado.es\/?p=7224\" \/>\n<meta property=\"og:site_name\" content=\"Cuadra Agrado\" \/>\n<meta property=\"article:published_time\" content=\"2021-03-15T09:34:48+00:00\" \/>\n<meta property=\"article:modified_time\" content=\"2024-02-27T09:14:58+00:00\" \/>\n<meta property=\"og:image\" content=\"https:\/\/cuadra-agrado.es\/wp-content\/uploads\/2021\/03\/barbarigo-14-03-21-1.jpg\" \/>\n\t<meta property=\"og:image:width\" content=\"1024\" \/>\n\t<meta property=\"og:image:height\" content=\"682\" \/>\n\t<meta property=\"og:image:type\" content=\"image\/jpeg\" \/>\n<meta name=\"author\" content=\"Miguel Redondo\" \/>\n<meta name=\"twitter:card\" content=\"summary_large_image\" \/>\n<meta name=\"twitter:creator\" content=\"@AGRADOracing\" \/>\n<meta name=\"twitter:site\" content=\"@AGRADOracing\" \/>\n<meta name=\"twitter:label1\" content=\"Escrito por\" \/>\n\t<meta name=\"twitter:data1\" content=\"Miguel Redondo\" \/>\n\t<meta name=\"twitter:label2\" content=\"Tiempo de lectura\" \/>\n\t<meta name=\"twitter:data2\" content=\"3 minutos\" \/>\n<script type=\"application\/ld+json\" class=\"yoast-schema-graph\">{\"@context\":\"https:\\\/\\\/schema.org\",\"@graph\":[{\"@type\":\"Article\",\"@id\":\"https:\\\/\\\/cuadra-agrado.es\\\/?p=7224#article\",\"isPartOf\":{\"@id\":\"https:\\\/\\\/cuadra-agrado.es\\\/?p=7224\"},\"author\":{\"name\":\"Miguel Redondo\",\"@id\":\"https:\\\/\\\/cuadra-agrado.es\\\/#\\\/schema\\\/person\\\/3aa4f8d2373cf756d93a5526bc72f31b\"},\"headline\":\"Un plet\u00f3rico Sir Roque priv\u00f3 a Barbarigo de su tercer Caporal\",\"datePublished\":\"2021-03-15T09:34:48+00:00\",\"dateModified\":\"2024-02-27T09:14:58+00:00\",\"mainEntityOfPage\":{\"@id\":\"https:\\\/\\\/cuadra-agrado.es\\\/?p=7224\"},\"wordCount\":609,\"image\":{\"@id\":\"https:\\\/\\\/cuadra-agrado.es\\\/?p=7224#primaryimage\"},\"thumbnailUrl\":\"https:\\\/\\\/cuadra-agrado.es\\\/wp-content\\\/uploads\\\/2021\\\/03\\\/barbarigo-14-03-21-1.jpg\",\"articleSection\":[\"Actualidad\"],\"inLanguage\":\"es\"},{\"@type\":\"WebPage\",\"@id\":\"https:\\\/\\\/cuadra-agrado.es\\\/?p=7224\",\"url\":\"https:\\\/\\\/cuadra-agrado.es\\\/?p=7224\",\"name\":\"Un plet\u00f3rico Sir Roque priv\u00f3 a Barbarigo de su tercer Caporal - Cuadra Agrado\",\"isPartOf\":{\"@id\":\"https:\\\/\\\/cuadra-agrado.es\\\/#website\"},\"primaryImageOfPage\":{\"@id\":\"https:\\\/\\\/cuadra-agrado.es\\\/?p=7224#primaryimage\"},\"image\":{\"@id\":\"https:\\\/\\\/cuadra-agrado.es\\\/?p=7224#primaryimage\"},\"thumbnailUrl\":\"https:\\\/\\\/cuadra-agrado.es\\\/wp-content\\\/uploads\\\/2021\\\/03\\\/barbarigo-14-03-21-1.jpg\",\"datePublished\":\"2021-03-15T09:34:48+00:00\",\"dateModified\":\"2024-02-27T09:14:58+00:00\",\"author\":{\"@id\":\"https:\\\/\\\/cuadra-agrado.es\\\/#\\\/schema\\\/person\\\/3aa4f8d2373cf756d93a5526bc72f31b\"},\"breadcrumb\":{\"@id\":\"https:\\\/\\\/cuadra-agrado.es\\\/?p=7224#breadcrumb\"},\"inLanguage\":\"es\",\"potentialAction\":[{\"@type\":\"ReadAction\",\"target\":[\"https:\\\/\\\/cuadra-agrado.es\\\/?p=7224\"]}]},{\"@type\":\"ImageObject\",\"inLanguage\":\"es\",\"@id\":\"https:\\\/\\\/cuadra-agrado.es\\\/?p=7224#primaryimage\",\"url\":\"https:\\\/\\\/cuadra-agrado.es\\\/wp-content\\\/uploads\\\/2021\\\/03\\\/barbarigo-14-03-21-1.jpg\",\"contentUrl\":\"https:\\\/\\\/cuadra-agrado.es\\\/wp-content\\\/uploads\\\/2021\\\/03\\\/barbarigo-14-03-21-1.jpg\",\"width\":1024,\"height\":682},{\"@type\":\"BreadcrumbList\",\"@id\":\"https:\\\/\\\/cuadra-agrado.es\\\/?p=7224#breadcrumb\",\"itemListElement\":[{\"@type\":\"ListItem\",\"position\":1,\"name\":\"Portada\",\"item\":\"https:\\\/\\\/cuadra-agrado.es\\\/\"},{\"@type\":\"ListItem\",\"position\":2,\"name\":\"Un plet\u00f3rico Sir Roque priv\u00f3 a Barbarigo de su tercer Caporal\"}]},{\"@type\":\"WebSite\",\"@id\":\"https:\\\/\\\/cuadra-agrado.es\\\/#website\",\"url\":\"https:\\\/\\\/cuadra-agrado.es\\\/\",\"name\":\"Cuadra Agrado\",\"description\":\"En el mundo del Turf desde 2008\",\"potentialAction\":[{\"@type\":\"SearchAction\",\"target\":{\"@type\":\"EntryPoint\",\"urlTemplate\":\"https:\\\/\\\/cuadra-agrado.es\\\/?s={search_term_string}\"},\"query-input\":{\"@type\":\"PropertyValueSpecification\",\"valueRequired\":true,\"valueName\":\"search_term_string\"}}],\"inLanguage\":\"es\"},{\"@type\":\"Person\",\"@id\":\"https:\\\/\\\/cuadra-agrado.es\\\/#\\\/schema\\\/person\\\/3aa4f8d2373cf756d93a5526bc72f31b\",\"name\":\"Miguel Redondo\",\"image\":{\"@type\":\"ImageObject\",\"inLanguage\":\"es\",\"@id\":\"https:\\\/\\\/secure.gravatar.com\\\/avatar\\\/85704fceb4fa34017e3c1344d182da00dbf772fb8856ba2b7726a2df926415b4?s=96&d=mm&r=g\",\"url\":\"https:\\\/\\\/secure.gravatar.com\\\/avatar\\\/85704fceb4fa34017e3c1344d182da00dbf772fb8856ba2b7726a2df926415b4?s=96&d=mm&r=g\",\"contentUrl\":\"https:\\\/\\\/secure.gravatar.com\\\/avatar\\\/85704fceb4fa34017e3c1344d182da00dbf772fb8856ba2b7726a2df926415b4?s=96&d=mm&r=g\",\"caption\":\"Miguel Redondo\"},\"sameAs\":[\"https:\\\/\\\/cuadra-agrado.es\"],\"url\":\"https:\\\/\\\/cuadra-agrado.es\\\/?author=5\"}]}<\/script>\n<!-- \/ Yoast SEO plugin. -->","yoast_head_json":{"title":"Un plet\u00f3rico Sir Roque priv\u00f3 a Barbarigo de su tercer Caporal - Cuadra Agrado","robots":{"index":"index","follow":"follow","max-snippet":"max-snippet:-1","max-image-preview":"max-image-preview:large","max-video-preview":"max-video-preview:-1"},"canonical":"https:\/\/cuadra-agrado.es\/?p=7224","og_locale":"es_ES","og_type":"article","og_title":"Un plet\u00f3rico Sir Roque priv\u00f3 a Barbarigo de su tercer Caporal - Cuadra Agrado","og_description":"Lo intent\u00f3 de principio a fin, pero no pudo \u00abBarbarigo\u00bb hacerse con el tercer Caporal consecutivo en esta su presentaci\u00f3n a siete a\u00f1os. Reaparec\u00eda despu\u00e9s de un descanso invernal del todo placentero donde estuvo disfrutando de los prados en la yeguada durante 45 d\u00edas. No hizo falta mucho tiempo para ponerse a tono, es lo [&hellip;]","og_url":"https:\/\/cuadra-agrado.es\/?p=7224","og_site_name":"Cuadra Agrado","article_published_time":"2021-03-15T09:34:48+00:00","article_modified_time":"2024-02-27T09:14:58+00:00","og_image":[{"width":1024,"height":682,"url":"https:\/\/cuadra-agrado.es\/wp-content\/uploads\/2021\/03\/barbarigo-14-03-21-1.jpg","type":"image\/jpeg"}],"author":"Miguel Redondo","twitter_card":"summary_large_image","twitter_creator":"@AGRADOracing","twitter_site":"@AGRADOracing","twitter_misc":{"Escrito por":"Miguel Redondo","Tiempo de lectura":"3 minutos"},"schema":{"@context":"https:\/\/schema.org","@graph":[{"@type":"Article","@id":"https:\/\/cuadra-agrado.es\/?p=7224#article","isPartOf":{"@id":"https:\/\/cuadra-agrado.es\/?p=7224"},"author":{"name":"Miguel Redondo","@id":"https:\/\/cuadra-agrado.es\/#\/schema\/person\/3aa4f8d2373cf756d93a5526bc72f31b"},"headline":"Un plet\u00f3rico Sir Roque priv\u00f3 a Barbarigo de su tercer Caporal","datePublished":"2021-03-15T09:34:48+00:00","dateModified":"2024-02-27T09:14:58+00:00","mainEntityOfPage":{"@id":"https:\/\/cuadra-agrado.es\/?p=7224"},"wordCount":609,"image":{"@id":"https:\/\/cuadra-agrado.es\/?p=7224#primaryimage"},"thumbnailUrl":"https:\/\/cuadra-agrado.es\/wp-content\/uploads\/2021\/03\/barbarigo-14-03-21-1.jpg","articleSection":["Actualidad"],"inLanguage":"es"},{"@type":"WebPage","@id":"https:\/\/cuadra-agrado.es\/?p=7224","url":"https:\/\/cuadra-agrado.es\/?p=7224","name":"Un plet\u00f3rico Sir Roque priv\u00f3 a Barbarigo de su tercer Caporal - Cuadra Agrado","isPartOf":{"@id":"https:\/\/cuadra-agrado.es\/#website"},"primaryImageOfPage":{"@id":"https:\/\/cuadra-agrado.es\/?p=7224#primaryimage"},"image":{"@id":"https:\/\/cuadra-agrado.es\/?p=7224#primaryimage"},"thumbnailUrl":"https:\/\/cuadra-agrado.es\/wp-content\/uploads\/2021\/03\/barbarigo-14-03-21-1.jpg","datePublished":"2021-03-15T09:34:48+00:00","dateModified":"2024-02-27T09:14:58+00:00","author":{"@id":"https:\/\/cuadra-agrado.es\/#\/schema\/person\/3aa4f8d2373cf756d93a5526bc72f31b"},"breadcrumb":{"@id":"https:\/\/cuadra-agrado.es\/?p=7224#breadcrumb"},"inLanguage":"es","potentialAction":[{"@type":"ReadAction","target":["https:\/\/cuadra-agrado.es\/?p=7224"]}]},{"@type":"ImageObject","inLanguage":"es","@id":"https:\/\/cuadra-agrado.es\/?p=7224#primaryimage","url":"https:\/\/cuadra-agrado.es\/wp-content\/uploads\/2021\/03\/barbarigo-14-03-21-1.jpg","contentUrl":"https:\/\/cuadra-agrado.es\/wp-content\/uploads\/2021\/03\/barbarigo-14-03-21-1.jpg","width":1024,"height":682},{"@type":"BreadcrumbList","@id":"https:\/\/cuadra-agrado.es\/?p=7224#breadcrumb","itemListElement":[{"@type":"ListItem","position":1,"name":"Portada","item":"https:\/\/cuadra-agrado.es\/"},{"@type":"ListItem","position":2,"name":"Un plet\u00f3rico Sir Roque priv\u00f3 a Barbarigo de su tercer Caporal"}]},{"@type":"WebSite","@id":"https:\/\/cuadra-agrado.es\/#website","url":"https:\/\/cuadra-agrado.es\/","name":"Cuadra Agrado","description":"En el mundo del Turf desde 2008","potentialAction":[{"@type":"SearchAction","target":{"@type":"EntryPoint","urlTemplate":"https:\/\/cuadra-agrado.es\/?s={search_term_string}"},"query-input":{"@type":"PropertyValueSpecification","valueRequired":true,"valueName":"search_term_string"}}],"inLanguage":"es"},{"@type":"Person","@id":"https:\/\/cuadra-agrado.es\/#\/schema\/person\/3aa4f8d2373cf756d93a5526bc72f31b","name":"Miguel Redondo","image":{"@type":"ImageObject","inLanguage":"es","@id":"https:\/\/secure.gravatar.com\/avatar\/85704fceb4fa34017e3c1344d182da00dbf772fb8856ba2b7726a2df926415b4?s=96&d=mm&r=g","url":"https:\/\/secure.gravatar.com\/avatar\/85704fceb4fa34017e3c1344d182da00dbf772fb8856ba2b7726a2df926415b4?s=96&d=mm&r=g","contentUrl":"https:\/\/secure.gravatar.com\/avatar\/85704fceb4fa34017e3c1344d182da00dbf772fb8856ba2b7726a2df926415b4?s=96&d=mm&r=g","caption":"Miguel Redondo"},"sameAs":["https:\/\/cuadra-agrado.es"],"url":"https:\/\/cuadra-agrado.es\/?author=5"}]}},"_links":{"self":[{"href":"https:\/\/cuadra-agrado.es\/index.php?rest_route=\/wp\/v2\/posts\/7224","targetHints":{"allow":["GET"]}}],"collection":[{"href":"https:\/\/cuadra-agrado.es\/index.php?rest_route=\/wp\/v2\/posts"}],"about":[{"href":"https:\/\/cuadra-agrado.es\/index.php?rest_route=\/wp\/v2\/types\/post"}],"author":[{"embeddable":true,"href":"https:\/\/cuadra-agrado.es\/index.php?rest_route=\/wp\/v2\/users\/5"}],"replies":[{"embeddable":true,"href":"https:\/\/cuadra-agrado.es\/index.php?rest_route=%2Fwp%2Fv2%2Fcomments&post=7224"}],"version-history":[{"count":0,"href":"https:\/\/cuadra-agrado.es\/index.php?rest_route=\/wp\/v2\/posts\/7224\/revisions"}],"wp:featuredmedia":[{"embeddable":true,"href":"https:\/\/cuadra-agrado.es\/index.php?rest_route=\/wp\/v2\/media\/7225"}],"wp:attachment":[{"href":"https:\/\/cuadra-agrado.es\/index.php?rest_route=%2Fwp%2Fv2%2Fmedia&parent=7224"}],"wp:term":[{"taxonomy":"category","embeddable":true,"href":"https:\/\/cuadra-agrado.es\/index.php?rest_route=%2Fwp%2Fv2%2Fcategories&post=7224"},{"taxonomy":"post_tag","embeddable":true,"href":"https:\/\/cuadra-agrado.es\/index.php?rest_route=%2Fwp%2Fv2%2Ftags&post=7224"}],"curies":[{"name":"wp","href":"https:\/\/api.w.org\/{rel}","templated":true}]}}