{"id":7194,"date":"2021-03-09T10:38:51","date_gmt":"2021-03-09T10:38:51","guid":{"rendered":"https:\/\/cuadra-agrado.es\/?p=7194"},"modified":"2024-02-27T09:14:58","modified_gmt":"2024-02-27T09:14:58","slug":"barbarigo-un-clasico-en-el-premio-caporal","status":"publish","type":"post","link":"https:\/\/cuadra-agrado.es\/?p=7194","title":{"rendered":"Barbarigo, un cl\u00e1sico en el premio Caporal"},"content":{"rendered":"<p style=\"text-align: justify;\">\u201c<strong>Barbarigo<\/strong>\u201d ser\u00e1 el pr\u00f3ximo efectivo en estrenar la primavera este pr\u00f3ximo domingo en el Premio Caporal. Un gran h\u00e1ndicap limitado de nivel que se ha convertido ya en un cl\u00e1sico para \u00e9l, donde ha salido victorioso en las dos \u00faltimas ediciones 2019\/2020. El viejo adalid de la cuadra ha pasado buen invierno descansando en la yeguada, y desde finales de enero se encuentra de vuelta al trabajo matutino. Le sent\u00f3 muy bien aquel descanso y siempre ha demostrado ser buen \u00abreaparecedor\u00bb ayudado de la frescura, que ahora m\u00e1s que nunca necesita para competir en su mejor nivel. Este a\u00f1o es un a\u00f1o m\u00e1s viejo y esto, ineludiblemente, va limitando su valor, aunque no lo merezca.<\/p>\n<p style=\"text-align: justify;\">Trataremos de volver a luchar esta tercera victoria en este mismo premio, pero no ser\u00e1 tan f\u00e1cil como en pasadas campa\u00f1as. Este a\u00f1o toca desprendernos del favoritismo y salir con el convencimiento de hacer un buen papel como as\u00ed lo hiciera su compa\u00f1ero de vacaciones \u201c<strong>Powerful<\/strong>\u201d esta semana pasada en su reaparici\u00f3n. En definitiva, nos sorprender\u00eda gratamente que en esta primera pueda estar luchando su tercera victoria consecutiva en este \u201cCaporal\u201d contra caballos con mucha mejor forma en estos momentos, pero s\u00ed confiamos mucho en buscar esas colocaciones que le permitan afrontar la primera con la confianza que merece. Tratar\u00e1 de hacer su carrera como \u00e9l sabe, valiente en un recorrido en vanguardia y esperar el fallo de los, a priori, favoritos para llevarse esta carrera. En este sentido, nos quedamos con las buenas opciones de todos aquellos que en este inicio de temporada cuentan con ese punto de forma como son los casos de \u00ab<strong>New<\/strong> <strong>Jack<\/strong> <strong>Swing<\/strong>\u00ab, caballo al alza con valor 37 con otra victoria el pasado mes sobre corta distancia y que la \u00fanica pega es que ser\u00e1 su primera tentativa en esta distancia de mayor metraje. En el lote aparecen tambi\u00e9n caballos de valor que comienzan la temporada, pero que no por ello les podemos olvidar, como son el caso del pensionista de Arizcorreta \u00ab<strong>Sir<\/strong> <strong>Roque<\/strong>\u00bb contrastado valor 40, sin competir desde noviembre pero muy fiable en este tipo de pista r\u00e1pida, o \u00ab<strong>Elamirr<\/strong>\u00bb que termin\u00f3 la pasada campa\u00f1a 2020 con una contundente victoria sobre la fibra.<\/p>\n<p style=\"text-align: justify;\">Los problemas de salud de Ignacio Melgarejo se est\u00e1n resolviendo mucho m\u00e1s lento de lo inicialmente previsto y, lamentablemente, no vamos a poder contar con \u00e9l en este nuevo compromiso. Seguimos de cerca la evoluci\u00f3n de esa contractura, pero han sido muchos d\u00edas parado y no llega con la m\u00ednima forma necesaria para subirse a un caballo y afrontar la competici\u00f3n. Nuevamente, hemos tenido que improvisar sobre la marcha para confirmar la monta y, con tan numeroso partant en esta carrera, la preparaci\u00f3n ha decidido embarcar desde Francia a <em>Fabien<\/em> <em>Lefebvre<\/em> para que el domingo pueda estar encima de \u00ab<strong>Barbarigo<\/strong>\u00bb defendiendo una vez m\u00e1s nuestra chaquetilla como anteriormente lo hiciera con \u201c<strong>Rany\u00e1n<\/strong>\u201d y \u201c<strong>Valiant<\/strong> <strong>Blue<\/strong>\u201d con los que encontr\u00f3 su victoria. Nuevamente le volveremos a ver por Madrid y le deseamos toda la suerte en todas sus salidas. Bon chance!!<\/p>\n<p style=\"text-align: justify;\">Todo listo para tu reentr\u00e9 viejo. Vamos a intentarlo!!! Hay que echar el resto este \u00faltimo a\u00f1o y aumentar un poco m\u00e1s esas 8 victorias que llevas a lo largo de tu vida. El patio ha empezado con gran forma y hay que aprovechar el momento.<\/p>\n<p style=\"text-align: justify;\">Vamos a por ello!!<\/p>\n<!-- AddThis Advanced Settings generic via filter on the_content --><!-- AddThis Share Buttons generic via filter on the_content -->","protected":false},"excerpt":{"rendered":"<p>\u201cBarbarigo\u201d ser\u00e1 el pr\u00f3ximo efectivo en estrenar la primavera este pr\u00f3ximo domingo en el Premio Caporal. Un gran h\u00e1ndicap limitado de nivel que se ha convertido ya en un cl\u00e1sico para \u00e9l, donde ha salido victorioso en las dos \u00faltimas ediciones 2019\/2020. El viejo adalid de la cuadra ha pasado buen invierno descansando en la [&hellip;]<!-- AddThis Advanced Settings generic via filter on get_the_excerpt --><!-- AddThis Share Buttons generic via filter on get_the_excerpt --><\/p>\n","protected":false},"author":5,"featured_media":7195,"comment_status":"closed","ping_status":"open","sticky":false,"template":"","format":"standard","meta":{"_acf_changed":false,"_et_pb_use_builder":"","_et_pb_old_content":"","_et_gb_content_width":"","footnotes":""},"categories":[3],"tags":[],"class_list":["post-7194","post","type-post","status-publish","format-standard","has-post-thumbnail","hentry","category-noticias-cuadra-agrado"],"acf":[],"yoast_head":"<!-- This site is optimized with the Yoast SEO plugin v27.4 - https:\/\/yoast.com\/product\/yoast-seo-wordpress\/ -->\n<title>Barbarigo, un cl\u00e1sico en el premio Caporal - Cuadra Agrado<\/title>\n<meta name=\"robots\" content=\"index, follow, max-snippet:-1, max-image-preview:large, max-video-preview:-1\" \/>\n<link rel=\"canonical\" href=\"https:\/\/cuadra-agrado.es\/?p=7194\" \/>\n<meta property=\"og:locale\" content=\"es_ES\" \/>\n<meta property=\"og:type\" content=\"article\" \/>\n<meta property=\"og:title\" content=\"Barbarigo, un cl\u00e1sico en el premio Caporal - Cuadra Agrado\" \/>\n<meta property=\"og:description\" content=\"\u201cBarbarigo\u201d ser\u00e1 el pr\u00f3ximo efectivo en estrenar la primavera este pr\u00f3ximo domingo en el Premio Caporal. Un gran h\u00e1ndicap limitado de nivel que se ha convertido ya en un cl\u00e1sico para \u00e9l, donde ha salido victorioso en las dos \u00faltimas ediciones 2019\/2020. El viejo adalid de la cuadra ha pasado buen invierno descansando en la [&hellip;]\" \/>\n<meta property=\"og:url\" content=\"https:\/\/cuadra-agrado.es\/?p=7194\" \/>\n<meta property=\"og:site_name\" content=\"Cuadra Agrado\" \/>\n<meta property=\"article:published_time\" content=\"2021-03-09T10:38:51+00:00\" \/>\n<meta property=\"article:modified_time\" content=\"2024-02-27T09:14:58+00:00\" \/>\n<meta property=\"og:image\" content=\"https:\/\/cuadra-agrado.es\/wp-content\/uploads\/2021\/03\/Barbarigo-Nouvel-An-1.jpg\" \/>\n\t<meta property=\"og:image:width\" content=\"917\" \/>\n\t<meta property=\"og:image:height\" content=\"953\" \/>\n\t<meta property=\"og:image:type\" content=\"image\/jpeg\" \/>\n<meta name=\"author\" content=\"Miguel Redondo\" \/>\n<meta name=\"twitter:card\" content=\"summary_large_image\" \/>\n<meta name=\"twitter:creator\" content=\"@AGRADOracing\" \/>\n<meta name=\"twitter:site\" content=\"@AGRADOracing\" \/>\n<meta name=\"twitter:label1\" content=\"Escrito por\" \/>\n\t<meta name=\"twitter:data1\" content=\"Miguel Redondo\" \/>\n\t<meta name=\"twitter:label2\" content=\"Tiempo de lectura\" \/>\n\t<meta name=\"twitter:data2\" content=\"3 minutos\" \/>\n<script type=\"application\/ld+json\" class=\"yoast-schema-graph\">{\"@context\":\"https:\\\/\\\/schema.org\",\"@graph\":[{\"@type\":\"Article\",\"@id\":\"https:\\\/\\\/cuadra-agrado.es\\\/?p=7194#article\",\"isPartOf\":{\"@id\":\"https:\\\/\\\/cuadra-agrado.es\\\/?p=7194\"},\"author\":{\"name\":\"Miguel Redondo\",\"@id\":\"https:\\\/\\\/cuadra-agrado.es\\\/#\\\/schema\\\/person\\\/3aa4f8d2373cf756d93a5526bc72f31b\"},\"headline\":\"Barbarigo, un cl\u00e1sico en el premio Caporal\",\"datePublished\":\"2021-03-09T10:38:51+00:00\",\"dateModified\":\"2024-02-27T09:14:58+00:00\",\"mainEntityOfPage\":{\"@id\":\"https:\\\/\\\/cuadra-agrado.es\\\/?p=7194\"},\"wordCount\":587,\"image\":{\"@id\":\"https:\\\/\\\/cuadra-agrado.es\\\/?p=7194#primaryimage\"},\"thumbnailUrl\":\"https:\\\/\\\/cuadra-agrado.es\\\/wp-content\\\/uploads\\\/2021\\\/03\\\/Barbarigo-Nouvel-An-1.jpg\",\"articleSection\":[\"Actualidad\"],\"inLanguage\":\"es\"},{\"@type\":\"WebPage\",\"@id\":\"https:\\\/\\\/cuadra-agrado.es\\\/?p=7194\",\"url\":\"https:\\\/\\\/cuadra-agrado.es\\\/?p=7194\",\"name\":\"Barbarigo, un cl\u00e1sico en el premio Caporal - Cuadra Agrado\",\"isPartOf\":{\"@id\":\"https:\\\/\\\/cuadra-agrado.es\\\/#website\"},\"primaryImageOfPage\":{\"@id\":\"https:\\\/\\\/cuadra-agrado.es\\\/?p=7194#primaryimage\"},\"image\":{\"@id\":\"https:\\\/\\\/cuadra-agrado.es\\\/?p=7194#primaryimage\"},\"thumbnailUrl\":\"https:\\\/\\\/cuadra-agrado.es\\\/wp-content\\\/uploads\\\/2021\\\/03\\\/Barbarigo-Nouvel-An-1.jpg\",\"datePublished\":\"2021-03-09T10:38:51+00:00\",\"dateModified\":\"2024-02-27T09:14:58+00:00\",\"author\":{\"@id\":\"https:\\\/\\\/cuadra-agrado.es\\\/#\\\/schema\\\/person\\\/3aa4f8d2373cf756d93a5526bc72f31b\"},\"breadcrumb\":{\"@id\":\"https:\\\/\\\/cuadra-agrado.es\\\/?p=7194#breadcrumb\"},\"inLanguage\":\"es\",\"potentialAction\":[{\"@type\":\"ReadAction\",\"target\":[\"https:\\\/\\\/cuadra-agrado.es\\\/?p=7194\"]}]},{\"@type\":\"ImageObject\",\"inLanguage\":\"es\",\"@id\":\"https:\\\/\\\/cuadra-agrado.es\\\/?p=7194#primaryimage\",\"url\":\"https:\\\/\\\/cuadra-agrado.es\\\/wp-content\\\/uploads\\\/2021\\\/03\\\/Barbarigo-Nouvel-An-1.jpg\",\"contentUrl\":\"https:\\\/\\\/cuadra-agrado.es\\\/wp-content\\\/uploads\\\/2021\\\/03\\\/Barbarigo-Nouvel-An-1.jpg\",\"width\":917,\"height\":953},{\"@type\":\"BreadcrumbList\",\"@id\":\"https:\\\/\\\/cuadra-agrado.es\\\/?p=7194#breadcrumb\",\"itemListElement\":[{\"@type\":\"ListItem\",\"position\":1,\"name\":\"Portada\",\"item\":\"https:\\\/\\\/cuadra-agrado.es\\\/\"},{\"@type\":\"ListItem\",\"position\":2,\"name\":\"Barbarigo, un cl\u00e1sico en el premio Caporal\"}]},{\"@type\":\"WebSite\",\"@id\":\"https:\\\/\\\/cuadra-agrado.es\\\/#website\",\"url\":\"https:\\\/\\\/cuadra-agrado.es\\\/\",\"name\":\"Cuadra Agrado\",\"description\":\"En el mundo del Turf desde 2008\",\"potentialAction\":[{\"@type\":\"SearchAction\",\"target\":{\"@type\":\"EntryPoint\",\"urlTemplate\":\"https:\\\/\\\/cuadra-agrado.es\\\/?s={search_term_string}\"},\"query-input\":{\"@type\":\"PropertyValueSpecification\",\"valueRequired\":true,\"valueName\":\"search_term_string\"}}],\"inLanguage\":\"es\"},{\"@type\":\"Person\",\"@id\":\"https:\\\/\\\/cuadra-agrado.es\\\/#\\\/schema\\\/person\\\/3aa4f8d2373cf756d93a5526bc72f31b\",\"name\":\"Miguel Redondo\",\"image\":{\"@type\":\"ImageObject\",\"inLanguage\":\"es\",\"@id\":\"https:\\\/\\\/secure.gravatar.com\\\/avatar\\\/85704fceb4fa34017e3c1344d182da00dbf772fb8856ba2b7726a2df926415b4?s=96&d=mm&r=g\",\"url\":\"https:\\\/\\\/secure.gravatar.com\\\/avatar\\\/85704fceb4fa34017e3c1344d182da00dbf772fb8856ba2b7726a2df926415b4?s=96&d=mm&r=g\",\"contentUrl\":\"https:\\\/\\\/secure.gravatar.com\\\/avatar\\\/85704fceb4fa34017e3c1344d182da00dbf772fb8856ba2b7726a2df926415b4?s=96&d=mm&r=g\",\"caption\":\"Miguel Redondo\"},\"sameAs\":[\"https:\\\/\\\/cuadra-agrado.es\"],\"url\":\"https:\\\/\\\/cuadra-agrado.es\\\/?author=5\"}]}<\/script>\n<!-- \/ Yoast SEO plugin. -->","yoast_head_json":{"title":"Barbarigo, un cl\u00e1sico en el premio Caporal - Cuadra Agrado","robots":{"index":"index","follow":"follow","max-snippet":"max-snippet:-1","max-image-preview":"max-image-preview:large","max-video-preview":"max-video-preview:-1"},"canonical":"https:\/\/cuadra-agrado.es\/?p=7194","og_locale":"es_ES","og_type":"article","og_title":"Barbarigo, un cl\u00e1sico en el premio Caporal - Cuadra Agrado","og_description":"\u201cBarbarigo\u201d ser\u00e1 el pr\u00f3ximo efectivo en estrenar la primavera este pr\u00f3ximo domingo en el Premio Caporal. Un gran h\u00e1ndicap limitado de nivel que se ha convertido ya en un cl\u00e1sico para \u00e9l, donde ha salido victorioso en las dos \u00faltimas ediciones 2019\/2020. El viejo adalid de la cuadra ha pasado buen invierno descansando en la [&hellip;]","og_url":"https:\/\/cuadra-agrado.es\/?p=7194","og_site_name":"Cuadra Agrado","article_published_time":"2021-03-09T10:38:51+00:00","article_modified_time":"2024-02-27T09:14:58+00:00","og_image":[{"width":917,"height":953,"url":"https:\/\/cuadra-agrado.es\/wp-content\/uploads\/2021\/03\/Barbarigo-Nouvel-An-1.jpg","type":"image\/jpeg"}],"author":"Miguel Redondo","twitter_card":"summary_large_image","twitter_creator":"@AGRADOracing","twitter_site":"@AGRADOracing","twitter_misc":{"Escrito por":"Miguel Redondo","Tiempo de lectura":"3 minutos"},"schema":{"@context":"https:\/\/schema.org","@graph":[{"@type":"Article","@id":"https:\/\/cuadra-agrado.es\/?p=7194#article","isPartOf":{"@id":"https:\/\/cuadra-agrado.es\/?p=7194"},"author":{"name":"Miguel Redondo","@id":"https:\/\/cuadra-agrado.es\/#\/schema\/person\/3aa4f8d2373cf756d93a5526bc72f31b"},"headline":"Barbarigo, un cl\u00e1sico en el premio Caporal","datePublished":"2021-03-09T10:38:51+00:00","dateModified":"2024-02-27T09:14:58+00:00","mainEntityOfPage":{"@id":"https:\/\/cuadra-agrado.es\/?p=7194"},"wordCount":587,"image":{"@id":"https:\/\/cuadra-agrado.es\/?p=7194#primaryimage"},"thumbnailUrl":"https:\/\/cuadra-agrado.es\/wp-content\/uploads\/2021\/03\/Barbarigo-Nouvel-An-1.jpg","articleSection":["Actualidad"],"inLanguage":"es"},{"@type":"WebPage","@id":"https:\/\/cuadra-agrado.es\/?p=7194","url":"https:\/\/cuadra-agrado.es\/?p=7194","name":"Barbarigo, un cl\u00e1sico en el premio Caporal - Cuadra Agrado","isPartOf":{"@id":"https:\/\/cuadra-agrado.es\/#website"},"primaryImageOfPage":{"@id":"https:\/\/cuadra-agrado.es\/?p=7194#primaryimage"},"image":{"@id":"https:\/\/cuadra-agrado.es\/?p=7194#primaryimage"},"thumbnailUrl":"https:\/\/cuadra-agrado.es\/wp-content\/uploads\/2021\/03\/Barbarigo-Nouvel-An-1.jpg","datePublished":"2021-03-09T10:38:51+00:00","dateModified":"2024-02-27T09:14:58+00:00","author":{"@id":"https:\/\/cuadra-agrado.es\/#\/schema\/person\/3aa4f8d2373cf756d93a5526bc72f31b"},"breadcrumb":{"@id":"https:\/\/cuadra-agrado.es\/?p=7194#breadcrumb"},"inLanguage":"es","potentialAction":[{"@type":"ReadAction","target":["https:\/\/cuadra-agrado.es\/?p=7194"]}]},{"@type":"ImageObject","inLanguage":"es","@id":"https:\/\/cuadra-agrado.es\/?p=7194#primaryimage","url":"https:\/\/cuadra-agrado.es\/wp-content\/uploads\/2021\/03\/Barbarigo-Nouvel-An-1.jpg","contentUrl":"https:\/\/cuadra-agrado.es\/wp-content\/uploads\/2021\/03\/Barbarigo-Nouvel-An-1.jpg","width":917,"height":953},{"@type":"BreadcrumbList","@id":"https:\/\/cuadra-agrado.es\/?p=7194#breadcrumb","itemListElement":[{"@type":"ListItem","position":1,"name":"Portada","item":"https:\/\/cuadra-agrado.es\/"},{"@type":"ListItem","position":2,"name":"Barbarigo, un cl\u00e1sico en el premio Caporal"}]},{"@type":"WebSite","@id":"https:\/\/cuadra-agrado.es\/#website","url":"https:\/\/cuadra-agrado.es\/","name":"Cuadra Agrado","description":"En el mundo del Turf desde 2008","potentialAction":[{"@type":"SearchAction","target":{"@type":"EntryPoint","urlTemplate":"https:\/\/cuadra-agrado.es\/?s={search_term_string}"},"query-input":{"@type":"PropertyValueSpecification","valueRequired":true,"valueName":"search_term_string"}}],"inLanguage":"es"},{"@type":"Person","@id":"https:\/\/cuadra-agrado.es\/#\/schema\/person\/3aa4f8d2373cf756d93a5526bc72f31b","name":"Miguel Redondo","image":{"@type":"ImageObject","inLanguage":"es","@id":"https:\/\/secure.gravatar.com\/avatar\/85704fceb4fa34017e3c1344d182da00dbf772fb8856ba2b7726a2df926415b4?s=96&d=mm&r=g","url":"https:\/\/secure.gravatar.com\/avatar\/85704fceb4fa34017e3c1344d182da00dbf772fb8856ba2b7726a2df926415b4?s=96&d=mm&r=g","contentUrl":"https:\/\/secure.gravatar.com\/avatar\/85704fceb4fa34017e3c1344d182da00dbf772fb8856ba2b7726a2df926415b4?s=96&d=mm&r=g","caption":"Miguel Redondo"},"sameAs":["https:\/\/cuadra-agrado.es"],"url":"https:\/\/cuadra-agrado.es\/?author=5"}]}},"_links":{"self":[{"href":"https:\/\/cuadra-agrado.es\/index.php?rest_route=\/wp\/v2\/posts\/7194","targetHints":{"allow":["GET"]}}],"collection":[{"href":"https:\/\/cuadra-agrado.es\/index.php?rest_route=\/wp\/v2\/posts"}],"about":[{"href":"https:\/\/cuadra-agrado.es\/index.php?rest_route=\/wp\/v2\/types\/post"}],"author":[{"embeddable":true,"href":"https:\/\/cuadra-agrado.es\/index.php?rest_route=\/wp\/v2\/users\/5"}],"replies":[{"embeddable":true,"href":"https:\/\/cuadra-agrado.es\/index.php?rest_route=%2Fwp%2Fv2%2Fcomments&post=7194"}],"version-history":[{"count":0,"href":"https:\/\/cuadra-agrado.es\/index.php?rest_route=\/wp\/v2\/posts\/7194\/revisions"}],"wp:featuredmedia":[{"embeddable":true,"href":"https:\/\/cuadra-agrado.es\/index.php?rest_route=\/wp\/v2\/media\/7195"}],"wp:attachment":[{"href":"https:\/\/cuadra-agrado.es\/index.php?rest_route=%2Fwp%2Fv2%2Fmedia&parent=7194"}],"wp:term":[{"taxonomy":"category","embeddable":true,"href":"https:\/\/cuadra-agrado.es\/index.php?rest_route=%2Fwp%2Fv2%2Fcategories&post=7194"},{"taxonomy":"post_tag","embeddable":true,"href":"https:\/\/cuadra-agrado.es\/index.php?rest_route=%2Fwp%2Fv2%2Ftags&post=7194"}],"curies":[{"name":"wp","href":"https:\/\/api.w.org\/{rel}","templated":true}]}}