{"id":7171,"date":"2021-03-02T11:53:05","date_gmt":"2021-03-02T11:53:05","guid":{"rendered":"https:\/\/cuadra-agrado.es\/?p=7171"},"modified":"2024-02-27T09:14:58","modified_gmt":"2024-02-27T09:14:58","slug":"kendaya-y-powerful-inician-su-temporada-primaveral","status":"publish","type":"post","link":"https:\/\/cuadra-agrado.es\/?p=7171","title":{"rendered":"Kendaya y Powerful inician su temporada primaveral"},"content":{"rendered":"<p style=\"text-align: justify;\">El pr\u00f3ximo domingo comienza la tan esperada temporada de primavera en el Hip\u00f3dromo de la Zarzuela de Madrid despu\u00e9s de un peque\u00f1o aperitivo invernal sobre la fibra madrile\u00f1a que ha servido como pre\u00e1mbulo a la gran temporada. Por nuestra parte, tras un soso inicio con \u201c<strong>Highrock<\/strong> <strong>Blue<\/strong>\u201d que, por otro lado, se hac\u00eda presagiar debido a su falto ritmo de competici\u00f3n y forma, continuaremos nuestro inicio de temporada ya en esta primera jornada de primavera con los dos efectivos con m\u00e1s proyecci\u00f3n para este a\u00f1o; \u201c<strong>Kendaya<\/strong>\u201d y \u201c<strong>Poweful<\/strong> <strong>Sole<\/strong>\u201d.<\/p>\n<p style=\"text-align: justify;\">\u201c<strong>Kendaya<\/strong>\u201d iniciar\u00e1 la temporada ya en la primera carrera de la jornada en el emotivo \u201cPremio Pablo Font\u201d sobre 1.200 metros en l\u00ednea recta. Despu\u00e9s de su debut a dos a\u00f1os y dos buenas salidas posteriores en pruebas de entidad, nuestra hija de \u201c<strong>Free<\/strong> <strong>Eagle<\/strong>\u201d est\u00e1 lista para reanudar la competici\u00f3n despu\u00e9s del descanso invernal. Como es evidente, no est\u00e1 con la mejor puesta a punto, pero la calidad que ya ha demostrado y sus buenos trabajos previos para esta altura de a\u00f1o, nos convencen para ponerla en marcha en una dura primavera que tiene por delante. Su responsable ha querido partir con ella desde el poste de los 1.200 metros, incrementando la distancia paulatinamente hasta los 1.400 en su posterior preparatoria, para finalmente llegar a los 1.600 metros de su gran objetivo en la Poule 2021 donde ha quedado recientemente matriculada. Nuestro prop\u00f3sito en esta reaparici\u00f3n va mucho m\u00e1s all\u00e1 del que pretend\u00edamos con \u201c<strong>Highrock<\/strong>\u201d y, aunque es una prueba dura en distancia corta sin contrastar sobre una larga l\u00ednea recta, tenemos plena confianza en sus opciones ante un lote de 10 participantes. Aun sabiendo que una carrera de caballos siempre depara una l\u00f3gica incertidumbre previa, salimos valientes a por la carrera, y eso, para ser la primera del a\u00f1o, dice mucho de esta yegua con la que partimos con especial ilusi\u00f3n y confianza.<\/p>\n<p style=\"text-align: justify;\">El segundo citado para el domingo ser\u00e1 \u201c<strong>Powerful<\/strong> <strong>Sole<\/strong>\u201d que inicia su andadura desde el poste de los 1.800 metros en el \u201cPremio Luis de Goyeneche\u201d donde ha quedado encuadrado en la primera parte del h\u00e1ndicap del d\u00eda. Tuvo un descanso en la yeguada de m\u00e1s de un mes que le ha venido muy bien para despejar cabeza y llegar fresco con muchas ganas. La preparaci\u00f3n ha querido Incrementar el metraje, que hasta la fecha hab\u00eda mantenido en distancia corta, para intentar buscar una mejor condici\u00f3n en este nuevo recorrido, donde posiblemente se sienta m\u00e1s c\u00f3modo. Su mejor carrera del pasado a\u00f1o fue sobre los 1.600 metros de la preparatoria al Hispanidad, donde tras un recorrido en \u00faltima posici\u00f3n, despleg\u00f3 un fuerte cambio de ritmo que le llev\u00f3 a luchar aquella cerrada llegada contra \u201cVale\u201d, por lo que intentaremos emular aquel recorrido. El objetivo es encaminarlo definitivamente a esta nueva horquilla de metraje alrededor a la milla y sacar el mayor rendimiento posible ya en sus estrenados cinco a\u00f1os en una horquilla entre 1.400 y 1.800 donde se le abre mucho su programa. Ser\u00e1 un puro h\u00e1ndicap donde parte con peso alto, pero tenemos confianza que pueda, sino luchar la carrera en esta primera tentativa, s\u00ed buscar esas colocaciones mayores que nos permitan confiar en sus opciones de \u00e9xito durante un largo a\u00f1o.<\/p>\n<p style=\"text-align: justify;\">En cuanto a la monta, la mala suerte se ha cebado en esta primera jornada primaveral con Ignacio Melgarejo que, como jockey de cuadra, tendr\u00e1 que ver los primeros toros desde la barrera debido a una contractura intercostal que le tendr\u00e1n alejado de la competici\u00f3n al menos una semana m\u00e1s. Debido a este contratiempo de \u00faltima hora, hemos tenido que improvisar sobre la marcha en busca de nuevas montas. Finalmente, ser\u00e1 Jaime Gelabert quien se subir\u00e1 en \u201c<strong>Kendaya<\/strong>\u201d despu\u00e9s de mucho tiempo sin defender nuestra chaquetilla. Le agradecemos p\u00fablicamente su confianza en las opciones de la yegua, dese\u00e1ndole la mejor de las fortunas, y por supuesto, tambi\u00e9n para el resto de temporada con su nuevo contrato por AGF. Para \u201c<strong>Powerful<\/strong>\u201d la preparaci\u00f3n escoge a D. Ferreira que nos ofrece un descargo de 1,5 kilos. De igual forma le deseamos toda la fortuna para este debut con nuestros colores.<\/p>\n<!-- AddThis Advanced Settings generic via filter on the_content --><!-- AddThis Share Buttons generic via filter on the_content -->","protected":false},"excerpt":{"rendered":"<p>El pr\u00f3ximo domingo comienza la tan esperada temporada de primavera en el Hip\u00f3dromo de la Zarzuela de Madrid despu\u00e9s de un peque\u00f1o aperitivo invernal sobre la fibra madrile\u00f1a que ha servido como pre\u00e1mbulo a la gran temporada. Por nuestra parte, tras un soso inicio con \u201cHighrock Blue\u201d que, por otro lado, se hac\u00eda presagiar debido [&hellip;]<!-- AddThis Advanced Settings generic via filter on get_the_excerpt --><!-- AddThis Share Buttons generic via filter on get_the_excerpt --><\/p>\n","protected":false},"author":5,"featured_media":7058,"comment_status":"closed","ping_status":"open","sticky":false,"template":"","format":"standard","meta":{"_acf_changed":false,"_et_pb_use_builder":"","_et_pb_old_content":"","_et_gb_content_width":"","footnotes":""},"categories":[3],"tags":[],"class_list":["post-7171","post","type-post","status-publish","format-standard","has-post-thumbnail","hentry","category-noticias-cuadra-agrado"],"acf":[],"yoast_head":"<!-- This site is optimized with the Yoast SEO plugin v27.4 - https:\/\/yoast.com\/product\/yoast-seo-wordpress\/ -->\n<title>Kendaya y Powerful inician su temporada primaveral - Cuadra Agrado<\/title>\n<meta name=\"robots\" content=\"index, follow, max-snippet:-1, max-image-preview:large, max-video-preview:-1\" \/>\n<link rel=\"canonical\" href=\"https:\/\/cuadra-agrado.es\/?p=7171\" \/>\n<meta property=\"og:locale\" content=\"es_ES\" \/>\n<meta property=\"og:type\" content=\"article\" \/>\n<meta property=\"og:title\" content=\"Kendaya y Powerful inician su temporada primaveral - Cuadra Agrado\" \/>\n<meta property=\"og:description\" content=\"El pr\u00f3ximo domingo comienza la tan esperada temporada de primavera en el Hip\u00f3dromo de la Zarzuela de Madrid despu\u00e9s de un peque\u00f1o aperitivo invernal sobre la fibra madrile\u00f1a que ha servido como pre\u00e1mbulo a la gran temporada. Por nuestra parte, tras un soso inicio con \u201cHighrock Blue\u201d que, por otro lado, se hac\u00eda presagiar debido [&hellip;]\" \/>\n<meta property=\"og:url\" content=\"https:\/\/cuadra-agrado.es\/?p=7171\" \/>\n<meta property=\"og:site_name\" content=\"Cuadra Agrado\" \/>\n<meta property=\"article:published_time\" content=\"2021-03-02T11:53:05+00:00\" \/>\n<meta property=\"article:modified_time\" content=\"2024-02-27T09:14:58+00:00\" \/>\n<meta name=\"author\" content=\"Miguel Redondo\" \/>\n<meta name=\"twitter:card\" content=\"summary_large_image\" \/>\n<meta name=\"twitter:creator\" content=\"@AGRADOracing\" \/>\n<meta name=\"twitter:site\" content=\"@AGRADOracing\" \/>\n<meta name=\"twitter:label1\" content=\"Escrito por\" \/>\n\t<meta name=\"twitter:data1\" content=\"Miguel Redondo\" \/>\n\t<meta name=\"twitter:label2\" content=\"Tiempo de lectura\" \/>\n\t<meta name=\"twitter:data2\" content=\"4 minutos\" \/>\n<script type=\"application\/ld+json\" class=\"yoast-schema-graph\">{\"@context\":\"https:\\\/\\\/schema.org\",\"@graph\":[{\"@type\":\"Article\",\"@id\":\"https:\\\/\\\/cuadra-agrado.es\\\/?p=7171#article\",\"isPartOf\":{\"@id\":\"https:\\\/\\\/cuadra-agrado.es\\\/?p=7171\"},\"author\":{\"name\":\"Miguel Redondo\",\"@id\":\"https:\\\/\\\/cuadra-agrado.es\\\/#\\\/schema\\\/person\\\/3aa4f8d2373cf756d93a5526bc72f31b\"},\"headline\":\"Kendaya y Powerful inician su temporada primaveral\",\"datePublished\":\"2021-03-02T11:53:05+00:00\",\"dateModified\":\"2024-02-27T09:14:58+00:00\",\"mainEntityOfPage\":{\"@id\":\"https:\\\/\\\/cuadra-agrado.es\\\/?p=7171\"},\"wordCount\":727,\"image\":{\"@id\":\"https:\\\/\\\/cuadra-agrado.es\\\/?p=7171#primaryimage\"},\"thumbnailUrl\":\"\",\"articleSection\":[\"Actualidad\"],\"inLanguage\":\"es\"},{\"@type\":\"WebPage\",\"@id\":\"https:\\\/\\\/cuadra-agrado.es\\\/?p=7171\",\"url\":\"https:\\\/\\\/cuadra-agrado.es\\\/?p=7171\",\"name\":\"Kendaya y Powerful inician su temporada primaveral - Cuadra Agrado\",\"isPartOf\":{\"@id\":\"https:\\\/\\\/cuadra-agrado.es\\\/#website\"},\"primaryImageOfPage\":{\"@id\":\"https:\\\/\\\/cuadra-agrado.es\\\/?p=7171#primaryimage\"},\"image\":{\"@id\":\"https:\\\/\\\/cuadra-agrado.es\\\/?p=7171#primaryimage\"},\"thumbnailUrl\":\"\",\"datePublished\":\"2021-03-02T11:53:05+00:00\",\"dateModified\":\"2024-02-27T09:14:58+00:00\",\"author\":{\"@id\":\"https:\\\/\\\/cuadra-agrado.es\\\/#\\\/schema\\\/person\\\/3aa4f8d2373cf756d93a5526bc72f31b\"},\"breadcrumb\":{\"@id\":\"https:\\\/\\\/cuadra-agrado.es\\\/?p=7171#breadcrumb\"},\"inLanguage\":\"es\",\"potentialAction\":[{\"@type\":\"ReadAction\",\"target\":[\"https:\\\/\\\/cuadra-agrado.es\\\/?p=7171\"]}]},{\"@type\":\"ImageObject\",\"inLanguage\":\"es\",\"@id\":\"https:\\\/\\\/cuadra-agrado.es\\\/?p=7171#primaryimage\",\"url\":\"\",\"contentUrl\":\"\"},{\"@type\":\"BreadcrumbList\",\"@id\":\"https:\\\/\\\/cuadra-agrado.es\\\/?p=7171#breadcrumb\",\"itemListElement\":[{\"@type\":\"ListItem\",\"position\":1,\"name\":\"Portada\",\"item\":\"https:\\\/\\\/cuadra-agrado.es\\\/\"},{\"@type\":\"ListItem\",\"position\":2,\"name\":\"Kendaya y Powerful inician su temporada primaveral\"}]},{\"@type\":\"WebSite\",\"@id\":\"https:\\\/\\\/cuadra-agrado.es\\\/#website\",\"url\":\"https:\\\/\\\/cuadra-agrado.es\\\/\",\"name\":\"Cuadra Agrado\",\"description\":\"En el mundo del Turf desde 2008\",\"potentialAction\":[{\"@type\":\"SearchAction\",\"target\":{\"@type\":\"EntryPoint\",\"urlTemplate\":\"https:\\\/\\\/cuadra-agrado.es\\\/?s={search_term_string}\"},\"query-input\":{\"@type\":\"PropertyValueSpecification\",\"valueRequired\":true,\"valueName\":\"search_term_string\"}}],\"inLanguage\":\"es\"},{\"@type\":\"Person\",\"@id\":\"https:\\\/\\\/cuadra-agrado.es\\\/#\\\/schema\\\/person\\\/3aa4f8d2373cf756d93a5526bc72f31b\",\"name\":\"Miguel Redondo\",\"image\":{\"@type\":\"ImageObject\",\"inLanguage\":\"es\",\"@id\":\"https:\\\/\\\/secure.gravatar.com\\\/avatar\\\/85704fceb4fa34017e3c1344d182da00dbf772fb8856ba2b7726a2df926415b4?s=96&d=mm&r=g\",\"url\":\"https:\\\/\\\/secure.gravatar.com\\\/avatar\\\/85704fceb4fa34017e3c1344d182da00dbf772fb8856ba2b7726a2df926415b4?s=96&d=mm&r=g\",\"contentUrl\":\"https:\\\/\\\/secure.gravatar.com\\\/avatar\\\/85704fceb4fa34017e3c1344d182da00dbf772fb8856ba2b7726a2df926415b4?s=96&d=mm&r=g\",\"caption\":\"Miguel Redondo\"},\"sameAs\":[\"https:\\\/\\\/cuadra-agrado.es\"],\"url\":\"https:\\\/\\\/cuadra-agrado.es\\\/?author=5\"}]}<\/script>\n<!-- \/ Yoast SEO plugin. -->","yoast_head_json":{"title":"Kendaya y Powerful inician su temporada primaveral - Cuadra Agrado","robots":{"index":"index","follow":"follow","max-snippet":"max-snippet:-1","max-image-preview":"max-image-preview:large","max-video-preview":"max-video-preview:-1"},"canonical":"https:\/\/cuadra-agrado.es\/?p=7171","og_locale":"es_ES","og_type":"article","og_title":"Kendaya y Powerful inician su temporada primaveral - Cuadra Agrado","og_description":"El pr\u00f3ximo domingo comienza la tan esperada temporada de primavera en el Hip\u00f3dromo de la Zarzuela de Madrid despu\u00e9s de un peque\u00f1o aperitivo invernal sobre la fibra madrile\u00f1a que ha servido como pre\u00e1mbulo a la gran temporada. Por nuestra parte, tras un soso inicio con \u201cHighrock Blue\u201d que, por otro lado, se hac\u00eda presagiar debido [&hellip;]","og_url":"https:\/\/cuadra-agrado.es\/?p=7171","og_site_name":"Cuadra Agrado","article_published_time":"2021-03-02T11:53:05+00:00","article_modified_time":"2024-02-27T09:14:58+00:00","author":"Miguel Redondo","twitter_card":"summary_large_image","twitter_creator":"@AGRADOracing","twitter_site":"@AGRADOracing","twitter_misc":{"Escrito por":"Miguel Redondo","Tiempo de lectura":"4 minutos"},"schema":{"@context":"https:\/\/schema.org","@graph":[{"@type":"Article","@id":"https:\/\/cuadra-agrado.es\/?p=7171#article","isPartOf":{"@id":"https:\/\/cuadra-agrado.es\/?p=7171"},"author":{"name":"Miguel Redondo","@id":"https:\/\/cuadra-agrado.es\/#\/schema\/person\/3aa4f8d2373cf756d93a5526bc72f31b"},"headline":"Kendaya y Powerful inician su temporada primaveral","datePublished":"2021-03-02T11:53:05+00:00","dateModified":"2024-02-27T09:14:58+00:00","mainEntityOfPage":{"@id":"https:\/\/cuadra-agrado.es\/?p=7171"},"wordCount":727,"image":{"@id":"https:\/\/cuadra-agrado.es\/?p=7171#primaryimage"},"thumbnailUrl":"","articleSection":["Actualidad"],"inLanguage":"es"},{"@type":"WebPage","@id":"https:\/\/cuadra-agrado.es\/?p=7171","url":"https:\/\/cuadra-agrado.es\/?p=7171","name":"Kendaya y Powerful inician su temporada primaveral - Cuadra Agrado","isPartOf":{"@id":"https:\/\/cuadra-agrado.es\/#website"},"primaryImageOfPage":{"@id":"https:\/\/cuadra-agrado.es\/?p=7171#primaryimage"},"image":{"@id":"https:\/\/cuadra-agrado.es\/?p=7171#primaryimage"},"thumbnailUrl":"","datePublished":"2021-03-02T11:53:05+00:00","dateModified":"2024-02-27T09:14:58+00:00","author":{"@id":"https:\/\/cuadra-agrado.es\/#\/schema\/person\/3aa4f8d2373cf756d93a5526bc72f31b"},"breadcrumb":{"@id":"https:\/\/cuadra-agrado.es\/?p=7171#breadcrumb"},"inLanguage":"es","potentialAction":[{"@type":"ReadAction","target":["https:\/\/cuadra-agrado.es\/?p=7171"]}]},{"@type":"ImageObject","inLanguage":"es","@id":"https:\/\/cuadra-agrado.es\/?p=7171#primaryimage","url":"","contentUrl":""},{"@type":"BreadcrumbList","@id":"https:\/\/cuadra-agrado.es\/?p=7171#breadcrumb","itemListElement":[{"@type":"ListItem","position":1,"name":"Portada","item":"https:\/\/cuadra-agrado.es\/"},{"@type":"ListItem","position":2,"name":"Kendaya y Powerful inician su temporada primaveral"}]},{"@type":"WebSite","@id":"https:\/\/cuadra-agrado.es\/#website","url":"https:\/\/cuadra-agrado.es\/","name":"Cuadra Agrado","description":"En el mundo del Turf desde 2008","potentialAction":[{"@type":"SearchAction","target":{"@type":"EntryPoint","urlTemplate":"https:\/\/cuadra-agrado.es\/?s={search_term_string}"},"query-input":{"@type":"PropertyValueSpecification","valueRequired":true,"valueName":"search_term_string"}}],"inLanguage":"es"},{"@type":"Person","@id":"https:\/\/cuadra-agrado.es\/#\/schema\/person\/3aa4f8d2373cf756d93a5526bc72f31b","name":"Miguel Redondo","image":{"@type":"ImageObject","inLanguage":"es","@id":"https:\/\/secure.gravatar.com\/avatar\/85704fceb4fa34017e3c1344d182da00dbf772fb8856ba2b7726a2df926415b4?s=96&d=mm&r=g","url":"https:\/\/secure.gravatar.com\/avatar\/85704fceb4fa34017e3c1344d182da00dbf772fb8856ba2b7726a2df926415b4?s=96&d=mm&r=g","contentUrl":"https:\/\/secure.gravatar.com\/avatar\/85704fceb4fa34017e3c1344d182da00dbf772fb8856ba2b7726a2df926415b4?s=96&d=mm&r=g","caption":"Miguel Redondo"},"sameAs":["https:\/\/cuadra-agrado.es"],"url":"https:\/\/cuadra-agrado.es\/?author=5"}]}},"_links":{"self":[{"href":"https:\/\/cuadra-agrado.es\/index.php?rest_route=\/wp\/v2\/posts\/7171","targetHints":{"allow":["GET"]}}],"collection":[{"href":"https:\/\/cuadra-agrado.es\/index.php?rest_route=\/wp\/v2\/posts"}],"about":[{"href":"https:\/\/cuadra-agrado.es\/index.php?rest_route=\/wp\/v2\/types\/post"}],"author":[{"embeddable":true,"href":"https:\/\/cuadra-agrado.es\/index.php?rest_route=\/wp\/v2\/users\/5"}],"replies":[{"embeddable":true,"href":"https:\/\/cuadra-agrado.es\/index.php?rest_route=%2Fwp%2Fv2%2Fcomments&post=7171"}],"version-history":[{"count":0,"href":"https:\/\/cuadra-agrado.es\/index.php?rest_route=\/wp\/v2\/posts\/7171\/revisions"}],"wp:featuredmedia":[{"embeddable":true,"href":"https:\/\/cuadra-agrado.es\/index.php?rest_route=\/"}],"wp:attachment":[{"href":"https:\/\/cuadra-agrado.es\/index.php?rest_route=%2Fwp%2Fv2%2Fmedia&parent=7171"}],"wp:term":[{"taxonomy":"category","embeddable":true,"href":"https:\/\/cuadra-agrado.es\/index.php?rest_route=%2Fwp%2Fv2%2Fcategories&post=7171"},{"taxonomy":"post_tag","embeddable":true,"href":"https:\/\/cuadra-agrado.es\/index.php?rest_route=%2Fwp%2Fv2%2Ftags&post=7171"}],"curies":[{"name":"wp","href":"https:\/\/api.w.org\/{rel}","templated":true}]}}