{"id":7163,"date":"2021-02-14T18:58:56","date_gmt":"2021-02-14T18:58:56","guid":{"rendered":"https:\/\/cuadra-agrado.es\/?p=7163"},"modified":"2024-02-27T09:14:59","modified_gmt":"2024-02-27T09:14:59","slug":"highrock-blue-abre-nuestra-temporada-2021","status":"publish","type":"post","link":"https:\/\/cuadra-agrado.es\/?p=7163","title":{"rendered":"Highrock Blue abre nuestra temporada 2021"},"content":{"rendered":"<p style=\"text-align: justify;\">Comenzamos un nuevo a\u00f1o con un punto m\u00e1s de ilusi\u00f3n que en 2020 y con la confianza plena y objetivo principal de mejorar los resultados del pasado. Este a\u00f1o, igual que el anterior, abrir\u00e1 la temporada \u201c<strong>Highrock<\/strong> <strong>Blue<\/strong>\u201d que estrena su edad adulta de cuatro a\u00f1os este pr\u00f3ximo viernes en el premio Real Club Pineda de Sevilla sobre distancia de 1.900 metros.<\/p>\n<p style=\"text-align: justify;\">Ser\u00e1 su reaparici\u00f3n despu\u00e9s del desastroso GP Nacional del pasado a\u00f1o, donde lleg\u00e1bamos con muy buenas opciones despu\u00e9s de mostrarnos calidad durante gran parte del a\u00f1o cl\u00e1sico . Su primer encuentro con el barro, un incremento de distancia sustancial, y una carrera en punta demasiado valiente le hizo claudicar y escribir su primer borr\u00f3n en un historial hasta esa fecha casi impecable. Nuestro objetivo en esta primera cita no pasa por desmentir aquella carrera, cuando es evidente que su forma no est\u00e1 ni mucho menos a la altura de su mejor condici\u00f3n. Tard\u00f3 mucho en recuperar el peso perdido de aquel duro Nacional y, posterior al descanso invernal, tuvo primero unos d\u00edas de fiebre y despu\u00e9s, como todos los estabulados en Madrid, un par\u00f3n por el temporal de nieve que le trastoc\u00f3 su puesta en marcha. Una l\u00e1stima llegar con pocos trabajos y ninguno realmente serio que dejamos para la misma carrera, por lo que nos sorprender\u00eda que pudiera estar peleando en esta reaparici\u00f3n despu\u00e9s de m\u00e1s de 100 d\u00edas. Nuestro objetivo en esta primera del a\u00f1o se centra en reaparecer de manera decente e ir cogiendo ritmo de competici\u00f3n y forma en un a\u00f1o que se prev\u00e9 muy muy largo para ella y para el resto de los efectivos.<\/p>\n<p style=\"text-align: justify;\">Su estado de forma nos cre\u00f3 dudas en este inicio por confirmar el partant en las dos carreras donde ten\u00eda entrada. El objetivo con ella era centrarnos en pruebas de nacionales exclusivamente, pero finalmente, el \u201cprepa\u201d apost\u00f3 por esta de mayor distancia que le har\u00e1 ir algo m\u00e1s relajada en el recorrido. Una prueba de condici\u00f3n donde se medir\u00e1 a 6 rivales cuyo principal favorito \u201c<strong>Baba<\/strong> <strong>Karam<\/strong>\u201d, como mayor valor del lote, tiene relativamente sencilla la victoria sobre la misma distancia, que en su \u00faltima de finales de a\u00f1o pasara por ganadores. \u201c<strong>Tondero<\/strong>\u201d deber\u00eda por valores y \u00faltimas actuaciones luchar con el favorito, y no ser\u00e1 por falta de forma. Viene sin descanso despu\u00e9s de una dura carrera en punta en el d\u00eda de hoy y acumular\u00e1 ya tres seguidas en apenas 20 d\u00edas que llevamos de temporada. El resto del lote, muy similar en valores donde optaremos todos a buscar colocaciones y esperar al fallo de los dos favoritos.<\/p>\n<p style=\"text-align: justify;\">Estrenamos contrato con nuestro Jockey Ignacio Melgarejo que tratar\u00e1 de comenzar de la mejor manera posible esta temporada que la iniciamos con especial ilusi\u00f3n a su lado. Ignacio ya conoce a la yegua desde su segunda salida del a\u00f1o pasado donde consigui\u00f3 un buen tercero. Saldr\u00e1 con la intenci\u00f3n de competir en el mejor nivel posible que aporta la yegua en estos momentos, pero, como dec\u00edamos, lo m\u00e1s importante ahora es coger forma e iniciar cuanto antes el camino a su mejor condici\u00f3n que ser\u00e1 ya en la temporada de primavera. Si al final suena la flauta y el lote, en este inicio de temporada permite sorpresas, estamos convencidos que Ignacio estar\u00e1 alerta para aprovechar la ocasi\u00f3n.<\/p>\n<p style=\"text-align: justify;\">En funci\u00f3n de los resultados que obtenga en las dos o tres primeras salidas, tendremos mucho m\u00e1s clara su condici\u00f3n y valoraremos su mejor programa anual. Es nuestro primer producto de cr\u00eda y sentimos un especial orgullo por ello y, aunque ciertamente le perdonaremos muchos m\u00e1s borrones que a cualquier otro de nuestra cuadra, necesitamos que ella vuelva a ofrecernos esas pinceladas de calidad de sus primeras cuatro salidas donde no se cay\u00f3 del tr\u00edo, y que aprovech\u00f3 para salir de \u201cmaiden\u201d antes incluso de lo esperado.<\/p>\n<p style=\"text-align: justify;\">La historia no es como empieza, sino como acaba y, aunque somos conscientes de la dificultad en este inicio de temporada, una buena partida sin duda ayudar\u00e1 mucho a coger confianza\u2026..<br \/>\nMucha suerte equipo!!!<\/p>\n<!-- AddThis Advanced Settings generic via filter on the_content --><!-- AddThis Share Buttons generic via filter on the_content -->","protected":false},"excerpt":{"rendered":"<p>Comenzamos un nuevo a\u00f1o con un punto m\u00e1s de ilusi\u00f3n que en 2020 y con la confianza plena y objetivo principal de mejorar los resultados del pasado. Este a\u00f1o, igual que el anterior, abrir\u00e1 la temporada \u201cHighrock Blue\u201d que estrena su edad adulta de cuatro a\u00f1os este pr\u00f3ximo viernes en el premio Real Club Pineda [&hellip;]<!-- AddThis Advanced Settings generic via filter on get_the_excerpt --><!-- AddThis Share Buttons generic via filter on get_the_excerpt --><\/p>\n","protected":false},"author":5,"featured_media":6913,"comment_status":"closed","ping_status":"open","sticky":false,"template":"","format":"standard","meta":{"_acf_changed":false,"_et_pb_use_builder":"","_et_pb_old_content":"","_et_gb_content_width":"","footnotes":""},"categories":[3],"tags":[],"class_list":["post-7163","post","type-post","status-publish","format-standard","has-post-thumbnail","hentry","category-noticias-cuadra-agrado"],"acf":[],"yoast_head":"<!-- This site is optimized with the Yoast SEO plugin v27.4 - https:\/\/yoast.com\/product\/yoast-seo-wordpress\/ -->\n<title>Highrock Blue abre nuestra temporada 2021 - Cuadra Agrado<\/title>\n<meta name=\"robots\" content=\"index, follow, max-snippet:-1, max-image-preview:large, max-video-preview:-1\" \/>\n<link rel=\"canonical\" href=\"https:\/\/cuadra-agrado.es\/?p=7163\" \/>\n<meta property=\"og:locale\" content=\"es_ES\" \/>\n<meta property=\"og:type\" content=\"article\" \/>\n<meta property=\"og:title\" content=\"Highrock Blue abre nuestra temporada 2021 - Cuadra Agrado\" \/>\n<meta property=\"og:description\" content=\"Comenzamos un nuevo a\u00f1o con un punto m\u00e1s de ilusi\u00f3n que en 2020 y con la confianza plena y objetivo principal de mejorar los resultados del pasado. Este a\u00f1o, igual que el anterior, abrir\u00e1 la temporada \u201cHighrock Blue\u201d que estrena su edad adulta de cuatro a\u00f1os este pr\u00f3ximo viernes en el premio Real Club Pineda [&hellip;]\" \/>\n<meta property=\"og:url\" content=\"https:\/\/cuadra-agrado.es\/?p=7163\" \/>\n<meta property=\"og:site_name\" content=\"Cuadra Agrado\" \/>\n<meta property=\"article:published_time\" content=\"2021-02-14T18:58:56+00:00\" \/>\n<meta property=\"article:modified_time\" content=\"2024-02-27T09:14:59+00:00\" \/>\n<meta property=\"og:image\" content=\"https:\/\/cuadra-agrado.es\/wp-content\/uploads\/2020\/08\/530eead7-1718-4cdc-bd23-4e6b2cc1886a-1.jpg\" \/>\n\t<meta property=\"og:image:width\" content=\"1411\" \/>\n\t<meta property=\"og:image:height\" content=\"950\" \/>\n\t<meta property=\"og:image:type\" content=\"image\/jpeg\" \/>\n<meta name=\"author\" content=\"Miguel Redondo\" \/>\n<meta name=\"twitter:card\" content=\"summary_large_image\" \/>\n<meta name=\"twitter:creator\" content=\"@AGRADOracing\" \/>\n<meta name=\"twitter:site\" content=\"@AGRADOracing\" \/>\n<meta name=\"twitter:label1\" content=\"Escrito por\" \/>\n\t<meta name=\"twitter:data1\" content=\"Miguel Redondo\" \/>\n\t<meta name=\"twitter:label2\" content=\"Tiempo de lectura\" \/>\n\t<meta name=\"twitter:data2\" content=\"4 minutos\" \/>\n<script type=\"application\/ld+json\" class=\"yoast-schema-graph\">{\"@context\":\"https:\\\/\\\/schema.org\",\"@graph\":[{\"@type\":\"Article\",\"@id\":\"https:\\\/\\\/cuadra-agrado.es\\\/?p=7163#article\",\"isPartOf\":{\"@id\":\"https:\\\/\\\/cuadra-agrado.es\\\/?p=7163\"},\"author\":{\"name\":\"Miguel Redondo\",\"@id\":\"https:\\\/\\\/cuadra-agrado.es\\\/#\\\/schema\\\/person\\\/3aa4f8d2373cf756d93a5526bc72f31b\"},\"headline\":\"Highrock Blue abre nuestra temporada 2021\",\"datePublished\":\"2021-02-14T18:58:56+00:00\",\"dateModified\":\"2024-02-27T09:14:59+00:00\",\"mainEntityOfPage\":{\"@id\":\"https:\\\/\\\/cuadra-agrado.es\\\/?p=7163\"},\"wordCount\":717,\"image\":{\"@id\":\"https:\\\/\\\/cuadra-agrado.es\\\/?p=7163#primaryimage\"},\"thumbnailUrl\":\"https:\\\/\\\/cuadra-agrado.es\\\/wp-content\\\/uploads\\\/2020\\\/08\\\/530eead7-1718-4cdc-bd23-4e6b2cc1886a-1.jpg\",\"articleSection\":[\"Actualidad\"],\"inLanguage\":\"es\"},{\"@type\":\"WebPage\",\"@id\":\"https:\\\/\\\/cuadra-agrado.es\\\/?p=7163\",\"url\":\"https:\\\/\\\/cuadra-agrado.es\\\/?p=7163\",\"name\":\"Highrock Blue abre nuestra temporada 2021 - Cuadra Agrado\",\"isPartOf\":{\"@id\":\"https:\\\/\\\/cuadra-agrado.es\\\/#website\"},\"primaryImageOfPage\":{\"@id\":\"https:\\\/\\\/cuadra-agrado.es\\\/?p=7163#primaryimage\"},\"image\":{\"@id\":\"https:\\\/\\\/cuadra-agrado.es\\\/?p=7163#primaryimage\"},\"thumbnailUrl\":\"https:\\\/\\\/cuadra-agrado.es\\\/wp-content\\\/uploads\\\/2020\\\/08\\\/530eead7-1718-4cdc-bd23-4e6b2cc1886a-1.jpg\",\"datePublished\":\"2021-02-14T18:58:56+00:00\",\"dateModified\":\"2024-02-27T09:14:59+00:00\",\"author\":{\"@id\":\"https:\\\/\\\/cuadra-agrado.es\\\/#\\\/schema\\\/person\\\/3aa4f8d2373cf756d93a5526bc72f31b\"},\"breadcrumb\":{\"@id\":\"https:\\\/\\\/cuadra-agrado.es\\\/?p=7163#breadcrumb\"},\"inLanguage\":\"es\",\"potentialAction\":[{\"@type\":\"ReadAction\",\"target\":[\"https:\\\/\\\/cuadra-agrado.es\\\/?p=7163\"]}]},{\"@type\":\"ImageObject\",\"inLanguage\":\"es\",\"@id\":\"https:\\\/\\\/cuadra-agrado.es\\\/?p=7163#primaryimage\",\"url\":\"https:\\\/\\\/cuadra-agrado.es\\\/wp-content\\\/uploads\\\/2020\\\/08\\\/530eead7-1718-4cdc-bd23-4e6b2cc1886a-1.jpg\",\"contentUrl\":\"https:\\\/\\\/cuadra-agrado.es\\\/wp-content\\\/uploads\\\/2020\\\/08\\\/530eead7-1718-4cdc-bd23-4e6b2cc1886a-1.jpg\",\"width\":1411,\"height\":950},{\"@type\":\"BreadcrumbList\",\"@id\":\"https:\\\/\\\/cuadra-agrado.es\\\/?p=7163#breadcrumb\",\"itemListElement\":[{\"@type\":\"ListItem\",\"position\":1,\"name\":\"Portada\",\"item\":\"https:\\\/\\\/cuadra-agrado.es\\\/\"},{\"@type\":\"ListItem\",\"position\":2,\"name\":\"Highrock Blue abre nuestra temporada 2021\"}]},{\"@type\":\"WebSite\",\"@id\":\"https:\\\/\\\/cuadra-agrado.es\\\/#website\",\"url\":\"https:\\\/\\\/cuadra-agrado.es\\\/\",\"name\":\"Cuadra Agrado\",\"description\":\"En el mundo del Turf desde 2008\",\"potentialAction\":[{\"@type\":\"SearchAction\",\"target\":{\"@type\":\"EntryPoint\",\"urlTemplate\":\"https:\\\/\\\/cuadra-agrado.es\\\/?s={search_term_string}\"},\"query-input\":{\"@type\":\"PropertyValueSpecification\",\"valueRequired\":true,\"valueName\":\"search_term_string\"}}],\"inLanguage\":\"es\"},{\"@type\":\"Person\",\"@id\":\"https:\\\/\\\/cuadra-agrado.es\\\/#\\\/schema\\\/person\\\/3aa4f8d2373cf756d93a5526bc72f31b\",\"name\":\"Miguel Redondo\",\"image\":{\"@type\":\"ImageObject\",\"inLanguage\":\"es\",\"@id\":\"https:\\\/\\\/secure.gravatar.com\\\/avatar\\\/85704fceb4fa34017e3c1344d182da00dbf772fb8856ba2b7726a2df926415b4?s=96&d=mm&r=g\",\"url\":\"https:\\\/\\\/secure.gravatar.com\\\/avatar\\\/85704fceb4fa34017e3c1344d182da00dbf772fb8856ba2b7726a2df926415b4?s=96&d=mm&r=g\",\"contentUrl\":\"https:\\\/\\\/secure.gravatar.com\\\/avatar\\\/85704fceb4fa34017e3c1344d182da00dbf772fb8856ba2b7726a2df926415b4?s=96&d=mm&r=g\",\"caption\":\"Miguel Redondo\"},\"sameAs\":[\"https:\\\/\\\/cuadra-agrado.es\"],\"url\":\"https:\\\/\\\/cuadra-agrado.es\\\/?author=5\"}]}<\/script>\n<!-- \/ Yoast SEO plugin. -->","yoast_head_json":{"title":"Highrock Blue abre nuestra temporada 2021 - Cuadra Agrado","robots":{"index":"index","follow":"follow","max-snippet":"max-snippet:-1","max-image-preview":"max-image-preview:large","max-video-preview":"max-video-preview:-1"},"canonical":"https:\/\/cuadra-agrado.es\/?p=7163","og_locale":"es_ES","og_type":"article","og_title":"Highrock Blue abre nuestra temporada 2021 - Cuadra Agrado","og_description":"Comenzamos un nuevo a\u00f1o con un punto m\u00e1s de ilusi\u00f3n que en 2020 y con la confianza plena y objetivo principal de mejorar los resultados del pasado. Este a\u00f1o, igual que el anterior, abrir\u00e1 la temporada \u201cHighrock Blue\u201d que estrena su edad adulta de cuatro a\u00f1os este pr\u00f3ximo viernes en el premio Real Club Pineda [&hellip;]","og_url":"https:\/\/cuadra-agrado.es\/?p=7163","og_site_name":"Cuadra Agrado","article_published_time":"2021-02-14T18:58:56+00:00","article_modified_time":"2024-02-27T09:14:59+00:00","og_image":[{"width":1411,"height":950,"url":"https:\/\/cuadra-agrado.es\/wp-content\/uploads\/2020\/08\/530eead7-1718-4cdc-bd23-4e6b2cc1886a-1.jpg","type":"image\/jpeg"}],"author":"Miguel Redondo","twitter_card":"summary_large_image","twitter_creator":"@AGRADOracing","twitter_site":"@AGRADOracing","twitter_misc":{"Escrito por":"Miguel Redondo","Tiempo de lectura":"4 minutos"},"schema":{"@context":"https:\/\/schema.org","@graph":[{"@type":"Article","@id":"https:\/\/cuadra-agrado.es\/?p=7163#article","isPartOf":{"@id":"https:\/\/cuadra-agrado.es\/?p=7163"},"author":{"name":"Miguel Redondo","@id":"https:\/\/cuadra-agrado.es\/#\/schema\/person\/3aa4f8d2373cf756d93a5526bc72f31b"},"headline":"Highrock Blue abre nuestra temporada 2021","datePublished":"2021-02-14T18:58:56+00:00","dateModified":"2024-02-27T09:14:59+00:00","mainEntityOfPage":{"@id":"https:\/\/cuadra-agrado.es\/?p=7163"},"wordCount":717,"image":{"@id":"https:\/\/cuadra-agrado.es\/?p=7163#primaryimage"},"thumbnailUrl":"https:\/\/cuadra-agrado.es\/wp-content\/uploads\/2020\/08\/530eead7-1718-4cdc-bd23-4e6b2cc1886a-1.jpg","articleSection":["Actualidad"],"inLanguage":"es"},{"@type":"WebPage","@id":"https:\/\/cuadra-agrado.es\/?p=7163","url":"https:\/\/cuadra-agrado.es\/?p=7163","name":"Highrock Blue abre nuestra temporada 2021 - Cuadra Agrado","isPartOf":{"@id":"https:\/\/cuadra-agrado.es\/#website"},"primaryImageOfPage":{"@id":"https:\/\/cuadra-agrado.es\/?p=7163#primaryimage"},"image":{"@id":"https:\/\/cuadra-agrado.es\/?p=7163#primaryimage"},"thumbnailUrl":"https:\/\/cuadra-agrado.es\/wp-content\/uploads\/2020\/08\/530eead7-1718-4cdc-bd23-4e6b2cc1886a-1.jpg","datePublished":"2021-02-14T18:58:56+00:00","dateModified":"2024-02-27T09:14:59+00:00","author":{"@id":"https:\/\/cuadra-agrado.es\/#\/schema\/person\/3aa4f8d2373cf756d93a5526bc72f31b"},"breadcrumb":{"@id":"https:\/\/cuadra-agrado.es\/?p=7163#breadcrumb"},"inLanguage":"es","potentialAction":[{"@type":"ReadAction","target":["https:\/\/cuadra-agrado.es\/?p=7163"]}]},{"@type":"ImageObject","inLanguage":"es","@id":"https:\/\/cuadra-agrado.es\/?p=7163#primaryimage","url":"https:\/\/cuadra-agrado.es\/wp-content\/uploads\/2020\/08\/530eead7-1718-4cdc-bd23-4e6b2cc1886a-1.jpg","contentUrl":"https:\/\/cuadra-agrado.es\/wp-content\/uploads\/2020\/08\/530eead7-1718-4cdc-bd23-4e6b2cc1886a-1.jpg","width":1411,"height":950},{"@type":"BreadcrumbList","@id":"https:\/\/cuadra-agrado.es\/?p=7163#breadcrumb","itemListElement":[{"@type":"ListItem","position":1,"name":"Portada","item":"https:\/\/cuadra-agrado.es\/"},{"@type":"ListItem","position":2,"name":"Highrock Blue abre nuestra temporada 2021"}]},{"@type":"WebSite","@id":"https:\/\/cuadra-agrado.es\/#website","url":"https:\/\/cuadra-agrado.es\/","name":"Cuadra Agrado","description":"En el mundo del Turf desde 2008","potentialAction":[{"@type":"SearchAction","target":{"@type":"EntryPoint","urlTemplate":"https:\/\/cuadra-agrado.es\/?s={search_term_string}"},"query-input":{"@type":"PropertyValueSpecification","valueRequired":true,"valueName":"search_term_string"}}],"inLanguage":"es"},{"@type":"Person","@id":"https:\/\/cuadra-agrado.es\/#\/schema\/person\/3aa4f8d2373cf756d93a5526bc72f31b","name":"Miguel Redondo","image":{"@type":"ImageObject","inLanguage":"es","@id":"https:\/\/secure.gravatar.com\/avatar\/85704fceb4fa34017e3c1344d182da00dbf772fb8856ba2b7726a2df926415b4?s=96&d=mm&r=g","url":"https:\/\/secure.gravatar.com\/avatar\/85704fceb4fa34017e3c1344d182da00dbf772fb8856ba2b7726a2df926415b4?s=96&d=mm&r=g","contentUrl":"https:\/\/secure.gravatar.com\/avatar\/85704fceb4fa34017e3c1344d182da00dbf772fb8856ba2b7726a2df926415b4?s=96&d=mm&r=g","caption":"Miguel Redondo"},"sameAs":["https:\/\/cuadra-agrado.es"],"url":"https:\/\/cuadra-agrado.es\/?author=5"}]}},"_links":{"self":[{"href":"https:\/\/cuadra-agrado.es\/index.php?rest_route=\/wp\/v2\/posts\/7163","targetHints":{"allow":["GET"]}}],"collection":[{"href":"https:\/\/cuadra-agrado.es\/index.php?rest_route=\/wp\/v2\/posts"}],"about":[{"href":"https:\/\/cuadra-agrado.es\/index.php?rest_route=\/wp\/v2\/types\/post"}],"author":[{"embeddable":true,"href":"https:\/\/cuadra-agrado.es\/index.php?rest_route=\/wp\/v2\/users\/5"}],"replies":[{"embeddable":true,"href":"https:\/\/cuadra-agrado.es\/index.php?rest_route=%2Fwp%2Fv2%2Fcomments&post=7163"}],"version-history":[{"count":0,"href":"https:\/\/cuadra-agrado.es\/index.php?rest_route=\/wp\/v2\/posts\/7163\/revisions"}],"wp:featuredmedia":[{"embeddable":true,"href":"https:\/\/cuadra-agrado.es\/index.php?rest_route=\/wp\/v2\/media\/6913"}],"wp:attachment":[{"href":"https:\/\/cuadra-agrado.es\/index.php?rest_route=%2Fwp%2Fv2%2Fmedia&parent=7163"}],"wp:term":[{"taxonomy":"category","embeddable":true,"href":"https:\/\/cuadra-agrado.es\/index.php?rest_route=%2Fwp%2Fv2%2Fcategories&post=7163"},{"taxonomy":"post_tag","embeddable":true,"href":"https:\/\/cuadra-agrado.es\/index.php?rest_route=%2Fwp%2Fv2%2Ftags&post=7163"}],"curies":[{"name":"wp","href":"https:\/\/api.w.org\/{rel}","templated":true}]}}