{"id":7145,"date":"2020-12-21T08:59:56","date_gmt":"2020-12-21T08:59:56","guid":{"rendered":"https:\/\/cuadra-agrado.es\/?p=7145"},"modified":"2024-02-27T09:14:59","modified_gmt":"2024-02-27T09:14:59","slug":"un-desolador-panorama-2020-dara-luz-a-la-futura-esperanza","status":"publish","type":"post","link":"https:\/\/cuadra-agrado.es\/?p=7145","title":{"rendered":"Un desolador panorama 2020 dar\u00e1 luz a la futura esperanza"},"content":{"rendered":"<p style=\"text-align: justify;\">En breve finalizamos un a\u00f1o at\u00edpico donde una terrible pandemia se ha llevado por delante demasiadas ilusiones y proyectos. Definitivamente, ha sido un a\u00f1o para olvidar, y tambi\u00e9n para constatar la debilidad del ser humano como el ser vivo m\u00e1s fuerte de nuestro planeta. La actividad que d\u00eda a d\u00eda nos hace seguir vivos nos ha deparado muchos golpes que, en muchos casos han sido letales, y en otros muchos han ocasionado da\u00f1inas situaciones sociales y sanitarias casi irreversibles.<\/p>\n<p style=\"text-align: justify;\">Si nos centramos en nuestro mundo socio-cultural y deportivo, todo nuestro sector ha sido vapuleado y azotado sin piedad ni compasi\u00f3n por un incontrolado virus. Desde el inicio de la pandemia, han surgido varios art\u00edculos sobre el \u201cdespu\u00e9s\u201d en el mundo de la cultura, los cuales indican la necesidad de cambios profundos en las pol\u00edticas culturales. No hay m\u00e1s que dar una vuelta por alguno de estos sectores para ver la virulencia del tremendo efecto Covid-19 desde que se desatara la pandemia.<\/p>\n<p style=\"text-align: justify;\">En <strong>teatros<\/strong>, la reducci\u00f3n de aforo a un 65% no fue el mayor de los problemas. M\u00e1s de 5.500 trabajadores de artes esc\u00e9nicas se acogieron a ERTES con una ca\u00edda en taquillas de m\u00e1s de 200 millones en periodo de pandemia y donde m\u00e1s del 50% de los teatros ha echado el tel\u00f3n, quien sabe si definitivo en muchos de ellos. Si hablamos de esos peculiares <strong>Tablaos Flamencos<\/strong> como identidad de nuestra cultura al exterior, m\u00e1s de ocho meses cerrados. Los ingresos de casi 7 millones de visitantes internacionales se esfumaron por el efecto Covid. A d\u00eda de hoy, m\u00e1s del 90% permanecen cerrados, y estos datos pueden derivar a que m\u00e1s del 50% de los artistas flamencos desaparezcan definitivamente del mapa cultural.<\/p>\n<p style=\"text-align: justify;\">El inmortal<strong> cine<\/strong> desde que comenzara la pandemia, ha sido un goteo de cierres de salas que ha derivado en cancelaci\u00f3n de estrenos y muy pocos nuevos lanzamientos cinematogr\u00e1ficos. En Espa\u00f1a se han recaudado apenas 150 millones frente a los casi 500 del pasado a\u00f1o. Tambi\u00e9n tenemos el ejemplo de las <strong>galer\u00edas de arte<\/strong> que se han visto afectadas en un 80% con un cierre temporal de sus puertas al p\u00fablico, o aplazadas sus presentaciones, y las pocas que tienen el valor de abrir, apenas generan ingresos para mantener sus exposiciones. Por poner un ejemplo, en el \u00faltimo ARCO las \u00fanicas firmas espa\u00f1olas vendieron un 52% menos que el a\u00f1o anterior y un 93% reconocieron vender menos que el a\u00f1o anterior.<br \/>\nEn cuanto a los <strong>museos<\/strong>, la<strong>\u00a0<\/strong>escasa presencia de turistas\u00a0por la pandemia del\u00a0<em>coronavirus<\/em>\u00a0ha provocado un gran descenso en las visitas de los principales museos espa\u00f1oles, que han visto reducido su p\u00fablico a alrededor de un tercio, o incluso menos, respecto al que recibieron el pasado a\u00f1o por las mismas fechas. Poniendo el ejemplo del museo por excelencia en nuestro pa\u00eds como es el Museo del Prado, seg\u00fan fuentes del propio museo, el verano de 2019 recibi\u00f3 819.998 visitantes, muy lejos de los 141.508 de este a\u00f1o.<\/p>\n<p style=\"text-align: justify;\">La situaci\u00f3n de <strong>los circos<\/strong> en nuestro pa\u00eds tampoco deja lugar a dudas. La pandemia ha sumido a este sector, de amplia tradici\u00f3n y prestigio en Espa\u00f1a en el abismo, pues desde el pasado mes de marzo casi ninguno de los 45 circos espa\u00f1oles ha podido montar sus carpas, salvo alguna excepci\u00f3n. Una crisis sin precedentes, que los representantes del sector califican de \u201chundimiento\u201d y que afecta a 10.000 profesionales y a m\u00e1s de 2.500 familias que viven de esta actividad.<\/p>\n<p style=\"text-align: justify;\">M\u00e1s de lo mismo podr\u00edamos decir con respecto a esa fiesta nacional de <strong>los toros<\/strong>. La\u00a0<em>g<\/em><em>ran recesi\u00f3n<\/em>\u00a0motiv\u00f3 una fuerte reducci\u00f3n en el n\u00famero total de festejos taurinos celebrados en Espa\u00f1a, propiciando un descenso superior al 86% durante la temporada de primavera-verano. En clave gen\u00e9tica, esto supone el\u00a0<strong>sacrificio de al menos 12.000 animales bravos<\/strong>, que se traduce en incalculables p\u00e9rdidas para los diferentes ganaderos del toro de lidia.<\/p>\n<p style=\"text-align: justify;\">Desgraciadamente, tampoco se han librado los <strong>eventos deportivos <\/strong>que engrandecen y dan pasi\u00f3n a nuestro pa\u00eds. Competiciones<strong>\u00a0<\/strong>canceladas, o aplazadas en el mejor de los casos. Gradas vac\u00edas. Audiencias estancadas. Ventas de\u00a0\u201cmerchandising\u201d<em>\u00a0<\/em>paralizadas durante meses. El n\u00famero de acontecimientos deportivos se ha reducido a la mitad por efecto de la Covid, de acuerdo con un estudio de la consultora \u201cTwo Circles\u201d. Dicho de otra manera, tan s\u00f3lo el 51% de todas las actividades programadas han podido llevarse a cabo este a\u00f1o.<\/p>\n<p style=\"text-align: justify;\">Con todas estas cifras ca\u00f3ticas en todo el escenario socio cultural y deportivo de nuestro pa\u00eds, nuestras <strong>carreras de caballos<\/strong> han sido uno de los espect\u00e1culos privilegiados dentro de un desastre generalizado. Obligatoriamente, tuvimos que cancelar las jornadas hasta el mes de junio, pero los profesionales siguieron trabajando y cuidando de nuestros caballos desde el primer d\u00eda de pandemia. Fuimos uno de los primeros eventos deportivos en volver a escena por delante incluso del f\u00fatbol o basket como principales referentes de nuestro deporte. Las dotaciones de premios sufrieron una l\u00f3gica y obligada reducci\u00f3n inicial que, posteriormente fueron livianamente compensadas en lo posible, pero el porcentaje global, en ning\u00fan caso se asemej\u00f3 a los vastos y tenebrosos n\u00fameros del resto de las actividades del sector.<\/p>\n<p style=\"text-align: justify;\">Se realizaron enormes esfuerzos por parte de nuestros responsables para dar continuidad a los nuevos programas, y se trabaj\u00f3 duro en medidas de seguridad y prevenci\u00f3n anti-covid que supusieron un acceso responsable de aficionados seg\u00fan aforo permitido. Todas las medidas adoptadas han sido avaladas posteriormente con la continuidad de todas las jornadas sin aplazamiento alguno desde junio, y que han servido para mantener la confianza de SEPI y SELAE como principales precursores para cumplir escrupulosamente un calendario provisional que, semana a semana se hac\u00eda definitivo. El Hip\u00f3dromo de la Zarzuela se convirti\u00f3 en uno de los pocos lugares abiertos al ocio durante gran parte de la pandemia, que ha servido como v\u00edas de escape para gran parte de la afici\u00f3n, y otros ne\u00f3fitos en este mundo que descubrieron un nuevo espect\u00e1culo para rellenar sus vidas.<\/p>\n<p style=\"text-align: justify;\">Muy poco m\u00e1s que a\u00f1adir, el que no quiera ver nuestra fortuna y la buena gesti\u00f3n realizada, o qued\u00f3 ciego hace tiempo, o se olvid\u00f3 quitarse el capuch\u00f3n despu\u00e9s de entrar en cajones. Los n\u00fameros y los resultados ya pr\u00f3ximos a finalizar el a\u00f1o son suficientemente positivos, dentro de la debacle de la cruda realidad pand\u00e9mica, como para agradecer y felicitar una vez m\u00e1s a los responsables de los hip\u00f3dromos de Madrid y San Sebasti\u00e1n como principales art\u00edfices del logro, y a la Asociaci\u00f3n de Hip\u00f3dromos como enlace de todas las gestiones realizadas con las distintas Administraciones P\u00fablicas, que han ayudado y confiado en nuestro singular espect\u00e1culo basado en planes de viabilidad futuros para la continuidad y el desarrollo de nuestras carreras, a\u00fan en tiempos de pandemia.<\/p>\n<p style=\"text-align: justify;\">Y con todo lo que est\u00e1 cayendo, los pocos detractores y antagonistas que abanderan la cara rancia de nuestro turf contin\u00faan ensuciando y perjudicando el panorama con sus cr\u00edticas y reproches basados en un pernicioso resentimiento ego\u00edsta y eg\u00f3latra del todo absurdo e impropios a todas luces de tan noble afici\u00f3n. Cobardes personajes que se ocultan tras un \u201cNick\u201d dentro de un foro venido a menos, donde se les permite dilapidar a cualquiera que no piense como ellos. Las aportaciones a nuestro sector de estos \u201cHooligans del turf\u201d son nulas, y las \u00fanicas que aportan las sirven en una vasta cazuela de viejo barro agrietado, rebosante de confrontaciones permanentes, ali\u00f1adas con esferas de rencor y emulsionadas con chabacanas falsedades y descalificaciones. Su lamentable protagonismo no merece una l\u00ednea m\u00e1s\u2026.<\/p>\n<p style=\"text-align: justify;\">Termina un a\u00f1o muy dif\u00edcil para todos y que queremos soterrar con un nuevo a\u00f1o de esperanza y retorno a esa nueva normalidad de la que tanto se habla y se espera con la inminente llegada de la deseada vacuna. En cuanto a nuestro a\u00f1o turf\u00edstico, dentro de lo que ha llovido, hemos cumplido nuestro principal objetivo de disfrutar un a\u00f1o m\u00e1s. Tres victorias y once colocaciones son buenos n\u00fameros para entrar de nuevo en el top 15 de la estad\u00edstica de propietarios con tan solo 4 efectivos. Iniciaremos un nuevo a\u00f1o de turf con la firme intenci\u00f3n de mejorar esas ratios con viejas y nuevas caras que pondremos en escena a partir de la pr\u00f3xima temporada, y que repasamos uno a uno. Estos son los 6 representantes que comenzar\u00e1n a defender nuestros colores en 2021.<\/p>\n<p style=\"text-align: justify;\"><strong>BARBARIGO<\/strong>: Viejo gladiador que entra ya en sus 7 a\u00f1os y que, en funci\u00f3n de c\u00f3mo se desarrolle la temporada, podr\u00eda ser su \u00faltimo en competici\u00f3n. Sus a\u00f1os no pasan en balde y, aunque ha dado alguna muestra de fiabilidad en esta \u00faltima parte del a\u00f1o, se nos hace dif\u00edcil pueda retornar a dar aquellos altos valores donde era capaz de fajarse en Grandes Premios milleros. Nuestra intenci\u00f3n con \u00e9l seguir\u00e1 siendo luchar cada una de las carreras que tenga en su calendario y tratar de mantenerse en ese 39-40 de valor hasta el momento de su despedida. Con m\u00e1s de 117.000 euros en premios, ya se ha ganado todo nuestro respeto y cari\u00f1o como para acompa\u00f1ar a los Orlov, Rany\u00e1n y Valiant Blue en su nueva vida en la yeguada. Ojal\u00e1 los problemas de salud no vayan a m\u00e1s y podamos disfrutar de \u00e9l un a\u00f1o m\u00e1s en competici\u00f3n. Ma\u00f1ana tiene prevista su salida a la yeguada para pasar estas fiestas navide\u00f1as alejado de la competici\u00f3n y disfrutando de los prados.<\/p>\n<p style=\"text-align: justify;\"><strong>POWERFUL SOLE<\/strong>: Aquel dos a\u00f1os que adquirimos en FR entra ya en sus cinco a\u00f1os. Un caballo de esos que nos gusta tener y disfrutar de \u00e9l, siempre con una valoraci\u00f3n alta en el h\u00e1ndicap y que ya suma m\u00e1s de 60.000 euros en ganancias. Este a\u00f1o, trataremos de consolidar su nuevo metraje en pruebas de distancias entre 1.400 y 1.600 metros donde parece encontrase mucho m\u00e1s c\u00f3modo y relajado. Vamos a ver hasta d\u00f3nde podemos llegar con \u00e9l en este nuevo escenario donde ya dio muestras de calidad en la pasada preparatoria al Hispanidad. Acompa\u00f1ar\u00e1 a Barbarigo a tomar un descanso en la yeguada y despejar tambi\u00e9n su cabeza demasiado cargada de competici\u00f3n durante m\u00e1s de dos a\u00f1os.<\/p>\n<p style=\"text-align: justify;\"><strong>HIGHROCK BLUE<\/strong>: Nuestro primer producto de cr\u00eda seguir\u00e1 con nosotros una vez que demostr\u00f3 su capacidad para galopar en su edad cl\u00e1sica. Un solo borr\u00f3n en el GP Nacional que trataremos de desmentir en las primeras jornadas de primavera con la confianza de poder compartir con ella nuevas y emotivas victorias. Su calendario muy posiblemente se centrar\u00e1 exclusivamente en pruebas de nacionales sobre distancia, siendo su principal objetivo este a\u00f1o proclamarse como el mejor producto de \u201cCeltic Rock\u201d.<\/p>\n<p style=\"text-align: justify;\"><strong>KENDAYA<\/strong>: Ha sido una de las revelaciones de dos a\u00f1os de nuestro turf, y por ello, se convierte en la mayor ilusi\u00f3n futura para nuestra cuadra. Pas\u00f3 un calvario en sus primeros meses de competici\u00f3n teniendo que pasar por quir\u00f3fano y, a contrarreloj, estuvo a punto de concedernos nuestro primer Gran Premio en la carrera de la Subasta Acpsie, volviendo a confirmar despu\u00e9s en la siguiente de entidad. Vamos a ver c\u00f3mo toma su edad cl\u00e1sica y, si todo va bien, el primer objetivo de primavera ser\u00e1 lograr esa primera victoria que ya ha merecido este a\u00f1o, y luchar la Poule de potrancas para el pr\u00f3ximo a\u00f1o.<\/p>\n<p style=\"text-align: justify;\"><strong>OCEANIC BLUE<\/strong>: Propia hermana de Highrock con un mejorado f\u00edsico ser\u00e1 nuestra dos a\u00f1os nacional para el pr\u00f3ximo a\u00f1o. Desde este mes est\u00e1 ya trabajando en la yeguada, y nuestra intenci\u00f3n con ella es estabularla en el mes de marzo en HZ para continuar su proyecci\u00f3n bajo las \u00f3rdenes de nuestro preparador. Sus primeros trabajos en la pista pre-training nos ofrecen buenas perspectivas y, aunque ya su hermana nos demostr\u00f3 que no es yegua de dos a\u00f1os, muy probablemente sus mejores atributos f\u00edsicos nos podr\u00edan ofrecer esa opci\u00f3n de debut en el pr\u00f3ximo oto\u00f1o.<\/p>\n<p style=\"text-align: justify;\"><strong>KENDOR BLUE<\/strong>: Nuestra \u00faltima adquisici\u00f3n desde <em>Arqana <\/em>que a\u00f1ade otra taza de ilusi\u00f3n a nuestro futuro proyecto. Un bonito yearling tordo hijo de \u201cKendargent\u201d y madre por \u201cMontjeu\u201d. Bonito origen y precioso potro que ya desde el pasado mes se encuentra trabajando bajo las \u00f3rdenes de Eduardo Buz\u00f3n. Sus or\u00edgenes no marcan precocidad, pero algo tiene este tordo que bien pudiera hacer cambiar su calendario para iniciarse en la competici\u00f3n. De momento, es todav\u00eda muy pronto para definir su futuro inmediato, pero la semilla ya parece haber germinado y el tiempo nos dir\u00e1 si su florecimiento es como realmente deseamos y esperamos de \u00e9l.<\/p>\n<p style=\"text-align: justify;\">En breve comenzar\u00e1 nuestro 13er a\u00f1o en el turf y como siempre que comenzamos, estamos cargados de ilusi\u00f3n para disfrutar de un nuevo a\u00f1o. Este pr\u00f3ximo a\u00f1o, consolidamos un nuevo proyecto que iniciamos hace tiempo con un viejo de mucha calidad, un cinco a\u00f1os en su mejor momento, dos buenas yeguas en edad cl\u00e1sica, y una pareja de dos a\u00f1os con mucha proyecci\u00f3n. Todos ellos estabulados en el Hip\u00f3dromo de la Zarzuela de Madrid bajo la preparaci\u00f3n de Eduardo Buz\u00f3n que, despu\u00e9s de este primer a\u00f1o de rodaje nuevamente en nuestro circuito, estar\u00e1 en disposici\u00f3n de volver a darnos muchos d\u00edas de satisfacci\u00f3n. Para completar el equipo, este pr\u00f3ximo a\u00f1o tambi\u00e9n contaremos con Ignacio Melgarejo como jockey de cuadra en el que podr\u00eda ser su mejor a\u00f1o como profesional despu\u00e9s de un magnifico a\u00f1o donde ya ha ense\u00f1ado los ases que bajo la manga ten\u00eda guardados.<\/p>\n<p style=\"text-align: justify;\">Felices fiestas para todos y que la nueva normalidad para 2021 traiga consigo la mejor de las fortunas econ\u00f3micas, sociales y sanitarias para todos.<\/p>\n<!-- AddThis Advanced Settings generic via filter on the_content --><!-- AddThis Share Buttons generic via filter on the_content -->","protected":false},"excerpt":{"rendered":"<p>En breve finalizamos un a\u00f1o at\u00edpico donde una terrible pandemia se ha llevado por delante demasiadas ilusiones y proyectos. Definitivamente, ha sido un a\u00f1o para olvidar, y tambi\u00e9n para constatar la debilidad del ser humano como el ser vivo m\u00e1s fuerte de nuestro planeta. La actividad que d\u00eda a d\u00eda nos hace seguir vivos nos [&hellip;]<!-- AddThis Advanced Settings generic via filter on get_the_excerpt --><!-- AddThis Share Buttons generic via filter on get_the_excerpt --><\/p>\n","protected":false},"author":5,"featured_media":0,"comment_status":"closed","ping_status":"open","sticky":false,"template":"","format":"standard","meta":{"_acf_changed":false,"_et_pb_use_builder":"","_et_pb_old_content":"","_et_gb_content_width":"","footnotes":""},"categories":[3],"tags":[],"class_list":["post-7145","post","type-post","status-publish","format-standard","hentry","category-noticias-cuadra-agrado"],"acf":[],"yoast_head":"<!-- This site is optimized with the Yoast SEO plugin v27.4 - https:\/\/yoast.com\/product\/yoast-seo-wordpress\/ -->\n<title>Un desolador panorama 2020 dar\u00e1 luz a la futura esperanza - Cuadra Agrado<\/title>\n<meta name=\"robots\" content=\"index, follow, max-snippet:-1, max-image-preview:large, max-video-preview:-1\" \/>\n<link rel=\"canonical\" href=\"https:\/\/cuadra-agrado.es\/?p=7145\" \/>\n<meta property=\"og:locale\" content=\"es_ES\" \/>\n<meta property=\"og:type\" content=\"article\" \/>\n<meta property=\"og:title\" content=\"Un desolador panorama 2020 dar\u00e1 luz a la futura esperanza - Cuadra Agrado\" \/>\n<meta property=\"og:description\" content=\"En breve finalizamos un a\u00f1o at\u00edpico donde una terrible pandemia se ha llevado por delante demasiadas ilusiones y proyectos. Definitivamente, ha sido un a\u00f1o para olvidar, y tambi\u00e9n para constatar la debilidad del ser humano como el ser vivo m\u00e1s fuerte de nuestro planeta. La actividad que d\u00eda a d\u00eda nos hace seguir vivos nos [&hellip;]\" \/>\n<meta property=\"og:url\" content=\"https:\/\/cuadra-agrado.es\/?p=7145\" \/>\n<meta property=\"og:site_name\" content=\"Cuadra Agrado\" \/>\n<meta property=\"article:published_time\" content=\"2020-12-21T08:59:56+00:00\" \/>\n<meta property=\"article:modified_time\" content=\"2024-02-27T09:14:59+00:00\" \/>\n<meta name=\"author\" content=\"Miguel Redondo\" \/>\n<meta name=\"twitter:card\" content=\"summary_large_image\" \/>\n<meta name=\"twitter:creator\" content=\"@AGRADOracing\" \/>\n<meta name=\"twitter:site\" content=\"@AGRADOracing\" \/>\n<meta name=\"twitter:label1\" content=\"Escrito por\" \/>\n\t<meta name=\"twitter:data1\" content=\"Miguel Redondo\" \/>\n\t<meta name=\"twitter:label2\" content=\"Tiempo de lectura\" \/>\n\t<meta name=\"twitter:data2\" content=\"12 minutos\" \/>\n<script type=\"application\/ld+json\" class=\"yoast-schema-graph\">{\"@context\":\"https:\\\/\\\/schema.org\",\"@graph\":[{\"@type\":\"Article\",\"@id\":\"https:\\\/\\\/cuadra-agrado.es\\\/?p=7145#article\",\"isPartOf\":{\"@id\":\"https:\\\/\\\/cuadra-agrado.es\\\/?p=7145\"},\"author\":{\"name\":\"Miguel Redondo\",\"@id\":\"https:\\\/\\\/cuadra-agrado.es\\\/#\\\/schema\\\/person\\\/3aa4f8d2373cf756d93a5526bc72f31b\"},\"headline\":\"Un desolador panorama 2020 dar\u00e1 luz a la futura esperanza\",\"datePublished\":\"2020-12-21T08:59:56+00:00\",\"dateModified\":\"2024-02-27T09:14:59+00:00\",\"mainEntityOfPage\":{\"@id\":\"https:\\\/\\\/cuadra-agrado.es\\\/?p=7145\"},\"wordCount\":2412,\"articleSection\":[\"Actualidad\"],\"inLanguage\":\"es\"},{\"@type\":\"WebPage\",\"@id\":\"https:\\\/\\\/cuadra-agrado.es\\\/?p=7145\",\"url\":\"https:\\\/\\\/cuadra-agrado.es\\\/?p=7145\",\"name\":\"Un desolador panorama 2020 dar\u00e1 luz a la futura esperanza - Cuadra Agrado\",\"isPartOf\":{\"@id\":\"https:\\\/\\\/cuadra-agrado.es\\\/#website\"},\"datePublished\":\"2020-12-21T08:59:56+00:00\",\"dateModified\":\"2024-02-27T09:14:59+00:00\",\"author\":{\"@id\":\"https:\\\/\\\/cuadra-agrado.es\\\/#\\\/schema\\\/person\\\/3aa4f8d2373cf756d93a5526bc72f31b\"},\"breadcrumb\":{\"@id\":\"https:\\\/\\\/cuadra-agrado.es\\\/?p=7145#breadcrumb\"},\"inLanguage\":\"es\",\"potentialAction\":[{\"@type\":\"ReadAction\",\"target\":[\"https:\\\/\\\/cuadra-agrado.es\\\/?p=7145\"]}]},{\"@type\":\"BreadcrumbList\",\"@id\":\"https:\\\/\\\/cuadra-agrado.es\\\/?p=7145#breadcrumb\",\"itemListElement\":[{\"@type\":\"ListItem\",\"position\":1,\"name\":\"Portada\",\"item\":\"https:\\\/\\\/cuadra-agrado.es\\\/\"},{\"@type\":\"ListItem\",\"position\":2,\"name\":\"Un desolador panorama 2020 dar\u00e1 luz a la futura esperanza\"}]},{\"@type\":\"WebSite\",\"@id\":\"https:\\\/\\\/cuadra-agrado.es\\\/#website\",\"url\":\"https:\\\/\\\/cuadra-agrado.es\\\/\",\"name\":\"Cuadra Agrado\",\"description\":\"En el mundo del Turf desde 2008\",\"potentialAction\":[{\"@type\":\"SearchAction\",\"target\":{\"@type\":\"EntryPoint\",\"urlTemplate\":\"https:\\\/\\\/cuadra-agrado.es\\\/?s={search_term_string}\"},\"query-input\":{\"@type\":\"PropertyValueSpecification\",\"valueRequired\":true,\"valueName\":\"search_term_string\"}}],\"inLanguage\":\"es\"},{\"@type\":\"Person\",\"@id\":\"https:\\\/\\\/cuadra-agrado.es\\\/#\\\/schema\\\/person\\\/3aa4f8d2373cf756d93a5526bc72f31b\",\"name\":\"Miguel Redondo\",\"image\":{\"@type\":\"ImageObject\",\"inLanguage\":\"es\",\"@id\":\"https:\\\/\\\/secure.gravatar.com\\\/avatar\\\/85704fceb4fa34017e3c1344d182da00dbf772fb8856ba2b7726a2df926415b4?s=96&d=mm&r=g\",\"url\":\"https:\\\/\\\/secure.gravatar.com\\\/avatar\\\/85704fceb4fa34017e3c1344d182da00dbf772fb8856ba2b7726a2df926415b4?s=96&d=mm&r=g\",\"contentUrl\":\"https:\\\/\\\/secure.gravatar.com\\\/avatar\\\/85704fceb4fa34017e3c1344d182da00dbf772fb8856ba2b7726a2df926415b4?s=96&d=mm&r=g\",\"caption\":\"Miguel Redondo\"},\"sameAs\":[\"https:\\\/\\\/cuadra-agrado.es\"],\"url\":\"https:\\\/\\\/cuadra-agrado.es\\\/?author=5\"}]}<\/script>\n<!-- \/ Yoast SEO plugin. -->","yoast_head_json":{"title":"Un desolador panorama 2020 dar\u00e1 luz a la futura esperanza - Cuadra Agrado","robots":{"index":"index","follow":"follow","max-snippet":"max-snippet:-1","max-image-preview":"max-image-preview:large","max-video-preview":"max-video-preview:-1"},"canonical":"https:\/\/cuadra-agrado.es\/?p=7145","og_locale":"es_ES","og_type":"article","og_title":"Un desolador panorama 2020 dar\u00e1 luz a la futura esperanza - Cuadra Agrado","og_description":"En breve finalizamos un a\u00f1o at\u00edpico donde una terrible pandemia se ha llevado por delante demasiadas ilusiones y proyectos. Definitivamente, ha sido un a\u00f1o para olvidar, y tambi\u00e9n para constatar la debilidad del ser humano como el ser vivo m\u00e1s fuerte de nuestro planeta. La actividad que d\u00eda a d\u00eda nos hace seguir vivos nos [&hellip;]","og_url":"https:\/\/cuadra-agrado.es\/?p=7145","og_site_name":"Cuadra Agrado","article_published_time":"2020-12-21T08:59:56+00:00","article_modified_time":"2024-02-27T09:14:59+00:00","author":"Miguel Redondo","twitter_card":"summary_large_image","twitter_creator":"@AGRADOracing","twitter_site":"@AGRADOracing","twitter_misc":{"Escrito por":"Miguel Redondo","Tiempo de lectura":"12 minutos"},"schema":{"@context":"https:\/\/schema.org","@graph":[{"@type":"Article","@id":"https:\/\/cuadra-agrado.es\/?p=7145#article","isPartOf":{"@id":"https:\/\/cuadra-agrado.es\/?p=7145"},"author":{"name":"Miguel Redondo","@id":"https:\/\/cuadra-agrado.es\/#\/schema\/person\/3aa4f8d2373cf756d93a5526bc72f31b"},"headline":"Un desolador panorama 2020 dar\u00e1 luz a la futura esperanza","datePublished":"2020-12-21T08:59:56+00:00","dateModified":"2024-02-27T09:14:59+00:00","mainEntityOfPage":{"@id":"https:\/\/cuadra-agrado.es\/?p=7145"},"wordCount":2412,"articleSection":["Actualidad"],"inLanguage":"es"},{"@type":"WebPage","@id":"https:\/\/cuadra-agrado.es\/?p=7145","url":"https:\/\/cuadra-agrado.es\/?p=7145","name":"Un desolador panorama 2020 dar\u00e1 luz a la futura esperanza - Cuadra Agrado","isPartOf":{"@id":"https:\/\/cuadra-agrado.es\/#website"},"datePublished":"2020-12-21T08:59:56+00:00","dateModified":"2024-02-27T09:14:59+00:00","author":{"@id":"https:\/\/cuadra-agrado.es\/#\/schema\/person\/3aa4f8d2373cf756d93a5526bc72f31b"},"breadcrumb":{"@id":"https:\/\/cuadra-agrado.es\/?p=7145#breadcrumb"},"inLanguage":"es","potentialAction":[{"@type":"ReadAction","target":["https:\/\/cuadra-agrado.es\/?p=7145"]}]},{"@type":"BreadcrumbList","@id":"https:\/\/cuadra-agrado.es\/?p=7145#breadcrumb","itemListElement":[{"@type":"ListItem","position":1,"name":"Portada","item":"https:\/\/cuadra-agrado.es\/"},{"@type":"ListItem","position":2,"name":"Un desolador panorama 2020 dar\u00e1 luz a la futura esperanza"}]},{"@type":"WebSite","@id":"https:\/\/cuadra-agrado.es\/#website","url":"https:\/\/cuadra-agrado.es\/","name":"Cuadra Agrado","description":"En el mundo del Turf desde 2008","potentialAction":[{"@type":"SearchAction","target":{"@type":"EntryPoint","urlTemplate":"https:\/\/cuadra-agrado.es\/?s={search_term_string}"},"query-input":{"@type":"PropertyValueSpecification","valueRequired":true,"valueName":"search_term_string"}}],"inLanguage":"es"},{"@type":"Person","@id":"https:\/\/cuadra-agrado.es\/#\/schema\/person\/3aa4f8d2373cf756d93a5526bc72f31b","name":"Miguel Redondo","image":{"@type":"ImageObject","inLanguage":"es","@id":"https:\/\/secure.gravatar.com\/avatar\/85704fceb4fa34017e3c1344d182da00dbf772fb8856ba2b7726a2df926415b4?s=96&d=mm&r=g","url":"https:\/\/secure.gravatar.com\/avatar\/85704fceb4fa34017e3c1344d182da00dbf772fb8856ba2b7726a2df926415b4?s=96&d=mm&r=g","contentUrl":"https:\/\/secure.gravatar.com\/avatar\/85704fceb4fa34017e3c1344d182da00dbf772fb8856ba2b7726a2df926415b4?s=96&d=mm&r=g","caption":"Miguel Redondo"},"sameAs":["https:\/\/cuadra-agrado.es"],"url":"https:\/\/cuadra-agrado.es\/?author=5"}]}},"_links":{"self":[{"href":"https:\/\/cuadra-agrado.es\/index.php?rest_route=\/wp\/v2\/posts\/7145","targetHints":{"allow":["GET"]}}],"collection":[{"href":"https:\/\/cuadra-agrado.es\/index.php?rest_route=\/wp\/v2\/posts"}],"about":[{"href":"https:\/\/cuadra-agrado.es\/index.php?rest_route=\/wp\/v2\/types\/post"}],"author":[{"embeddable":true,"href":"https:\/\/cuadra-agrado.es\/index.php?rest_route=\/wp\/v2\/users\/5"}],"replies":[{"embeddable":true,"href":"https:\/\/cuadra-agrado.es\/index.php?rest_route=%2Fwp%2Fv2%2Fcomments&post=7145"}],"version-history":[{"count":0,"href":"https:\/\/cuadra-agrado.es\/index.php?rest_route=\/wp\/v2\/posts\/7145\/revisions"}],"wp:attachment":[{"href":"https:\/\/cuadra-agrado.es\/index.php?rest_route=%2Fwp%2Fv2%2Fmedia&parent=7145"}],"wp:term":[{"taxonomy":"category","embeddable":true,"href":"https:\/\/cuadra-agrado.es\/index.php?rest_route=%2Fwp%2Fv2%2Fcategories&post=7145"},{"taxonomy":"post_tag","embeddable":true,"href":"https:\/\/cuadra-agrado.es\/index.php?rest_route=%2Fwp%2Fv2%2Ftags&post=7145"}],"curies":[{"name":"wp","href":"https:\/\/api.w.org\/{rel}","templated":true}]}}