{"id":7139,"date":"2020-12-14T14:28:43","date_gmt":"2020-12-14T14:28:43","guid":{"rendered":"https:\/\/cuadra-agrado.es\/?p=7139"},"modified":"2024-02-27T09:15:00","modified_gmt":"2024-02-27T09:15:00","slug":"barbarigo-y-powerful-despiden-el-ano-por-navidad","status":"publish","type":"post","link":"https:\/\/cuadra-agrado.es\/?p=7139","title":{"rendered":"Barbarigo y Powerful despiden el a\u00f1o por Navidad"},"content":{"rendered":"<p style=\"text-align: justify;\">En breve comienza una Navidad singular e ins\u00f3lita, y en breve finalizar\u00e1 tambi\u00e9n un a\u00f1o de turf cargado de mucha incertidumbre que, finalmente hemos logrado salvar entre todos por encima de los peores augurios, e incluso por encima de los antagonistas del sector. Por nuestra parte, vamos a prender la \u00faltima traca del a\u00f1o en este pre\u00e1mbulo navide\u00f1o con la salida de dos de nuestros efectivos que el pr\u00f3ximo domingo buscaran su mejor despedida en un perverso 2020.<\/p>\n<p style=\"text-align: justify;\">Comenzaremos la jornada especial con \u201c<strong>Barbarigo<\/strong>\u201d en el h\u00e1ndicap del d\u00eda. No tenemos mucho que perder con \u00e9l y en esta ocasi\u00f3n, nada tiene que demostrarnos este b\u00e1rbaro de nuestro circuito. Sin demasiadas carreras este a\u00f1o en un programa no adaptado a este tipo de caballos, su valor 40-41 durante el a\u00f1o le ha dejado en dique seco durante gran parte del mismo. A este inconveniente se ha sumado tambi\u00e9n sus achaques propios de la edad, que nuestros servicios veterinarios han logrado suavizar en esta \u00faltima parte del a\u00f1o gracias a un tratamiento en su dorso que parece estar dando resultados satisfactorios. Ya en su \u00faltima volvi\u00f3 a demostrar su coraje y buena forma, y solo un alto contenido de plomo en su montura le hizo cerrar un tr\u00edo muy ajustado. Se despedir\u00e1 del a\u00f1o en otro dif\u00edcil h\u00e1ndicap de nuevo con un peso alto, pero el caballo est\u00e1 trabajando muy bien y merece volver a echar boletos a la loter\u00eda del h\u00e1ndicap para tratar de despedirse con su mejor versi\u00f3n. Trataremos de ayudarlo y compensar ese top de la escala con 64,5 kilos con el descargo de 3 kilos que nos proporciona la monta de Nicholas Saccu, que debuta con nuestros colores en este h\u00e1ndicap de primera parte sobre la distancia de 1.700 metros en la fibra madrile\u00f1a al que deseamos toda la fortuna de cara para este debut con nuestra chaquetilla. En estas pruebas de h\u00e1ndicap no hay favoritismos claros, pero solo siete participantes es un buena opci\u00f3n para poner ritmo a la prueba e intentar llegar con pulm\u00f3n a los 1.700. Su \u00faltima en esta misma distancia y superficie depar\u00f3 una inolvidable victoria para el joven Rub\u00e9n Maroto que trataremos de repetir en esta ocasi\u00f3n con el italiano.<\/p>\n<p style=\"text-align: justify;\">Despedir\u00e1 nuestro particular a\u00f1o el peque\u00f1o \u201c<strong>Powerful<\/strong> <strong>Sole<\/strong>\u201d en una prueba de condici\u00f3n sobre distancia de 1.200 metros en el Premio Facultad de Veterinaria. A mediados de a\u00f1o decidimos su incremento de metraje que resolvi\u00f3 muy bien en aquella preparatoria al Hispanidad, posterior a esta, su \u00faltima con muchas luces en verde se le enreves\u00f3 con un recorrido aciago que ech\u00f3 por tierra sus opciones. Su constante y contrastado valor 40 le ha cerrado de igual forma muchas puertas, y solamente su gran forma en este final de temporada nos hace probar nuevamente en esta \u00fanica prueba de corta distancia donde tiene un acceso algo m\u00e1s c\u00f3modo con solo dos kilos de recargo. La otra opci\u00f3n que ten\u00edamos era enfrentarlo a \u201c<strong>Barbarigo<\/strong>\u201d en el mismo h\u00e1ndicap del d\u00eda, pero los ingredientes de su alto valor para pruebas de h\u00e1ndicap y su peque\u00f1o f\u00edsico no parec\u00edan emulsionar para dar el mejor resultado. Cambiamos kilos por metros con la intenci\u00f3n de acertar sin asumir demasiados riesgos donde la fibra no es un problema mayor para \u00e9l como ganador en Francia sobre esta superficie. En el lote aparecen caballos de mucha calidad, como son los casos del contrastado valor 43 \u201c<strong>Arab<\/strong> <strong>Poet<\/strong>\u201d o el m\u00e1s que honrado \u201c<strong>Port Grimaud<\/strong>\u201d, aunque si hay alguno que tenga todo a favor en esta ese ser\u00e1 \u201c<strong>El Guanche<\/strong>\u201d que debe erigirse como el claro m\u00e1ximo favorito de la prueba por encima de todos los dem\u00e1s. Nuestra intenci\u00f3n es tratar de estar en los puestos remunerados y gastar esta \u00faltima flecha con la mejor puntuaci\u00f3n posible. Han sido solamente seis salidas a pista en 2020 sin ning\u00fan problema de salud y el caballo tambi\u00e9n merece despedir el a\u00f1o con otro buen resultado, aunque la superficie, la \u00e9poca del a\u00f1o y distancia no re\u00fanen la mejor opci\u00f3n. Para ello contar\u00e1 con la monta de Mario Fern\u00e1ndez, con muy buenos n\u00fameros sobre la fibra, y que debuta con nuestros colores al que le deseamos la mayor de las fortunas en este su primer envite con nosotros.<\/p>\n<p style=\"text-align: justify;\">Posiblemente, las dos salidas no sean las mejores opciones que hemos tenido durante el a\u00f1o y acudiremos al recinto madrile\u00f1o siendo conscientes de ello. Superficie sin contrastar, pesos altos y distancias no id\u00f3neas son nuestros h\u00e1ndicaps de la jornada que en cualquier otro momento del a\u00f1o no permitir\u00edan ni tan siquiera la matricula previa, pero en ninguno de los dos casos tenemos mucho que perder. Nuestra primera intenci\u00f3n es disfrutar, y despu\u00e9s, intentar sumar buenos resultados con las dos opciones en esta traca final para despedir el a\u00f1o de la mejor forma posible. Como propietarios, busc\u00e1bamos un d\u00eda especial para despedir el a\u00f1o en tiempos de adviento, y el preparador nos ha brindado esta posibilidad que agradecemos y que disfrutaremos sea cual sea el resultado. No hemos podido completar la jornada como hubi\u00e9ramos querido con la confirmaci\u00f3n de \u201c<strong>Highrock<\/strong> <strong>Blue<\/strong>\u201d que tambi\u00e9n quer\u00edamos volver a verla en pista para desmentir esa mala carrera del Nacional donde estuvo muy lejos de su valor en una pista pesada que ech\u00f3 por tierra todas sus opciones en ese Gran Premio. Aunque sus or\u00edgenes parec\u00edan aclimatarse al barro, su singular morfolog\u00eda con sus cascos peque\u00f1os y algo topinos le hicieron galopar aquel d\u00eda como si se hubiera calzado con tacones de aguja. La yegua se dej\u00f3 en la pista m\u00e1s de 15 kilos en aquella dura carrera y, aunque se intent\u00f3 por todos los medios recuperarla para poder contar con su participaci\u00f3n en esta jornada, la preparaci\u00f3n ha considerado no confirmar y dejar su vuelta para el pr\u00f3ximo a\u00f1o.<\/p>\n<p style=\"text-align: justify;\">Una vez finalizada esta jornada, en pr\u00f3ximos d\u00edas haremos un resumen anual de nuestro particular a\u00f1o y, como siempre, avanzaremos nuestros objetivos para dar inicio al a\u00f1o 13 de nuestra andadura en el turf.<\/p>\n<p style=\"text-align: justify;\">Mucha suerte equipo y muchas gracias por brindarnos este d\u00eda especial.<\/p>\n<!-- AddThis Advanced Settings generic via filter on the_content --><!-- AddThis Share Buttons generic via filter on the_content -->","protected":false},"excerpt":{"rendered":"<p>En breve comienza una Navidad singular e ins\u00f3lita, y en breve finalizar\u00e1 tambi\u00e9n un a\u00f1o de turf cargado de mucha incertidumbre que, finalmente hemos logrado salvar entre todos por encima de los peores augurios, e incluso por encima de los antagonistas del sector. Por nuestra parte, vamos a prender la \u00faltima traca del a\u00f1o en [&hellip;]<!-- AddThis Advanced Settings generic via filter on get_the_excerpt --><!-- AddThis Share Buttons generic via filter on get_the_excerpt --><\/p>\n","protected":false},"author":5,"featured_media":6701,"comment_status":"closed","ping_status":"open","sticky":false,"template":"","format":"standard","meta":{"_acf_changed":false,"_et_pb_use_builder":"","_et_pb_old_content":"","_et_gb_content_width":"","footnotes":""},"categories":[3],"tags":[],"class_list":["post-7139","post","type-post","status-publish","format-standard","has-post-thumbnail","hentry","category-noticias-cuadra-agrado"],"acf":[],"yoast_head":"<!-- This site is optimized with the Yoast SEO plugin v27.4 - https:\/\/yoast.com\/product\/yoast-seo-wordpress\/ -->\n<title>Barbarigo y Powerful despiden el a\u00f1o por Navidad - Cuadra Agrado<\/title>\n<meta name=\"robots\" content=\"index, follow, max-snippet:-1, max-image-preview:large, max-video-preview:-1\" \/>\n<link rel=\"canonical\" href=\"https:\/\/cuadra-agrado.es\/?p=7139\" \/>\n<meta property=\"og:locale\" content=\"es_ES\" \/>\n<meta property=\"og:type\" content=\"article\" \/>\n<meta property=\"og:title\" content=\"Barbarigo y Powerful despiden el a\u00f1o por Navidad - Cuadra Agrado\" \/>\n<meta property=\"og:description\" content=\"En breve comienza una Navidad singular e ins\u00f3lita, y en breve finalizar\u00e1 tambi\u00e9n un a\u00f1o de turf cargado de mucha incertidumbre que, finalmente hemos logrado salvar entre todos por encima de los peores augurios, e incluso por encima de los antagonistas del sector. Por nuestra parte, vamos a prender la \u00faltima traca del a\u00f1o en [&hellip;]\" \/>\n<meta property=\"og:url\" content=\"https:\/\/cuadra-agrado.es\/?p=7139\" \/>\n<meta property=\"og:site_name\" content=\"Cuadra Agrado\" \/>\n<meta property=\"article:published_time\" content=\"2020-12-14T14:28:43+00:00\" \/>\n<meta property=\"article:modified_time\" content=\"2024-02-27T09:15:00+00:00\" \/>\n<meta property=\"og:image\" content=\"https:\/\/cuadra-agrado.es\/wp-content\/uploads\/2020\/05\/barbarigo-2-1.jpg\" \/>\n\t<meta property=\"og:image:width\" content=\"732\" \/>\n\t<meta property=\"og:image:height\" content=\"490\" \/>\n\t<meta property=\"og:image:type\" content=\"image\/jpeg\" \/>\n<meta name=\"author\" content=\"Miguel Redondo\" \/>\n<meta name=\"twitter:card\" content=\"summary_large_image\" \/>\n<meta name=\"twitter:creator\" content=\"@AGRADOracing\" \/>\n<meta name=\"twitter:site\" content=\"@AGRADOracing\" \/>\n<meta name=\"twitter:label1\" content=\"Escrito por\" \/>\n\t<meta name=\"twitter:data1\" content=\"Miguel Redondo\" \/>\n\t<meta name=\"twitter:label2\" content=\"Tiempo de lectura\" \/>\n\t<meta name=\"twitter:data2\" content=\"5 minutos\" \/>\n<script type=\"application\/ld+json\" class=\"yoast-schema-graph\">{\"@context\":\"https:\\\/\\\/schema.org\",\"@graph\":[{\"@type\":\"Article\",\"@id\":\"https:\\\/\\\/cuadra-agrado.es\\\/?p=7139#article\",\"isPartOf\":{\"@id\":\"https:\\\/\\\/cuadra-agrado.es\\\/?p=7139\"},\"author\":{\"name\":\"Miguel Redondo\",\"@id\":\"https:\\\/\\\/cuadra-agrado.es\\\/#\\\/schema\\\/person\\\/3aa4f8d2373cf756d93a5526bc72f31b\"},\"headline\":\"Barbarigo y Powerful despiden el a\u00f1o por Navidad\",\"datePublished\":\"2020-12-14T14:28:43+00:00\",\"dateModified\":\"2024-02-27T09:15:00+00:00\",\"mainEntityOfPage\":{\"@id\":\"https:\\\/\\\/cuadra-agrado.es\\\/?p=7139\"},\"wordCount\":1091,\"image\":{\"@id\":\"https:\\\/\\\/cuadra-agrado.es\\\/?p=7139#primaryimage\"},\"thumbnailUrl\":\"https:\\\/\\\/cuadra-agrado.es\\\/wp-content\\\/uploads\\\/2020\\\/05\\\/barbarigo-2-1.jpg\",\"articleSection\":[\"Actualidad\"],\"inLanguage\":\"es\"},{\"@type\":\"WebPage\",\"@id\":\"https:\\\/\\\/cuadra-agrado.es\\\/?p=7139\",\"url\":\"https:\\\/\\\/cuadra-agrado.es\\\/?p=7139\",\"name\":\"Barbarigo y Powerful despiden el a\u00f1o por Navidad - Cuadra Agrado\",\"isPartOf\":{\"@id\":\"https:\\\/\\\/cuadra-agrado.es\\\/#website\"},\"primaryImageOfPage\":{\"@id\":\"https:\\\/\\\/cuadra-agrado.es\\\/?p=7139#primaryimage\"},\"image\":{\"@id\":\"https:\\\/\\\/cuadra-agrado.es\\\/?p=7139#primaryimage\"},\"thumbnailUrl\":\"https:\\\/\\\/cuadra-agrado.es\\\/wp-content\\\/uploads\\\/2020\\\/05\\\/barbarigo-2-1.jpg\",\"datePublished\":\"2020-12-14T14:28:43+00:00\",\"dateModified\":\"2024-02-27T09:15:00+00:00\",\"author\":{\"@id\":\"https:\\\/\\\/cuadra-agrado.es\\\/#\\\/schema\\\/person\\\/3aa4f8d2373cf756d93a5526bc72f31b\"},\"breadcrumb\":{\"@id\":\"https:\\\/\\\/cuadra-agrado.es\\\/?p=7139#breadcrumb\"},\"inLanguage\":\"es\",\"potentialAction\":[{\"@type\":\"ReadAction\",\"target\":[\"https:\\\/\\\/cuadra-agrado.es\\\/?p=7139\"]}]},{\"@type\":\"ImageObject\",\"inLanguage\":\"es\",\"@id\":\"https:\\\/\\\/cuadra-agrado.es\\\/?p=7139#primaryimage\",\"url\":\"https:\\\/\\\/cuadra-agrado.es\\\/wp-content\\\/uploads\\\/2020\\\/05\\\/barbarigo-2-1.jpg\",\"contentUrl\":\"https:\\\/\\\/cuadra-agrado.es\\\/wp-content\\\/uploads\\\/2020\\\/05\\\/barbarigo-2-1.jpg\",\"width\":732,\"height\":490},{\"@type\":\"BreadcrumbList\",\"@id\":\"https:\\\/\\\/cuadra-agrado.es\\\/?p=7139#breadcrumb\",\"itemListElement\":[{\"@type\":\"ListItem\",\"position\":1,\"name\":\"Portada\",\"item\":\"https:\\\/\\\/cuadra-agrado.es\\\/\"},{\"@type\":\"ListItem\",\"position\":2,\"name\":\"Barbarigo y Powerful despiden el a\u00f1o por Navidad\"}]},{\"@type\":\"WebSite\",\"@id\":\"https:\\\/\\\/cuadra-agrado.es\\\/#website\",\"url\":\"https:\\\/\\\/cuadra-agrado.es\\\/\",\"name\":\"Cuadra Agrado\",\"description\":\"En el mundo del Turf desde 2008\",\"potentialAction\":[{\"@type\":\"SearchAction\",\"target\":{\"@type\":\"EntryPoint\",\"urlTemplate\":\"https:\\\/\\\/cuadra-agrado.es\\\/?s={search_term_string}\"},\"query-input\":{\"@type\":\"PropertyValueSpecification\",\"valueRequired\":true,\"valueName\":\"search_term_string\"}}],\"inLanguage\":\"es\"},{\"@type\":\"Person\",\"@id\":\"https:\\\/\\\/cuadra-agrado.es\\\/#\\\/schema\\\/person\\\/3aa4f8d2373cf756d93a5526bc72f31b\",\"name\":\"Miguel Redondo\",\"image\":{\"@type\":\"ImageObject\",\"inLanguage\":\"es\",\"@id\":\"https:\\\/\\\/secure.gravatar.com\\\/avatar\\\/85704fceb4fa34017e3c1344d182da00dbf772fb8856ba2b7726a2df926415b4?s=96&d=mm&r=g\",\"url\":\"https:\\\/\\\/secure.gravatar.com\\\/avatar\\\/85704fceb4fa34017e3c1344d182da00dbf772fb8856ba2b7726a2df926415b4?s=96&d=mm&r=g\",\"contentUrl\":\"https:\\\/\\\/secure.gravatar.com\\\/avatar\\\/85704fceb4fa34017e3c1344d182da00dbf772fb8856ba2b7726a2df926415b4?s=96&d=mm&r=g\",\"caption\":\"Miguel Redondo\"},\"sameAs\":[\"https:\\\/\\\/cuadra-agrado.es\"],\"url\":\"https:\\\/\\\/cuadra-agrado.es\\\/?author=5\"}]}<\/script>\n<!-- \/ Yoast SEO plugin. -->","yoast_head_json":{"title":"Barbarigo y Powerful despiden el a\u00f1o por Navidad - Cuadra Agrado","robots":{"index":"index","follow":"follow","max-snippet":"max-snippet:-1","max-image-preview":"max-image-preview:large","max-video-preview":"max-video-preview:-1"},"canonical":"https:\/\/cuadra-agrado.es\/?p=7139","og_locale":"es_ES","og_type":"article","og_title":"Barbarigo y Powerful despiden el a\u00f1o por Navidad - Cuadra Agrado","og_description":"En breve comienza una Navidad singular e ins\u00f3lita, y en breve finalizar\u00e1 tambi\u00e9n un a\u00f1o de turf cargado de mucha incertidumbre que, finalmente hemos logrado salvar entre todos por encima de los peores augurios, e incluso por encima de los antagonistas del sector. Por nuestra parte, vamos a prender la \u00faltima traca del a\u00f1o en [&hellip;]","og_url":"https:\/\/cuadra-agrado.es\/?p=7139","og_site_name":"Cuadra Agrado","article_published_time":"2020-12-14T14:28:43+00:00","article_modified_time":"2024-02-27T09:15:00+00:00","og_image":[{"width":732,"height":490,"url":"https:\/\/cuadra-agrado.es\/wp-content\/uploads\/2020\/05\/barbarigo-2-1.jpg","type":"image\/jpeg"}],"author":"Miguel Redondo","twitter_card":"summary_large_image","twitter_creator":"@AGRADOracing","twitter_site":"@AGRADOracing","twitter_misc":{"Escrito por":"Miguel Redondo","Tiempo de lectura":"5 minutos"},"schema":{"@context":"https:\/\/schema.org","@graph":[{"@type":"Article","@id":"https:\/\/cuadra-agrado.es\/?p=7139#article","isPartOf":{"@id":"https:\/\/cuadra-agrado.es\/?p=7139"},"author":{"name":"Miguel Redondo","@id":"https:\/\/cuadra-agrado.es\/#\/schema\/person\/3aa4f8d2373cf756d93a5526bc72f31b"},"headline":"Barbarigo y Powerful despiden el a\u00f1o por Navidad","datePublished":"2020-12-14T14:28:43+00:00","dateModified":"2024-02-27T09:15:00+00:00","mainEntityOfPage":{"@id":"https:\/\/cuadra-agrado.es\/?p=7139"},"wordCount":1091,"image":{"@id":"https:\/\/cuadra-agrado.es\/?p=7139#primaryimage"},"thumbnailUrl":"https:\/\/cuadra-agrado.es\/wp-content\/uploads\/2020\/05\/barbarigo-2-1.jpg","articleSection":["Actualidad"],"inLanguage":"es"},{"@type":"WebPage","@id":"https:\/\/cuadra-agrado.es\/?p=7139","url":"https:\/\/cuadra-agrado.es\/?p=7139","name":"Barbarigo y Powerful despiden el a\u00f1o por Navidad - Cuadra Agrado","isPartOf":{"@id":"https:\/\/cuadra-agrado.es\/#website"},"primaryImageOfPage":{"@id":"https:\/\/cuadra-agrado.es\/?p=7139#primaryimage"},"image":{"@id":"https:\/\/cuadra-agrado.es\/?p=7139#primaryimage"},"thumbnailUrl":"https:\/\/cuadra-agrado.es\/wp-content\/uploads\/2020\/05\/barbarigo-2-1.jpg","datePublished":"2020-12-14T14:28:43+00:00","dateModified":"2024-02-27T09:15:00+00:00","author":{"@id":"https:\/\/cuadra-agrado.es\/#\/schema\/person\/3aa4f8d2373cf756d93a5526bc72f31b"},"breadcrumb":{"@id":"https:\/\/cuadra-agrado.es\/?p=7139#breadcrumb"},"inLanguage":"es","potentialAction":[{"@type":"ReadAction","target":["https:\/\/cuadra-agrado.es\/?p=7139"]}]},{"@type":"ImageObject","inLanguage":"es","@id":"https:\/\/cuadra-agrado.es\/?p=7139#primaryimage","url":"https:\/\/cuadra-agrado.es\/wp-content\/uploads\/2020\/05\/barbarigo-2-1.jpg","contentUrl":"https:\/\/cuadra-agrado.es\/wp-content\/uploads\/2020\/05\/barbarigo-2-1.jpg","width":732,"height":490},{"@type":"BreadcrumbList","@id":"https:\/\/cuadra-agrado.es\/?p=7139#breadcrumb","itemListElement":[{"@type":"ListItem","position":1,"name":"Portada","item":"https:\/\/cuadra-agrado.es\/"},{"@type":"ListItem","position":2,"name":"Barbarigo y Powerful despiden el a\u00f1o por Navidad"}]},{"@type":"WebSite","@id":"https:\/\/cuadra-agrado.es\/#website","url":"https:\/\/cuadra-agrado.es\/","name":"Cuadra Agrado","description":"En el mundo del Turf desde 2008","potentialAction":[{"@type":"SearchAction","target":{"@type":"EntryPoint","urlTemplate":"https:\/\/cuadra-agrado.es\/?s={search_term_string}"},"query-input":{"@type":"PropertyValueSpecification","valueRequired":true,"valueName":"search_term_string"}}],"inLanguage":"es"},{"@type":"Person","@id":"https:\/\/cuadra-agrado.es\/#\/schema\/person\/3aa4f8d2373cf756d93a5526bc72f31b","name":"Miguel Redondo","image":{"@type":"ImageObject","inLanguage":"es","@id":"https:\/\/secure.gravatar.com\/avatar\/85704fceb4fa34017e3c1344d182da00dbf772fb8856ba2b7726a2df926415b4?s=96&d=mm&r=g","url":"https:\/\/secure.gravatar.com\/avatar\/85704fceb4fa34017e3c1344d182da00dbf772fb8856ba2b7726a2df926415b4?s=96&d=mm&r=g","contentUrl":"https:\/\/secure.gravatar.com\/avatar\/85704fceb4fa34017e3c1344d182da00dbf772fb8856ba2b7726a2df926415b4?s=96&d=mm&r=g","caption":"Miguel Redondo"},"sameAs":["https:\/\/cuadra-agrado.es"],"url":"https:\/\/cuadra-agrado.es\/?author=5"}]}},"_links":{"self":[{"href":"https:\/\/cuadra-agrado.es\/index.php?rest_route=\/wp\/v2\/posts\/7139","targetHints":{"allow":["GET"]}}],"collection":[{"href":"https:\/\/cuadra-agrado.es\/index.php?rest_route=\/wp\/v2\/posts"}],"about":[{"href":"https:\/\/cuadra-agrado.es\/index.php?rest_route=\/wp\/v2\/types\/post"}],"author":[{"embeddable":true,"href":"https:\/\/cuadra-agrado.es\/index.php?rest_route=\/wp\/v2\/users\/5"}],"replies":[{"embeddable":true,"href":"https:\/\/cuadra-agrado.es\/index.php?rest_route=%2Fwp%2Fv2%2Fcomments&post=7139"}],"version-history":[{"count":0,"href":"https:\/\/cuadra-agrado.es\/index.php?rest_route=\/wp\/v2\/posts\/7139\/revisions"}],"wp:featuredmedia":[{"embeddable":true,"href":"https:\/\/cuadra-agrado.es\/index.php?rest_route=\/wp\/v2\/media\/6701"}],"wp:attachment":[{"href":"https:\/\/cuadra-agrado.es\/index.php?rest_route=%2Fwp%2Fv2%2Fmedia&parent=7139"}],"wp:term":[{"taxonomy":"category","embeddable":true,"href":"https:\/\/cuadra-agrado.es\/index.php?rest_route=%2Fwp%2Fv2%2Fcategories&post=7139"},{"taxonomy":"post_tag","embeddable":true,"href":"https:\/\/cuadra-agrado.es\/index.php?rest_route=%2Fwp%2Fv2%2Ftags&post=7139"}],"curies":[{"name":"wp","href":"https:\/\/api.w.org\/{rel}","templated":true}]}}