{"id":7081,"date":"2020-11-03T08:59:53","date_gmt":"2020-11-03T08:59:53","guid":{"rendered":"https:\/\/cuadra-agrado.es\/?p=7081"},"modified":"2024-02-27T09:15:01","modified_gmt":"2024-02-27T09:15:01","slug":"highrock-blue-luchara-el-gran-premio-nacional-2020","status":"publish","type":"post","link":"https:\/\/cuadra-agrado.es\/?p=7081","title":{"rendered":"Highrock Blue luchar\u00e1 el Gran Premio Nacional 2020"},"content":{"rendered":"<p style=\"text-align: justify;\">Lleg\u00f3 el momento para \u201c<strong>Highrock<\/strong> <strong>Blue<\/strong>\u201d, que este pr\u00f3ximo s\u00e1bado disputar\u00e1 la principal prueba de la jornada del d\u00eda de los nacionales en el Gran Premio Nacional 2020 ante un lote de 11 participantes en su edad cl\u00e1sica, sobre la distancia de 2.200 metros.<\/p>\n<p style=\"text-align: justify;\">Especial ilusi\u00f3n la que nos produce ser protagonistas en este nuestro primer Gran Premio Nacional con el primer producto criado por nosotros en un proyecto de cr\u00eda que comenz\u00e1bamos hace apenas cuatro a\u00f1os. Desde el d\u00eda de su nacimiento, all\u00e1 por marzo de 2017, comenz\u00e1bamos a vivir un nuevo sue\u00f1o cargado de fuertes sensaciones viendo sus primeros galopes en el prado en compa\u00f1\u00eda de su madre y, mes tras mes, a\u00f1o tras a\u00f1o, vi\u00e9ndola crecer hasta el momento de su debut en competici\u00f3n. Han sido tres largos a\u00f1os en los que hemos disfrutado en primera persona de ver crecer a un pura sangre, y despu\u00e9s disfrutar tambi\u00e9n de sus \u00e9xitos en competici\u00f3n. \u201c<strong>Highrock<\/strong> <strong>Blue<\/strong>\u201d hizo su bautismo con un fant\u00e1stico segundo puesto que confirm\u00f3 despu\u00e9s con dos buenos terceros y una posterior victoria en su \u00faltima salida a pista este pasado verano, con la que se ganaba por m\u00e9ritos propios estar en el partant definitivo de este Gran Premio.<\/p>\n<p style=\"text-align: justify;\">El grave problema del pienso suministrado de la marca <em>Gain hace apenas un mes<\/em>, nos oblig\u00f3 a retirarla de la preparatoria e ir directamente a la gran final. A\u00fan as\u00ed, nuestro preparador ha sabido balancear esta imprevista anomal\u00eda en su preparaci\u00f3n y llega a esta su gran cita con los 10 puntos de forma que merece la ocasi\u00f3n. Quiz\u00e1s, el \u00fanico punto en contra sea la falta de ritmo de competici\u00f3n tras 92 d\u00edas desde su \u00faltima salida, pero sus responsables han redirigido sus entrenamientos para buscar ese equilibrio que le sirva para paliar este h\u00e1ndicap en contra, y sea contrarrestado con una frescura, que en esta \u00faltima parte del a\u00f1o puede tambi\u00e9n ser determinante.<\/p>\n<p style=\"text-align: justify;\">Sus previas hasta llegar aqu\u00ed nos indican que no hay un solo participante en el partant definitivo que en duelos directos haya conseguido batir a esta primera hija de \u201cHigh Brooklyn\u201d. Los \u201c<strong>Turandot<\/strong>\u201d, \u201c<strong>Tronio<\/strong>\u201d, \u201c<strong>Tresefes<\/strong>\u201d, \u201c<strong>Big Mack<\/strong>\u201d y \u201c<strong>Tiermes<\/strong>\u201d como principales referencias del lote, quedaron a la grupa de \u201c<strong>Highrock<\/strong>\u201d en su victoria del pasado verano. A ellos, se suma en esta un muy en forma \u201c<strong>Baba<\/strong> <strong>Karam<\/strong>\u201d que con su reenganche y calidad pone el list\u00f3n un poco m\u00e1s alto. En cualquier caso, nuestro primer objetivo era estar aqu\u00ed, y una vez se ha confirmado, estamos convencidos de que no vamos a desaprovechar la ocasi\u00f3n, y vamos a tratar de luchar este Gran Premio hasta el \u00faltimo metro. Como todos nuestros contrincantes, sabemos que no es nada f\u00e1cil y que en esta edad cl\u00e1sica la igualdad entre gran parte de los participantes a\u00fan puede ser muy determinante, pero a\u00f1adido a esto, se suma un aspecto que creemos va a ser crucial en el envite y desarrollo de la prueba, y no es otro que el estado de la pista. Con una previsi\u00f3n muy real de continuas lluvias durante toda la semana, muy probablemente el terreno por encima de 4.0 ser\u00e1 un h\u00e1ndicap para considerar en la que muchos de los participantes se encontrar\u00e1n por primera vez. La mejor adaptaci\u00f3n a este terreno pesado, y que del todo alargar\u00e1 un poco m\u00e1s los 2.200 metros de la prueba, sin duda dar\u00e1 alas a los bien adaptados, y frenar\u00e1 considerablemente las opciones de los que no lo sean. En nuestro caso concreto desconocemos a priori esa buena o mala adaptaci\u00f3n y, aunque su l\u00ednea materna bien nos podr\u00eda indicar que no deber\u00eda ser un problema mayor, tenemos l\u00f3gicas dudas hasta concretar un recorrido muy diferente al que hasta ahora se ha encontrado en sus previas.<\/p>\n<p style=\"text-align: justify;\">La reciente sanci\u00f3n a nuestro jockey de cuadra Borja Fayos confirmada en la ma\u00f1ana de hoy, ha sido el mayor contratiempo que hasta \u00faltima hora no hemos podido enmendar. Queremos transmitir todos nuestros \u00e1nimos a Borja Fayos en esta larga etapa que permanecer\u00e1 \u00aba pie\u00bb, en la confianza de que su regreso sea una nueva etapa llena de \u00e9xitos. Desgraciadamente, no vamos a poder contar con \u00e9l hasta mediados de diciembre y, tras varias gestiones de \u00faltima hora, queremos agradecer p\u00fablicamente la deferencia de la cuadra Enalto de poder brindarnos la monta que ten\u00eda prevista con \u00ab<strong>Kamidia<\/strong>\u00bb para este gran premio. Ser\u00e1 por tanto Francisco Jimenez el jockey elegido, al que tenemos especial cari\u00f1o en la cuadra y confianza plena para esta \u00faltima prueba del a\u00f1o para \u201c<strong>Highrock<\/strong> <strong>Blue<\/strong>\u201d. En su \u00faltima salida su preparador nos deleit\u00f3 con un recorrido valiente en vanguardia, que posteriormente condujo a su victoria. Las condiciones de pista del s\u00e1bado ser\u00e1n del todo diferentes, e interpretamos que, con un ritmo mucho m\u00e1s lento, tendremos todos que medir muy fino el recorrido para llegar con las suficientes fuerzas para rematar los \u00faltimos metros.<\/p>\n<p style=\"text-align: justify;\">Para los supersticiosos, mantilla y caj\u00f3n 8, la misma mantilla con la que ganara en su \u00faltima actuaci\u00f3n. El numero m\u00e1s afortunado para la cultura china que significa prosperidad y fortuna. Los astros chinos se empiezan a alinear y el primer objetivo de comienzos de a\u00f1o para estar en la gran final de nacionales se ha cumplido. Vamos a por el segundo&#8230;. No ha sido f\u00e1cil llegar hasta aqu\u00ed, y los n\u00fameros avalan nuestras buenas opciones.<\/p>\n<p style=\"text-align: justify;\">Vamos a intentarlo.<br \/>\nMucha suerte equipo!!!<\/p>\n<!-- AddThis Advanced Settings generic via filter on the_content --><!-- AddThis Share Buttons generic via filter on the_content -->","protected":false},"excerpt":{"rendered":"<p>Lleg\u00f3 el momento para \u201cHighrock Blue\u201d, que este pr\u00f3ximo s\u00e1bado disputar\u00e1 la principal prueba de la jornada del d\u00eda de los nacionales en el Gran Premio Nacional 2020 ante un lote de 11 participantes en su edad cl\u00e1sica, sobre la distancia de 2.200 metros. Especial ilusi\u00f3n la que nos produce ser protagonistas en este nuestro [&hellip;]<!-- AddThis Advanced Settings generic via filter on get_the_excerpt --><!-- AddThis Share Buttons generic via filter on get_the_excerpt --><\/p>\n","protected":false},"author":5,"featured_media":6913,"comment_status":"closed","ping_status":"open","sticky":false,"template":"","format":"standard","meta":{"_acf_changed":false,"_et_pb_use_builder":"","_et_pb_old_content":"","_et_gb_content_width":"","footnotes":""},"categories":[3],"tags":[],"class_list":["post-7081","post","type-post","status-publish","format-standard","has-post-thumbnail","hentry","category-noticias-cuadra-agrado"],"acf":[],"yoast_head":"<!-- This site is optimized with the Yoast SEO plugin v27.4 - https:\/\/yoast.com\/product\/yoast-seo-wordpress\/ -->\n<title>Highrock Blue luchar\u00e1 el Gran Premio Nacional 2020 - Cuadra Agrado<\/title>\n<meta name=\"robots\" content=\"index, follow, max-snippet:-1, max-image-preview:large, max-video-preview:-1\" \/>\n<link rel=\"canonical\" href=\"https:\/\/cuadra-agrado.es\/?p=7081\" \/>\n<meta property=\"og:locale\" content=\"es_ES\" \/>\n<meta property=\"og:type\" content=\"article\" \/>\n<meta property=\"og:title\" content=\"Highrock Blue luchar\u00e1 el Gran Premio Nacional 2020 - Cuadra Agrado\" \/>\n<meta property=\"og:description\" content=\"Lleg\u00f3 el momento para \u201cHighrock Blue\u201d, que este pr\u00f3ximo s\u00e1bado disputar\u00e1 la principal prueba de la jornada del d\u00eda de los nacionales en el Gran Premio Nacional 2020 ante un lote de 11 participantes en su edad cl\u00e1sica, sobre la distancia de 2.200 metros. Especial ilusi\u00f3n la que nos produce ser protagonistas en este nuestro [&hellip;]\" \/>\n<meta property=\"og:url\" content=\"https:\/\/cuadra-agrado.es\/?p=7081\" \/>\n<meta property=\"og:site_name\" content=\"Cuadra Agrado\" \/>\n<meta property=\"article:published_time\" content=\"2020-11-03T08:59:53+00:00\" \/>\n<meta property=\"article:modified_time\" content=\"2024-02-27T09:15:01+00:00\" \/>\n<meta property=\"og:image\" content=\"https:\/\/cuadra-agrado.es\/wp-content\/uploads\/2020\/08\/530eead7-1718-4cdc-bd23-4e6b2cc1886a-1.jpg\" \/>\n\t<meta property=\"og:image:width\" content=\"1411\" \/>\n\t<meta property=\"og:image:height\" content=\"950\" \/>\n\t<meta property=\"og:image:type\" content=\"image\/jpeg\" \/>\n<meta name=\"author\" content=\"Miguel Redondo\" \/>\n<meta name=\"twitter:card\" content=\"summary_large_image\" \/>\n<meta name=\"twitter:creator\" content=\"@AGRADOracing\" \/>\n<meta name=\"twitter:site\" content=\"@AGRADOracing\" \/>\n<meta name=\"twitter:label1\" content=\"Escrito por\" \/>\n\t<meta name=\"twitter:data1\" content=\"Miguel Redondo\" \/>\n\t<meta name=\"twitter:label2\" content=\"Tiempo de lectura\" \/>\n\t<meta name=\"twitter:data2\" content=\"5 minutos\" \/>\n<script type=\"application\/ld+json\" class=\"yoast-schema-graph\">{\"@context\":\"https:\\\/\\\/schema.org\",\"@graph\":[{\"@type\":\"Article\",\"@id\":\"https:\\\/\\\/cuadra-agrado.es\\\/?p=7081#article\",\"isPartOf\":{\"@id\":\"https:\\\/\\\/cuadra-agrado.es\\\/?p=7081\"},\"author\":{\"name\":\"Miguel Redondo\",\"@id\":\"https:\\\/\\\/cuadra-agrado.es\\\/#\\\/schema\\\/person\\\/3aa4f8d2373cf756d93a5526bc72f31b\"},\"headline\":\"Highrock Blue luchar\u00e1 el Gran Premio Nacional 2020\",\"datePublished\":\"2020-11-03T08:59:53+00:00\",\"dateModified\":\"2024-02-27T09:15:01+00:00\",\"mainEntityOfPage\":{\"@id\":\"https:\\\/\\\/cuadra-agrado.es\\\/?p=7081\"},\"wordCount\":954,\"image\":{\"@id\":\"https:\\\/\\\/cuadra-agrado.es\\\/?p=7081#primaryimage\"},\"thumbnailUrl\":\"https:\\\/\\\/cuadra-agrado.es\\\/wp-content\\\/uploads\\\/2020\\\/08\\\/530eead7-1718-4cdc-bd23-4e6b2cc1886a-1.jpg\",\"articleSection\":[\"Actualidad\"],\"inLanguage\":\"es\"},{\"@type\":\"WebPage\",\"@id\":\"https:\\\/\\\/cuadra-agrado.es\\\/?p=7081\",\"url\":\"https:\\\/\\\/cuadra-agrado.es\\\/?p=7081\",\"name\":\"Highrock Blue luchar\u00e1 el Gran Premio Nacional 2020 - Cuadra Agrado\",\"isPartOf\":{\"@id\":\"https:\\\/\\\/cuadra-agrado.es\\\/#website\"},\"primaryImageOfPage\":{\"@id\":\"https:\\\/\\\/cuadra-agrado.es\\\/?p=7081#primaryimage\"},\"image\":{\"@id\":\"https:\\\/\\\/cuadra-agrado.es\\\/?p=7081#primaryimage\"},\"thumbnailUrl\":\"https:\\\/\\\/cuadra-agrado.es\\\/wp-content\\\/uploads\\\/2020\\\/08\\\/530eead7-1718-4cdc-bd23-4e6b2cc1886a-1.jpg\",\"datePublished\":\"2020-11-03T08:59:53+00:00\",\"dateModified\":\"2024-02-27T09:15:01+00:00\",\"author\":{\"@id\":\"https:\\\/\\\/cuadra-agrado.es\\\/#\\\/schema\\\/person\\\/3aa4f8d2373cf756d93a5526bc72f31b\"},\"breadcrumb\":{\"@id\":\"https:\\\/\\\/cuadra-agrado.es\\\/?p=7081#breadcrumb\"},\"inLanguage\":\"es\",\"potentialAction\":[{\"@type\":\"ReadAction\",\"target\":[\"https:\\\/\\\/cuadra-agrado.es\\\/?p=7081\"]}]},{\"@type\":\"ImageObject\",\"inLanguage\":\"es\",\"@id\":\"https:\\\/\\\/cuadra-agrado.es\\\/?p=7081#primaryimage\",\"url\":\"https:\\\/\\\/cuadra-agrado.es\\\/wp-content\\\/uploads\\\/2020\\\/08\\\/530eead7-1718-4cdc-bd23-4e6b2cc1886a-1.jpg\",\"contentUrl\":\"https:\\\/\\\/cuadra-agrado.es\\\/wp-content\\\/uploads\\\/2020\\\/08\\\/530eead7-1718-4cdc-bd23-4e6b2cc1886a-1.jpg\",\"width\":1411,\"height\":950},{\"@type\":\"BreadcrumbList\",\"@id\":\"https:\\\/\\\/cuadra-agrado.es\\\/?p=7081#breadcrumb\",\"itemListElement\":[{\"@type\":\"ListItem\",\"position\":1,\"name\":\"Portada\",\"item\":\"https:\\\/\\\/cuadra-agrado.es\\\/\"},{\"@type\":\"ListItem\",\"position\":2,\"name\":\"Highrock Blue luchar\u00e1 el Gran Premio Nacional 2020\"}]},{\"@type\":\"WebSite\",\"@id\":\"https:\\\/\\\/cuadra-agrado.es\\\/#website\",\"url\":\"https:\\\/\\\/cuadra-agrado.es\\\/\",\"name\":\"Cuadra Agrado\",\"description\":\"En el mundo del Turf desde 2008\",\"potentialAction\":[{\"@type\":\"SearchAction\",\"target\":{\"@type\":\"EntryPoint\",\"urlTemplate\":\"https:\\\/\\\/cuadra-agrado.es\\\/?s={search_term_string}\"},\"query-input\":{\"@type\":\"PropertyValueSpecification\",\"valueRequired\":true,\"valueName\":\"search_term_string\"}}],\"inLanguage\":\"es\"},{\"@type\":\"Person\",\"@id\":\"https:\\\/\\\/cuadra-agrado.es\\\/#\\\/schema\\\/person\\\/3aa4f8d2373cf756d93a5526bc72f31b\",\"name\":\"Miguel Redondo\",\"image\":{\"@type\":\"ImageObject\",\"inLanguage\":\"es\",\"@id\":\"https:\\\/\\\/secure.gravatar.com\\\/avatar\\\/85704fceb4fa34017e3c1344d182da00dbf772fb8856ba2b7726a2df926415b4?s=96&d=mm&r=g\",\"url\":\"https:\\\/\\\/secure.gravatar.com\\\/avatar\\\/85704fceb4fa34017e3c1344d182da00dbf772fb8856ba2b7726a2df926415b4?s=96&d=mm&r=g\",\"contentUrl\":\"https:\\\/\\\/secure.gravatar.com\\\/avatar\\\/85704fceb4fa34017e3c1344d182da00dbf772fb8856ba2b7726a2df926415b4?s=96&d=mm&r=g\",\"caption\":\"Miguel Redondo\"},\"sameAs\":[\"https:\\\/\\\/cuadra-agrado.es\"],\"url\":\"https:\\\/\\\/cuadra-agrado.es\\\/?author=5\"}]}<\/script>\n<!-- \/ Yoast SEO plugin. -->","yoast_head_json":{"title":"Highrock Blue luchar\u00e1 el Gran Premio Nacional 2020 - Cuadra Agrado","robots":{"index":"index","follow":"follow","max-snippet":"max-snippet:-1","max-image-preview":"max-image-preview:large","max-video-preview":"max-video-preview:-1"},"canonical":"https:\/\/cuadra-agrado.es\/?p=7081","og_locale":"es_ES","og_type":"article","og_title":"Highrock Blue luchar\u00e1 el Gran Premio Nacional 2020 - Cuadra Agrado","og_description":"Lleg\u00f3 el momento para \u201cHighrock Blue\u201d, que este pr\u00f3ximo s\u00e1bado disputar\u00e1 la principal prueba de la jornada del d\u00eda de los nacionales en el Gran Premio Nacional 2020 ante un lote de 11 participantes en su edad cl\u00e1sica, sobre la distancia de 2.200 metros. Especial ilusi\u00f3n la que nos produce ser protagonistas en este nuestro [&hellip;]","og_url":"https:\/\/cuadra-agrado.es\/?p=7081","og_site_name":"Cuadra Agrado","article_published_time":"2020-11-03T08:59:53+00:00","article_modified_time":"2024-02-27T09:15:01+00:00","og_image":[{"width":1411,"height":950,"url":"https:\/\/cuadra-agrado.es\/wp-content\/uploads\/2020\/08\/530eead7-1718-4cdc-bd23-4e6b2cc1886a-1.jpg","type":"image\/jpeg"}],"author":"Miguel Redondo","twitter_card":"summary_large_image","twitter_creator":"@AGRADOracing","twitter_site":"@AGRADOracing","twitter_misc":{"Escrito por":"Miguel Redondo","Tiempo de lectura":"5 minutos"},"schema":{"@context":"https:\/\/schema.org","@graph":[{"@type":"Article","@id":"https:\/\/cuadra-agrado.es\/?p=7081#article","isPartOf":{"@id":"https:\/\/cuadra-agrado.es\/?p=7081"},"author":{"name":"Miguel Redondo","@id":"https:\/\/cuadra-agrado.es\/#\/schema\/person\/3aa4f8d2373cf756d93a5526bc72f31b"},"headline":"Highrock Blue luchar\u00e1 el Gran Premio Nacional 2020","datePublished":"2020-11-03T08:59:53+00:00","dateModified":"2024-02-27T09:15:01+00:00","mainEntityOfPage":{"@id":"https:\/\/cuadra-agrado.es\/?p=7081"},"wordCount":954,"image":{"@id":"https:\/\/cuadra-agrado.es\/?p=7081#primaryimage"},"thumbnailUrl":"https:\/\/cuadra-agrado.es\/wp-content\/uploads\/2020\/08\/530eead7-1718-4cdc-bd23-4e6b2cc1886a-1.jpg","articleSection":["Actualidad"],"inLanguage":"es"},{"@type":"WebPage","@id":"https:\/\/cuadra-agrado.es\/?p=7081","url":"https:\/\/cuadra-agrado.es\/?p=7081","name":"Highrock Blue luchar\u00e1 el Gran Premio Nacional 2020 - Cuadra Agrado","isPartOf":{"@id":"https:\/\/cuadra-agrado.es\/#website"},"primaryImageOfPage":{"@id":"https:\/\/cuadra-agrado.es\/?p=7081#primaryimage"},"image":{"@id":"https:\/\/cuadra-agrado.es\/?p=7081#primaryimage"},"thumbnailUrl":"https:\/\/cuadra-agrado.es\/wp-content\/uploads\/2020\/08\/530eead7-1718-4cdc-bd23-4e6b2cc1886a-1.jpg","datePublished":"2020-11-03T08:59:53+00:00","dateModified":"2024-02-27T09:15:01+00:00","author":{"@id":"https:\/\/cuadra-agrado.es\/#\/schema\/person\/3aa4f8d2373cf756d93a5526bc72f31b"},"breadcrumb":{"@id":"https:\/\/cuadra-agrado.es\/?p=7081#breadcrumb"},"inLanguage":"es","potentialAction":[{"@type":"ReadAction","target":["https:\/\/cuadra-agrado.es\/?p=7081"]}]},{"@type":"ImageObject","inLanguage":"es","@id":"https:\/\/cuadra-agrado.es\/?p=7081#primaryimage","url":"https:\/\/cuadra-agrado.es\/wp-content\/uploads\/2020\/08\/530eead7-1718-4cdc-bd23-4e6b2cc1886a-1.jpg","contentUrl":"https:\/\/cuadra-agrado.es\/wp-content\/uploads\/2020\/08\/530eead7-1718-4cdc-bd23-4e6b2cc1886a-1.jpg","width":1411,"height":950},{"@type":"BreadcrumbList","@id":"https:\/\/cuadra-agrado.es\/?p=7081#breadcrumb","itemListElement":[{"@type":"ListItem","position":1,"name":"Portada","item":"https:\/\/cuadra-agrado.es\/"},{"@type":"ListItem","position":2,"name":"Highrock Blue luchar\u00e1 el Gran Premio Nacional 2020"}]},{"@type":"WebSite","@id":"https:\/\/cuadra-agrado.es\/#website","url":"https:\/\/cuadra-agrado.es\/","name":"Cuadra Agrado","description":"En el mundo del Turf desde 2008","potentialAction":[{"@type":"SearchAction","target":{"@type":"EntryPoint","urlTemplate":"https:\/\/cuadra-agrado.es\/?s={search_term_string}"},"query-input":{"@type":"PropertyValueSpecification","valueRequired":true,"valueName":"search_term_string"}}],"inLanguage":"es"},{"@type":"Person","@id":"https:\/\/cuadra-agrado.es\/#\/schema\/person\/3aa4f8d2373cf756d93a5526bc72f31b","name":"Miguel Redondo","image":{"@type":"ImageObject","inLanguage":"es","@id":"https:\/\/secure.gravatar.com\/avatar\/85704fceb4fa34017e3c1344d182da00dbf772fb8856ba2b7726a2df926415b4?s=96&d=mm&r=g","url":"https:\/\/secure.gravatar.com\/avatar\/85704fceb4fa34017e3c1344d182da00dbf772fb8856ba2b7726a2df926415b4?s=96&d=mm&r=g","contentUrl":"https:\/\/secure.gravatar.com\/avatar\/85704fceb4fa34017e3c1344d182da00dbf772fb8856ba2b7726a2df926415b4?s=96&d=mm&r=g","caption":"Miguel Redondo"},"sameAs":["https:\/\/cuadra-agrado.es"],"url":"https:\/\/cuadra-agrado.es\/?author=5"}]}},"_links":{"self":[{"href":"https:\/\/cuadra-agrado.es\/index.php?rest_route=\/wp\/v2\/posts\/7081","targetHints":{"allow":["GET"]}}],"collection":[{"href":"https:\/\/cuadra-agrado.es\/index.php?rest_route=\/wp\/v2\/posts"}],"about":[{"href":"https:\/\/cuadra-agrado.es\/index.php?rest_route=\/wp\/v2\/types\/post"}],"author":[{"embeddable":true,"href":"https:\/\/cuadra-agrado.es\/index.php?rest_route=\/wp\/v2\/users\/5"}],"replies":[{"embeddable":true,"href":"https:\/\/cuadra-agrado.es\/index.php?rest_route=%2Fwp%2Fv2%2Fcomments&post=7081"}],"version-history":[{"count":0,"href":"https:\/\/cuadra-agrado.es\/index.php?rest_route=\/wp\/v2\/posts\/7081\/revisions"}],"wp:featuredmedia":[{"embeddable":true,"href":"https:\/\/cuadra-agrado.es\/index.php?rest_route=\/wp\/v2\/media\/6913"}],"wp:attachment":[{"href":"https:\/\/cuadra-agrado.es\/index.php?rest_route=%2Fwp%2Fv2%2Fmedia&parent=7081"}],"wp:term":[{"taxonomy":"category","embeddable":true,"href":"https:\/\/cuadra-agrado.es\/index.php?rest_route=%2Fwp%2Fv2%2Fcategories&post=7081"},{"taxonomy":"post_tag","embeddable":true,"href":"https:\/\/cuadra-agrado.es\/index.php?rest_route=%2Fwp%2Fv2%2Ftags&post=7081"}],"curies":[{"name":"wp","href":"https:\/\/api.w.org\/{rel}","templated":true}]}}