{"id":704,"date":"2013-02-14T13:39:18","date_gmt":"2013-02-14T12:39:18","guid":{"rendered":"http:\/\/s465126685.mialojamiento.es\/?p=704"},"modified":"2024-02-27T09:22:48","modified_gmt":"2024-02-27T09:22:48","slug":"primeros-entrenos-en-las-vallas-madrilenas","status":"publish","type":"post","link":"https:\/\/cuadra-agrado.es\/?p=704","title":{"rendered":"Primeros entrenos en las vallas madrile\u00f1as!!!"},"content":{"rendered":"<p style=\"text-align: justify;\"><a href=\"http:\/\/s465126685.mialojamiento.es\/wp-content\/uploads\/2013\/03\/cache_2433210012bc7a.jpg\"><img loading=\"lazy\" decoding=\"async\" class=\" wp-image-197 alignright\" alt=\"cache_2433210012bc7a\" src=\"http:\/\/s465126685.mialojamiento.es\/wp-content\/uploads\/2013\/03\/cache_2433210012bc7a.jpg\" width=\"300\" height=\"180\" \/><\/a>Hoy, todos los que est\u00e1bamos en el Hip\u00f3dromo a media ma\u00f1ana hemos disfrutado del primer entreno sobre la fibra de los debutantes en las vallas madrile\u00f1as. La verdad es que la expectaci\u00f3n ha sido m\u00e1xima, ya que nunca hab\u00eda visto tanta gente en un entrenamiento matinal.<\/p>\n<p style=\"text-align: justify;\">Saltaron a la pista casi todos los debutantes nacionales matriculados para el pr\u00f3ximo d\u00eda 24&#8230; EcoJar, Mu\u00f1eca Brava, Sandoval, etc&#8230;. y c\u00f3mo no, nuestro querido &#8216;ORLOV&#8217; que sin duda destac\u00f3 sobre el grupo en la pista. Recorri\u00f3 dos vueltas completas (distancia similar a la prueba) a muy buen ritmo, y cogiendo cada vez m\u00e1s confianza en los saltos. Nuestra Hanna (amazona que montaba) realmente lo pas\u00f3 mal en el primer giro ya que las ganas del caballo se impusieron a su voluntad de llevar un ritmo menor. Al bajar del caballo apenas se ten\u00eda en pi\u00e9 del esfuerzo de esta dura prueba para jockey y caballo.<\/p>\n<p style=\"text-align: justify;\">La semana pr\u00f3xima tenemos previsto un nuevo y \u00faltimo ensayo ya sobre la hierba, para afrontar la primera carrera de obst\u00e1culos desde la reapertura del hip\u00f3dromo y desde hace m\u00e1s de 20 a\u00f1os.<\/p>\n<p style=\"text-align: justify;\">Recordar que esta prueba se disputar\u00e1 como cierre de la jornada del pr\u00f3ximo 24 en la sexta carrera, sobre la distancia de 2.800 metros, y con un total de 8 vallas, seis dispuestas a lo largo del recorrido, y dos que repetir\u00e1n en la recta principal.<\/p>\n<!-- AddThis Advanced Settings generic via filter on the_content --><!-- AddThis Share Buttons generic via filter on the_content -->","protected":false},"excerpt":{"rendered":"<p>Hoy, todos los que est\u00e1bamos en el Hip\u00f3dromo a media ma\u00f1ana hemos disfrutado del primer entreno sobre la fibra de los debutantes en las vallas madrile\u00f1as. La verdad es que la expectaci\u00f3n ha sido m\u00e1xima, ya que nunca hab\u00eda visto tanta gente en un entrenamiento matinal. Saltaron a la pista casi todos los debutantes nacionales [&hellip;]<!-- AddThis Advanced Settings generic via filter on get_the_excerpt --><!-- AddThis Share Buttons generic via filter on get_the_excerpt --><\/p>\n","protected":false},"author":5,"featured_media":0,"comment_status":"closed","ping_status":"closed","sticky":false,"template":"","format":"gallery","meta":{"_acf_changed":false,"_et_pb_use_builder":"","_et_pb_old_content":"","_et_gb_content_width":"","footnotes":""},"categories":[3],"tags":[],"class_list":["post-704","post","type-post","status-publish","format-gallery","hentry","category-noticias-cuadra-agrado","post_format-post-format-gallery"],"acf":[],"yoast_head":"<!-- This site is optimized with the Yoast SEO plugin v27.4 - https:\/\/yoast.com\/product\/yoast-seo-wordpress\/ -->\n<title>Primeros entrenos en las vallas madrile\u00f1as!!! - Cuadra Agrado<\/title>\n<meta name=\"robots\" content=\"index, follow, max-snippet:-1, max-image-preview:large, max-video-preview:-1\" \/>\n<link rel=\"canonical\" href=\"https:\/\/cuadra-agrado.es\/?p=704\" \/>\n<meta property=\"og:locale\" content=\"es_ES\" \/>\n<meta property=\"og:type\" content=\"article\" \/>\n<meta property=\"og:title\" content=\"Primeros entrenos en las vallas madrile\u00f1as!!! - Cuadra Agrado\" \/>\n<meta property=\"og:description\" content=\"Hoy, todos los que est\u00e1bamos en el Hip\u00f3dromo a media ma\u00f1ana hemos disfrutado del primer entreno sobre la fibra de los debutantes en las vallas madrile\u00f1as. La verdad es que la expectaci\u00f3n ha sido m\u00e1xima, ya que nunca hab\u00eda visto tanta gente en un entrenamiento matinal. Saltaron a la pista casi todos los debutantes nacionales [&hellip;]\" \/>\n<meta property=\"og:url\" content=\"https:\/\/cuadra-agrado.es\/?p=704\" \/>\n<meta property=\"og:site_name\" content=\"Cuadra Agrado\" \/>\n<meta property=\"article:published_time\" content=\"2013-02-14T12:39:18+00:00\" \/>\n<meta property=\"article:modified_time\" content=\"2024-02-27T09:22:48+00:00\" \/>\n<meta property=\"og:image\" content=\"http:\/\/s465126685.mialojamiento.es\/wp-content\/uploads\/2013\/03\/cache_2433210012bc7a.jpg\" \/>\n<meta name=\"author\" content=\"Miguel Redondo\" \/>\n<meta name=\"twitter:card\" content=\"summary_large_image\" \/>\n<meta name=\"twitter:creator\" content=\"@AGRADOracing\" \/>\n<meta name=\"twitter:site\" content=\"@AGRADOracing\" \/>\n<meta name=\"twitter:label1\" content=\"Escrito por\" \/>\n\t<meta name=\"twitter:data1\" content=\"Miguel Redondo\" \/>\n\t<meta name=\"twitter:label2\" content=\"Tiempo de lectura\" \/>\n\t<meta name=\"twitter:data2\" content=\"1 minuto\" \/>\n<script type=\"application\/ld+json\" class=\"yoast-schema-graph\">{\"@context\":\"https:\\\/\\\/schema.org\",\"@graph\":[{\"@type\":\"Article\",\"@id\":\"https:\\\/\\\/cuadra-agrado.es\\\/?p=704#article\",\"isPartOf\":{\"@id\":\"https:\\\/\\\/cuadra-agrado.es\\\/?p=704\"},\"author\":{\"name\":\"Miguel Redondo\",\"@id\":\"https:\\\/\\\/cuadra-agrado.es\\\/#\\\/schema\\\/person\\\/3aa4f8d2373cf756d93a5526bc72f31b\"},\"headline\":\"Primeros entrenos en las vallas madrile\u00f1as!!!\",\"datePublished\":\"2013-02-14T12:39:18+00:00\",\"dateModified\":\"2024-02-27T09:22:48+00:00\",\"mainEntityOfPage\":{\"@id\":\"https:\\\/\\\/cuadra-agrado.es\\\/?p=704\"},\"wordCount\":253,\"image\":{\"@id\":\"https:\\\/\\\/cuadra-agrado.es\\\/?p=704#primaryimage\"},\"thumbnailUrl\":\"http:\\\/\\\/s465126685.mialojamiento.es\\\/wp-content\\\/uploads\\\/2013\\\/03\\\/cache_2433210012bc7a.jpg\",\"articleSection\":[\"Actualidad\"],\"inLanguage\":\"es\"},{\"@type\":\"WebPage\",\"@id\":\"https:\\\/\\\/cuadra-agrado.es\\\/?p=704\",\"url\":\"https:\\\/\\\/cuadra-agrado.es\\\/?p=704\",\"name\":\"Primeros entrenos en las vallas madrile\u00f1as!!! - Cuadra Agrado\",\"isPartOf\":{\"@id\":\"https:\\\/\\\/cuadra-agrado.es\\\/#website\"},\"primaryImageOfPage\":{\"@id\":\"https:\\\/\\\/cuadra-agrado.es\\\/?p=704#primaryimage\"},\"image\":{\"@id\":\"https:\\\/\\\/cuadra-agrado.es\\\/?p=704#primaryimage\"},\"thumbnailUrl\":\"http:\\\/\\\/s465126685.mialojamiento.es\\\/wp-content\\\/uploads\\\/2013\\\/03\\\/cache_2433210012bc7a.jpg\",\"datePublished\":\"2013-02-14T12:39:18+00:00\",\"dateModified\":\"2024-02-27T09:22:48+00:00\",\"author\":{\"@id\":\"https:\\\/\\\/cuadra-agrado.es\\\/#\\\/schema\\\/person\\\/3aa4f8d2373cf756d93a5526bc72f31b\"},\"breadcrumb\":{\"@id\":\"https:\\\/\\\/cuadra-agrado.es\\\/?p=704#breadcrumb\"},\"inLanguage\":\"es\",\"potentialAction\":[{\"@type\":\"ReadAction\",\"target\":[\"https:\\\/\\\/cuadra-agrado.es\\\/?p=704\"]}]},{\"@type\":\"ImageObject\",\"inLanguage\":\"es\",\"@id\":\"https:\\\/\\\/cuadra-agrado.es\\\/?p=704#primaryimage\",\"url\":\"http:\\\/\\\/s465126685.mialojamiento.es\\\/wp-content\\\/uploads\\\/2013\\\/03\\\/cache_2433210012bc7a.jpg\",\"contentUrl\":\"http:\\\/\\\/s465126685.mialojamiento.es\\\/wp-content\\\/uploads\\\/2013\\\/03\\\/cache_2433210012bc7a.jpg\"},{\"@type\":\"BreadcrumbList\",\"@id\":\"https:\\\/\\\/cuadra-agrado.es\\\/?p=704#breadcrumb\",\"itemListElement\":[{\"@type\":\"ListItem\",\"position\":1,\"name\":\"Portada\",\"item\":\"https:\\\/\\\/cuadra-agrado.es\\\/\"},{\"@type\":\"ListItem\",\"position\":2,\"name\":\"Primeros entrenos en las vallas madrile\u00f1as!!!\"}]},{\"@type\":\"WebSite\",\"@id\":\"https:\\\/\\\/cuadra-agrado.es\\\/#website\",\"url\":\"https:\\\/\\\/cuadra-agrado.es\\\/\",\"name\":\"Cuadra Agrado\",\"description\":\"En el mundo del Turf desde 2008\",\"potentialAction\":[{\"@type\":\"SearchAction\",\"target\":{\"@type\":\"EntryPoint\",\"urlTemplate\":\"https:\\\/\\\/cuadra-agrado.es\\\/?s={search_term_string}\"},\"query-input\":{\"@type\":\"PropertyValueSpecification\",\"valueRequired\":true,\"valueName\":\"search_term_string\"}}],\"inLanguage\":\"es\"},{\"@type\":\"Person\",\"@id\":\"https:\\\/\\\/cuadra-agrado.es\\\/#\\\/schema\\\/person\\\/3aa4f8d2373cf756d93a5526bc72f31b\",\"name\":\"Miguel Redondo\",\"image\":{\"@type\":\"ImageObject\",\"inLanguage\":\"es\",\"@id\":\"https:\\\/\\\/secure.gravatar.com\\\/avatar\\\/85704fceb4fa34017e3c1344d182da00dbf772fb8856ba2b7726a2df926415b4?s=96&d=mm&r=g\",\"url\":\"https:\\\/\\\/secure.gravatar.com\\\/avatar\\\/85704fceb4fa34017e3c1344d182da00dbf772fb8856ba2b7726a2df926415b4?s=96&d=mm&r=g\",\"contentUrl\":\"https:\\\/\\\/secure.gravatar.com\\\/avatar\\\/85704fceb4fa34017e3c1344d182da00dbf772fb8856ba2b7726a2df926415b4?s=96&d=mm&r=g\",\"caption\":\"Miguel Redondo\"},\"sameAs\":[\"https:\\\/\\\/cuadra-agrado.es\"],\"url\":\"https:\\\/\\\/cuadra-agrado.es\\\/?author=5\"}]}<\/script>\n<!-- \/ Yoast SEO plugin. -->","yoast_head_json":{"title":"Primeros entrenos en las vallas madrile\u00f1as!!! - Cuadra Agrado","robots":{"index":"index","follow":"follow","max-snippet":"max-snippet:-1","max-image-preview":"max-image-preview:large","max-video-preview":"max-video-preview:-1"},"canonical":"https:\/\/cuadra-agrado.es\/?p=704","og_locale":"es_ES","og_type":"article","og_title":"Primeros entrenos en las vallas madrile\u00f1as!!! - Cuadra Agrado","og_description":"Hoy, todos los que est\u00e1bamos en el Hip\u00f3dromo a media ma\u00f1ana hemos disfrutado del primer entreno sobre la fibra de los debutantes en las vallas madrile\u00f1as. La verdad es que la expectaci\u00f3n ha sido m\u00e1xima, ya que nunca hab\u00eda visto tanta gente en un entrenamiento matinal. Saltaron a la pista casi todos los debutantes nacionales [&hellip;]","og_url":"https:\/\/cuadra-agrado.es\/?p=704","og_site_name":"Cuadra Agrado","article_published_time":"2013-02-14T12:39:18+00:00","article_modified_time":"2024-02-27T09:22:48+00:00","og_image":[{"url":"http:\/\/s465126685.mialojamiento.es\/wp-content\/uploads\/2013\/03\/cache_2433210012bc7a.jpg","type":"","width":"","height":""}],"author":"Miguel Redondo","twitter_card":"summary_large_image","twitter_creator":"@AGRADOracing","twitter_site":"@AGRADOracing","twitter_misc":{"Escrito por":"Miguel Redondo","Tiempo de lectura":"1 minuto"},"schema":{"@context":"https:\/\/schema.org","@graph":[{"@type":"Article","@id":"https:\/\/cuadra-agrado.es\/?p=704#article","isPartOf":{"@id":"https:\/\/cuadra-agrado.es\/?p=704"},"author":{"name":"Miguel Redondo","@id":"https:\/\/cuadra-agrado.es\/#\/schema\/person\/3aa4f8d2373cf756d93a5526bc72f31b"},"headline":"Primeros entrenos en las vallas madrile\u00f1as!!!","datePublished":"2013-02-14T12:39:18+00:00","dateModified":"2024-02-27T09:22:48+00:00","mainEntityOfPage":{"@id":"https:\/\/cuadra-agrado.es\/?p=704"},"wordCount":253,"image":{"@id":"https:\/\/cuadra-agrado.es\/?p=704#primaryimage"},"thumbnailUrl":"http:\/\/s465126685.mialojamiento.es\/wp-content\/uploads\/2013\/03\/cache_2433210012bc7a.jpg","articleSection":["Actualidad"],"inLanguage":"es"},{"@type":"WebPage","@id":"https:\/\/cuadra-agrado.es\/?p=704","url":"https:\/\/cuadra-agrado.es\/?p=704","name":"Primeros entrenos en las vallas madrile\u00f1as!!! - Cuadra Agrado","isPartOf":{"@id":"https:\/\/cuadra-agrado.es\/#website"},"primaryImageOfPage":{"@id":"https:\/\/cuadra-agrado.es\/?p=704#primaryimage"},"image":{"@id":"https:\/\/cuadra-agrado.es\/?p=704#primaryimage"},"thumbnailUrl":"http:\/\/s465126685.mialojamiento.es\/wp-content\/uploads\/2013\/03\/cache_2433210012bc7a.jpg","datePublished":"2013-02-14T12:39:18+00:00","dateModified":"2024-02-27T09:22:48+00:00","author":{"@id":"https:\/\/cuadra-agrado.es\/#\/schema\/person\/3aa4f8d2373cf756d93a5526bc72f31b"},"breadcrumb":{"@id":"https:\/\/cuadra-agrado.es\/?p=704#breadcrumb"},"inLanguage":"es","potentialAction":[{"@type":"ReadAction","target":["https:\/\/cuadra-agrado.es\/?p=704"]}]},{"@type":"ImageObject","inLanguage":"es","@id":"https:\/\/cuadra-agrado.es\/?p=704#primaryimage","url":"http:\/\/s465126685.mialojamiento.es\/wp-content\/uploads\/2013\/03\/cache_2433210012bc7a.jpg","contentUrl":"http:\/\/s465126685.mialojamiento.es\/wp-content\/uploads\/2013\/03\/cache_2433210012bc7a.jpg"},{"@type":"BreadcrumbList","@id":"https:\/\/cuadra-agrado.es\/?p=704#breadcrumb","itemListElement":[{"@type":"ListItem","position":1,"name":"Portada","item":"https:\/\/cuadra-agrado.es\/"},{"@type":"ListItem","position":2,"name":"Primeros entrenos en las vallas madrile\u00f1as!!!"}]},{"@type":"WebSite","@id":"https:\/\/cuadra-agrado.es\/#website","url":"https:\/\/cuadra-agrado.es\/","name":"Cuadra Agrado","description":"En el mundo del Turf desde 2008","potentialAction":[{"@type":"SearchAction","target":{"@type":"EntryPoint","urlTemplate":"https:\/\/cuadra-agrado.es\/?s={search_term_string}"},"query-input":{"@type":"PropertyValueSpecification","valueRequired":true,"valueName":"search_term_string"}}],"inLanguage":"es"},{"@type":"Person","@id":"https:\/\/cuadra-agrado.es\/#\/schema\/person\/3aa4f8d2373cf756d93a5526bc72f31b","name":"Miguel Redondo","image":{"@type":"ImageObject","inLanguage":"es","@id":"https:\/\/secure.gravatar.com\/avatar\/85704fceb4fa34017e3c1344d182da00dbf772fb8856ba2b7726a2df926415b4?s=96&d=mm&r=g","url":"https:\/\/secure.gravatar.com\/avatar\/85704fceb4fa34017e3c1344d182da00dbf772fb8856ba2b7726a2df926415b4?s=96&d=mm&r=g","contentUrl":"https:\/\/secure.gravatar.com\/avatar\/85704fceb4fa34017e3c1344d182da00dbf772fb8856ba2b7726a2df926415b4?s=96&d=mm&r=g","caption":"Miguel Redondo"},"sameAs":["https:\/\/cuadra-agrado.es"],"url":"https:\/\/cuadra-agrado.es\/?author=5"}]}},"_links":{"self":[{"href":"https:\/\/cuadra-agrado.es\/index.php?rest_route=\/wp\/v2\/posts\/704","targetHints":{"allow":["GET"]}}],"collection":[{"href":"https:\/\/cuadra-agrado.es\/index.php?rest_route=\/wp\/v2\/posts"}],"about":[{"href":"https:\/\/cuadra-agrado.es\/index.php?rest_route=\/wp\/v2\/types\/post"}],"author":[{"embeddable":true,"href":"https:\/\/cuadra-agrado.es\/index.php?rest_route=\/wp\/v2\/users\/5"}],"replies":[{"embeddable":true,"href":"https:\/\/cuadra-agrado.es\/index.php?rest_route=%2Fwp%2Fv2%2Fcomments&post=704"}],"version-history":[{"count":0,"href":"https:\/\/cuadra-agrado.es\/index.php?rest_route=\/wp\/v2\/posts\/704\/revisions"}],"wp:attachment":[{"href":"https:\/\/cuadra-agrado.es\/index.php?rest_route=%2Fwp%2Fv2%2Fmedia&parent=704"}],"wp:term":[{"taxonomy":"category","embeddable":true,"href":"https:\/\/cuadra-agrado.es\/index.php?rest_route=%2Fwp%2Fv2%2Fcategories&post=704"},{"taxonomy":"post_tag","embeddable":true,"href":"https:\/\/cuadra-agrado.es\/index.php?rest_route=%2Fwp%2Fv2%2Ftags&post=704"}],"curies":[{"name":"wp","href":"https:\/\/api.w.org\/{rel}","templated":true}]}}