{"id":702,"date":"2013-02-25T13:35:03","date_gmt":"2013-02-25T12:35:03","guid":{"rendered":"http:\/\/s465126685.mialojamiento.es\/?p=702"},"modified":"2024-02-27T09:22:47","modified_gmt":"2024-02-27T09:22:47","slug":"el-rey-de-las-vallas-se-llama-orlov-a-dream-come-true","status":"publish","type":"post","link":"https:\/\/cuadra-agrado.es\/?p=702","title":{"rendered":"El Rey de las vallas se llama ORLOV. A dream come true"},"content":{"rendered":"<p style=\"text-align: justify;\"><a href=\"http:\/\/s465126685.mialojamiento.es\/wp-content\/uploads\/2013\/03\/cache_2433210015bc7a.jpg\"><img loading=\"lazy\" decoding=\"async\" class=\"alignleft  wp-image-194\" alt=\"cache_2433210015bc7a\" src=\"http:\/\/s465126685.mialojamiento.es\/wp-content\/uploads\/2013\/03\/cache_2433210015bc7a.jpg\" width=\"300\" height=\"320\" \/><\/a>Un aut\u00e9ntico derroche de poder\u00edo, fuerza y destreza en las vallas fue lo que vivimos en la primera jornada de vallas en Madrid \u00a0con la victoria de nuestro querido &#8216;ORLOV&#8217;.<\/p>\n<p style=\"text-align: justify;\">Sin duda, pasaremos a la historia por conseguir este merecido triunfo, despu\u00e9s de un largo apag\u00f3n de esta espectacular prueba desde hace m\u00e1s de 20 a\u00f1os en Madrid, y dejando nuestro nombre en el recuerdo, como as\u00ed qued\u00f3 el de aquel fant\u00e1stico caballo que llevaba el nombre de este primer premio &#8216;Glycerius&#8217; del siglo XXI.<\/p>\n<p style=\"text-align: justify;\">Y qu\u00e9 mejor forma que narrar este art\u00edculo como se merece&#8230;. por vallas !!!<\/p>\n<p style=\"text-align: justify;\">\u00daltima carrera del d\u00eda, tres de la tarde, parece que los aficionados han ido desapareciendo con motivo de la t\u00edpica comida familiar del domingo y el fr\u00edo intenso, pero salen los gladiadores a la pista y la gente empieza a poblar las gradas. \u00bfQu\u00e9 ha pasado???, \u00bfcomieron r\u00e1pido y volvieron a sus asientos???. Expectaci\u00f3n m\u00e1xima ante la primera prueba de vallas en Madrid de este siglo. Orlov, impresionante en el Paddock, y en cuanto sale a la pista verde y ve las vallas puestas, da un salto de alegr\u00eda; piensa&#8230; \u00a1\u00a1\u00a1Dios m\u00edo, pero si esto es lo que a m\u00ed me gusta!!!!!.<\/p>\n<p style=\"text-align: justify;\">Camino hacia el fondo de la pista, est\u00e1n muy lejos para que la vista alcance, pero en la gran pantalla los tenemos cerca. El checo Va\u00f1a, le muestra \u00a0la primera valla para que la observe, y Orlov se convence definitivamente de que va a disfrutar. Un salto de calentamiento sobre la misma, Orlov ya est\u00e1 convencido y esboza una sonrisa p\u00edcara. Mira a un lado y a otro y no ve cajones por ning\u00fan lado, y esto le hace agrandarse a\u00fan m\u00e1s, lo tiene todo a su favor!!!<br \/>\nSe baja la cinta, y a\u00fan algo despistado por la excitaci\u00f3n, se entretiene y sale tarde por el interior, Va\u00f1a se da cuenta y le da un toque para que se muestre, acaba de empezar su gran carrera.<\/p>\n<p style=\"text-align: justify;\"><strong>Primera valla:<\/strong>\u00a0Orlov recupera la puesta en marcha y ya es el primero que salta junto con &#8216;Mu\u00f1eca Brava&#8217;. En el salto cae un poco a la derecha y Va\u00f1a le tranquiliza, no pasa nada. Orlov se pone en punta y marca el ritmo. Algo le pasa al favorito italiano que salta tercero y que parece no estar a gusto en el primer obst\u00e1culo, Orlov sigue marcando ritmo, tranquilo, esto acaba de empezar y Va\u00f1a se lo hace saber al &#8216;viejo&#8217;.<\/p>\n<p style=\"text-align: justify;\">Entramos en la recta principal y vamos a por la segunda&#8230;<br \/>\n<strong>Segunda Valla:<\/strong>\u00a0Orlov salta primero de nuevo con un cuerpo ya de ventaja sobre &#8216;Mu\u00f1eca Brava&#8217; que se limita a seguirle. Este segundo salto mucho m\u00e1s el\u00e1stico y limpio, ya est\u00e1 tranquilo y sigue viendo pista. Acelera un poco el ritmo entre la segunda y la tercera, el \u00edmpetu es muy grande y Va\u00f1a le vuelve a tranquilizar para tomar la tercera valla, sigue faltando mucha carrera. El p\u00fablico ya comienza a cambiar la vista de la pantalla y se dirige ahora a la realidad de la pista, est\u00e1n ya cerca.<\/p>\n<p style=\"text-align: justify;\"><strong>Tercera Valla:<\/strong>\u00a0Casi ya enfrente de todo el grader\u00edo norte, se escuchan los primeros gritos de \u00e1nimo, y un gran murmullo general en aumento, la primera impresi\u00f3n de ver a estos colosos saltando aflora expectaci\u00f3n m\u00e1xima en la grada. Orlov sigue primero, salto este tercero largu\u00edsimo del nuestro mostr\u00e1ndose al p\u00fablico. El Italiano, con un gran salto gana la posici\u00f3n a &#8216;Mu\u00f1eca Brava&#8217; y se sit\u00faa segundo marcando a Orlov, ha venido a llevarse el premio y no quiere sorpresas. Primer paso por l\u00ednea de meta, el p\u00fablico ya est\u00e1 rendido a Orlov y sigue animando, los nervios no nos dejan hacer lo mismo a nosotros que seguimos en tensi\u00f3n. Pasa Orlov primero, pero el checo le hace bajar el ritmo en la primera curva. Esto es muy largo comenta en bajo con Orlov, y el caballo obediente accede.<\/p>\n<p style=\"text-align: justify;\"><strong>Cuarta Valla:<\/strong>\u00a0Orlov sigue primero por el interior de la pista, no quiere sumar m\u00e1s metros de los que la prueba tiene. &#8216;Eco jar&#8217; ya es segundo, quiere seguir a su compa\u00f1ero de entrenos y el cuarto salto de ambos en la primera curva es bueno. &#8216;Ki Soo Kim&#8217; sigue marc\u00e1ndolos, sabe c\u00f3mo funciona esto y aguarda. El grupo sigue siendo m\u00e1s o menos compacto, el ritmo es pausado, y de momento nada hace presagiar al ganador.<\/p>\n<p style=\"text-align: justify;\"><strong>Quinta Valla:<\/strong>\u00a0Curva interminable y &#8216;Ecojar&#8217; pasa al frente avivando un poco el ritmo. \u00d3rlov ya ha sido protagonista en la recta principal y Va\u00f1a le da un merecido descanso. Comienza la recta del Manzanares, algunos ya empiezan a notar cansancio y se produce la desgracia&#8230;revuelo en la grada, &#8216;Sandoval&#8217; mide mal y se va al suelo. Su breve andadura en las vallas toca a su fin, ya nunca le volveremos a ver, tr\u00e1gico final, pero la carrera contin\u00faa, nadie de los de delante se da cuenta del desgraciado suceso que acaba de ocurrir.<\/p>\n<p style=\"text-align: justify;\"><strong>Sexta Valla:<\/strong>\u00a0Segunda de la recta de enfrente, apenas 200 metros sobre la anterior y &#8216;Ecojar&#8217; es ahora quien marca el ritmo y lo sigue avivando. Orlov sigue con su descanso reservando pulm\u00f3n y ajustando el ritmo de respiraci\u00f3n, est\u00e1 lejos de la grada y no quiere protagonismo ahora. De nuevo el \u00edmpetu le pide tirar al checo, pero este se niega nuevamente, \u00e9l sabe que no es el momento a\u00fan, le vuelve a tranquilizar. El grupo empieza a estirarse y ya hay alguno que, movido comienza a pedir tiempo muerto, &#8216;Ursaquen&#8217; acaba de tirar la toalla. Empieza la segunda curva, estamos bien posicionados y le ha dado su respiro de la recta, comienza a exigirle de nuevo poco a poco&#8230;. se acerca el desenlace final.<\/p>\n<p style=\"text-align: justify;\"><strong>S\u00e9ptima Valla:<\/strong>\u00a0&#8216;EcoJar&#8217; salta primero de nuevo, Orlov segundo y el favorito tercero. Gran salto de los tres que ahora s\u00ed, se est\u00e1n jugando la carrera. &#8216;Mu\u00f1eca Brava&#8217; sigue sin caerse de puestos de cabeza y se hace presagiar ya que estas posiciones ser\u00e1n muy parecidas al final. Otra curva interminable, nervios a flor de piel, y sigo sin abrir la boca. Nuevamente desembocamos en la recta principal y los decibelios vuelven a subir en la grada, es la hora de la verdad y el checo sabe que tiene mucho caballo todav\u00eda debajo. El italiano, segundo en tirar la toalla ya no es capaz de seguir el ritmo de &#8216;Ecojar&#8217;&#8230; y &#8216;Mu\u00f1eca Brava&#8217; lo aprovecha por el interior. Los tres nacionales est\u00e1n al frente, que gran noticia para el turf espa\u00f1ol!!!!<\/p>\n<p style=\"text-align: justify;\"><strong>Octava Valla:<\/strong>\u00a0Estamos ya en la recta principal, en la gran pantalla solo quedan dos en liza y &#8216;EcoJar&#8217; le saca un cuerpo a Orlov. Las fuerzas ya van muy justas en este pen\u00faltimo salto y la elasticidad no es la misma.&#8217;Ecojar&#8217; sale con un mal tranco en la ca\u00edda. Orlov que viene algo m\u00e1s descansado aprovecha este error y cambia el ritmo. Nunca antes lo hab\u00eda hecho. El checo le pide todo ahora, y \u00e9ste entusiasmado, se lo da. &#8216;Ya era hora&#8217;, le dice el &#8216;viejo&#8217;, llevo esperando desde hace tres vallas!!, pero aqu\u00ed el que sabe es el de arriba, y ha venido tambi\u00e9n para esto. Pasa a &#8216;EcoJar&#8217; en liso por el carril 2 y se vislumbra algo hist\u00f3rico para nosotros!!!!.<\/p>\n<p style=\"text-align: justify;\"><strong>Novena Valla:<\/strong>\u00a0La \u00faltima!!!! y Orlov vuelve a estar delante&#8230;. La gente se vuelve loca y comienzan los gritos de \u00e1nimo, ahora s\u00ed que empezamos nosotros tambi\u00e9n a animar y a exaltarnos al ver que lo que estamos haciendo es muy grande. Decibelios en la grada como nunca antes hab\u00eda o\u00eddo, estamos a una sola valla, por Dios, que no pase nada!!!! Gran salto de los dos colosos ya muy lejos de los dem\u00e1s, y quieren hacer historia.<\/p>\n<p style=\"text-align: justify;\">Se van a por la victoria y a &#8216;Orlov&#8217; ya no hay quien le pare. Los \u00faltimos 100 metros&#8230; para recordar toda la vida y verlo mil veces. Beso a la grada del checo en la herradura para brindar la victoria que se levanta del caballo y extiende una figura enorme con su 1,90 me estatura. Grande el caballo, grande el checo!!!. Magnifico tambi\u00e9n &#8216;EcoJar&#8217; segundo, y &#8216;Mu\u00f1eca Brava&#8217; que se hace con el tercero y que confirman un tr\u00edo de debutantes nacionales. Pobre la carrera del favorito italiano que vino a llevarse lo que no era suyo.<\/p>\n<p style=\"text-align: justify;\">Minutos de \u00e9xtasis total, bajamos al recinto de ganadores y felicitaciones y abrazos por todos lados, esto es muy grande, y apenas identifico las caras de los nervios y la adrenalina al m\u00e1ximo. Y como colof\u00f3n al triunfo, un verdadero honor recibir el premio de manos de &#8216;Jose Luis Balcones&#8217;, grande entre los grandes en esto de las vallas, todo un personaje entra\u00f1able del turf !!!<\/p>\n<p style=\"text-align: justify;\">Ya tenemos un grande nacional de las vallas, y se llama ORLOV, nacido hace 7 a\u00f1os a 50 kil\u00f3metros de Madrid y pariente del m\u00edtico &#8216;Royal Gait&#8217;, enhorabuena por ende tambi\u00e9n a CUADRA CORTI\u00d1AL que tambi\u00e9n all\u00ed estaban presentes!!!!<br \/>\nMenci\u00f3n muy especial y cari\u00f1osa a ESCUELA HIPICA MADRID en la persona de Ana Solano y a todos los amigos de &#8216;la Venta la Rubia&#8217; que con su cari\u00f1o y destreza, hicieron posible este sue\u00f1o hecho realidad.<\/p>\n<p style=\"text-align: justify;\">Muchas gracias, gran parte de este triunfo es vuestro, el pr\u00f3ximo verano volver\u00e1 a pasar sus vacaciones de nuevo all\u00ed!!!!<\/p>\n<p style=\"text-align: justify;\">Nuestras felicitaciones c\u00f3mo no, para nuestro trainer\u00a0<strong>&#8216;Teo Callejo&#8217;<\/strong>\u00a0que fue el primero en ver el potencial de Orlov en las vallas, y apost\u00f3 fuertemente por \u00e9l. Para \u00e9l, y por supuesto para todos los profesionales de su patio, en concreto para la Jocketa Hana que se jugo el f\u00edsico en todos los entrenos, y que ense\u00f1\u00f3 el camino del \u00e9xito al &#8216;viejo&#8217;. \u00a0Y para terminar con los agradecimientos, felicitar y agradecer tambi\u00e9n a los gestores de HZ por brindarnos y devolvernos esta maravillosa prueba llena de pasi\u00f3n y espect\u00e1culo, que sin duda se vi\u00f3 entristecida por el tr\u00e1gico acontecimiento de Sandoval.<\/p>\n<!-- AddThis Advanced Settings generic via filter on the_content --><!-- AddThis Share Buttons generic via filter on the_content -->","protected":false},"excerpt":{"rendered":"<p>Un aut\u00e9ntico derroche de poder\u00edo, fuerza y destreza en las vallas fue lo que vivimos en la primera jornada de vallas en Madrid \u00a0con la victoria de nuestro querido &#8216;ORLOV&#8217;. Sin duda, pasaremos a la historia por conseguir este merecido triunfo, despu\u00e9s de un largo apag\u00f3n de esta espectacular prueba desde hace m\u00e1s de 20 [&hellip;]<!-- AddThis Advanced Settings generic via filter on get_the_excerpt --><!-- AddThis Share Buttons generic via filter on get_the_excerpt --><\/p>\n","protected":false},"author":5,"featured_media":0,"comment_status":"closed","ping_status":"closed","sticky":false,"template":"","format":"gallery","meta":{"_acf_changed":false,"_et_pb_use_builder":"","_et_pb_old_content":"","_et_gb_content_width":"","footnotes":""},"categories":[3],"tags":[],"class_list":["post-702","post","type-post","status-publish","format-gallery","hentry","category-noticias-cuadra-agrado","post_format-post-format-gallery"],"acf":[],"yoast_head":"<!-- This site is optimized with the Yoast SEO plugin v27.4 - https:\/\/yoast.com\/product\/yoast-seo-wordpress\/ -->\n<title>El Rey de las vallas se llama ORLOV. A dream come true - Cuadra Agrado<\/title>\n<meta name=\"robots\" content=\"index, follow, max-snippet:-1, max-image-preview:large, max-video-preview:-1\" \/>\n<link rel=\"canonical\" href=\"https:\/\/cuadra-agrado.es\/?p=702\" \/>\n<meta property=\"og:locale\" content=\"es_ES\" \/>\n<meta property=\"og:type\" content=\"article\" \/>\n<meta property=\"og:title\" content=\"El Rey de las vallas se llama ORLOV. A dream come true - Cuadra Agrado\" \/>\n<meta property=\"og:description\" content=\"Un aut\u00e9ntico derroche de poder\u00edo, fuerza y destreza en las vallas fue lo que vivimos en la primera jornada de vallas en Madrid \u00a0con la victoria de nuestro querido &#8216;ORLOV&#8217;. Sin duda, pasaremos a la historia por conseguir este merecido triunfo, despu\u00e9s de un largo apag\u00f3n de esta espectacular prueba desde hace m\u00e1s de 20 [&hellip;]\" \/>\n<meta property=\"og:url\" content=\"https:\/\/cuadra-agrado.es\/?p=702\" \/>\n<meta property=\"og:site_name\" content=\"Cuadra Agrado\" \/>\n<meta property=\"article:published_time\" content=\"2013-02-25T12:35:03+00:00\" \/>\n<meta property=\"article:modified_time\" content=\"2024-02-27T09:22:47+00:00\" \/>\n<meta property=\"og:image\" content=\"http:\/\/s465126685.mialojamiento.es\/wp-content\/uploads\/2013\/03\/cache_2433210015bc7a.jpg\" \/>\n<meta name=\"author\" content=\"Miguel Redondo\" \/>\n<meta name=\"twitter:card\" content=\"summary_large_image\" \/>\n<meta name=\"twitter:creator\" content=\"@AGRADOracing\" \/>\n<meta name=\"twitter:site\" content=\"@AGRADOracing\" \/>\n<meta name=\"twitter:label1\" content=\"Escrito por\" \/>\n\t<meta name=\"twitter:data1\" content=\"Miguel Redondo\" \/>\n\t<meta name=\"twitter:label2\" content=\"Tiempo de lectura\" \/>\n\t<meta name=\"twitter:data2\" content=\"9 minutos\" \/>\n<script type=\"application\/ld+json\" class=\"yoast-schema-graph\">{\"@context\":\"https:\\\/\\\/schema.org\",\"@graph\":[{\"@type\":\"Article\",\"@id\":\"https:\\\/\\\/cuadra-agrado.es\\\/?p=702#article\",\"isPartOf\":{\"@id\":\"https:\\\/\\\/cuadra-agrado.es\\\/?p=702\"},\"author\":{\"name\":\"Miguel Redondo\",\"@id\":\"https:\\\/\\\/cuadra-agrado.es\\\/#\\\/schema\\\/person\\\/3aa4f8d2373cf756d93a5526bc72f31b\"},\"headline\":\"El Rey de las vallas se llama ORLOV. A dream come true\",\"datePublished\":\"2013-02-25T12:35:03+00:00\",\"dateModified\":\"2024-02-27T09:22:47+00:00\",\"mainEntityOfPage\":{\"@id\":\"https:\\\/\\\/cuadra-agrado.es\\\/?p=702\"},\"wordCount\":1746,\"image\":{\"@id\":\"https:\\\/\\\/cuadra-agrado.es\\\/?p=702#primaryimage\"},\"thumbnailUrl\":\"http:\\\/\\\/s465126685.mialojamiento.es\\\/wp-content\\\/uploads\\\/2013\\\/03\\\/cache_2433210015bc7a.jpg\",\"articleSection\":[\"Actualidad\"],\"inLanguage\":\"es\"},{\"@type\":\"WebPage\",\"@id\":\"https:\\\/\\\/cuadra-agrado.es\\\/?p=702\",\"url\":\"https:\\\/\\\/cuadra-agrado.es\\\/?p=702\",\"name\":\"El Rey de las vallas se llama ORLOV. A dream come true - Cuadra Agrado\",\"isPartOf\":{\"@id\":\"https:\\\/\\\/cuadra-agrado.es\\\/#website\"},\"primaryImageOfPage\":{\"@id\":\"https:\\\/\\\/cuadra-agrado.es\\\/?p=702#primaryimage\"},\"image\":{\"@id\":\"https:\\\/\\\/cuadra-agrado.es\\\/?p=702#primaryimage\"},\"thumbnailUrl\":\"http:\\\/\\\/s465126685.mialojamiento.es\\\/wp-content\\\/uploads\\\/2013\\\/03\\\/cache_2433210015bc7a.jpg\",\"datePublished\":\"2013-02-25T12:35:03+00:00\",\"dateModified\":\"2024-02-27T09:22:47+00:00\",\"author\":{\"@id\":\"https:\\\/\\\/cuadra-agrado.es\\\/#\\\/schema\\\/person\\\/3aa4f8d2373cf756d93a5526bc72f31b\"},\"breadcrumb\":{\"@id\":\"https:\\\/\\\/cuadra-agrado.es\\\/?p=702#breadcrumb\"},\"inLanguage\":\"es\",\"potentialAction\":[{\"@type\":\"ReadAction\",\"target\":[\"https:\\\/\\\/cuadra-agrado.es\\\/?p=702\"]}]},{\"@type\":\"ImageObject\",\"inLanguage\":\"es\",\"@id\":\"https:\\\/\\\/cuadra-agrado.es\\\/?p=702#primaryimage\",\"url\":\"http:\\\/\\\/s465126685.mialojamiento.es\\\/wp-content\\\/uploads\\\/2013\\\/03\\\/cache_2433210015bc7a.jpg\",\"contentUrl\":\"http:\\\/\\\/s465126685.mialojamiento.es\\\/wp-content\\\/uploads\\\/2013\\\/03\\\/cache_2433210015bc7a.jpg\"},{\"@type\":\"BreadcrumbList\",\"@id\":\"https:\\\/\\\/cuadra-agrado.es\\\/?p=702#breadcrumb\",\"itemListElement\":[{\"@type\":\"ListItem\",\"position\":1,\"name\":\"Portada\",\"item\":\"https:\\\/\\\/cuadra-agrado.es\\\/\"},{\"@type\":\"ListItem\",\"position\":2,\"name\":\"El Rey de las vallas se llama ORLOV. A dream come true\"}]},{\"@type\":\"WebSite\",\"@id\":\"https:\\\/\\\/cuadra-agrado.es\\\/#website\",\"url\":\"https:\\\/\\\/cuadra-agrado.es\\\/\",\"name\":\"Cuadra Agrado\",\"description\":\"En el mundo del Turf desde 2008\",\"potentialAction\":[{\"@type\":\"SearchAction\",\"target\":{\"@type\":\"EntryPoint\",\"urlTemplate\":\"https:\\\/\\\/cuadra-agrado.es\\\/?s={search_term_string}\"},\"query-input\":{\"@type\":\"PropertyValueSpecification\",\"valueRequired\":true,\"valueName\":\"search_term_string\"}}],\"inLanguage\":\"es\"},{\"@type\":\"Person\",\"@id\":\"https:\\\/\\\/cuadra-agrado.es\\\/#\\\/schema\\\/person\\\/3aa4f8d2373cf756d93a5526bc72f31b\",\"name\":\"Miguel Redondo\",\"image\":{\"@type\":\"ImageObject\",\"inLanguage\":\"es\",\"@id\":\"https:\\\/\\\/secure.gravatar.com\\\/avatar\\\/85704fceb4fa34017e3c1344d182da00dbf772fb8856ba2b7726a2df926415b4?s=96&d=mm&r=g\",\"url\":\"https:\\\/\\\/secure.gravatar.com\\\/avatar\\\/85704fceb4fa34017e3c1344d182da00dbf772fb8856ba2b7726a2df926415b4?s=96&d=mm&r=g\",\"contentUrl\":\"https:\\\/\\\/secure.gravatar.com\\\/avatar\\\/85704fceb4fa34017e3c1344d182da00dbf772fb8856ba2b7726a2df926415b4?s=96&d=mm&r=g\",\"caption\":\"Miguel Redondo\"},\"sameAs\":[\"https:\\\/\\\/cuadra-agrado.es\"],\"url\":\"https:\\\/\\\/cuadra-agrado.es\\\/?author=5\"}]}<\/script>\n<!-- \/ Yoast SEO plugin. -->","yoast_head_json":{"title":"El Rey de las vallas se llama ORLOV. A dream come true - Cuadra Agrado","robots":{"index":"index","follow":"follow","max-snippet":"max-snippet:-1","max-image-preview":"max-image-preview:large","max-video-preview":"max-video-preview:-1"},"canonical":"https:\/\/cuadra-agrado.es\/?p=702","og_locale":"es_ES","og_type":"article","og_title":"El Rey de las vallas se llama ORLOV. A dream come true - Cuadra Agrado","og_description":"Un aut\u00e9ntico derroche de poder\u00edo, fuerza y destreza en las vallas fue lo que vivimos en la primera jornada de vallas en Madrid \u00a0con la victoria de nuestro querido &#8216;ORLOV&#8217;. Sin duda, pasaremos a la historia por conseguir este merecido triunfo, despu\u00e9s de un largo apag\u00f3n de esta espectacular prueba desde hace m\u00e1s de 20 [&hellip;]","og_url":"https:\/\/cuadra-agrado.es\/?p=702","og_site_name":"Cuadra Agrado","article_published_time":"2013-02-25T12:35:03+00:00","article_modified_time":"2024-02-27T09:22:47+00:00","og_image":[{"url":"http:\/\/s465126685.mialojamiento.es\/wp-content\/uploads\/2013\/03\/cache_2433210015bc7a.jpg","type":"","width":"","height":""}],"author":"Miguel Redondo","twitter_card":"summary_large_image","twitter_creator":"@AGRADOracing","twitter_site":"@AGRADOracing","twitter_misc":{"Escrito por":"Miguel Redondo","Tiempo de lectura":"9 minutos"},"schema":{"@context":"https:\/\/schema.org","@graph":[{"@type":"Article","@id":"https:\/\/cuadra-agrado.es\/?p=702#article","isPartOf":{"@id":"https:\/\/cuadra-agrado.es\/?p=702"},"author":{"name":"Miguel Redondo","@id":"https:\/\/cuadra-agrado.es\/#\/schema\/person\/3aa4f8d2373cf756d93a5526bc72f31b"},"headline":"El Rey de las vallas se llama ORLOV. A dream come true","datePublished":"2013-02-25T12:35:03+00:00","dateModified":"2024-02-27T09:22:47+00:00","mainEntityOfPage":{"@id":"https:\/\/cuadra-agrado.es\/?p=702"},"wordCount":1746,"image":{"@id":"https:\/\/cuadra-agrado.es\/?p=702#primaryimage"},"thumbnailUrl":"http:\/\/s465126685.mialojamiento.es\/wp-content\/uploads\/2013\/03\/cache_2433210015bc7a.jpg","articleSection":["Actualidad"],"inLanguage":"es"},{"@type":"WebPage","@id":"https:\/\/cuadra-agrado.es\/?p=702","url":"https:\/\/cuadra-agrado.es\/?p=702","name":"El Rey de las vallas se llama ORLOV. A dream come true - Cuadra Agrado","isPartOf":{"@id":"https:\/\/cuadra-agrado.es\/#website"},"primaryImageOfPage":{"@id":"https:\/\/cuadra-agrado.es\/?p=702#primaryimage"},"image":{"@id":"https:\/\/cuadra-agrado.es\/?p=702#primaryimage"},"thumbnailUrl":"http:\/\/s465126685.mialojamiento.es\/wp-content\/uploads\/2013\/03\/cache_2433210015bc7a.jpg","datePublished":"2013-02-25T12:35:03+00:00","dateModified":"2024-02-27T09:22:47+00:00","author":{"@id":"https:\/\/cuadra-agrado.es\/#\/schema\/person\/3aa4f8d2373cf756d93a5526bc72f31b"},"breadcrumb":{"@id":"https:\/\/cuadra-agrado.es\/?p=702#breadcrumb"},"inLanguage":"es","potentialAction":[{"@type":"ReadAction","target":["https:\/\/cuadra-agrado.es\/?p=702"]}]},{"@type":"ImageObject","inLanguage":"es","@id":"https:\/\/cuadra-agrado.es\/?p=702#primaryimage","url":"http:\/\/s465126685.mialojamiento.es\/wp-content\/uploads\/2013\/03\/cache_2433210015bc7a.jpg","contentUrl":"http:\/\/s465126685.mialojamiento.es\/wp-content\/uploads\/2013\/03\/cache_2433210015bc7a.jpg"},{"@type":"BreadcrumbList","@id":"https:\/\/cuadra-agrado.es\/?p=702#breadcrumb","itemListElement":[{"@type":"ListItem","position":1,"name":"Portada","item":"https:\/\/cuadra-agrado.es\/"},{"@type":"ListItem","position":2,"name":"El Rey de las vallas se llama ORLOV. A dream come true"}]},{"@type":"WebSite","@id":"https:\/\/cuadra-agrado.es\/#website","url":"https:\/\/cuadra-agrado.es\/","name":"Cuadra Agrado","description":"En el mundo del Turf desde 2008","potentialAction":[{"@type":"SearchAction","target":{"@type":"EntryPoint","urlTemplate":"https:\/\/cuadra-agrado.es\/?s={search_term_string}"},"query-input":{"@type":"PropertyValueSpecification","valueRequired":true,"valueName":"search_term_string"}}],"inLanguage":"es"},{"@type":"Person","@id":"https:\/\/cuadra-agrado.es\/#\/schema\/person\/3aa4f8d2373cf756d93a5526bc72f31b","name":"Miguel Redondo","image":{"@type":"ImageObject","inLanguage":"es","@id":"https:\/\/secure.gravatar.com\/avatar\/85704fceb4fa34017e3c1344d182da00dbf772fb8856ba2b7726a2df926415b4?s=96&d=mm&r=g","url":"https:\/\/secure.gravatar.com\/avatar\/85704fceb4fa34017e3c1344d182da00dbf772fb8856ba2b7726a2df926415b4?s=96&d=mm&r=g","contentUrl":"https:\/\/secure.gravatar.com\/avatar\/85704fceb4fa34017e3c1344d182da00dbf772fb8856ba2b7726a2df926415b4?s=96&d=mm&r=g","caption":"Miguel Redondo"},"sameAs":["https:\/\/cuadra-agrado.es"],"url":"https:\/\/cuadra-agrado.es\/?author=5"}]}},"_links":{"self":[{"href":"https:\/\/cuadra-agrado.es\/index.php?rest_route=\/wp\/v2\/posts\/702","targetHints":{"allow":["GET"]}}],"collection":[{"href":"https:\/\/cuadra-agrado.es\/index.php?rest_route=\/wp\/v2\/posts"}],"about":[{"href":"https:\/\/cuadra-agrado.es\/index.php?rest_route=\/wp\/v2\/types\/post"}],"author":[{"embeddable":true,"href":"https:\/\/cuadra-agrado.es\/index.php?rest_route=\/wp\/v2\/users\/5"}],"replies":[{"embeddable":true,"href":"https:\/\/cuadra-agrado.es\/index.php?rest_route=%2Fwp%2Fv2%2Fcomments&post=702"}],"version-history":[{"count":0,"href":"https:\/\/cuadra-agrado.es\/index.php?rest_route=\/wp\/v2\/posts\/702\/revisions"}],"wp:attachment":[{"href":"https:\/\/cuadra-agrado.es\/index.php?rest_route=%2Fwp%2Fv2%2Fmedia&parent=702"}],"wp:term":[{"taxonomy":"category","embeddable":true,"href":"https:\/\/cuadra-agrado.es\/index.php?rest_route=%2Fwp%2Fv2%2Fcategories&post=702"},{"taxonomy":"post_tag","embeddable":true,"href":"https:\/\/cuadra-agrado.es\/index.php?rest_route=%2Fwp%2Fv2%2Ftags&post=702"}],"curies":[{"name":"wp","href":"https:\/\/api.w.org\/{rel}","templated":true}]}}