{"id":7009,"date":"2020-10-05T07:28:10","date_gmt":"2020-10-05T07:28:10","guid":{"rendered":"https:\/\/cuadra-agrado.es\/?p=7009"},"modified":"2024-02-27T09:15:02","modified_gmt":"2024-02-27T09:15:02","slug":"highrock-blue-buscara-su-plaza-en-el-gp-nacional","status":"publish","type":"post","link":"https:\/\/cuadra-agrado.es\/?p=7009","title":{"rendered":"Highrock Blue buscar\u00e1 su plaza en el GP Nacional"},"content":{"rendered":"<p style=\"text-align: justify;\">Con las primeras hojas ca\u00eddas del oto\u00f1o, ya ten\u00edamos muchas granas de volver a ver en pista a \u201c<strong>Highrock<\/strong> <strong>Blue<\/strong>\u201d. Despu\u00e9s de una fant\u00e1stica primavera, donde la vimos debutar con soltura, y confirmar despu\u00e9s por tres veces su buena proyecci\u00f3n, reaparecer\u00e1 este pr\u00f3ximo viernes en el <em>\u201cPremio Gonzalo Ussia Figeroa\u201d,<\/em> una prueba reservada a nacionales de tres a\u00f1os sobre distancia de 2.100 metros que servir\u00e1 de previa al siempre esperado GP Nacional.<\/p>\n<p style=\"text-align: justify;\">Tras un verano tranquila alejada de la competici\u00f3n, se presenta 63 d\u00edas desde su \u00faltima salida que resolvi\u00f3 con la primera victoria de su reci\u00e9n comenzado historial. Sus n\u00fameros son realmente meritorios e ilusionantes en las primeras cuatro carreras que ha disputado en su edad cl\u00e1sica. Una victoria, un segundo puesto, dos terceros, y casi 10.000 euros en ganancias, la consolidan entre el -top 5- de productos nacionales de su edad por valoraci\u00f3n y ganancias.<\/p>\n<p style=\"text-align: justify;\">Ha pasado un buen verano trabajando suave y sin ning\u00fan problema de salud. Finalizado el mes estival por excelencia, fue incrementando paulatinamente su ritmo de trabajo durante el pasado mes para llegar en las mejores condiciones f\u00edsicas a esta reaparici\u00f3n. Los 10 puntos de forma los dejaremos para el GP Nacional como principal objetivo del a\u00f1o, saliendo a esta con un par de puntos menos que nos permitan luchar nuevamente el p\u00f3dium, del que no se ha ca\u00eddo en ninguna de sus actuaciones precedentes. El lote que result\u00f3 finalmente del partant definitivo en esta previa no es nada sencillo. Diez participantes donde, a excepci\u00f3n de \u201c<strong>Abu<\/strong>\u201d, que ha tenido un verano cargado de exigentes salidas y que se reserva para la final, est\u00e1n pr\u00e1cticamente todos los que \u2013 a priori- deber\u00edan luchar el GP Nacional 2020 del pr\u00f3ximo mes de noviembre. Adicional a nuestras confiables opciones, aparecen tambi\u00e9n buenos efectivos llamados a la victoria de esta previa. Es el caso del triple ganador \u201c<strong>Baba<\/strong> <strong>Karam<\/strong>\u201d que se ha destapado finalmente con dos victorias en sus \u00faltimas actuaciones y que, aunque quiz\u00e1s le puede ir ya algo justa la distancia, prueba sus opciones para un posible reenganche en el Gran Premio en el que no est\u00e1 matriculado. Aparecen tambi\u00e9n los dobles ganadores \u201c<strong>Tronio<\/strong>\u201d y \u201c<strong>Turandot<\/strong>\u201d que tambi\u00e9n llevan tiempo consolidando sus opciones a la gran final, y que en el caso del primero, ya recuperado de sus problemas de salud, tiene una buena \u201cchance\u201d para luchar por una nueva victoria. No podemos descuidar tampoco a \u201c<strong>Big<\/strong> <strong>Mack<\/strong>\u201d, que finalmente se sac\u00f3 su etiqueta de \u201cmaiden\u201d en la \u00faltima disputada y llega con la moral alta y un buen punto de forma. Junto con nuestra \u201c<strong>Highrock<\/strong> <strong>Blue<\/strong>\u201d, este debe ser el quinteto que por valor y actuaciones deber\u00edan luchar sus opciones en el poste de meta de esta preparatoria. Nuestras opciones parten por repetir los mismos argumentos que sus anteriores, donde ha batido en sus enfrentamientos a sus principales rivales del pr\u00f3ximo viernes, a excepci\u00f3n del pupilo de Anaya, con el que no se ha enfrentado hasta el momento.<\/p>\n<p style=\"text-align: justify;\">Monta para nuestro jockey Borja Fayos que se sinti\u00f3 muy a gusto con ella en su \u00faltima actuaci\u00f3n con victoria en una fant\u00e1stica estrategia de carrera asumiendo la punta desde cajones hasta el mismo poste de meta. Tiene buenas sensaciones en sus trabajos matutinos desde que llegara al patio de Eduardo Buz\u00f3n y, seg\u00fan nos comentan ambos profesionales, tienen confianza plena en otra buena actuaci\u00f3n sobre otro peque\u00f1o aumento de distancia, que parece le podr\u00eda favorecer. Desconocemos a d\u00eda de hoy las posibles \u00f3rdenes para esta carrera, e imaginamos que no las conoceremos hasta el mismo paddock previo a la salida. En cualquier caso, sean cuales sean estas \u00f3rdenes, lo importante es volver a pelear los puestos remunerados, que ser\u00eda para nosotros un importante aliciente de cara a la final\u00edsima del 7 de noviembre. Prueba por tanto trascendental que viviremos con pasi\u00f3n como propietarios y criadores de este nuestro primer producto de cr\u00eda, que tiene la bonita opci\u00f3n de ganarse una plaza para afrontar un primer Gran Premio en sus primeros pasos en competici\u00f3n.<\/p>\n<p style=\"text-align: justify;\">Mucha suerte equipo!!!<\/p>\n<!-- AddThis Advanced Settings generic via filter on the_content --><!-- AddThis Share Buttons generic via filter on the_content -->","protected":false},"excerpt":{"rendered":"<p>Con las primeras hojas ca\u00eddas del oto\u00f1o, ya ten\u00edamos muchas granas de volver a ver en pista a \u201cHighrock Blue\u201d. Despu\u00e9s de una fant\u00e1stica primavera, donde la vimos debutar con soltura, y confirmar despu\u00e9s por tres veces su buena proyecci\u00f3n, reaparecer\u00e1 este pr\u00f3ximo viernes en el \u201cPremio Gonzalo Ussia Figeroa\u201d, una prueba reservada a nacionales [&hellip;]<!-- AddThis Advanced Settings generic via filter on get_the_excerpt --><!-- AddThis Share Buttons generic via filter on get_the_excerpt --><\/p>\n","protected":false},"author":5,"featured_media":6778,"comment_status":"closed","ping_status":"open","sticky":false,"template":"","format":"standard","meta":{"_acf_changed":false,"_et_pb_use_builder":"","_et_pb_old_content":"","_et_gb_content_width":"","footnotes":""},"categories":[3],"tags":[],"class_list":["post-7009","post","type-post","status-publish","format-standard","has-post-thumbnail","hentry","category-noticias-cuadra-agrado"],"acf":[],"yoast_head":"<!-- This site is optimized with the Yoast SEO plugin v27.4 - https:\/\/yoast.com\/product\/yoast-seo-wordpress\/ -->\n<title>Highrock Blue buscar\u00e1 su plaza en el GP Nacional - Cuadra Agrado<\/title>\n<meta name=\"robots\" content=\"index, follow, max-snippet:-1, max-image-preview:large, max-video-preview:-1\" \/>\n<link rel=\"canonical\" href=\"https:\/\/cuadra-agrado.es\/?p=7009\" \/>\n<meta property=\"og:locale\" content=\"es_ES\" \/>\n<meta property=\"og:type\" content=\"article\" \/>\n<meta property=\"og:title\" content=\"Highrock Blue buscar\u00e1 su plaza en el GP Nacional - Cuadra Agrado\" \/>\n<meta property=\"og:description\" content=\"Con las primeras hojas ca\u00eddas del oto\u00f1o, ya ten\u00edamos muchas granas de volver a ver en pista a \u201cHighrock Blue\u201d. Despu\u00e9s de una fant\u00e1stica primavera, donde la vimos debutar con soltura, y confirmar despu\u00e9s por tres veces su buena proyecci\u00f3n, reaparecer\u00e1 este pr\u00f3ximo viernes en el \u201cPremio Gonzalo Ussia Figeroa\u201d, una prueba reservada a nacionales [&hellip;]\" \/>\n<meta property=\"og:url\" content=\"https:\/\/cuadra-agrado.es\/?p=7009\" \/>\n<meta property=\"og:site_name\" content=\"Cuadra Agrado\" \/>\n<meta property=\"article:published_time\" content=\"2020-10-05T07:28:10+00:00\" \/>\n<meta property=\"article:modified_time\" content=\"2024-02-27T09:15:02+00:00\" \/>\n<meta property=\"og:image\" content=\"https:\/\/cuadra-agrado.es\/wp-content\/uploads\/2020\/06\/kendaya-1.jpg\" \/>\n\t<meta property=\"og:image:width\" content=\"1600\" \/>\n\t<meta property=\"og:image:height\" content=\"1066\" \/>\n\t<meta property=\"og:image:type\" content=\"image\/jpeg\" \/>\n<meta name=\"author\" content=\"Miguel Redondo\" \/>\n<meta name=\"twitter:card\" content=\"summary_large_image\" \/>\n<meta name=\"twitter:creator\" content=\"@AGRADOracing\" \/>\n<meta name=\"twitter:site\" content=\"@AGRADOracing\" \/>\n<meta name=\"twitter:label1\" content=\"Escrito por\" \/>\n\t<meta name=\"twitter:data1\" content=\"Miguel Redondo\" \/>\n\t<meta name=\"twitter:label2\" content=\"Tiempo de lectura\" \/>\n\t<meta name=\"twitter:data2\" content=\"4 minutos\" \/>\n<script type=\"application\/ld+json\" class=\"yoast-schema-graph\">{\"@context\":\"https:\\\/\\\/schema.org\",\"@graph\":[{\"@type\":\"Article\",\"@id\":\"https:\\\/\\\/cuadra-agrado.es\\\/?p=7009#article\",\"isPartOf\":{\"@id\":\"https:\\\/\\\/cuadra-agrado.es\\\/?p=7009\"},\"author\":{\"name\":\"Miguel Redondo\",\"@id\":\"https:\\\/\\\/cuadra-agrado.es\\\/#\\\/schema\\\/person\\\/3aa4f8d2373cf756d93a5526bc72f31b\"},\"headline\":\"Highrock Blue buscar\u00e1 su plaza en el GP Nacional\",\"datePublished\":\"2020-10-05T07:28:10+00:00\",\"dateModified\":\"2024-02-27T09:15:02+00:00\",\"mainEntityOfPage\":{\"@id\":\"https:\\\/\\\/cuadra-agrado.es\\\/?p=7009\"},\"wordCount\":720,\"image\":{\"@id\":\"https:\\\/\\\/cuadra-agrado.es\\\/?p=7009#primaryimage\"},\"thumbnailUrl\":\"https:\\\/\\\/cuadra-agrado.es\\\/wp-content\\\/uploads\\\/2020\\\/06\\\/kendaya-1.jpg\",\"articleSection\":[\"Actualidad\"],\"inLanguage\":\"es\"},{\"@type\":\"WebPage\",\"@id\":\"https:\\\/\\\/cuadra-agrado.es\\\/?p=7009\",\"url\":\"https:\\\/\\\/cuadra-agrado.es\\\/?p=7009\",\"name\":\"Highrock Blue buscar\u00e1 su plaza en el GP Nacional - Cuadra Agrado\",\"isPartOf\":{\"@id\":\"https:\\\/\\\/cuadra-agrado.es\\\/#website\"},\"primaryImageOfPage\":{\"@id\":\"https:\\\/\\\/cuadra-agrado.es\\\/?p=7009#primaryimage\"},\"image\":{\"@id\":\"https:\\\/\\\/cuadra-agrado.es\\\/?p=7009#primaryimage\"},\"thumbnailUrl\":\"https:\\\/\\\/cuadra-agrado.es\\\/wp-content\\\/uploads\\\/2020\\\/06\\\/kendaya-1.jpg\",\"datePublished\":\"2020-10-05T07:28:10+00:00\",\"dateModified\":\"2024-02-27T09:15:02+00:00\",\"author\":{\"@id\":\"https:\\\/\\\/cuadra-agrado.es\\\/#\\\/schema\\\/person\\\/3aa4f8d2373cf756d93a5526bc72f31b\"},\"breadcrumb\":{\"@id\":\"https:\\\/\\\/cuadra-agrado.es\\\/?p=7009#breadcrumb\"},\"inLanguage\":\"es\",\"potentialAction\":[{\"@type\":\"ReadAction\",\"target\":[\"https:\\\/\\\/cuadra-agrado.es\\\/?p=7009\"]}]},{\"@type\":\"ImageObject\",\"inLanguage\":\"es\",\"@id\":\"https:\\\/\\\/cuadra-agrado.es\\\/?p=7009#primaryimage\",\"url\":\"https:\\\/\\\/cuadra-agrado.es\\\/wp-content\\\/uploads\\\/2020\\\/06\\\/kendaya-1.jpg\",\"contentUrl\":\"https:\\\/\\\/cuadra-agrado.es\\\/wp-content\\\/uploads\\\/2020\\\/06\\\/kendaya-1.jpg\",\"width\":1600,\"height\":1066},{\"@type\":\"BreadcrumbList\",\"@id\":\"https:\\\/\\\/cuadra-agrado.es\\\/?p=7009#breadcrumb\",\"itemListElement\":[{\"@type\":\"ListItem\",\"position\":1,\"name\":\"Portada\",\"item\":\"https:\\\/\\\/cuadra-agrado.es\\\/\"},{\"@type\":\"ListItem\",\"position\":2,\"name\":\"Highrock Blue buscar\u00e1 su plaza en el GP Nacional\"}]},{\"@type\":\"WebSite\",\"@id\":\"https:\\\/\\\/cuadra-agrado.es\\\/#website\",\"url\":\"https:\\\/\\\/cuadra-agrado.es\\\/\",\"name\":\"Cuadra Agrado\",\"description\":\"En el mundo del Turf desde 2008\",\"potentialAction\":[{\"@type\":\"SearchAction\",\"target\":{\"@type\":\"EntryPoint\",\"urlTemplate\":\"https:\\\/\\\/cuadra-agrado.es\\\/?s={search_term_string}\"},\"query-input\":{\"@type\":\"PropertyValueSpecification\",\"valueRequired\":true,\"valueName\":\"search_term_string\"}}],\"inLanguage\":\"es\"},{\"@type\":\"Person\",\"@id\":\"https:\\\/\\\/cuadra-agrado.es\\\/#\\\/schema\\\/person\\\/3aa4f8d2373cf756d93a5526bc72f31b\",\"name\":\"Miguel Redondo\",\"image\":{\"@type\":\"ImageObject\",\"inLanguage\":\"es\",\"@id\":\"https:\\\/\\\/secure.gravatar.com\\\/avatar\\\/85704fceb4fa34017e3c1344d182da00dbf772fb8856ba2b7726a2df926415b4?s=96&d=mm&r=g\",\"url\":\"https:\\\/\\\/secure.gravatar.com\\\/avatar\\\/85704fceb4fa34017e3c1344d182da00dbf772fb8856ba2b7726a2df926415b4?s=96&d=mm&r=g\",\"contentUrl\":\"https:\\\/\\\/secure.gravatar.com\\\/avatar\\\/85704fceb4fa34017e3c1344d182da00dbf772fb8856ba2b7726a2df926415b4?s=96&d=mm&r=g\",\"caption\":\"Miguel Redondo\"},\"sameAs\":[\"https:\\\/\\\/cuadra-agrado.es\"],\"url\":\"https:\\\/\\\/cuadra-agrado.es\\\/?author=5\"}]}<\/script>\n<!-- \/ Yoast SEO plugin. -->","yoast_head_json":{"title":"Highrock Blue buscar\u00e1 su plaza en el GP Nacional - Cuadra Agrado","robots":{"index":"index","follow":"follow","max-snippet":"max-snippet:-1","max-image-preview":"max-image-preview:large","max-video-preview":"max-video-preview:-1"},"canonical":"https:\/\/cuadra-agrado.es\/?p=7009","og_locale":"es_ES","og_type":"article","og_title":"Highrock Blue buscar\u00e1 su plaza en el GP Nacional - Cuadra Agrado","og_description":"Con las primeras hojas ca\u00eddas del oto\u00f1o, ya ten\u00edamos muchas granas de volver a ver en pista a \u201cHighrock Blue\u201d. Despu\u00e9s de una fant\u00e1stica primavera, donde la vimos debutar con soltura, y confirmar despu\u00e9s por tres veces su buena proyecci\u00f3n, reaparecer\u00e1 este pr\u00f3ximo viernes en el \u201cPremio Gonzalo Ussia Figeroa\u201d, una prueba reservada a nacionales [&hellip;]","og_url":"https:\/\/cuadra-agrado.es\/?p=7009","og_site_name":"Cuadra Agrado","article_published_time":"2020-10-05T07:28:10+00:00","article_modified_time":"2024-02-27T09:15:02+00:00","og_image":[{"width":1600,"height":1066,"url":"https:\/\/cuadra-agrado.es\/wp-content\/uploads\/2020\/06\/kendaya-1.jpg","type":"image\/jpeg"}],"author":"Miguel Redondo","twitter_card":"summary_large_image","twitter_creator":"@AGRADOracing","twitter_site":"@AGRADOracing","twitter_misc":{"Escrito por":"Miguel Redondo","Tiempo de lectura":"4 minutos"},"schema":{"@context":"https:\/\/schema.org","@graph":[{"@type":"Article","@id":"https:\/\/cuadra-agrado.es\/?p=7009#article","isPartOf":{"@id":"https:\/\/cuadra-agrado.es\/?p=7009"},"author":{"name":"Miguel Redondo","@id":"https:\/\/cuadra-agrado.es\/#\/schema\/person\/3aa4f8d2373cf756d93a5526bc72f31b"},"headline":"Highrock Blue buscar\u00e1 su plaza en el GP Nacional","datePublished":"2020-10-05T07:28:10+00:00","dateModified":"2024-02-27T09:15:02+00:00","mainEntityOfPage":{"@id":"https:\/\/cuadra-agrado.es\/?p=7009"},"wordCount":720,"image":{"@id":"https:\/\/cuadra-agrado.es\/?p=7009#primaryimage"},"thumbnailUrl":"https:\/\/cuadra-agrado.es\/wp-content\/uploads\/2020\/06\/kendaya-1.jpg","articleSection":["Actualidad"],"inLanguage":"es"},{"@type":"WebPage","@id":"https:\/\/cuadra-agrado.es\/?p=7009","url":"https:\/\/cuadra-agrado.es\/?p=7009","name":"Highrock Blue buscar\u00e1 su plaza en el GP Nacional - Cuadra Agrado","isPartOf":{"@id":"https:\/\/cuadra-agrado.es\/#website"},"primaryImageOfPage":{"@id":"https:\/\/cuadra-agrado.es\/?p=7009#primaryimage"},"image":{"@id":"https:\/\/cuadra-agrado.es\/?p=7009#primaryimage"},"thumbnailUrl":"https:\/\/cuadra-agrado.es\/wp-content\/uploads\/2020\/06\/kendaya-1.jpg","datePublished":"2020-10-05T07:28:10+00:00","dateModified":"2024-02-27T09:15:02+00:00","author":{"@id":"https:\/\/cuadra-agrado.es\/#\/schema\/person\/3aa4f8d2373cf756d93a5526bc72f31b"},"breadcrumb":{"@id":"https:\/\/cuadra-agrado.es\/?p=7009#breadcrumb"},"inLanguage":"es","potentialAction":[{"@type":"ReadAction","target":["https:\/\/cuadra-agrado.es\/?p=7009"]}]},{"@type":"ImageObject","inLanguage":"es","@id":"https:\/\/cuadra-agrado.es\/?p=7009#primaryimage","url":"https:\/\/cuadra-agrado.es\/wp-content\/uploads\/2020\/06\/kendaya-1.jpg","contentUrl":"https:\/\/cuadra-agrado.es\/wp-content\/uploads\/2020\/06\/kendaya-1.jpg","width":1600,"height":1066},{"@type":"BreadcrumbList","@id":"https:\/\/cuadra-agrado.es\/?p=7009#breadcrumb","itemListElement":[{"@type":"ListItem","position":1,"name":"Portada","item":"https:\/\/cuadra-agrado.es\/"},{"@type":"ListItem","position":2,"name":"Highrock Blue buscar\u00e1 su plaza en el GP Nacional"}]},{"@type":"WebSite","@id":"https:\/\/cuadra-agrado.es\/#website","url":"https:\/\/cuadra-agrado.es\/","name":"Cuadra Agrado","description":"En el mundo del Turf desde 2008","potentialAction":[{"@type":"SearchAction","target":{"@type":"EntryPoint","urlTemplate":"https:\/\/cuadra-agrado.es\/?s={search_term_string}"},"query-input":{"@type":"PropertyValueSpecification","valueRequired":true,"valueName":"search_term_string"}}],"inLanguage":"es"},{"@type":"Person","@id":"https:\/\/cuadra-agrado.es\/#\/schema\/person\/3aa4f8d2373cf756d93a5526bc72f31b","name":"Miguel Redondo","image":{"@type":"ImageObject","inLanguage":"es","@id":"https:\/\/secure.gravatar.com\/avatar\/85704fceb4fa34017e3c1344d182da00dbf772fb8856ba2b7726a2df926415b4?s=96&d=mm&r=g","url":"https:\/\/secure.gravatar.com\/avatar\/85704fceb4fa34017e3c1344d182da00dbf772fb8856ba2b7726a2df926415b4?s=96&d=mm&r=g","contentUrl":"https:\/\/secure.gravatar.com\/avatar\/85704fceb4fa34017e3c1344d182da00dbf772fb8856ba2b7726a2df926415b4?s=96&d=mm&r=g","caption":"Miguel Redondo"},"sameAs":["https:\/\/cuadra-agrado.es"],"url":"https:\/\/cuadra-agrado.es\/?author=5"}]}},"_links":{"self":[{"href":"https:\/\/cuadra-agrado.es\/index.php?rest_route=\/wp\/v2\/posts\/7009","targetHints":{"allow":["GET"]}}],"collection":[{"href":"https:\/\/cuadra-agrado.es\/index.php?rest_route=\/wp\/v2\/posts"}],"about":[{"href":"https:\/\/cuadra-agrado.es\/index.php?rest_route=\/wp\/v2\/types\/post"}],"author":[{"embeddable":true,"href":"https:\/\/cuadra-agrado.es\/index.php?rest_route=\/wp\/v2\/users\/5"}],"replies":[{"embeddable":true,"href":"https:\/\/cuadra-agrado.es\/index.php?rest_route=%2Fwp%2Fv2%2Fcomments&post=7009"}],"version-history":[{"count":0,"href":"https:\/\/cuadra-agrado.es\/index.php?rest_route=\/wp\/v2\/posts\/7009\/revisions"}],"wp:featuredmedia":[{"embeddable":true,"href":"https:\/\/cuadra-agrado.es\/index.php?rest_route=\/wp\/v2\/media\/6778"}],"wp:attachment":[{"href":"https:\/\/cuadra-agrado.es\/index.php?rest_route=%2Fwp%2Fv2%2Fmedia&parent=7009"}],"wp:term":[{"taxonomy":"category","embeddable":true,"href":"https:\/\/cuadra-agrado.es\/index.php?rest_route=%2Fwp%2Fv2%2Fcategories&post=7009"},{"taxonomy":"post_tag","embeddable":true,"href":"https:\/\/cuadra-agrado.es\/index.php?rest_route=%2Fwp%2Fv2%2Ftags&post=7009"}],"curies":[{"name":"wp","href":"https:\/\/api.w.org\/{rel}","templated":true}]}}