{"id":700,"date":"2013-02-26T13:33:16","date_gmt":"2013-02-26T12:33:16","guid":{"rendered":"http:\/\/s465126685.mialojamiento.es\/?p=700"},"modified":"2024-02-27T09:22:46","modified_gmt":"2024-02-27T09:22:46","slug":"buen-debut-de-daykiro-fria-reaparicion-de-ranyan","status":"publish","type":"post","link":"https:\/\/cuadra-agrado.es\/?p=700","title":{"rendered":"Buen debut de DAYKIRO, fr\u00eda reaparici\u00f3n de RANYAN&#8230;"},"content":{"rendered":"<p style=\"text-align: justify;\">Primera carrera del d\u00eda para debutantes de tres a\u00f1os sobre 1.400 metros y &#8216;DAYKIRO&#8217; finalmente pudo debutar 7 meses despu\u00e9s de lo inicialmente previsto, y la verdad es que caus\u00f3 una muy buena sensaci\u00f3n, a\u00fan no estando en su mejor condici\u00f3n. Su explosiva salida de cajones le hizo situarse en punta junto con su compa\u00f1ero de patio &#8216;Dromeos&#8217;, y para un debutante en pista el hecho de estar dando la cara hasta pr\u00e1cticamente el poste de los 300 metros es algo que hay que tener muy en cuenta para las venideras.<\/p>\n<p style=\"text-align: justify;\">Su acci\u00f3n en pista parece hacer referencia a un caballo de m\u00e1s distancia, y es por esto que seguramente en su segunda, ascender\u00e1 de metraje paulat\u00ednamente hasta encontrar su mejor distancia Est\u00e1 previso que vuelva a pista el pr\u00f3ximo 31 de Marzo en el premio &#8216;Vichisky&#8217; sobre distancia de 1.600 metros. En cualquier caso, muy contentos con su debut y con el margen de mejora que tiene, esperamos mucho de este 3 a\u00f1os que seguro estar\u00e1 luchando muchas carreras este a\u00f1o.<\/p>\n<p style=\"text-align: justify;\">Por otro lado, el mal sabor de boca nos lo llevamos con &#8216;RANY\u00c1N&#8217;. Su largo descanso invernal despu\u00e9s de un incre\u00edble a\u00f1o 2012 donde termino con un fant\u00e1stico segundo puesto en el &#8216;Villamejor&#8217;, parece le ha hecho demasiada mella en su estado de forma, y necesita de un tiempo de retorno. No tenemos demasiada explicaci\u00f3n a los sucedido el domingo, y hablando con &#8216;Francisco Jimenez&#8217; (monta del d\u00eda) despu\u00e9s de la carrera, nos dec\u00eda que incluso ya en la recta del Manzanares tuvo que moverlo un poco para que se empleara. Quiz\u00e1s no fue el mejor d\u00eda de &#8216;Rany\u00e1n&#8217; y el intenso fr\u00edo le afecto m\u00e1s de lo debido, en cualquier caso, le esperamos en la siguiente, donde\u00a0necesariamente tendr\u00e1 que recuperar un mejor ritmo, e ir posicion\u00e1ndose para el gran programa que tenemos para \u00e9l en este 2013.<\/p>\n<!-- AddThis Advanced Settings generic via filter on the_content --><!-- AddThis Share Buttons generic via filter on the_content -->","protected":false},"excerpt":{"rendered":"<p>Primera carrera del d\u00eda para debutantes de tres a\u00f1os sobre 1.400 metros y &#8216;DAYKIRO&#8217; finalmente pudo debutar 7 meses despu\u00e9s de lo inicialmente previsto, y la verdad es que caus\u00f3 una muy buena sensaci\u00f3n, a\u00fan no estando en su mejor condici\u00f3n. Su explosiva salida de cajones le hizo situarse en punta junto con su compa\u00f1ero [&hellip;]<!-- AddThis Advanced Settings generic via filter on get_the_excerpt --><!-- AddThis Share Buttons generic via filter on get_the_excerpt --><\/p>\n","protected":false},"author":5,"featured_media":0,"comment_status":"closed","ping_status":"closed","sticky":false,"template":"","format":"gallery","meta":{"_acf_changed":false,"_et_pb_use_builder":"","_et_pb_old_content":"","_et_gb_content_width":"","footnotes":""},"categories":[3],"tags":[],"class_list":["post-700","post","type-post","status-publish","format-gallery","hentry","category-noticias-cuadra-agrado","post_format-post-format-gallery"],"acf":[],"yoast_head":"<!-- This site is optimized with the Yoast SEO plugin v27.4 - https:\/\/yoast.com\/product\/yoast-seo-wordpress\/ -->\n<title>Buen debut de DAYKIRO, fr\u00eda reaparici\u00f3n de RANYAN... - Cuadra Agrado<\/title>\n<meta name=\"robots\" content=\"index, follow, max-snippet:-1, max-image-preview:large, max-video-preview:-1\" \/>\n<link rel=\"canonical\" href=\"https:\/\/cuadra-agrado.es\/?p=700\" \/>\n<meta property=\"og:locale\" content=\"es_ES\" \/>\n<meta property=\"og:type\" content=\"article\" \/>\n<meta property=\"og:title\" content=\"Buen debut de DAYKIRO, fr\u00eda reaparici\u00f3n de RANYAN... - Cuadra Agrado\" \/>\n<meta property=\"og:description\" content=\"Primera carrera del d\u00eda para debutantes de tres a\u00f1os sobre 1.400 metros y &#8216;DAYKIRO&#8217; finalmente pudo debutar 7 meses despu\u00e9s de lo inicialmente previsto, y la verdad es que caus\u00f3 una muy buena sensaci\u00f3n, a\u00fan no estando en su mejor condici\u00f3n. Su explosiva salida de cajones le hizo situarse en punta junto con su compa\u00f1ero [&hellip;]\" \/>\n<meta property=\"og:url\" content=\"https:\/\/cuadra-agrado.es\/?p=700\" \/>\n<meta property=\"og:site_name\" content=\"Cuadra Agrado\" \/>\n<meta property=\"article:published_time\" content=\"2013-02-26T12:33:16+00:00\" \/>\n<meta property=\"article:modified_time\" content=\"2024-02-27T09:22:46+00:00\" \/>\n<meta name=\"author\" content=\"Miguel Redondo\" \/>\n<meta name=\"twitter:card\" content=\"summary_large_image\" \/>\n<meta name=\"twitter:creator\" content=\"@AGRADOracing\" \/>\n<meta name=\"twitter:site\" content=\"@AGRADOracing\" \/>\n<meta name=\"twitter:label1\" content=\"Escrito por\" \/>\n\t<meta name=\"twitter:data1\" content=\"Miguel Redondo\" \/>\n\t<meta name=\"twitter:label2\" content=\"Tiempo de lectura\" \/>\n\t<meta name=\"twitter:data2\" content=\"2 minutos\" \/>\n<script type=\"application\/ld+json\" class=\"yoast-schema-graph\">{\"@context\":\"https:\\\/\\\/schema.org\",\"@graph\":[{\"@type\":\"Article\",\"@id\":\"https:\\\/\\\/cuadra-agrado.es\\\/?p=700#article\",\"isPartOf\":{\"@id\":\"https:\\\/\\\/cuadra-agrado.es\\\/?p=700\"},\"author\":{\"name\":\"Miguel Redondo\",\"@id\":\"https:\\\/\\\/cuadra-agrado.es\\\/#\\\/schema\\\/person\\\/3aa4f8d2373cf756d93a5526bc72f31b\"},\"headline\":\"Buen debut de DAYKIRO, fr\u00eda reaparici\u00f3n de RANYAN&#8230;\",\"datePublished\":\"2013-02-26T12:33:16+00:00\",\"dateModified\":\"2024-02-27T09:22:46+00:00\",\"mainEntityOfPage\":{\"@id\":\"https:\\\/\\\/cuadra-agrado.es\\\/?p=700\"},\"wordCount\":342,\"articleSection\":[\"Actualidad\"],\"inLanguage\":\"es\"},{\"@type\":\"WebPage\",\"@id\":\"https:\\\/\\\/cuadra-agrado.es\\\/?p=700\",\"url\":\"https:\\\/\\\/cuadra-agrado.es\\\/?p=700\",\"name\":\"Buen debut de DAYKIRO, fr\u00eda reaparici\u00f3n de RANYAN... - Cuadra Agrado\",\"isPartOf\":{\"@id\":\"https:\\\/\\\/cuadra-agrado.es\\\/#website\"},\"datePublished\":\"2013-02-26T12:33:16+00:00\",\"dateModified\":\"2024-02-27T09:22:46+00:00\",\"author\":{\"@id\":\"https:\\\/\\\/cuadra-agrado.es\\\/#\\\/schema\\\/person\\\/3aa4f8d2373cf756d93a5526bc72f31b\"},\"breadcrumb\":{\"@id\":\"https:\\\/\\\/cuadra-agrado.es\\\/?p=700#breadcrumb\"},\"inLanguage\":\"es\",\"potentialAction\":[{\"@type\":\"ReadAction\",\"target\":[\"https:\\\/\\\/cuadra-agrado.es\\\/?p=700\"]}]},{\"@type\":\"BreadcrumbList\",\"@id\":\"https:\\\/\\\/cuadra-agrado.es\\\/?p=700#breadcrumb\",\"itemListElement\":[{\"@type\":\"ListItem\",\"position\":1,\"name\":\"Portada\",\"item\":\"https:\\\/\\\/cuadra-agrado.es\\\/\"},{\"@type\":\"ListItem\",\"position\":2,\"name\":\"Buen debut de DAYKIRO, fr\u00eda reaparici\u00f3n de RANYAN&#8230;\"}]},{\"@type\":\"WebSite\",\"@id\":\"https:\\\/\\\/cuadra-agrado.es\\\/#website\",\"url\":\"https:\\\/\\\/cuadra-agrado.es\\\/\",\"name\":\"Cuadra Agrado\",\"description\":\"En el mundo del Turf desde 2008\",\"potentialAction\":[{\"@type\":\"SearchAction\",\"target\":{\"@type\":\"EntryPoint\",\"urlTemplate\":\"https:\\\/\\\/cuadra-agrado.es\\\/?s={search_term_string}\"},\"query-input\":{\"@type\":\"PropertyValueSpecification\",\"valueRequired\":true,\"valueName\":\"search_term_string\"}}],\"inLanguage\":\"es\"},{\"@type\":\"Person\",\"@id\":\"https:\\\/\\\/cuadra-agrado.es\\\/#\\\/schema\\\/person\\\/3aa4f8d2373cf756d93a5526bc72f31b\",\"name\":\"Miguel Redondo\",\"image\":{\"@type\":\"ImageObject\",\"inLanguage\":\"es\",\"@id\":\"https:\\\/\\\/secure.gravatar.com\\\/avatar\\\/85704fceb4fa34017e3c1344d182da00dbf772fb8856ba2b7726a2df926415b4?s=96&d=mm&r=g\",\"url\":\"https:\\\/\\\/secure.gravatar.com\\\/avatar\\\/85704fceb4fa34017e3c1344d182da00dbf772fb8856ba2b7726a2df926415b4?s=96&d=mm&r=g\",\"contentUrl\":\"https:\\\/\\\/secure.gravatar.com\\\/avatar\\\/85704fceb4fa34017e3c1344d182da00dbf772fb8856ba2b7726a2df926415b4?s=96&d=mm&r=g\",\"caption\":\"Miguel Redondo\"},\"sameAs\":[\"https:\\\/\\\/cuadra-agrado.es\"],\"url\":\"https:\\\/\\\/cuadra-agrado.es\\\/?author=5\"}]}<\/script>\n<!-- \/ Yoast SEO plugin. -->","yoast_head_json":{"title":"Buen debut de DAYKIRO, fr\u00eda reaparici\u00f3n de RANYAN... - Cuadra Agrado","robots":{"index":"index","follow":"follow","max-snippet":"max-snippet:-1","max-image-preview":"max-image-preview:large","max-video-preview":"max-video-preview:-1"},"canonical":"https:\/\/cuadra-agrado.es\/?p=700","og_locale":"es_ES","og_type":"article","og_title":"Buen debut de DAYKIRO, fr\u00eda reaparici\u00f3n de RANYAN... - Cuadra Agrado","og_description":"Primera carrera del d\u00eda para debutantes de tres a\u00f1os sobre 1.400 metros y &#8216;DAYKIRO&#8217; finalmente pudo debutar 7 meses despu\u00e9s de lo inicialmente previsto, y la verdad es que caus\u00f3 una muy buena sensaci\u00f3n, a\u00fan no estando en su mejor condici\u00f3n. Su explosiva salida de cajones le hizo situarse en punta junto con su compa\u00f1ero [&hellip;]","og_url":"https:\/\/cuadra-agrado.es\/?p=700","og_site_name":"Cuadra Agrado","article_published_time":"2013-02-26T12:33:16+00:00","article_modified_time":"2024-02-27T09:22:46+00:00","author":"Miguel Redondo","twitter_card":"summary_large_image","twitter_creator":"@AGRADOracing","twitter_site":"@AGRADOracing","twitter_misc":{"Escrito por":"Miguel Redondo","Tiempo de lectura":"2 minutos"},"schema":{"@context":"https:\/\/schema.org","@graph":[{"@type":"Article","@id":"https:\/\/cuadra-agrado.es\/?p=700#article","isPartOf":{"@id":"https:\/\/cuadra-agrado.es\/?p=700"},"author":{"name":"Miguel Redondo","@id":"https:\/\/cuadra-agrado.es\/#\/schema\/person\/3aa4f8d2373cf756d93a5526bc72f31b"},"headline":"Buen debut de DAYKIRO, fr\u00eda reaparici\u00f3n de RANYAN&#8230;","datePublished":"2013-02-26T12:33:16+00:00","dateModified":"2024-02-27T09:22:46+00:00","mainEntityOfPage":{"@id":"https:\/\/cuadra-agrado.es\/?p=700"},"wordCount":342,"articleSection":["Actualidad"],"inLanguage":"es"},{"@type":"WebPage","@id":"https:\/\/cuadra-agrado.es\/?p=700","url":"https:\/\/cuadra-agrado.es\/?p=700","name":"Buen debut de DAYKIRO, fr\u00eda reaparici\u00f3n de RANYAN... - Cuadra Agrado","isPartOf":{"@id":"https:\/\/cuadra-agrado.es\/#website"},"datePublished":"2013-02-26T12:33:16+00:00","dateModified":"2024-02-27T09:22:46+00:00","author":{"@id":"https:\/\/cuadra-agrado.es\/#\/schema\/person\/3aa4f8d2373cf756d93a5526bc72f31b"},"breadcrumb":{"@id":"https:\/\/cuadra-agrado.es\/?p=700#breadcrumb"},"inLanguage":"es","potentialAction":[{"@type":"ReadAction","target":["https:\/\/cuadra-agrado.es\/?p=700"]}]},{"@type":"BreadcrumbList","@id":"https:\/\/cuadra-agrado.es\/?p=700#breadcrumb","itemListElement":[{"@type":"ListItem","position":1,"name":"Portada","item":"https:\/\/cuadra-agrado.es\/"},{"@type":"ListItem","position":2,"name":"Buen debut de DAYKIRO, fr\u00eda reaparici\u00f3n de RANYAN&#8230;"}]},{"@type":"WebSite","@id":"https:\/\/cuadra-agrado.es\/#website","url":"https:\/\/cuadra-agrado.es\/","name":"Cuadra Agrado","description":"En el mundo del Turf desde 2008","potentialAction":[{"@type":"SearchAction","target":{"@type":"EntryPoint","urlTemplate":"https:\/\/cuadra-agrado.es\/?s={search_term_string}"},"query-input":{"@type":"PropertyValueSpecification","valueRequired":true,"valueName":"search_term_string"}}],"inLanguage":"es"},{"@type":"Person","@id":"https:\/\/cuadra-agrado.es\/#\/schema\/person\/3aa4f8d2373cf756d93a5526bc72f31b","name":"Miguel Redondo","image":{"@type":"ImageObject","inLanguage":"es","@id":"https:\/\/secure.gravatar.com\/avatar\/85704fceb4fa34017e3c1344d182da00dbf772fb8856ba2b7726a2df926415b4?s=96&d=mm&r=g","url":"https:\/\/secure.gravatar.com\/avatar\/85704fceb4fa34017e3c1344d182da00dbf772fb8856ba2b7726a2df926415b4?s=96&d=mm&r=g","contentUrl":"https:\/\/secure.gravatar.com\/avatar\/85704fceb4fa34017e3c1344d182da00dbf772fb8856ba2b7726a2df926415b4?s=96&d=mm&r=g","caption":"Miguel Redondo"},"sameAs":["https:\/\/cuadra-agrado.es"],"url":"https:\/\/cuadra-agrado.es\/?author=5"}]}},"_links":{"self":[{"href":"https:\/\/cuadra-agrado.es\/index.php?rest_route=\/wp\/v2\/posts\/700","targetHints":{"allow":["GET"]}}],"collection":[{"href":"https:\/\/cuadra-agrado.es\/index.php?rest_route=\/wp\/v2\/posts"}],"about":[{"href":"https:\/\/cuadra-agrado.es\/index.php?rest_route=\/wp\/v2\/types\/post"}],"author":[{"embeddable":true,"href":"https:\/\/cuadra-agrado.es\/index.php?rest_route=\/wp\/v2\/users\/5"}],"replies":[{"embeddable":true,"href":"https:\/\/cuadra-agrado.es\/index.php?rest_route=%2Fwp%2Fv2%2Fcomments&post=700"}],"version-history":[{"count":0,"href":"https:\/\/cuadra-agrado.es\/index.php?rest_route=\/wp\/v2\/posts\/700\/revisions"}],"wp:attachment":[{"href":"https:\/\/cuadra-agrado.es\/index.php?rest_route=%2Fwp%2Fv2%2Fmedia&parent=700"}],"wp:term":[{"taxonomy":"category","embeddable":true,"href":"https:\/\/cuadra-agrado.es\/index.php?rest_route=%2Fwp%2Fv2%2Fcategories&post=700"},{"taxonomy":"post_tag","embeddable":true,"href":"https:\/\/cuadra-agrado.es\/index.php?rest_route=%2Fwp%2Fv2%2Ftags&post=700"}],"curies":[{"name":"wp","href":"https:\/\/api.w.org\/{rel}","templated":true}]}}