{"id":6996,"date":"2020-09-23T09:23:47","date_gmt":"2020-09-23T09:23:47","guid":{"rendered":"https:\/\/cuadra-agrado.es\/?p=6996"},"modified":"2024-02-27T09:15:03","modified_gmt":"2024-02-27T09:15:03","slug":"primer-test-de-barbarigo-en-la-linea-recta","status":"publish","type":"post","link":"https:\/\/cuadra-agrado.es\/?p=6996","title":{"rendered":"Primer test para Barbarigo en la linea recta"},"content":{"rendered":"<p style=\"text-align: justify;\">Tras una buena reparaci\u00f3n oto\u00f1al de nuestros primeros dos pupilos, este pr\u00f3ximo domingo llega el turno del b\u00e1rbaro. Ser\u00e1 en la sexta y \u00faltima carrera de la jornada en horario casi de postres que, sin demasiado sentido para nosotros, e imaginamos que para un gran n\u00famero de aficionados, han tenido a bien los responsables de HZ encuadrar en la jornada. Y decimos esto, porque se trata del primer sprint de calidad del oto\u00f1o, y que sirve como preparatoria al Gran Premio Ruban, donde se dar\u00e1n cita los mejores sprinters de nuestro circuito.<\/p>\n<p style=\"text-align: justify;\">Ser\u00e1 el Premio \u201cSoudzou\u201d, que a partir de este a\u00f1o pasar\u00e1 a denominarse \u201cPremio Lorenzo Sanz\u201d en memoria del tristemente desaparecido expresidente del Real Madrid, magn\u00edfico aficionado y propietario de la cuadra madrile\u00f1a con la que consigui\u00f3 enormes haza\u00f1as y, por encima de todo ello, progenitor de una gran saga plagada de grandes deportistas. Desde la publicaci\u00f3n de este premio, nuestro objetivo se centr\u00f3 en estar presente con alguno de nuestros efectivos en esa carrera tan emotiva para nosotros por el cari\u00f1o que nos une con esa tit\u00e1nica y cercana familia, culpable en gran parte de nuestra afici\u00f3n a las carreras de caballos. As\u00ed se lo hicimos saber a nuestra preparaci\u00f3n, y esta, accedi\u00f3 sin dudarlo brind\u00e1ndonos la bonita posibilidad de hacerlo con \u201c<strong>Barbarigo<\/strong>\u201d.<\/p>\n<p style=\"text-align: justify;\">Desde hace un par de meses, Eduardo Buz\u00f3n apost\u00f3 por \u00e9l y cambi\u00f3 su rutina diaria para intentar reconvertirlo en sprinter despu\u00e9s de observar en sus salidas y entrenamientos que muy posiblemente ten\u00eda las condiciones necesarias para esta nueva especialidad. Buen f\u00edsico, acci\u00f3n raseada, excelente salida de cajones y mucha punta de velocidad. Sus actuaciones en la milla de alguna forma se hab\u00edan estancado con el tiempo y, de la misma forma que el pasado domingo despej\u00f3 sus dudas con valent\u00eda en la excelente actuaci\u00f3n de \u201c<strong>Powerful<\/strong> <strong>Sole<\/strong>\u201d al cambio inverso, estamos convencidos que este nuevo desaf\u00edo obtendr\u00e1 sus primeros frutos y reconocimientos en esta su primera salida.<\/p>\n<p style=\"text-align: justify;\">Se enfrentar\u00e1 en esta su primera toma de contacto con la l\u00ednea recta a un compacto lote de especialistas contrastados donde destaca con absoluta claridad \u201c<strong>Great<\/strong> <strong>Prospector<\/strong>\u201d. Ser\u00e1 casi imposible para nosotros y para el resto del lote doblegar a este pensionista de Anaya si mantiene la forma demostrada en su \u00faltima estival del premio Covarrubias, donde desclas\u00f3 con descaro a todos los rivales de esa gran cita. A la espera \u00fanicamente de su fallo, estar\u00e1n al acecho \u201c<strong>Abrantes<\/strong>\u201d y \u201c<strong>Virrey<\/strong>\u201d. El primero, quiz\u00e1s venido a menos desde su fatigosa visita a <em>Meydan<\/em> a comienzos de a\u00f1o, pero ser\u00eda un error no contar con \u00e9l en esta nueva temporada con mucha m\u00e1s frescura. El segundo ya ha demostrado tener tremendas cualidades como \u201cflyer\u201d ganando los dos \u00faltimos sprints de Lasarte que ha disputado este pasado verano y precedentes en Madrid. Irresponsable ser\u00eda tambi\u00e9n descartar al que fuera el mejor sprinter en pasados a\u00f1os como es \u201c<strong>Presidency<\/strong>\u201d. Los a\u00f1os no pasan en balde, pero el viejo sigue demostrando su coraje y calidad siempre junto a su compa\u00f1era de estos \u00faltimos viajes.<\/p>\n<p style=\"text-align: justify;\">Carrera por tanto muy complicada para iniciar la reconversi\u00f3n del b\u00e1rbaro con garant\u00edas de \u00e9xito, pero sin duda, es la mejor carrera para testar al m\u00e1s alto nivel y sacar unas primeras conclusiones. El caballo sufri\u00f3 un problema respiratorio en su \u00faltima salida y desde entonces ha tenido tiempo para que su tratamiento resuelva su gotera. Es un caballo que siempre reaparece bien y llega bien de forma para atacar este primer objetivo. \u00a0Para ello, contaremos con la garant\u00eda de nuestro jockey Borja Fayos que, despu\u00e9s de casi un mes de trabajo diario con \u00e9l, tiene tambi\u00e9n fundamentos para confiar en una buena actuaci\u00f3n y comenzar a repetir aquel fant\u00e1stico idilio que mantuvo con \u201c<strong>Valiant<\/strong> <strong>Blue<\/strong>\u201d hace un lustro.<\/p>\n<p style=\"text-align: justify;\">Mucha suerte equipo!!!<\/p>\n<!-- AddThis Advanced Settings generic via filter on the_content --><!-- AddThis Share Buttons generic via filter on the_content -->","protected":false},"excerpt":{"rendered":"<p>Tras una buena reparaci\u00f3n oto\u00f1al de nuestros primeros dos pupilos, este pr\u00f3ximo domingo llega el turno del b\u00e1rbaro. Ser\u00e1 en la sexta y \u00faltima carrera de la jornada en horario casi de postres que, sin demasiado sentido para nosotros, e imaginamos que para un gran n\u00famero de aficionados, han tenido a bien los responsables de [&hellip;]<!-- AddThis Advanced Settings generic via filter on get_the_excerpt --><!-- AddThis Share Buttons generic via filter on get_the_excerpt --><\/p>\n","protected":false},"author":5,"featured_media":6701,"comment_status":"closed","ping_status":"open","sticky":false,"template":"","format":"standard","meta":{"_acf_changed":false,"_et_pb_use_builder":"","_et_pb_old_content":"","_et_gb_content_width":"","footnotes":""},"categories":[3],"tags":[],"class_list":["post-6996","post","type-post","status-publish","format-standard","has-post-thumbnail","hentry","category-noticias-cuadra-agrado"],"acf":[],"yoast_head":"<!-- This site is optimized with the Yoast SEO plugin v27.4 - https:\/\/yoast.com\/product\/yoast-seo-wordpress\/ -->\n<title>Primer test para Barbarigo en la linea recta - Cuadra Agrado<\/title>\n<meta name=\"robots\" content=\"index, follow, max-snippet:-1, max-image-preview:large, max-video-preview:-1\" \/>\n<link rel=\"canonical\" href=\"https:\/\/cuadra-agrado.es\/?p=6996\" \/>\n<meta property=\"og:locale\" content=\"es_ES\" \/>\n<meta property=\"og:type\" content=\"article\" \/>\n<meta property=\"og:title\" content=\"Primer test para Barbarigo en la linea recta - Cuadra Agrado\" \/>\n<meta property=\"og:description\" content=\"Tras una buena reparaci\u00f3n oto\u00f1al de nuestros primeros dos pupilos, este pr\u00f3ximo domingo llega el turno del b\u00e1rbaro. Ser\u00e1 en la sexta y \u00faltima carrera de la jornada en horario casi de postres que, sin demasiado sentido para nosotros, e imaginamos que para un gran n\u00famero de aficionados, han tenido a bien los responsables de [&hellip;]\" \/>\n<meta property=\"og:url\" content=\"https:\/\/cuadra-agrado.es\/?p=6996\" \/>\n<meta property=\"og:site_name\" content=\"Cuadra Agrado\" \/>\n<meta property=\"article:published_time\" content=\"2020-09-23T09:23:47+00:00\" \/>\n<meta property=\"article:modified_time\" content=\"2024-02-27T09:15:03+00:00\" \/>\n<meta property=\"og:image\" content=\"https:\/\/cuadra-agrado.es\/wp-content\/uploads\/2020\/05\/barbarigo-2-1.jpg\" \/>\n\t<meta property=\"og:image:width\" content=\"732\" \/>\n\t<meta property=\"og:image:height\" content=\"490\" \/>\n\t<meta property=\"og:image:type\" content=\"image\/jpeg\" \/>\n<meta name=\"author\" content=\"Miguel Redondo\" \/>\n<meta name=\"twitter:card\" content=\"summary_large_image\" \/>\n<meta name=\"twitter:creator\" content=\"@AGRADOracing\" \/>\n<meta name=\"twitter:site\" content=\"@AGRADOracing\" \/>\n<meta name=\"twitter:label1\" content=\"Escrito por\" \/>\n\t<meta name=\"twitter:data1\" content=\"Miguel Redondo\" \/>\n\t<meta name=\"twitter:label2\" content=\"Tiempo de lectura\" \/>\n\t<meta name=\"twitter:data2\" content=\"3 minutos\" \/>\n<script type=\"application\/ld+json\" class=\"yoast-schema-graph\">{\"@context\":\"https:\\\/\\\/schema.org\",\"@graph\":[{\"@type\":\"Article\",\"@id\":\"https:\\\/\\\/cuadra-agrado.es\\\/?p=6996#article\",\"isPartOf\":{\"@id\":\"https:\\\/\\\/cuadra-agrado.es\\\/?p=6996\"},\"author\":{\"name\":\"Miguel Redondo\",\"@id\":\"https:\\\/\\\/cuadra-agrado.es\\\/#\\\/schema\\\/person\\\/3aa4f8d2373cf756d93a5526bc72f31b\"},\"headline\":\"Primer test para Barbarigo en la linea recta\",\"datePublished\":\"2020-09-23T09:23:47+00:00\",\"dateModified\":\"2024-02-27T09:15:03+00:00\",\"mainEntityOfPage\":{\"@id\":\"https:\\\/\\\/cuadra-agrado.es\\\/?p=6996\"},\"wordCount\":680,\"image\":{\"@id\":\"https:\\\/\\\/cuadra-agrado.es\\\/?p=6996#primaryimage\"},\"thumbnailUrl\":\"https:\\\/\\\/cuadra-agrado.es\\\/wp-content\\\/uploads\\\/2020\\\/05\\\/barbarigo-2-1.jpg\",\"articleSection\":[\"Actualidad\"],\"inLanguage\":\"es\"},{\"@type\":\"WebPage\",\"@id\":\"https:\\\/\\\/cuadra-agrado.es\\\/?p=6996\",\"url\":\"https:\\\/\\\/cuadra-agrado.es\\\/?p=6996\",\"name\":\"Primer test para Barbarigo en la linea recta - Cuadra Agrado\",\"isPartOf\":{\"@id\":\"https:\\\/\\\/cuadra-agrado.es\\\/#website\"},\"primaryImageOfPage\":{\"@id\":\"https:\\\/\\\/cuadra-agrado.es\\\/?p=6996#primaryimage\"},\"image\":{\"@id\":\"https:\\\/\\\/cuadra-agrado.es\\\/?p=6996#primaryimage\"},\"thumbnailUrl\":\"https:\\\/\\\/cuadra-agrado.es\\\/wp-content\\\/uploads\\\/2020\\\/05\\\/barbarigo-2-1.jpg\",\"datePublished\":\"2020-09-23T09:23:47+00:00\",\"dateModified\":\"2024-02-27T09:15:03+00:00\",\"author\":{\"@id\":\"https:\\\/\\\/cuadra-agrado.es\\\/#\\\/schema\\\/person\\\/3aa4f8d2373cf756d93a5526bc72f31b\"},\"breadcrumb\":{\"@id\":\"https:\\\/\\\/cuadra-agrado.es\\\/?p=6996#breadcrumb\"},\"inLanguage\":\"es\",\"potentialAction\":[{\"@type\":\"ReadAction\",\"target\":[\"https:\\\/\\\/cuadra-agrado.es\\\/?p=6996\"]}]},{\"@type\":\"ImageObject\",\"inLanguage\":\"es\",\"@id\":\"https:\\\/\\\/cuadra-agrado.es\\\/?p=6996#primaryimage\",\"url\":\"https:\\\/\\\/cuadra-agrado.es\\\/wp-content\\\/uploads\\\/2020\\\/05\\\/barbarigo-2-1.jpg\",\"contentUrl\":\"https:\\\/\\\/cuadra-agrado.es\\\/wp-content\\\/uploads\\\/2020\\\/05\\\/barbarigo-2-1.jpg\",\"width\":732,\"height\":490},{\"@type\":\"BreadcrumbList\",\"@id\":\"https:\\\/\\\/cuadra-agrado.es\\\/?p=6996#breadcrumb\",\"itemListElement\":[{\"@type\":\"ListItem\",\"position\":1,\"name\":\"Portada\",\"item\":\"https:\\\/\\\/cuadra-agrado.es\\\/\"},{\"@type\":\"ListItem\",\"position\":2,\"name\":\"Primer test para Barbarigo en la linea recta\"}]},{\"@type\":\"WebSite\",\"@id\":\"https:\\\/\\\/cuadra-agrado.es\\\/#website\",\"url\":\"https:\\\/\\\/cuadra-agrado.es\\\/\",\"name\":\"Cuadra Agrado\",\"description\":\"En el mundo del Turf desde 2008\",\"potentialAction\":[{\"@type\":\"SearchAction\",\"target\":{\"@type\":\"EntryPoint\",\"urlTemplate\":\"https:\\\/\\\/cuadra-agrado.es\\\/?s={search_term_string}\"},\"query-input\":{\"@type\":\"PropertyValueSpecification\",\"valueRequired\":true,\"valueName\":\"search_term_string\"}}],\"inLanguage\":\"es\"},{\"@type\":\"Person\",\"@id\":\"https:\\\/\\\/cuadra-agrado.es\\\/#\\\/schema\\\/person\\\/3aa4f8d2373cf756d93a5526bc72f31b\",\"name\":\"Miguel Redondo\",\"image\":{\"@type\":\"ImageObject\",\"inLanguage\":\"es\",\"@id\":\"https:\\\/\\\/secure.gravatar.com\\\/avatar\\\/85704fceb4fa34017e3c1344d182da00dbf772fb8856ba2b7726a2df926415b4?s=96&d=mm&r=g\",\"url\":\"https:\\\/\\\/secure.gravatar.com\\\/avatar\\\/85704fceb4fa34017e3c1344d182da00dbf772fb8856ba2b7726a2df926415b4?s=96&d=mm&r=g\",\"contentUrl\":\"https:\\\/\\\/secure.gravatar.com\\\/avatar\\\/85704fceb4fa34017e3c1344d182da00dbf772fb8856ba2b7726a2df926415b4?s=96&d=mm&r=g\",\"caption\":\"Miguel Redondo\"},\"sameAs\":[\"https:\\\/\\\/cuadra-agrado.es\"],\"url\":\"https:\\\/\\\/cuadra-agrado.es\\\/?author=5\"}]}<\/script>\n<!-- \/ Yoast SEO plugin. -->","yoast_head_json":{"title":"Primer test para Barbarigo en la linea recta - Cuadra Agrado","robots":{"index":"index","follow":"follow","max-snippet":"max-snippet:-1","max-image-preview":"max-image-preview:large","max-video-preview":"max-video-preview:-1"},"canonical":"https:\/\/cuadra-agrado.es\/?p=6996","og_locale":"es_ES","og_type":"article","og_title":"Primer test para Barbarigo en la linea recta - Cuadra Agrado","og_description":"Tras una buena reparaci\u00f3n oto\u00f1al de nuestros primeros dos pupilos, este pr\u00f3ximo domingo llega el turno del b\u00e1rbaro. Ser\u00e1 en la sexta y \u00faltima carrera de la jornada en horario casi de postres que, sin demasiado sentido para nosotros, e imaginamos que para un gran n\u00famero de aficionados, han tenido a bien los responsables de [&hellip;]","og_url":"https:\/\/cuadra-agrado.es\/?p=6996","og_site_name":"Cuadra Agrado","article_published_time":"2020-09-23T09:23:47+00:00","article_modified_time":"2024-02-27T09:15:03+00:00","og_image":[{"width":732,"height":490,"url":"https:\/\/cuadra-agrado.es\/wp-content\/uploads\/2020\/05\/barbarigo-2-1.jpg","type":"image\/jpeg"}],"author":"Miguel Redondo","twitter_card":"summary_large_image","twitter_creator":"@AGRADOracing","twitter_site":"@AGRADOracing","twitter_misc":{"Escrito por":"Miguel Redondo","Tiempo de lectura":"3 minutos"},"schema":{"@context":"https:\/\/schema.org","@graph":[{"@type":"Article","@id":"https:\/\/cuadra-agrado.es\/?p=6996#article","isPartOf":{"@id":"https:\/\/cuadra-agrado.es\/?p=6996"},"author":{"name":"Miguel Redondo","@id":"https:\/\/cuadra-agrado.es\/#\/schema\/person\/3aa4f8d2373cf756d93a5526bc72f31b"},"headline":"Primer test para Barbarigo en la linea recta","datePublished":"2020-09-23T09:23:47+00:00","dateModified":"2024-02-27T09:15:03+00:00","mainEntityOfPage":{"@id":"https:\/\/cuadra-agrado.es\/?p=6996"},"wordCount":680,"image":{"@id":"https:\/\/cuadra-agrado.es\/?p=6996#primaryimage"},"thumbnailUrl":"https:\/\/cuadra-agrado.es\/wp-content\/uploads\/2020\/05\/barbarigo-2-1.jpg","articleSection":["Actualidad"],"inLanguage":"es"},{"@type":"WebPage","@id":"https:\/\/cuadra-agrado.es\/?p=6996","url":"https:\/\/cuadra-agrado.es\/?p=6996","name":"Primer test para Barbarigo en la linea recta - Cuadra Agrado","isPartOf":{"@id":"https:\/\/cuadra-agrado.es\/#website"},"primaryImageOfPage":{"@id":"https:\/\/cuadra-agrado.es\/?p=6996#primaryimage"},"image":{"@id":"https:\/\/cuadra-agrado.es\/?p=6996#primaryimage"},"thumbnailUrl":"https:\/\/cuadra-agrado.es\/wp-content\/uploads\/2020\/05\/barbarigo-2-1.jpg","datePublished":"2020-09-23T09:23:47+00:00","dateModified":"2024-02-27T09:15:03+00:00","author":{"@id":"https:\/\/cuadra-agrado.es\/#\/schema\/person\/3aa4f8d2373cf756d93a5526bc72f31b"},"breadcrumb":{"@id":"https:\/\/cuadra-agrado.es\/?p=6996#breadcrumb"},"inLanguage":"es","potentialAction":[{"@type":"ReadAction","target":["https:\/\/cuadra-agrado.es\/?p=6996"]}]},{"@type":"ImageObject","inLanguage":"es","@id":"https:\/\/cuadra-agrado.es\/?p=6996#primaryimage","url":"https:\/\/cuadra-agrado.es\/wp-content\/uploads\/2020\/05\/barbarigo-2-1.jpg","contentUrl":"https:\/\/cuadra-agrado.es\/wp-content\/uploads\/2020\/05\/barbarigo-2-1.jpg","width":732,"height":490},{"@type":"BreadcrumbList","@id":"https:\/\/cuadra-agrado.es\/?p=6996#breadcrumb","itemListElement":[{"@type":"ListItem","position":1,"name":"Portada","item":"https:\/\/cuadra-agrado.es\/"},{"@type":"ListItem","position":2,"name":"Primer test para Barbarigo en la linea recta"}]},{"@type":"WebSite","@id":"https:\/\/cuadra-agrado.es\/#website","url":"https:\/\/cuadra-agrado.es\/","name":"Cuadra Agrado","description":"En el mundo del Turf desde 2008","potentialAction":[{"@type":"SearchAction","target":{"@type":"EntryPoint","urlTemplate":"https:\/\/cuadra-agrado.es\/?s={search_term_string}"},"query-input":{"@type":"PropertyValueSpecification","valueRequired":true,"valueName":"search_term_string"}}],"inLanguage":"es"},{"@type":"Person","@id":"https:\/\/cuadra-agrado.es\/#\/schema\/person\/3aa4f8d2373cf756d93a5526bc72f31b","name":"Miguel Redondo","image":{"@type":"ImageObject","inLanguage":"es","@id":"https:\/\/secure.gravatar.com\/avatar\/85704fceb4fa34017e3c1344d182da00dbf772fb8856ba2b7726a2df926415b4?s=96&d=mm&r=g","url":"https:\/\/secure.gravatar.com\/avatar\/85704fceb4fa34017e3c1344d182da00dbf772fb8856ba2b7726a2df926415b4?s=96&d=mm&r=g","contentUrl":"https:\/\/secure.gravatar.com\/avatar\/85704fceb4fa34017e3c1344d182da00dbf772fb8856ba2b7726a2df926415b4?s=96&d=mm&r=g","caption":"Miguel Redondo"},"sameAs":["https:\/\/cuadra-agrado.es"],"url":"https:\/\/cuadra-agrado.es\/?author=5"}]}},"_links":{"self":[{"href":"https:\/\/cuadra-agrado.es\/index.php?rest_route=\/wp\/v2\/posts\/6996","targetHints":{"allow":["GET"]}}],"collection":[{"href":"https:\/\/cuadra-agrado.es\/index.php?rest_route=\/wp\/v2\/posts"}],"about":[{"href":"https:\/\/cuadra-agrado.es\/index.php?rest_route=\/wp\/v2\/types\/post"}],"author":[{"embeddable":true,"href":"https:\/\/cuadra-agrado.es\/index.php?rest_route=\/wp\/v2\/users\/5"}],"replies":[{"embeddable":true,"href":"https:\/\/cuadra-agrado.es\/index.php?rest_route=%2Fwp%2Fv2%2Fcomments&post=6996"}],"version-history":[{"count":0,"href":"https:\/\/cuadra-agrado.es\/index.php?rest_route=\/wp\/v2\/posts\/6996\/revisions"}],"wp:featuredmedia":[{"embeddable":true,"href":"https:\/\/cuadra-agrado.es\/index.php?rest_route=\/wp\/v2\/media\/6701"}],"wp:attachment":[{"href":"https:\/\/cuadra-agrado.es\/index.php?rest_route=%2Fwp%2Fv2%2Fmedia&parent=6996"}],"wp:term":[{"taxonomy":"category","embeddable":true,"href":"https:\/\/cuadra-agrado.es\/index.php?rest_route=%2Fwp%2Fv2%2Fcategories&post=6996"},{"taxonomy":"post_tag","embeddable":true,"href":"https:\/\/cuadra-agrado.es\/index.php?rest_route=%2Fwp%2Fv2%2Ftags&post=6996"}],"curies":[{"name":"wp","href":"https:\/\/api.w.org\/{rel}","templated":true}]}}