{"id":6965,"date":"2020-09-03T07:53:59","date_gmt":"2020-09-03T07:53:59","guid":{"rendered":"https:\/\/cuadra-agrado.es\/?p=6965"},"modified":"2024-02-27T09:15:04","modified_gmt":"2024-02-27T09:15:04","slug":"cuatro-efectivos-daran-continuidad-a-la-temporada-otonal","status":"publish","type":"post","link":"https:\/\/cuadra-agrado.es\/?p=6965","title":{"rendered":"Cuatro efectivos dar\u00e1n continuidad a la temporada oto\u00f1al"},"content":{"rendered":"<p style=\"text-align: justify;\">Comenz\u00e1bamos un nuevo a\u00f1o con seis efectivos defendiendo nuestros colores, y tras una primavera del todo at\u00edpica en dique seco por causas del efecto covid-19, y un buen verano en el que llegaron victorias de tres de ellos, lleg\u00f3 el momento de evaluar y reestructurar la cuadra de cara al pr\u00f3ximo oto\u00f1o que reci\u00e9n comenzar\u00e1 el pr\u00f3ximo 13 de septiembre.<\/p>\n<p style=\"text-align: justify;\">Desgraciadamente, dos de los efectivos que iniciaron la competici\u00f3n a comienzos de a\u00f1o no tuvieron el desenlace esperado y no continuar\u00e1n con nosotros. Es el caso de \u201c<strong>Danubian<\/strong> <strong>Blue<\/strong>\u201d, a la que le volvimos a dar una nueva oportunidad tras un largo descanso invernal y que en sus dos actuaciones de julio volvi\u00f3 a decirnos de manera ya insistente que su paso por la competici\u00f3n hab\u00eda finalizado. Hoy, tiene prevista su salida a \u201cLa Venta la Rubia\u201d para buscar su futuro como yegua de tanda en saltos. Hasta aqu\u00ed lleg\u00f3 nuestro idilio con esta hija de \u201c<strong>Canford<\/strong> <strong>Cliffs<\/strong>\u201d que tras un valioso debut se fue apagando lentamente sin ninguna opci\u00f3n a su recuperaci\u00f3n.<br \/>\nEl otro efectivo que ser\u00e1 retirado de competici\u00f3n ser\u00e1 \u201c<strong>American<\/strong> <strong>Blue<\/strong>\u201d. Un cuatro a\u00f1os, hijo de \u201c<strong>Manduro<\/strong>\u201d, que a lo largo de estos tres a\u00f1os con nosotros ni tan siquiera ha podido debutar en competici\u00f3n. Despu\u00e9s de un a\u00f1o con Juan Luis Maroto decidimos regresarlo a la yeguada para solucionar un peque\u00f1o problema de salud. Tras m\u00e1s de un a\u00f1o de tratamiento decidimos devolverlo a competici\u00f3n este a\u00f1o bajo la nueva preparaci\u00f3n de Eduardo Buz\u00f3n, pero en estos m\u00e1s de ocho meses en entrenamiento no hubo ni una sola opci\u00f3n de poder tan siquiera debutarlo. Hoy, est\u00e1 previsto tambi\u00e9n su salida\u00a0 a la \u00abVenta la Rubia\u00bb para comenzar su nueva vida como caballo de tanda para salto.<\/p>\n<p style=\"text-align: justify;\">Con estas dos bajas obligadas, comenzaremos el a\u00f1o con los cuatro efectivos que se han ganado el derecho a continuar con nosotros y, si la salud y la fortuna est\u00e1n de nuestro lado, nos acompa\u00f1ar\u00e1n el resto de la temporada hasta finalizar el a\u00f1o. Es el caso de \u201c<strong>Barbarigo<\/strong>\u201d que contin\u00faa siendo el adalid de la cuadra y que, tras un buen inicio con un tercero y una victoria, tuvo en su tercera un problema respiratorio del que se est\u00e1 tratando desde entonces para reaparecer reconvertido en sprinter con un actual valor 40,5. Ser\u00e1 matriculado en los dos grandes premios de velocidad de oto\u00f1o para contrastar su aptitud a la l\u00ednea recta, siendo su principal objetivo participar en el GP Ruban sobre distancia de 1.200 metros y el GP Antonio Blasco sobre distancia de 1.400 metros a final de temporada, con una posible previa para constatar su aptitud al sprint el pr\u00f3ximo 27 de septiembre en el Premio Soudzou-Lorenzo Sanz. De \u00e9l esperamos mantenga y pueda incluso incrementar su valor en esta nueva especialidad como \u00abflyer\u00bb, y definitivamente seamos capaces de dar soluci\u00f3n a sus problemas puntuales de salud.<br \/>\nEl segundo efectivo que continuar\u00e1 defendiendo nuestros colores ser\u00e1 \u201c<strong>Powerful<\/strong> <strong>Sole<\/strong>\u201d. Este hijo de \u201c<strong>Sir Percy<\/strong>\u201d tratar\u00e1 en este oto\u00f1o de mantener ese alto valor 40,5 actual en pruebas entre 1.400 y 1.600 metros para encaminarlo a pruebas milleras este oto\u00f1o. Su reaparici\u00f3n bien pudiera ser en la preparatoria del Hispanidad \u00abPremio Partipral\u00bb el pr\u00f3ximo 1 de octubre. Tambi\u00e9n est\u00e1 matriculado en el GP Antonio Blasco a final de temporada, siendo estas dos \u00fanicas carreras su programa inicial planteado para el oto\u00f1o. De este peque\u00f1o y corajudo caballo esperamos pueda consolidarse en su mejor horquilla de distancia y podamos disfrutar en buenas carreras de nivel.<br \/>\nTras las cuatro buenas actuaciones de \u201c<strong>Highrock<\/strong> <strong>Blue<\/strong>\u201d sin caerse del tr\u00edo y ya fuera de \u201cmaiden\u201d, tenemos en ella una nacional en su edad cl\u00e1sica con muy buenas perspectivas de futuro. Hemos definido su programa basado \u00fanicamente en pruebas de nacionales reapareciendo en el premio \u201cGonzalo Ussia\u201d el 9 de octubre reservado a nacionales de tres a\u00f1os sobre distancia de 2.100 metros. Despu\u00e9s de esta previa, est\u00e1 matriculada para figurar en el GP Nacional que se marc\u00f3 en negrita a comienzos de temporada, y que es su principal objetivo de la temporada. Mucha ilusi\u00f3n en este primer producto que ponemos en pista como criadores y que est\u00e1 resultando ser muy fiable y de calidad. Esperamos de ella todav\u00eda progresi\u00f3n en esta \u00faltima fase de su edad cl\u00e1sica para ser capaz de ofrecernos buenas recompensas futuras.<br \/>\nComo cuarto efectivo, lleg\u00f3 la hora del debut de nuestra adquisici\u00f3n en la \u00faltima subasta Acpsie. \u201c<strong>Kendaya<\/strong>\u201d. Esta imponente hija de \u201cFree Eagle\u201d har\u00e1 su presentaci\u00f3n, si todo va en buena l\u00ednea, el pr\u00f3ximo 20 septiembre en el premio \u201cMiguel Angel Rivera\u201d. Esta previa servir\u00e1 para confirmar su presencia en la carrera de mayor dotaci\u00f3n del a\u00f1o en nuestro pa\u00eds, el GP Subasta ACPSIE 2020\u201d. Su entrenador est\u00e1 muy contento con ella y ya est\u00e1 dejando pruebas fehacientes de su gran calidad. Confiamos que estas dos carreras importantes a dos a\u00f1os nos den ese aliciente para confiar en sus buenas opciones en su pr\u00f3xima edad cl\u00e1sica.<\/p>\n<p style=\"text-align: justify;\">Este ser\u00e1 por tanto el programa inicial de oto\u00f1o para nuestros efectivos con los que trataremos de continuar una buena racha con tres victorias y cinco colocaciones ya en el bolsillo hasta la fecha, sin descartar nuevas adquisiciones que bien pudieran llegar a lo largo de la temporada.<\/p>\n<p style=\"text-align: justify;\">Los cuatro efectivos continuar\u00e1n bajo la preparaci\u00f3n de nuestro actual entrenador \u201cEduardo Buz\u00f3n\u201d al que deseamos toda la fortuna que merece con nuestros caballos y con el resto del patio.<\/p>\n<!-- AddThis Advanced Settings generic via filter on the_content --><!-- AddThis Share Buttons generic via filter on the_content -->","protected":false},"excerpt":{"rendered":"<p>Comenz\u00e1bamos un nuevo a\u00f1o con seis efectivos defendiendo nuestros colores, y tras una primavera del todo at\u00edpica en dique seco por causas del efecto covid-19, y un buen verano en el que llegaron victorias de tres de ellos, lleg\u00f3 el momento de evaluar y reestructurar la cuadra de cara al pr\u00f3ximo oto\u00f1o que reci\u00e9n comenzar\u00e1 [&hellip;]<!-- AddThis Advanced Settings generic via filter on get_the_excerpt --><!-- AddThis Share Buttons generic via filter on get_the_excerpt --><\/p>\n","protected":false},"author":5,"featured_media":0,"comment_status":"closed","ping_status":"open","sticky":false,"template":"","format":"standard","meta":{"_acf_changed":false,"_et_pb_use_builder":"","_et_pb_old_content":"","_et_gb_content_width":"","footnotes":""},"categories":[3],"tags":[],"class_list":["post-6965","post","type-post","status-publish","format-standard","hentry","category-noticias-cuadra-agrado"],"acf":[],"yoast_head":"<!-- This site is optimized with the Yoast SEO plugin v27.4 - https:\/\/yoast.com\/product\/yoast-seo-wordpress\/ -->\n<title>Cuatro efectivos dar\u00e1n continuidad a la temporada oto\u00f1al - Cuadra Agrado<\/title>\n<meta name=\"robots\" content=\"index, follow, max-snippet:-1, max-image-preview:large, max-video-preview:-1\" \/>\n<link rel=\"canonical\" href=\"https:\/\/cuadra-agrado.es\/?p=6965\" \/>\n<meta property=\"og:locale\" content=\"es_ES\" \/>\n<meta property=\"og:type\" content=\"article\" \/>\n<meta property=\"og:title\" content=\"Cuatro efectivos dar\u00e1n continuidad a la temporada oto\u00f1al - Cuadra Agrado\" \/>\n<meta property=\"og:description\" content=\"Comenz\u00e1bamos un nuevo a\u00f1o con seis efectivos defendiendo nuestros colores, y tras una primavera del todo at\u00edpica en dique seco por causas del efecto covid-19, y un buen verano en el que llegaron victorias de tres de ellos, lleg\u00f3 el momento de evaluar y reestructurar la cuadra de cara al pr\u00f3ximo oto\u00f1o que reci\u00e9n comenzar\u00e1 [&hellip;]\" \/>\n<meta property=\"og:url\" content=\"https:\/\/cuadra-agrado.es\/?p=6965\" \/>\n<meta property=\"og:site_name\" content=\"Cuadra Agrado\" \/>\n<meta property=\"article:published_time\" content=\"2020-09-03T07:53:59+00:00\" \/>\n<meta property=\"article:modified_time\" content=\"2024-02-27T09:15:04+00:00\" \/>\n<meta name=\"author\" content=\"Miguel Redondo\" \/>\n<meta name=\"twitter:card\" content=\"summary_large_image\" \/>\n<meta name=\"twitter:creator\" content=\"@AGRADOracing\" \/>\n<meta name=\"twitter:site\" content=\"@AGRADOracing\" \/>\n<meta name=\"twitter:label1\" content=\"Escrito por\" \/>\n\t<meta name=\"twitter:data1\" content=\"Miguel Redondo\" \/>\n\t<meta name=\"twitter:label2\" content=\"Tiempo de lectura\" \/>\n\t<meta name=\"twitter:data2\" content=\"5 minutos\" \/>\n<script type=\"application\/ld+json\" class=\"yoast-schema-graph\">{\"@context\":\"https:\\\/\\\/schema.org\",\"@graph\":[{\"@type\":\"Article\",\"@id\":\"https:\\\/\\\/cuadra-agrado.es\\\/?p=6965#article\",\"isPartOf\":{\"@id\":\"https:\\\/\\\/cuadra-agrado.es\\\/?p=6965\"},\"author\":{\"name\":\"Miguel Redondo\",\"@id\":\"https:\\\/\\\/cuadra-agrado.es\\\/#\\\/schema\\\/person\\\/3aa4f8d2373cf756d93a5526bc72f31b\"},\"headline\":\"Cuatro efectivos dar\u00e1n continuidad a la temporada oto\u00f1al\",\"datePublished\":\"2020-09-03T07:53:59+00:00\",\"dateModified\":\"2024-02-27T09:15:04+00:00\",\"mainEntityOfPage\":{\"@id\":\"https:\\\/\\\/cuadra-agrado.es\\\/?p=6965\"},\"wordCount\":970,\"articleSection\":[\"Actualidad\"],\"inLanguage\":\"es\"},{\"@type\":\"WebPage\",\"@id\":\"https:\\\/\\\/cuadra-agrado.es\\\/?p=6965\",\"url\":\"https:\\\/\\\/cuadra-agrado.es\\\/?p=6965\",\"name\":\"Cuatro efectivos dar\u00e1n continuidad a la temporada oto\u00f1al - Cuadra Agrado\",\"isPartOf\":{\"@id\":\"https:\\\/\\\/cuadra-agrado.es\\\/#website\"},\"datePublished\":\"2020-09-03T07:53:59+00:00\",\"dateModified\":\"2024-02-27T09:15:04+00:00\",\"author\":{\"@id\":\"https:\\\/\\\/cuadra-agrado.es\\\/#\\\/schema\\\/person\\\/3aa4f8d2373cf756d93a5526bc72f31b\"},\"breadcrumb\":{\"@id\":\"https:\\\/\\\/cuadra-agrado.es\\\/?p=6965#breadcrumb\"},\"inLanguage\":\"es\",\"potentialAction\":[{\"@type\":\"ReadAction\",\"target\":[\"https:\\\/\\\/cuadra-agrado.es\\\/?p=6965\"]}]},{\"@type\":\"BreadcrumbList\",\"@id\":\"https:\\\/\\\/cuadra-agrado.es\\\/?p=6965#breadcrumb\",\"itemListElement\":[{\"@type\":\"ListItem\",\"position\":1,\"name\":\"Portada\",\"item\":\"https:\\\/\\\/cuadra-agrado.es\\\/\"},{\"@type\":\"ListItem\",\"position\":2,\"name\":\"Cuatro efectivos dar\u00e1n continuidad a la temporada oto\u00f1al\"}]},{\"@type\":\"WebSite\",\"@id\":\"https:\\\/\\\/cuadra-agrado.es\\\/#website\",\"url\":\"https:\\\/\\\/cuadra-agrado.es\\\/\",\"name\":\"Cuadra Agrado\",\"description\":\"En el mundo del Turf desde 2008\",\"potentialAction\":[{\"@type\":\"SearchAction\",\"target\":{\"@type\":\"EntryPoint\",\"urlTemplate\":\"https:\\\/\\\/cuadra-agrado.es\\\/?s={search_term_string}\"},\"query-input\":{\"@type\":\"PropertyValueSpecification\",\"valueRequired\":true,\"valueName\":\"search_term_string\"}}],\"inLanguage\":\"es\"},{\"@type\":\"Person\",\"@id\":\"https:\\\/\\\/cuadra-agrado.es\\\/#\\\/schema\\\/person\\\/3aa4f8d2373cf756d93a5526bc72f31b\",\"name\":\"Miguel Redondo\",\"image\":{\"@type\":\"ImageObject\",\"inLanguage\":\"es\",\"@id\":\"https:\\\/\\\/secure.gravatar.com\\\/avatar\\\/85704fceb4fa34017e3c1344d182da00dbf772fb8856ba2b7726a2df926415b4?s=96&d=mm&r=g\",\"url\":\"https:\\\/\\\/secure.gravatar.com\\\/avatar\\\/85704fceb4fa34017e3c1344d182da00dbf772fb8856ba2b7726a2df926415b4?s=96&d=mm&r=g\",\"contentUrl\":\"https:\\\/\\\/secure.gravatar.com\\\/avatar\\\/85704fceb4fa34017e3c1344d182da00dbf772fb8856ba2b7726a2df926415b4?s=96&d=mm&r=g\",\"caption\":\"Miguel Redondo\"},\"sameAs\":[\"https:\\\/\\\/cuadra-agrado.es\"],\"url\":\"https:\\\/\\\/cuadra-agrado.es\\\/?author=5\"}]}<\/script>\n<!-- \/ Yoast SEO plugin. -->","yoast_head_json":{"title":"Cuatro efectivos dar\u00e1n continuidad a la temporada oto\u00f1al - Cuadra Agrado","robots":{"index":"index","follow":"follow","max-snippet":"max-snippet:-1","max-image-preview":"max-image-preview:large","max-video-preview":"max-video-preview:-1"},"canonical":"https:\/\/cuadra-agrado.es\/?p=6965","og_locale":"es_ES","og_type":"article","og_title":"Cuatro efectivos dar\u00e1n continuidad a la temporada oto\u00f1al - Cuadra Agrado","og_description":"Comenz\u00e1bamos un nuevo a\u00f1o con seis efectivos defendiendo nuestros colores, y tras una primavera del todo at\u00edpica en dique seco por causas del efecto covid-19, y un buen verano en el que llegaron victorias de tres de ellos, lleg\u00f3 el momento de evaluar y reestructurar la cuadra de cara al pr\u00f3ximo oto\u00f1o que reci\u00e9n comenzar\u00e1 [&hellip;]","og_url":"https:\/\/cuadra-agrado.es\/?p=6965","og_site_name":"Cuadra Agrado","article_published_time":"2020-09-03T07:53:59+00:00","article_modified_time":"2024-02-27T09:15:04+00:00","author":"Miguel Redondo","twitter_card":"summary_large_image","twitter_creator":"@AGRADOracing","twitter_site":"@AGRADOracing","twitter_misc":{"Escrito por":"Miguel Redondo","Tiempo de lectura":"5 minutos"},"schema":{"@context":"https:\/\/schema.org","@graph":[{"@type":"Article","@id":"https:\/\/cuadra-agrado.es\/?p=6965#article","isPartOf":{"@id":"https:\/\/cuadra-agrado.es\/?p=6965"},"author":{"name":"Miguel Redondo","@id":"https:\/\/cuadra-agrado.es\/#\/schema\/person\/3aa4f8d2373cf756d93a5526bc72f31b"},"headline":"Cuatro efectivos dar\u00e1n continuidad a la temporada oto\u00f1al","datePublished":"2020-09-03T07:53:59+00:00","dateModified":"2024-02-27T09:15:04+00:00","mainEntityOfPage":{"@id":"https:\/\/cuadra-agrado.es\/?p=6965"},"wordCount":970,"articleSection":["Actualidad"],"inLanguage":"es"},{"@type":"WebPage","@id":"https:\/\/cuadra-agrado.es\/?p=6965","url":"https:\/\/cuadra-agrado.es\/?p=6965","name":"Cuatro efectivos dar\u00e1n continuidad a la temporada oto\u00f1al - Cuadra Agrado","isPartOf":{"@id":"https:\/\/cuadra-agrado.es\/#website"},"datePublished":"2020-09-03T07:53:59+00:00","dateModified":"2024-02-27T09:15:04+00:00","author":{"@id":"https:\/\/cuadra-agrado.es\/#\/schema\/person\/3aa4f8d2373cf756d93a5526bc72f31b"},"breadcrumb":{"@id":"https:\/\/cuadra-agrado.es\/?p=6965#breadcrumb"},"inLanguage":"es","potentialAction":[{"@type":"ReadAction","target":["https:\/\/cuadra-agrado.es\/?p=6965"]}]},{"@type":"BreadcrumbList","@id":"https:\/\/cuadra-agrado.es\/?p=6965#breadcrumb","itemListElement":[{"@type":"ListItem","position":1,"name":"Portada","item":"https:\/\/cuadra-agrado.es\/"},{"@type":"ListItem","position":2,"name":"Cuatro efectivos dar\u00e1n continuidad a la temporada oto\u00f1al"}]},{"@type":"WebSite","@id":"https:\/\/cuadra-agrado.es\/#website","url":"https:\/\/cuadra-agrado.es\/","name":"Cuadra Agrado","description":"En el mundo del Turf desde 2008","potentialAction":[{"@type":"SearchAction","target":{"@type":"EntryPoint","urlTemplate":"https:\/\/cuadra-agrado.es\/?s={search_term_string}"},"query-input":{"@type":"PropertyValueSpecification","valueRequired":true,"valueName":"search_term_string"}}],"inLanguage":"es"},{"@type":"Person","@id":"https:\/\/cuadra-agrado.es\/#\/schema\/person\/3aa4f8d2373cf756d93a5526bc72f31b","name":"Miguel Redondo","image":{"@type":"ImageObject","inLanguage":"es","@id":"https:\/\/secure.gravatar.com\/avatar\/85704fceb4fa34017e3c1344d182da00dbf772fb8856ba2b7726a2df926415b4?s=96&d=mm&r=g","url":"https:\/\/secure.gravatar.com\/avatar\/85704fceb4fa34017e3c1344d182da00dbf772fb8856ba2b7726a2df926415b4?s=96&d=mm&r=g","contentUrl":"https:\/\/secure.gravatar.com\/avatar\/85704fceb4fa34017e3c1344d182da00dbf772fb8856ba2b7726a2df926415b4?s=96&d=mm&r=g","caption":"Miguel Redondo"},"sameAs":["https:\/\/cuadra-agrado.es"],"url":"https:\/\/cuadra-agrado.es\/?author=5"}]}},"_links":{"self":[{"href":"https:\/\/cuadra-agrado.es\/index.php?rest_route=\/wp\/v2\/posts\/6965","targetHints":{"allow":["GET"]}}],"collection":[{"href":"https:\/\/cuadra-agrado.es\/index.php?rest_route=\/wp\/v2\/posts"}],"about":[{"href":"https:\/\/cuadra-agrado.es\/index.php?rest_route=\/wp\/v2\/types\/post"}],"author":[{"embeddable":true,"href":"https:\/\/cuadra-agrado.es\/index.php?rest_route=\/wp\/v2\/users\/5"}],"replies":[{"embeddable":true,"href":"https:\/\/cuadra-agrado.es\/index.php?rest_route=%2Fwp%2Fv2%2Fcomments&post=6965"}],"version-history":[{"count":0,"href":"https:\/\/cuadra-agrado.es\/index.php?rest_route=\/wp\/v2\/posts\/6965\/revisions"}],"wp:attachment":[{"href":"https:\/\/cuadra-agrado.es\/index.php?rest_route=%2Fwp%2Fv2%2Fmedia&parent=6965"}],"wp:term":[{"taxonomy":"category","embeddable":true,"href":"https:\/\/cuadra-agrado.es\/index.php?rest_route=%2Fwp%2Fv2%2Fcategories&post=6965"},{"taxonomy":"post_tag","embeddable":true,"href":"https:\/\/cuadra-agrado.es\/index.php?rest_route=%2Fwp%2Fv2%2Ftags&post=6965"}],"curies":[{"name":"wp","href":"https:\/\/api.w.org\/{rel}","templated":true}]}}