{"id":695,"date":"2013-04-17T13:22:32","date_gmt":"2013-04-17T12:22:32","guid":{"rendered":"http:\/\/s465126685.mialojamiento.es\/?p=695"},"modified":"2024-02-27T09:22:43","modified_gmt":"2024-02-27T09:22:43","slug":"ranyan-no-pudo-hacer-su-carrera-en-chantilly","status":"publish","type":"post","link":"https:\/\/cuadra-agrado.es\/?p=695","title":{"rendered":"Rany\u00e1n no pudo hacer su carrera en Chantilly"},"content":{"rendered":"<p style=\"text-align: justify;\"><a href=\"http:\/\/s465126685.mialojamiento.es\/wp-content\/uploads\/2014\/01\/ranyan-chantilly.jpg\"><img loading=\"lazy\" decoding=\"async\" class=\"alignleft  wp-image-696\" alt=\"ranyan chantilly\" src=\"http:\/\/s465126685.mialojamiento.es\/wp-content\/uploads\/2014\/01\/ranyan-chantilly.jpg\" width=\"280\" height=\"180\" \/><\/a>Mal comenzaba la semana para nuestros colores con el forfait definitivo de &#8216;Orlov&#8217; en su primera de vallas francesas, y mal ha terminado nuestra primera incursi\u00f3n a tierras galas con &#8216;Rany\u00e1n&#8217; donde en su debut sobre la fibra francesa no le sirvi\u00f3 para demostrar nada. Apenas lleg\u00f3 sudado al box, como si de un &#8216;canter&#8217; rutinario hubiera hecho en pista, y su condici\u00f3n de favorito justo antes de la carrera se fue al traste.<\/p>\n<p style=\"text-align: justify;\">Cara de tontos se nos qued\u00f3 hoy a un buen amigo; &#8216;Eduardo Buz\u00f3n&#8217; y a m\u00ed, despu\u00e9s de la carrera cuando vimos lo que hab\u00eda pasado, pero de vez en cuando pasan estas cosas en este mundo, y hoy nos toco vivirlas en primera persona. Hab\u00edamos confiado la monta al mejor del momento y eso era una garant\u00eda de \u00e9xito.<strong>Christophe Soumillon<\/strong>\u00a0no hay que presentarlo, y es el &#8216;genio del galop franc\u00e9s&#8217; y parte del extranjero. Tipo parco en palabras, introvertido y con alguna que otra actuaci\u00f3n inimaginable e inconcebible, pero propio de los genios, que suple ampliamente con otras muchas m\u00e1s que le hacen ser el mejor franc\u00e9s sobre un caballo. Los &#8216;genios&#8217; tienen este matiz que hace diferenciarlos del resto, y cuando se equivocan es la mejor prueba para confirmar que al fin y al cabo son humanos.<\/p>\n<p style=\"text-align: justify;\">Las instrucciones en el padock fueron muy claras&#8230;. Estar en punta durante toda la carrera, que viera pista, y aprovechar su acci\u00f3n y largo sprint de final de recta para luchar la carrera. No hab\u00eda m\u00e1s instrucci\u00f3n que esta, conocemos al caballo y todas sus cinco carreras ganadas hab\u00edan sido de esta forma. Sali\u00f3 bien de cajones y todo parec\u00eda presagiar que la gesti\u00f3n ser\u00eda f\u00e1cil de llevar, pero poco a poco fue perdiendo posiciones y en los \u00faltimos 400 no hubo forma de encontrar hueco para afrontar el sprint.\u00a0<strong>Rany\u00e1n<\/strong>\u00a0vivi\u00f3 su primera experiencia de lucha &#8216;cuerpo a cuerpo&#8217; y recibi\u00f3 dos golpes en su lucha por buscar hueco que sin duda le hicieron desistir, y confiemos que no se haya llevado una mal lecci\u00f3n con esto.<\/p>\n<p style=\"text-align: justify;\">Apenas pudimos mantener una breve conversaci\u00f3n con &#8216;Soumillon&#8217; despu\u00e9s de la carrera y sus conclusiones fueron parcas: el ritmo era alto de inicio y quiso dejar respirar al caballo durante los primeros 2.000 metros para tenerlo todo en la recta, despu\u00e9s no encontr\u00f3 el hueco, y tras golpearse dos veces en la lucha por pasar, desisti\u00f3.<\/p>\n<p style=\"text-align: justify;\">Es lo malo de la improvisaci\u00f3n de los genios, no siguen un mismo gui\u00f3n, ni hacen demasiado caso a lo ordinario y com\u00fan, por eso son genios, pero en este caso el ingenio de este &#8216;crack&#8217; nos propici\u00f3 una tremenda decepci\u00f3n y toda nuestra ilusi\u00f3n se vino al traste.<br \/>\nEn cualquier caso, una gran experiencia personal y tambi\u00e9n para nuestros colores en nuestro debut en tierras francesas, algo que merece la pena vivir sin duda y que seguro repetiremos para quitarnos este mal sabor de boca.<\/p>\n<p style=\"text-align: justify;\">Nuestra m\u00e1s sincera enhorabuena para Luis Salvador M\u00e1rquez como propietario de &#8216;Monsieur Opera&#8217; que logr\u00f3 un segundo en esta carrera, y que pudo ganarla f\u00e1cil. Reclamado el caballo por 15.500 euros, pudo finalmente defenderlo y viene de vuelta para Madrid.<\/p>\n<!-- AddThis Advanced Settings generic via filter on the_content --><!-- AddThis Share Buttons generic via filter on the_content -->","protected":false},"excerpt":{"rendered":"<p>Mal comenzaba la semana para nuestros colores con el forfait definitivo de &#8216;Orlov&#8217; en su primera de vallas francesas, y mal ha terminado nuestra primera incursi\u00f3n a tierras galas con &#8216;Rany\u00e1n&#8217; donde en su debut sobre la fibra francesa no le sirvi\u00f3 para demostrar nada. Apenas lleg\u00f3 sudado al box, como si de un &#8216;canter&#8217; [&hellip;]<!-- AddThis Advanced Settings generic via filter on get_the_excerpt --><!-- AddThis Share Buttons generic via filter on get_the_excerpt --><\/p>\n","protected":false},"author":5,"featured_media":0,"comment_status":"closed","ping_status":"closed","sticky":false,"template":"","format":"gallery","meta":{"_acf_changed":false,"_et_pb_use_builder":"","_et_pb_old_content":"","_et_gb_content_width":"","footnotes":""},"categories":[3],"tags":[],"class_list":["post-695","post","type-post","status-publish","format-gallery","hentry","category-noticias-cuadra-agrado","post_format-post-format-gallery"],"acf":[],"yoast_head":"<!-- This site is optimized with the Yoast SEO plugin v27.4 - https:\/\/yoast.com\/product\/yoast-seo-wordpress\/ -->\n<title>Rany\u00e1n no pudo hacer su carrera en Chantilly - Cuadra Agrado<\/title>\n<meta name=\"robots\" content=\"index, follow, max-snippet:-1, max-image-preview:large, max-video-preview:-1\" \/>\n<link rel=\"canonical\" href=\"https:\/\/cuadra-agrado.es\/?p=695\" \/>\n<meta property=\"og:locale\" content=\"es_ES\" \/>\n<meta property=\"og:type\" content=\"article\" \/>\n<meta property=\"og:title\" content=\"Rany\u00e1n no pudo hacer su carrera en Chantilly - Cuadra Agrado\" \/>\n<meta property=\"og:description\" content=\"Mal comenzaba la semana para nuestros colores con el forfait definitivo de &#8216;Orlov&#8217; en su primera de vallas francesas, y mal ha terminado nuestra primera incursi\u00f3n a tierras galas con &#8216;Rany\u00e1n&#8217; donde en su debut sobre la fibra francesa no le sirvi\u00f3 para demostrar nada. Apenas lleg\u00f3 sudado al box, como si de un &#8216;canter&#8217; [&hellip;]\" \/>\n<meta property=\"og:url\" content=\"https:\/\/cuadra-agrado.es\/?p=695\" \/>\n<meta property=\"og:site_name\" content=\"Cuadra Agrado\" \/>\n<meta property=\"article:published_time\" content=\"2013-04-17T12:22:32+00:00\" \/>\n<meta property=\"article:modified_time\" content=\"2024-02-27T09:22:43+00:00\" \/>\n<meta property=\"og:image\" content=\"http:\/\/s465126685.mialojamiento.es\/wp-content\/uploads\/2014\/01\/ranyan-chantilly.jpg\" \/>\n<meta name=\"author\" content=\"Miguel Redondo\" \/>\n<meta name=\"twitter:card\" content=\"summary_large_image\" \/>\n<meta name=\"twitter:creator\" content=\"@AGRADOracing\" \/>\n<meta name=\"twitter:site\" content=\"@AGRADOracing\" \/>\n<meta name=\"twitter:label1\" content=\"Escrito por\" \/>\n\t<meta name=\"twitter:data1\" content=\"Miguel Redondo\" \/>\n\t<meta name=\"twitter:label2\" content=\"Tiempo de lectura\" \/>\n\t<meta name=\"twitter:data2\" content=\"3 minutos\" \/>\n<script type=\"application\/ld+json\" class=\"yoast-schema-graph\">{\"@context\":\"https:\\\/\\\/schema.org\",\"@graph\":[{\"@type\":\"Article\",\"@id\":\"https:\\\/\\\/cuadra-agrado.es\\\/?p=695#article\",\"isPartOf\":{\"@id\":\"https:\\\/\\\/cuadra-agrado.es\\\/?p=695\"},\"author\":{\"name\":\"Miguel Redondo\",\"@id\":\"https:\\\/\\\/cuadra-agrado.es\\\/#\\\/schema\\\/person\\\/3aa4f8d2373cf756d93a5526bc72f31b\"},\"headline\":\"Rany\u00e1n no pudo hacer su carrera en Chantilly\",\"datePublished\":\"2013-04-17T12:22:32+00:00\",\"dateModified\":\"2024-02-27T09:22:43+00:00\",\"mainEntityOfPage\":{\"@id\":\"https:\\\/\\\/cuadra-agrado.es\\\/?p=695\"},\"wordCount\":566,\"image\":{\"@id\":\"https:\\\/\\\/cuadra-agrado.es\\\/?p=695#primaryimage\"},\"thumbnailUrl\":\"http:\\\/\\\/s465126685.mialojamiento.es\\\/wp-content\\\/uploads\\\/2014\\\/01\\\/ranyan-chantilly.jpg\",\"articleSection\":[\"Actualidad\"],\"inLanguage\":\"es\"},{\"@type\":\"WebPage\",\"@id\":\"https:\\\/\\\/cuadra-agrado.es\\\/?p=695\",\"url\":\"https:\\\/\\\/cuadra-agrado.es\\\/?p=695\",\"name\":\"Rany\u00e1n no pudo hacer su carrera en Chantilly - Cuadra Agrado\",\"isPartOf\":{\"@id\":\"https:\\\/\\\/cuadra-agrado.es\\\/#website\"},\"primaryImageOfPage\":{\"@id\":\"https:\\\/\\\/cuadra-agrado.es\\\/?p=695#primaryimage\"},\"image\":{\"@id\":\"https:\\\/\\\/cuadra-agrado.es\\\/?p=695#primaryimage\"},\"thumbnailUrl\":\"http:\\\/\\\/s465126685.mialojamiento.es\\\/wp-content\\\/uploads\\\/2014\\\/01\\\/ranyan-chantilly.jpg\",\"datePublished\":\"2013-04-17T12:22:32+00:00\",\"dateModified\":\"2024-02-27T09:22:43+00:00\",\"author\":{\"@id\":\"https:\\\/\\\/cuadra-agrado.es\\\/#\\\/schema\\\/person\\\/3aa4f8d2373cf756d93a5526bc72f31b\"},\"breadcrumb\":{\"@id\":\"https:\\\/\\\/cuadra-agrado.es\\\/?p=695#breadcrumb\"},\"inLanguage\":\"es\",\"potentialAction\":[{\"@type\":\"ReadAction\",\"target\":[\"https:\\\/\\\/cuadra-agrado.es\\\/?p=695\"]}]},{\"@type\":\"ImageObject\",\"inLanguage\":\"es\",\"@id\":\"https:\\\/\\\/cuadra-agrado.es\\\/?p=695#primaryimage\",\"url\":\"http:\\\/\\\/s465126685.mialojamiento.es\\\/wp-content\\\/uploads\\\/2014\\\/01\\\/ranyan-chantilly.jpg\",\"contentUrl\":\"http:\\\/\\\/s465126685.mialojamiento.es\\\/wp-content\\\/uploads\\\/2014\\\/01\\\/ranyan-chantilly.jpg\"},{\"@type\":\"BreadcrumbList\",\"@id\":\"https:\\\/\\\/cuadra-agrado.es\\\/?p=695#breadcrumb\",\"itemListElement\":[{\"@type\":\"ListItem\",\"position\":1,\"name\":\"Portada\",\"item\":\"https:\\\/\\\/cuadra-agrado.es\\\/\"},{\"@type\":\"ListItem\",\"position\":2,\"name\":\"Rany\u00e1n no pudo hacer su carrera en Chantilly\"}]},{\"@type\":\"WebSite\",\"@id\":\"https:\\\/\\\/cuadra-agrado.es\\\/#website\",\"url\":\"https:\\\/\\\/cuadra-agrado.es\\\/\",\"name\":\"Cuadra Agrado\",\"description\":\"En el mundo del Turf desde 2008\",\"potentialAction\":[{\"@type\":\"SearchAction\",\"target\":{\"@type\":\"EntryPoint\",\"urlTemplate\":\"https:\\\/\\\/cuadra-agrado.es\\\/?s={search_term_string}\"},\"query-input\":{\"@type\":\"PropertyValueSpecification\",\"valueRequired\":true,\"valueName\":\"search_term_string\"}}],\"inLanguage\":\"es\"},{\"@type\":\"Person\",\"@id\":\"https:\\\/\\\/cuadra-agrado.es\\\/#\\\/schema\\\/person\\\/3aa4f8d2373cf756d93a5526bc72f31b\",\"name\":\"Miguel Redondo\",\"image\":{\"@type\":\"ImageObject\",\"inLanguage\":\"es\",\"@id\":\"https:\\\/\\\/secure.gravatar.com\\\/avatar\\\/85704fceb4fa34017e3c1344d182da00dbf772fb8856ba2b7726a2df926415b4?s=96&d=mm&r=g\",\"url\":\"https:\\\/\\\/secure.gravatar.com\\\/avatar\\\/85704fceb4fa34017e3c1344d182da00dbf772fb8856ba2b7726a2df926415b4?s=96&d=mm&r=g\",\"contentUrl\":\"https:\\\/\\\/secure.gravatar.com\\\/avatar\\\/85704fceb4fa34017e3c1344d182da00dbf772fb8856ba2b7726a2df926415b4?s=96&d=mm&r=g\",\"caption\":\"Miguel Redondo\"},\"sameAs\":[\"https:\\\/\\\/cuadra-agrado.es\"],\"url\":\"https:\\\/\\\/cuadra-agrado.es\\\/?author=5\"}]}<\/script>\n<!-- \/ Yoast SEO plugin. -->","yoast_head_json":{"title":"Rany\u00e1n no pudo hacer su carrera en Chantilly - Cuadra Agrado","robots":{"index":"index","follow":"follow","max-snippet":"max-snippet:-1","max-image-preview":"max-image-preview:large","max-video-preview":"max-video-preview:-1"},"canonical":"https:\/\/cuadra-agrado.es\/?p=695","og_locale":"es_ES","og_type":"article","og_title":"Rany\u00e1n no pudo hacer su carrera en Chantilly - Cuadra Agrado","og_description":"Mal comenzaba la semana para nuestros colores con el forfait definitivo de &#8216;Orlov&#8217; en su primera de vallas francesas, y mal ha terminado nuestra primera incursi\u00f3n a tierras galas con &#8216;Rany\u00e1n&#8217; donde en su debut sobre la fibra francesa no le sirvi\u00f3 para demostrar nada. Apenas lleg\u00f3 sudado al box, como si de un &#8216;canter&#8217; [&hellip;]","og_url":"https:\/\/cuadra-agrado.es\/?p=695","og_site_name":"Cuadra Agrado","article_published_time":"2013-04-17T12:22:32+00:00","article_modified_time":"2024-02-27T09:22:43+00:00","og_image":[{"url":"http:\/\/s465126685.mialojamiento.es\/wp-content\/uploads\/2014\/01\/ranyan-chantilly.jpg","type":"","width":"","height":""}],"author":"Miguel Redondo","twitter_card":"summary_large_image","twitter_creator":"@AGRADOracing","twitter_site":"@AGRADOracing","twitter_misc":{"Escrito por":"Miguel Redondo","Tiempo de lectura":"3 minutos"},"schema":{"@context":"https:\/\/schema.org","@graph":[{"@type":"Article","@id":"https:\/\/cuadra-agrado.es\/?p=695#article","isPartOf":{"@id":"https:\/\/cuadra-agrado.es\/?p=695"},"author":{"name":"Miguel Redondo","@id":"https:\/\/cuadra-agrado.es\/#\/schema\/person\/3aa4f8d2373cf756d93a5526bc72f31b"},"headline":"Rany\u00e1n no pudo hacer su carrera en Chantilly","datePublished":"2013-04-17T12:22:32+00:00","dateModified":"2024-02-27T09:22:43+00:00","mainEntityOfPage":{"@id":"https:\/\/cuadra-agrado.es\/?p=695"},"wordCount":566,"image":{"@id":"https:\/\/cuadra-agrado.es\/?p=695#primaryimage"},"thumbnailUrl":"http:\/\/s465126685.mialojamiento.es\/wp-content\/uploads\/2014\/01\/ranyan-chantilly.jpg","articleSection":["Actualidad"],"inLanguage":"es"},{"@type":"WebPage","@id":"https:\/\/cuadra-agrado.es\/?p=695","url":"https:\/\/cuadra-agrado.es\/?p=695","name":"Rany\u00e1n no pudo hacer su carrera en Chantilly - Cuadra Agrado","isPartOf":{"@id":"https:\/\/cuadra-agrado.es\/#website"},"primaryImageOfPage":{"@id":"https:\/\/cuadra-agrado.es\/?p=695#primaryimage"},"image":{"@id":"https:\/\/cuadra-agrado.es\/?p=695#primaryimage"},"thumbnailUrl":"http:\/\/s465126685.mialojamiento.es\/wp-content\/uploads\/2014\/01\/ranyan-chantilly.jpg","datePublished":"2013-04-17T12:22:32+00:00","dateModified":"2024-02-27T09:22:43+00:00","author":{"@id":"https:\/\/cuadra-agrado.es\/#\/schema\/person\/3aa4f8d2373cf756d93a5526bc72f31b"},"breadcrumb":{"@id":"https:\/\/cuadra-agrado.es\/?p=695#breadcrumb"},"inLanguage":"es","potentialAction":[{"@type":"ReadAction","target":["https:\/\/cuadra-agrado.es\/?p=695"]}]},{"@type":"ImageObject","inLanguage":"es","@id":"https:\/\/cuadra-agrado.es\/?p=695#primaryimage","url":"http:\/\/s465126685.mialojamiento.es\/wp-content\/uploads\/2014\/01\/ranyan-chantilly.jpg","contentUrl":"http:\/\/s465126685.mialojamiento.es\/wp-content\/uploads\/2014\/01\/ranyan-chantilly.jpg"},{"@type":"BreadcrumbList","@id":"https:\/\/cuadra-agrado.es\/?p=695#breadcrumb","itemListElement":[{"@type":"ListItem","position":1,"name":"Portada","item":"https:\/\/cuadra-agrado.es\/"},{"@type":"ListItem","position":2,"name":"Rany\u00e1n no pudo hacer su carrera en Chantilly"}]},{"@type":"WebSite","@id":"https:\/\/cuadra-agrado.es\/#website","url":"https:\/\/cuadra-agrado.es\/","name":"Cuadra Agrado","description":"En el mundo del Turf desde 2008","potentialAction":[{"@type":"SearchAction","target":{"@type":"EntryPoint","urlTemplate":"https:\/\/cuadra-agrado.es\/?s={search_term_string}"},"query-input":{"@type":"PropertyValueSpecification","valueRequired":true,"valueName":"search_term_string"}}],"inLanguage":"es"},{"@type":"Person","@id":"https:\/\/cuadra-agrado.es\/#\/schema\/person\/3aa4f8d2373cf756d93a5526bc72f31b","name":"Miguel Redondo","image":{"@type":"ImageObject","inLanguage":"es","@id":"https:\/\/secure.gravatar.com\/avatar\/85704fceb4fa34017e3c1344d182da00dbf772fb8856ba2b7726a2df926415b4?s=96&d=mm&r=g","url":"https:\/\/secure.gravatar.com\/avatar\/85704fceb4fa34017e3c1344d182da00dbf772fb8856ba2b7726a2df926415b4?s=96&d=mm&r=g","contentUrl":"https:\/\/secure.gravatar.com\/avatar\/85704fceb4fa34017e3c1344d182da00dbf772fb8856ba2b7726a2df926415b4?s=96&d=mm&r=g","caption":"Miguel Redondo"},"sameAs":["https:\/\/cuadra-agrado.es"],"url":"https:\/\/cuadra-agrado.es\/?author=5"}]}},"_links":{"self":[{"href":"https:\/\/cuadra-agrado.es\/index.php?rest_route=\/wp\/v2\/posts\/695","targetHints":{"allow":["GET"]}}],"collection":[{"href":"https:\/\/cuadra-agrado.es\/index.php?rest_route=\/wp\/v2\/posts"}],"about":[{"href":"https:\/\/cuadra-agrado.es\/index.php?rest_route=\/wp\/v2\/types\/post"}],"author":[{"embeddable":true,"href":"https:\/\/cuadra-agrado.es\/index.php?rest_route=\/wp\/v2\/users\/5"}],"replies":[{"embeddable":true,"href":"https:\/\/cuadra-agrado.es\/index.php?rest_route=%2Fwp%2Fv2%2Fcomments&post=695"}],"version-history":[{"count":0,"href":"https:\/\/cuadra-agrado.es\/index.php?rest_route=\/wp\/v2\/posts\/695\/revisions"}],"wp:attachment":[{"href":"https:\/\/cuadra-agrado.es\/index.php?rest_route=%2Fwp%2Fv2%2Fmedia&parent=695"}],"wp:term":[{"taxonomy":"category","embeddable":true,"href":"https:\/\/cuadra-agrado.es\/index.php?rest_route=%2Fwp%2Fv2%2Fcategories&post=695"},{"taxonomy":"post_tag","embeddable":true,"href":"https:\/\/cuadra-agrado.es\/index.php?rest_route=%2Fwp%2Fv2%2Ftags&post=695"}],"curies":[{"name":"wp","href":"https:\/\/api.w.org\/{rel}","templated":true}]}}