{"id":693,"date":"2013-04-29T13:19:04","date_gmt":"2013-04-29T12:19:04","guid":{"rendered":"http:\/\/s465126685.mialojamiento.es\/?p=693"},"modified":"2024-02-27T09:22:42","modified_gmt":"2024-02-27T09:22:42","slug":"orlov-no-pudo-terminar-su-carrera","status":"publish","type":"post","link":"https:\/\/cuadra-agrado.es\/?p=693","title":{"rendered":"ORLOV no pudo terminar su carrera"},"content":{"rendered":"<p style=\"text-align: justify;\"><a href=\"http:\/\/s465126685.mialojamiento.es\/wp-content\/uploads\/2013\/03\/cache_24332099888f61.jpg\"><img loading=\"lazy\" decoding=\"async\" class=\" wp-image-188 alignright\" alt=\"cache_24332099888f61\" src=\"http:\/\/s465126685.mialojamiento.es\/wp-content\/uploads\/2013\/03\/cache_24332099888f61.jpg\" width=\"300\" height=\"160\" \/><\/a>El bueno de Orlov\u00a0no pudo ayer finalizar su tercera carrera en vallas a consecuencia de la fatiga del tend\u00f3n afectado. Puso tierra de por medio durante todo el recorrido para conseguir su tercera consecutiva, pero en la \u00faltima curva Va\u00f1a not\u00f3 que algo no iba bien y decidi\u00f3 inteligentemente pararle antes de producir m\u00e1s da\u00f1o al caballo. Hoy la ecograf\u00eda muestra un porcentaje mayor de rotura y ma\u00f1ana comenzar\u00e1 su descanso en la &#8216;Venta La Rubia&#8217; donde le espera al menos cuatro meses de recuperaci\u00f3n. Ante algunos comentarios de nuestra &#8216;osad\u00eda&#8217; en correr esta prueba, quiero dejar claro que la responsabilidad \u00fanica fue m\u00eda, y en ning\u00fan caso atribuible a veterinaria y preparador. A toro pasado, es f\u00e1cil hablar y valorar lo sucedido, pero el grado de afectaci\u00f3n del tend\u00f3n antes de la carrera (3%) no supon\u00eda un riesgo excesivo, y aunque sab\u00edamos que exist\u00eda, necesit\u00e1bamos por otra parte contrastar si esta micro-rotura podr\u00eda extenderse, o permanecer en el mismo porcentaje. Hay muchos caballos que corren habitualmente con esta afectaci\u00f3n, y no por ello permanecen en box. Una micro-rotura de fibras en un caballo &#8216;viejo&#8217; puede que no sea recuperable a\u00fan con descanso, y puede tambi\u00e9n que no se vea m\u00e1s afectada por correr.<\/p>\n<p style=\"text-align: justify;\">En cualquier caso, nuestra conciencia permanece tranquila por ello, y no debe haber m\u00e1s valoraci\u00f3n que la nuestra como propietarios del caballo. A &#8216;Orlov&#8217; no creo que haya ni una sola persona que le quiera m\u00e1s que en mi propia casa, y solo por esto, nuestra decisi\u00f3n merece el mayor de los respetos y consideraci\u00f3n. No hemos escondido en ning\u00fan caso su problema, y todo el mundo sab\u00eda de su estado antes de la carrera, por lo que cualquier comentario pernicioso a posterior, creemos que es ventajista, oportunista y da\u00f1ino.<\/p>\n<p style=\"text-align: justify;\">Sin m\u00e1s valoraciones que esta, damos nuestra m\u00e1s sincera enhorabuena a &#8216;ECO JAR&#8217; que finalmente obtuvo su recompensa con esta victoria, y lamentamos una nueva p\u00e9rdida. &#8216;ESQUIO&#8217; tuvo que ser sacrificado en el patio de &#8216;Teo Callejo&#8217;. Ya van cuatro sacrificios en cuatro carreras y esta es la peor conclusi\u00f3n de una prueba cuyo espect\u00e1culo no se corresponde con la realidad vivida en Madrid. Sin duda algo est\u00e1 fallando y es necesario dar una vuelta a todo esto. Es evidente que en un gran porcentaje los caballos no est\u00e1n preparados para obst\u00e1culos, y salen a pista con apenas un par de entrenamientos, quiz\u00e1s en este caso, habr\u00eda que poner alg\u00fan condicionante.<\/p>\n<p style=\"text-align: justify;\">Las vallas tampoco son las m\u00e1s fiables y entra\u00f1an un riesgo evidente visto lo visto, tambi\u00e9n en este caso habr\u00eda que darle otra vuelta. Se ha visto que la causa de casi todos los sacrificados ha sido por rotura de manos al golpear con la madera de la valla y esto es algo a tener en cuenta para desde ya, crear una acci\u00f3n correctora por parte de Direcci\u00f3n de Carrera que permita frenar esta masacre que desde luego no lleva a buen fin. Si seguimos as\u00ed, tarde o temprano en lugar de crear aficionados, crear\u00e1 repulsa y rechazo entre ellos, y peor a\u00fan, puede crear un ambiente morboso y enfermo indigno de esta competici\u00f3n.<\/p>\n<p style=\"text-align: justify;\">No quer\u00eda terminar sin dar las gracias a todos aquellos que se han preocupado por &#8216;Orlov&#8217; y que de una forma u otra nos han demostrado su afecto y cari\u00f1o, os mantendremos informados de su recuperaci\u00f3n y ojal\u00e1 que pronto podamos brindarles una nueva victoria del &#8216;Zar de las vallas&#8217;<\/p>\n<p style=\"text-align: justify;\">GRANDE ORLY,<\/p>\n<!-- AddThis Advanced Settings generic via filter on the_content --><!-- AddThis Share Buttons generic via filter on the_content -->","protected":false},"excerpt":{"rendered":"<p>El bueno de Orlov\u00a0no pudo ayer finalizar su tercera carrera en vallas a consecuencia de la fatiga del tend\u00f3n afectado. Puso tierra de por medio durante todo el recorrido para conseguir su tercera consecutiva, pero en la \u00faltima curva Va\u00f1a not\u00f3 que algo no iba bien y decidi\u00f3 inteligentemente pararle antes de producir m\u00e1s da\u00f1o [&hellip;]<!-- AddThis Advanced Settings generic via filter on get_the_excerpt --><!-- AddThis Share Buttons generic via filter on get_the_excerpt --><\/p>\n","protected":false},"author":5,"featured_media":0,"comment_status":"closed","ping_status":"closed","sticky":false,"template":"","format":"gallery","meta":{"_acf_changed":false,"_et_pb_use_builder":"","_et_pb_old_content":"","_et_gb_content_width":"","footnotes":""},"categories":[3],"tags":[],"class_list":["post-693","post","type-post","status-publish","format-gallery","hentry","category-noticias-cuadra-agrado","post_format-post-format-gallery"],"acf":[],"yoast_head":"<!-- This site is optimized with the Yoast SEO plugin v27.4 - https:\/\/yoast.com\/product\/yoast-seo-wordpress\/ -->\n<title>ORLOV no pudo terminar su carrera - Cuadra Agrado<\/title>\n<meta name=\"robots\" content=\"index, follow, max-snippet:-1, max-image-preview:large, max-video-preview:-1\" \/>\n<link rel=\"canonical\" href=\"https:\/\/cuadra-agrado.es\/?p=693\" \/>\n<meta property=\"og:locale\" content=\"es_ES\" \/>\n<meta property=\"og:type\" content=\"article\" \/>\n<meta property=\"og:title\" content=\"ORLOV no pudo terminar su carrera - Cuadra Agrado\" \/>\n<meta property=\"og:description\" content=\"El bueno de Orlov\u00a0no pudo ayer finalizar su tercera carrera en vallas a consecuencia de la fatiga del tend\u00f3n afectado. Puso tierra de por medio durante todo el recorrido para conseguir su tercera consecutiva, pero en la \u00faltima curva Va\u00f1a not\u00f3 que algo no iba bien y decidi\u00f3 inteligentemente pararle antes de producir m\u00e1s da\u00f1o [&hellip;]\" \/>\n<meta property=\"og:url\" content=\"https:\/\/cuadra-agrado.es\/?p=693\" \/>\n<meta property=\"og:site_name\" content=\"Cuadra Agrado\" \/>\n<meta property=\"article:published_time\" content=\"2013-04-29T12:19:04+00:00\" \/>\n<meta property=\"article:modified_time\" content=\"2024-02-27T09:22:42+00:00\" \/>\n<meta property=\"og:image\" content=\"http:\/\/s465126685.mialojamiento.es\/wp-content\/uploads\/2013\/03\/cache_24332099888f61.jpg\" \/>\n<meta name=\"author\" content=\"Miguel Redondo\" \/>\n<meta name=\"twitter:card\" content=\"summary_large_image\" \/>\n<meta name=\"twitter:creator\" content=\"@AGRADOracing\" \/>\n<meta name=\"twitter:site\" content=\"@AGRADOracing\" \/>\n<meta name=\"twitter:label1\" content=\"Escrito por\" \/>\n\t<meta name=\"twitter:data1\" content=\"Miguel Redondo\" \/>\n\t<meta name=\"twitter:label2\" content=\"Tiempo de lectura\" \/>\n\t<meta name=\"twitter:data2\" content=\"3 minutos\" \/>\n<script type=\"application\/ld+json\" class=\"yoast-schema-graph\">{\"@context\":\"https:\\\/\\\/schema.org\",\"@graph\":[{\"@type\":\"Article\",\"@id\":\"https:\\\/\\\/cuadra-agrado.es\\\/?p=693#article\",\"isPartOf\":{\"@id\":\"https:\\\/\\\/cuadra-agrado.es\\\/?p=693\"},\"author\":{\"name\":\"Miguel Redondo\",\"@id\":\"https:\\\/\\\/cuadra-agrado.es\\\/#\\\/schema\\\/person\\\/3aa4f8d2373cf756d93a5526bc72f31b\"},\"headline\":\"ORLOV no pudo terminar su carrera\",\"datePublished\":\"2013-04-29T12:19:04+00:00\",\"dateModified\":\"2024-02-27T09:22:42+00:00\",\"mainEntityOfPage\":{\"@id\":\"https:\\\/\\\/cuadra-agrado.es\\\/?p=693\"},\"wordCount\":628,\"image\":{\"@id\":\"https:\\\/\\\/cuadra-agrado.es\\\/?p=693#primaryimage\"},\"thumbnailUrl\":\"http:\\\/\\\/s465126685.mialojamiento.es\\\/wp-content\\\/uploads\\\/2013\\\/03\\\/cache_24332099888f61.jpg\",\"articleSection\":[\"Actualidad\"],\"inLanguage\":\"es\"},{\"@type\":\"WebPage\",\"@id\":\"https:\\\/\\\/cuadra-agrado.es\\\/?p=693\",\"url\":\"https:\\\/\\\/cuadra-agrado.es\\\/?p=693\",\"name\":\"ORLOV no pudo terminar su carrera - Cuadra Agrado\",\"isPartOf\":{\"@id\":\"https:\\\/\\\/cuadra-agrado.es\\\/#website\"},\"primaryImageOfPage\":{\"@id\":\"https:\\\/\\\/cuadra-agrado.es\\\/?p=693#primaryimage\"},\"image\":{\"@id\":\"https:\\\/\\\/cuadra-agrado.es\\\/?p=693#primaryimage\"},\"thumbnailUrl\":\"http:\\\/\\\/s465126685.mialojamiento.es\\\/wp-content\\\/uploads\\\/2013\\\/03\\\/cache_24332099888f61.jpg\",\"datePublished\":\"2013-04-29T12:19:04+00:00\",\"dateModified\":\"2024-02-27T09:22:42+00:00\",\"author\":{\"@id\":\"https:\\\/\\\/cuadra-agrado.es\\\/#\\\/schema\\\/person\\\/3aa4f8d2373cf756d93a5526bc72f31b\"},\"breadcrumb\":{\"@id\":\"https:\\\/\\\/cuadra-agrado.es\\\/?p=693#breadcrumb\"},\"inLanguage\":\"es\",\"potentialAction\":[{\"@type\":\"ReadAction\",\"target\":[\"https:\\\/\\\/cuadra-agrado.es\\\/?p=693\"]}]},{\"@type\":\"ImageObject\",\"inLanguage\":\"es\",\"@id\":\"https:\\\/\\\/cuadra-agrado.es\\\/?p=693#primaryimage\",\"url\":\"http:\\\/\\\/s465126685.mialojamiento.es\\\/wp-content\\\/uploads\\\/2013\\\/03\\\/cache_24332099888f61.jpg\",\"contentUrl\":\"http:\\\/\\\/s465126685.mialojamiento.es\\\/wp-content\\\/uploads\\\/2013\\\/03\\\/cache_24332099888f61.jpg\"},{\"@type\":\"BreadcrumbList\",\"@id\":\"https:\\\/\\\/cuadra-agrado.es\\\/?p=693#breadcrumb\",\"itemListElement\":[{\"@type\":\"ListItem\",\"position\":1,\"name\":\"Portada\",\"item\":\"https:\\\/\\\/cuadra-agrado.es\\\/\"},{\"@type\":\"ListItem\",\"position\":2,\"name\":\"ORLOV no pudo terminar su carrera\"}]},{\"@type\":\"WebSite\",\"@id\":\"https:\\\/\\\/cuadra-agrado.es\\\/#website\",\"url\":\"https:\\\/\\\/cuadra-agrado.es\\\/\",\"name\":\"Cuadra Agrado\",\"description\":\"En el mundo del Turf desde 2008\",\"potentialAction\":[{\"@type\":\"SearchAction\",\"target\":{\"@type\":\"EntryPoint\",\"urlTemplate\":\"https:\\\/\\\/cuadra-agrado.es\\\/?s={search_term_string}\"},\"query-input\":{\"@type\":\"PropertyValueSpecification\",\"valueRequired\":true,\"valueName\":\"search_term_string\"}}],\"inLanguage\":\"es\"},{\"@type\":\"Person\",\"@id\":\"https:\\\/\\\/cuadra-agrado.es\\\/#\\\/schema\\\/person\\\/3aa4f8d2373cf756d93a5526bc72f31b\",\"name\":\"Miguel Redondo\",\"image\":{\"@type\":\"ImageObject\",\"inLanguage\":\"es\",\"@id\":\"https:\\\/\\\/secure.gravatar.com\\\/avatar\\\/85704fceb4fa34017e3c1344d182da00dbf772fb8856ba2b7726a2df926415b4?s=96&d=mm&r=g\",\"url\":\"https:\\\/\\\/secure.gravatar.com\\\/avatar\\\/85704fceb4fa34017e3c1344d182da00dbf772fb8856ba2b7726a2df926415b4?s=96&d=mm&r=g\",\"contentUrl\":\"https:\\\/\\\/secure.gravatar.com\\\/avatar\\\/85704fceb4fa34017e3c1344d182da00dbf772fb8856ba2b7726a2df926415b4?s=96&d=mm&r=g\",\"caption\":\"Miguel Redondo\"},\"sameAs\":[\"https:\\\/\\\/cuadra-agrado.es\"],\"url\":\"https:\\\/\\\/cuadra-agrado.es\\\/?author=5\"}]}<\/script>\n<!-- \/ Yoast SEO plugin. -->","yoast_head_json":{"title":"ORLOV no pudo terminar su carrera - Cuadra Agrado","robots":{"index":"index","follow":"follow","max-snippet":"max-snippet:-1","max-image-preview":"max-image-preview:large","max-video-preview":"max-video-preview:-1"},"canonical":"https:\/\/cuadra-agrado.es\/?p=693","og_locale":"es_ES","og_type":"article","og_title":"ORLOV no pudo terminar su carrera - Cuadra Agrado","og_description":"El bueno de Orlov\u00a0no pudo ayer finalizar su tercera carrera en vallas a consecuencia de la fatiga del tend\u00f3n afectado. Puso tierra de por medio durante todo el recorrido para conseguir su tercera consecutiva, pero en la \u00faltima curva Va\u00f1a not\u00f3 que algo no iba bien y decidi\u00f3 inteligentemente pararle antes de producir m\u00e1s da\u00f1o [&hellip;]","og_url":"https:\/\/cuadra-agrado.es\/?p=693","og_site_name":"Cuadra Agrado","article_published_time":"2013-04-29T12:19:04+00:00","article_modified_time":"2024-02-27T09:22:42+00:00","og_image":[{"url":"http:\/\/s465126685.mialojamiento.es\/wp-content\/uploads\/2013\/03\/cache_24332099888f61.jpg","type":"","width":"","height":""}],"author":"Miguel Redondo","twitter_card":"summary_large_image","twitter_creator":"@AGRADOracing","twitter_site":"@AGRADOracing","twitter_misc":{"Escrito por":"Miguel Redondo","Tiempo de lectura":"3 minutos"},"schema":{"@context":"https:\/\/schema.org","@graph":[{"@type":"Article","@id":"https:\/\/cuadra-agrado.es\/?p=693#article","isPartOf":{"@id":"https:\/\/cuadra-agrado.es\/?p=693"},"author":{"name":"Miguel Redondo","@id":"https:\/\/cuadra-agrado.es\/#\/schema\/person\/3aa4f8d2373cf756d93a5526bc72f31b"},"headline":"ORLOV no pudo terminar su carrera","datePublished":"2013-04-29T12:19:04+00:00","dateModified":"2024-02-27T09:22:42+00:00","mainEntityOfPage":{"@id":"https:\/\/cuadra-agrado.es\/?p=693"},"wordCount":628,"image":{"@id":"https:\/\/cuadra-agrado.es\/?p=693#primaryimage"},"thumbnailUrl":"http:\/\/s465126685.mialojamiento.es\/wp-content\/uploads\/2013\/03\/cache_24332099888f61.jpg","articleSection":["Actualidad"],"inLanguage":"es"},{"@type":"WebPage","@id":"https:\/\/cuadra-agrado.es\/?p=693","url":"https:\/\/cuadra-agrado.es\/?p=693","name":"ORLOV no pudo terminar su carrera - Cuadra Agrado","isPartOf":{"@id":"https:\/\/cuadra-agrado.es\/#website"},"primaryImageOfPage":{"@id":"https:\/\/cuadra-agrado.es\/?p=693#primaryimage"},"image":{"@id":"https:\/\/cuadra-agrado.es\/?p=693#primaryimage"},"thumbnailUrl":"http:\/\/s465126685.mialojamiento.es\/wp-content\/uploads\/2013\/03\/cache_24332099888f61.jpg","datePublished":"2013-04-29T12:19:04+00:00","dateModified":"2024-02-27T09:22:42+00:00","author":{"@id":"https:\/\/cuadra-agrado.es\/#\/schema\/person\/3aa4f8d2373cf756d93a5526bc72f31b"},"breadcrumb":{"@id":"https:\/\/cuadra-agrado.es\/?p=693#breadcrumb"},"inLanguage":"es","potentialAction":[{"@type":"ReadAction","target":["https:\/\/cuadra-agrado.es\/?p=693"]}]},{"@type":"ImageObject","inLanguage":"es","@id":"https:\/\/cuadra-agrado.es\/?p=693#primaryimage","url":"http:\/\/s465126685.mialojamiento.es\/wp-content\/uploads\/2013\/03\/cache_24332099888f61.jpg","contentUrl":"http:\/\/s465126685.mialojamiento.es\/wp-content\/uploads\/2013\/03\/cache_24332099888f61.jpg"},{"@type":"BreadcrumbList","@id":"https:\/\/cuadra-agrado.es\/?p=693#breadcrumb","itemListElement":[{"@type":"ListItem","position":1,"name":"Portada","item":"https:\/\/cuadra-agrado.es\/"},{"@type":"ListItem","position":2,"name":"ORLOV no pudo terminar su carrera"}]},{"@type":"WebSite","@id":"https:\/\/cuadra-agrado.es\/#website","url":"https:\/\/cuadra-agrado.es\/","name":"Cuadra Agrado","description":"En el mundo del Turf desde 2008","potentialAction":[{"@type":"SearchAction","target":{"@type":"EntryPoint","urlTemplate":"https:\/\/cuadra-agrado.es\/?s={search_term_string}"},"query-input":{"@type":"PropertyValueSpecification","valueRequired":true,"valueName":"search_term_string"}}],"inLanguage":"es"},{"@type":"Person","@id":"https:\/\/cuadra-agrado.es\/#\/schema\/person\/3aa4f8d2373cf756d93a5526bc72f31b","name":"Miguel Redondo","image":{"@type":"ImageObject","inLanguage":"es","@id":"https:\/\/secure.gravatar.com\/avatar\/85704fceb4fa34017e3c1344d182da00dbf772fb8856ba2b7726a2df926415b4?s=96&d=mm&r=g","url":"https:\/\/secure.gravatar.com\/avatar\/85704fceb4fa34017e3c1344d182da00dbf772fb8856ba2b7726a2df926415b4?s=96&d=mm&r=g","contentUrl":"https:\/\/secure.gravatar.com\/avatar\/85704fceb4fa34017e3c1344d182da00dbf772fb8856ba2b7726a2df926415b4?s=96&d=mm&r=g","caption":"Miguel Redondo"},"sameAs":["https:\/\/cuadra-agrado.es"],"url":"https:\/\/cuadra-agrado.es\/?author=5"}]}},"_links":{"self":[{"href":"https:\/\/cuadra-agrado.es\/index.php?rest_route=\/wp\/v2\/posts\/693","targetHints":{"allow":["GET"]}}],"collection":[{"href":"https:\/\/cuadra-agrado.es\/index.php?rest_route=\/wp\/v2\/posts"}],"about":[{"href":"https:\/\/cuadra-agrado.es\/index.php?rest_route=\/wp\/v2\/types\/post"}],"author":[{"embeddable":true,"href":"https:\/\/cuadra-agrado.es\/index.php?rest_route=\/wp\/v2\/users\/5"}],"replies":[{"embeddable":true,"href":"https:\/\/cuadra-agrado.es\/index.php?rest_route=%2Fwp%2Fv2%2Fcomments&post=693"}],"version-history":[{"count":0,"href":"https:\/\/cuadra-agrado.es\/index.php?rest_route=\/wp\/v2\/posts\/693\/revisions"}],"wp:attachment":[{"href":"https:\/\/cuadra-agrado.es\/index.php?rest_route=%2Fwp%2Fv2%2Fmedia&parent=693"}],"wp:term":[{"taxonomy":"category","embeddable":true,"href":"https:\/\/cuadra-agrado.es\/index.php?rest_route=%2Fwp%2Fv2%2Fcategories&post=693"},{"taxonomy":"post_tag","embeddable":true,"href":"https:\/\/cuadra-agrado.es\/index.php?rest_route=%2Fwp%2Fv2%2Ftags&post=693"}],"curies":[{"name":"wp","href":"https:\/\/api.w.org\/{rel}","templated":true}]}}