{"id":6891,"date":"2020-07-27T10:49:12","date_gmt":"2020-07-27T10:49:12","guid":{"rendered":"https:\/\/cuadra-agrado.es\/?p=6891"},"modified":"2024-02-27T09:15:04","modified_gmt":"2024-02-27T09:15:04","slug":"powerful-busca-repetir-victoria-sobre-la-fibra-madrilena","status":"publish","type":"post","link":"https:\/\/cuadra-agrado.es\/?p=6891","title":{"rendered":"Powerful busca repetir victoria sobre la fibra"},"content":{"rendered":"<p style=\"text-align: justify;\">\u201c<strong>Powerful<\/strong> <strong>Sole<\/strong>\u201d disputar\u00e1 este pr\u00f3ximo jueves en Hip\u00f3dromo de Madrid su \u00faltima carrera del verano en un sprint sobre 1.100 metros. Despu\u00e9s de su fant\u00e1stico comienzo de temporada veraniega en la que obtuvo un buen tercero en su reaparici\u00f3n en la pista donostiarra de Lasarte y, posteriormente una fant\u00e1stica victoria en la \u00faltima disputada en Madrid, llega a esta \u00faltima prevista en su particular calendario de verano con 10 puntos de forma y mucha moral en su cabeza. Despu\u00e9s de esta salida, est\u00e1 previsto un merecido descanso estival para regresar con pilas recargadas en la pr\u00f3xima temporada oto\u00f1al.<\/p>\n<p style=\"text-align: justify;\">En esta ocasi\u00f3n, el calendario actual no juega muy a su favor, ya que la prueba es un corto sprint de 1.100 metros que resultan muy breves para su condici\u00f3n. Nuestra intenci\u00f3n era ir incrementando la distancia hacia los 1.400 metros donde su mejor arma, un fuerte cambio de ritmo, parec\u00eda tener mucha m\u00e1s consistencia, pero las condiciones de esta carrera lo dejan a favor en peso con respecto a sus rivales con 59 kilos (57 con el descargo) y mejor valoraci\u00f3n en h\u00e1ndicap, n\u00fameros estos que fueron determinantes para nuestra preparaci\u00f3n, que decidi\u00f3 mantener su partant en este sprint, y dejar pasar la preparatoria de viejos al Gobierno Vasco donde tambi\u00e9n estaba matriculado.<\/p>\n<p style=\"text-align: justify;\">Es evidente que, aunque siempre es dif\u00edcil, nuestro objetivo es repetir victoria, en esta ocasi\u00f3n sobre la fibra. Tiene a favor la etiqueta de ser el mejor valorado del lote, buen peso, una forma excepcional y unos trabajos previos en esta superficie realmente buenos y que no deber\u00eda ser un h\u00e1ndicap en contra para tratar de enganchar una fant\u00e1stica serie antes de su despedida estival. En contra, \u00fanicamente una distancia algo corta donde seguramente le privar\u00e1 de un recorrido c\u00f3modo. En esta nueva salida, la superficie obliga a cambiar un poco su estrategia habitual de ir en conserva y, por ello, parece que las \u00f3rdenes ser\u00e1n algo m\u00e1s atrevidas para tratar de ir bien situado en el recorrido y anticipar su cambio de ritmo. La recta de fibra es significativamente m\u00e1s corta que la de hierba y por ello, necesitar\u00e1 ir bien posicionado al enfilarla, no perder la referencia del puntero, buscar hueco r\u00e1pidamente para ver pista libre, y solicitar ese cambio de ritmo sin mucha demora para tratar de llegar al \u00faltimo hect\u00f3metro luchando la carrera. Si alg\u00fan detalle de estos falla en el recorrido, ser\u00e1 complicado poder llegar con opciones. Ser\u00e1n un total de 9 participantes donde cabe destacar a dos de los pupilos de Cerqueira con mayor opci\u00f3n, el bravo de \u201c<strong>Benijo<\/strong>\u00b4s <strong>Brave<\/strong>\u201d que en este tipo de pruebas menores suele cumplir con creces, y \u201c<strong>Dancing<\/strong> <strong>Ballerina<\/strong>\u201d, que demostr\u00f3 en su anterior, batida por el nuestro, un buen valor para figurar tambi\u00e9n en esta y para nosotros principal favorito. Hay que destacar que, en sus cuatro \u00fanicas actuaciones en sprint ha conseguido dos victorias y un segundo puesto con solo un borr\u00f3n en una prueba mayor como el \u201cSan Isidro\u201d. Para completar puestos remunerados nos decantamos por el ingl\u00e9s \u201c<strong>Haddaf<\/strong>\u201d, entrenado por Anaya, que despu\u00e9s de una dura prueba en el Urquijo puede reencontrarse aqu\u00ed con mejor chance para demostrar su valor como sprinter y, donde su mayor h\u00e1ndicap ser\u00e1 llevar el top de la escala con 60 kilos.<\/p>\n<p style=\"text-align: justify;\">Monta para Ignacio Melgarejo que se ha convertido en su compa\u00f1ero de viaje habitual, y la prueba, aunque est\u00e1 enfocada para aprendices, tambi\u00e9n le concede la opci\u00f3n al ser joven jockey profesional. El sevillano se entiende muy bien con el peque\u00f1o brit\u00e1nico que tratar\u00e1n de colgarse otra medalla.<\/p>\n<p style=\"text-align: justify;\">Mucha suerte equipo!!!<\/p>\n<!-- AddThis Advanced Settings generic via filter on the_content --><!-- AddThis Share Buttons generic via filter on the_content -->","protected":false},"excerpt":{"rendered":"<p>\u201cPowerful Sole\u201d disputar\u00e1 este pr\u00f3ximo jueves en Hip\u00f3dromo de Madrid su \u00faltima carrera del verano en un sprint sobre 1.100 metros. Despu\u00e9s de su fant\u00e1stico comienzo de temporada veraniega en la que obtuvo un buen tercero en su reaparici\u00f3n en la pista donostiarra de Lasarte y, posteriormente una fant\u00e1stica victoria en la \u00faltima disputada en [&hellip;]<!-- AddThis Advanced Settings generic via filter on get_the_excerpt --><!-- AddThis Share Buttons generic via filter on get_the_excerpt --><\/p>\n","protected":false},"author":5,"featured_media":6892,"comment_status":"closed","ping_status":"open","sticky":false,"template":"","format":"standard","meta":{"_acf_changed":false,"_et_pb_use_builder":"","_et_pb_old_content":"","_et_gb_content_width":"","footnotes":""},"categories":[3],"tags":[],"class_list":["post-6891","post","type-post","status-publish","format-standard","has-post-thumbnail","hentry","category-noticias-cuadra-agrado"],"acf":[],"yoast_head":"<!-- This site is optimized with the Yoast SEO plugin v27.4 - https:\/\/yoast.com\/product\/yoast-seo-wordpress\/ -->\n<title>Powerful busca repetir victoria sobre la fibra - Cuadra Agrado<\/title>\n<meta name=\"robots\" content=\"index, follow, max-snippet:-1, max-image-preview:large, max-video-preview:-1\" \/>\n<link rel=\"canonical\" href=\"https:\/\/cuadra-agrado.es\/?p=6891\" \/>\n<meta property=\"og:locale\" content=\"es_ES\" \/>\n<meta property=\"og:type\" content=\"article\" \/>\n<meta property=\"og:title\" content=\"Powerful busca repetir victoria sobre la fibra - Cuadra Agrado\" \/>\n<meta property=\"og:description\" content=\"\u201cPowerful Sole\u201d disputar\u00e1 este pr\u00f3ximo jueves en Hip\u00f3dromo de Madrid su \u00faltima carrera del verano en un sprint sobre 1.100 metros. Despu\u00e9s de su fant\u00e1stico comienzo de temporada veraniega en la que obtuvo un buen tercero en su reaparici\u00f3n en la pista donostiarra de Lasarte y, posteriormente una fant\u00e1stica victoria en la \u00faltima disputada en [&hellip;]\" \/>\n<meta property=\"og:url\" content=\"https:\/\/cuadra-agrado.es\/?p=6891\" \/>\n<meta property=\"og:site_name\" content=\"Cuadra Agrado\" \/>\n<meta property=\"article:published_time\" content=\"2020-07-27T10:49:12+00:00\" \/>\n<meta property=\"article:modified_time\" content=\"2024-02-27T09:15:04+00:00\" \/>\n<meta property=\"og:image\" content=\"https:\/\/cuadra-agrado.es\/wp-content\/uploads\/2020\/07\/power-1.jpg\" \/>\n\t<meta property=\"og:image:width\" content=\"1600\" \/>\n\t<meta property=\"og:image:height\" content=\"1066\" \/>\n\t<meta property=\"og:image:type\" content=\"image\/jpeg\" \/>\n<meta name=\"author\" content=\"Miguel Redondo\" \/>\n<meta name=\"twitter:card\" content=\"summary_large_image\" \/>\n<meta name=\"twitter:creator\" content=\"@AGRADOracing\" \/>\n<meta name=\"twitter:site\" content=\"@AGRADOracing\" \/>\n<meta name=\"twitter:label1\" content=\"Escrito por\" \/>\n\t<meta name=\"twitter:data1\" content=\"Miguel Redondo\" \/>\n\t<meta name=\"twitter:label2\" content=\"Tiempo de lectura\" \/>\n\t<meta name=\"twitter:data2\" content=\"3 minutos\" \/>\n<script type=\"application\/ld+json\" class=\"yoast-schema-graph\">{\"@context\":\"https:\\\/\\\/schema.org\",\"@graph\":[{\"@type\":\"Article\",\"@id\":\"https:\\\/\\\/cuadra-agrado.es\\\/?p=6891#article\",\"isPartOf\":{\"@id\":\"https:\\\/\\\/cuadra-agrado.es\\\/?p=6891\"},\"author\":{\"name\":\"Miguel Redondo\",\"@id\":\"https:\\\/\\\/cuadra-agrado.es\\\/#\\\/schema\\\/person\\\/3aa4f8d2373cf756d93a5526bc72f31b\"},\"headline\":\"Powerful busca repetir victoria sobre la fibra\",\"datePublished\":\"2020-07-27T10:49:12+00:00\",\"dateModified\":\"2024-02-27T09:15:04+00:00\",\"mainEntityOfPage\":{\"@id\":\"https:\\\/\\\/cuadra-agrado.es\\\/?p=6891\"},\"wordCount\":639,\"image\":{\"@id\":\"https:\\\/\\\/cuadra-agrado.es\\\/?p=6891#primaryimage\"},\"thumbnailUrl\":\"https:\\\/\\\/cuadra-agrado.es\\\/wp-content\\\/uploads\\\/2020\\\/07\\\/power-1.jpg\",\"articleSection\":[\"Actualidad\"],\"inLanguage\":\"es\"},{\"@type\":\"WebPage\",\"@id\":\"https:\\\/\\\/cuadra-agrado.es\\\/?p=6891\",\"url\":\"https:\\\/\\\/cuadra-agrado.es\\\/?p=6891\",\"name\":\"Powerful busca repetir victoria sobre la fibra - Cuadra Agrado\",\"isPartOf\":{\"@id\":\"https:\\\/\\\/cuadra-agrado.es\\\/#website\"},\"primaryImageOfPage\":{\"@id\":\"https:\\\/\\\/cuadra-agrado.es\\\/?p=6891#primaryimage\"},\"image\":{\"@id\":\"https:\\\/\\\/cuadra-agrado.es\\\/?p=6891#primaryimage\"},\"thumbnailUrl\":\"https:\\\/\\\/cuadra-agrado.es\\\/wp-content\\\/uploads\\\/2020\\\/07\\\/power-1.jpg\",\"datePublished\":\"2020-07-27T10:49:12+00:00\",\"dateModified\":\"2024-02-27T09:15:04+00:00\",\"author\":{\"@id\":\"https:\\\/\\\/cuadra-agrado.es\\\/#\\\/schema\\\/person\\\/3aa4f8d2373cf756d93a5526bc72f31b\"},\"breadcrumb\":{\"@id\":\"https:\\\/\\\/cuadra-agrado.es\\\/?p=6891#breadcrumb\"},\"inLanguage\":\"es\",\"potentialAction\":[{\"@type\":\"ReadAction\",\"target\":[\"https:\\\/\\\/cuadra-agrado.es\\\/?p=6891\"]}]},{\"@type\":\"ImageObject\",\"inLanguage\":\"es\",\"@id\":\"https:\\\/\\\/cuadra-agrado.es\\\/?p=6891#primaryimage\",\"url\":\"https:\\\/\\\/cuadra-agrado.es\\\/wp-content\\\/uploads\\\/2020\\\/07\\\/power-1.jpg\",\"contentUrl\":\"https:\\\/\\\/cuadra-agrado.es\\\/wp-content\\\/uploads\\\/2020\\\/07\\\/power-1.jpg\",\"width\":1600,\"height\":1066},{\"@type\":\"BreadcrumbList\",\"@id\":\"https:\\\/\\\/cuadra-agrado.es\\\/?p=6891#breadcrumb\",\"itemListElement\":[{\"@type\":\"ListItem\",\"position\":1,\"name\":\"Portada\",\"item\":\"https:\\\/\\\/cuadra-agrado.es\\\/\"},{\"@type\":\"ListItem\",\"position\":2,\"name\":\"Powerful busca repetir victoria sobre la fibra\"}]},{\"@type\":\"WebSite\",\"@id\":\"https:\\\/\\\/cuadra-agrado.es\\\/#website\",\"url\":\"https:\\\/\\\/cuadra-agrado.es\\\/\",\"name\":\"Cuadra Agrado\",\"description\":\"En el mundo del Turf desde 2008\",\"potentialAction\":[{\"@type\":\"SearchAction\",\"target\":{\"@type\":\"EntryPoint\",\"urlTemplate\":\"https:\\\/\\\/cuadra-agrado.es\\\/?s={search_term_string}\"},\"query-input\":{\"@type\":\"PropertyValueSpecification\",\"valueRequired\":true,\"valueName\":\"search_term_string\"}}],\"inLanguage\":\"es\"},{\"@type\":\"Person\",\"@id\":\"https:\\\/\\\/cuadra-agrado.es\\\/#\\\/schema\\\/person\\\/3aa4f8d2373cf756d93a5526bc72f31b\",\"name\":\"Miguel Redondo\",\"image\":{\"@type\":\"ImageObject\",\"inLanguage\":\"es\",\"@id\":\"https:\\\/\\\/secure.gravatar.com\\\/avatar\\\/85704fceb4fa34017e3c1344d182da00dbf772fb8856ba2b7726a2df926415b4?s=96&d=mm&r=g\",\"url\":\"https:\\\/\\\/secure.gravatar.com\\\/avatar\\\/85704fceb4fa34017e3c1344d182da00dbf772fb8856ba2b7726a2df926415b4?s=96&d=mm&r=g\",\"contentUrl\":\"https:\\\/\\\/secure.gravatar.com\\\/avatar\\\/85704fceb4fa34017e3c1344d182da00dbf772fb8856ba2b7726a2df926415b4?s=96&d=mm&r=g\",\"caption\":\"Miguel Redondo\"},\"sameAs\":[\"https:\\\/\\\/cuadra-agrado.es\"],\"url\":\"https:\\\/\\\/cuadra-agrado.es\\\/?author=5\"}]}<\/script>\n<!-- \/ Yoast SEO plugin. -->","yoast_head_json":{"title":"Powerful busca repetir victoria sobre la fibra - Cuadra Agrado","robots":{"index":"index","follow":"follow","max-snippet":"max-snippet:-1","max-image-preview":"max-image-preview:large","max-video-preview":"max-video-preview:-1"},"canonical":"https:\/\/cuadra-agrado.es\/?p=6891","og_locale":"es_ES","og_type":"article","og_title":"Powerful busca repetir victoria sobre la fibra - Cuadra Agrado","og_description":"\u201cPowerful Sole\u201d disputar\u00e1 este pr\u00f3ximo jueves en Hip\u00f3dromo de Madrid su \u00faltima carrera del verano en un sprint sobre 1.100 metros. Despu\u00e9s de su fant\u00e1stico comienzo de temporada veraniega en la que obtuvo un buen tercero en su reaparici\u00f3n en la pista donostiarra de Lasarte y, posteriormente una fant\u00e1stica victoria en la \u00faltima disputada en [&hellip;]","og_url":"https:\/\/cuadra-agrado.es\/?p=6891","og_site_name":"Cuadra Agrado","article_published_time":"2020-07-27T10:49:12+00:00","article_modified_time":"2024-02-27T09:15:04+00:00","og_image":[{"width":1600,"height":1066,"url":"https:\/\/cuadra-agrado.es\/wp-content\/uploads\/2020\/07\/power-1.jpg","type":"image\/jpeg"}],"author":"Miguel Redondo","twitter_card":"summary_large_image","twitter_creator":"@AGRADOracing","twitter_site":"@AGRADOracing","twitter_misc":{"Escrito por":"Miguel Redondo","Tiempo de lectura":"3 minutos"},"schema":{"@context":"https:\/\/schema.org","@graph":[{"@type":"Article","@id":"https:\/\/cuadra-agrado.es\/?p=6891#article","isPartOf":{"@id":"https:\/\/cuadra-agrado.es\/?p=6891"},"author":{"name":"Miguel Redondo","@id":"https:\/\/cuadra-agrado.es\/#\/schema\/person\/3aa4f8d2373cf756d93a5526bc72f31b"},"headline":"Powerful busca repetir victoria sobre la fibra","datePublished":"2020-07-27T10:49:12+00:00","dateModified":"2024-02-27T09:15:04+00:00","mainEntityOfPage":{"@id":"https:\/\/cuadra-agrado.es\/?p=6891"},"wordCount":639,"image":{"@id":"https:\/\/cuadra-agrado.es\/?p=6891#primaryimage"},"thumbnailUrl":"https:\/\/cuadra-agrado.es\/wp-content\/uploads\/2020\/07\/power-1.jpg","articleSection":["Actualidad"],"inLanguage":"es"},{"@type":"WebPage","@id":"https:\/\/cuadra-agrado.es\/?p=6891","url":"https:\/\/cuadra-agrado.es\/?p=6891","name":"Powerful busca repetir victoria sobre la fibra - Cuadra Agrado","isPartOf":{"@id":"https:\/\/cuadra-agrado.es\/#website"},"primaryImageOfPage":{"@id":"https:\/\/cuadra-agrado.es\/?p=6891#primaryimage"},"image":{"@id":"https:\/\/cuadra-agrado.es\/?p=6891#primaryimage"},"thumbnailUrl":"https:\/\/cuadra-agrado.es\/wp-content\/uploads\/2020\/07\/power-1.jpg","datePublished":"2020-07-27T10:49:12+00:00","dateModified":"2024-02-27T09:15:04+00:00","author":{"@id":"https:\/\/cuadra-agrado.es\/#\/schema\/person\/3aa4f8d2373cf756d93a5526bc72f31b"},"breadcrumb":{"@id":"https:\/\/cuadra-agrado.es\/?p=6891#breadcrumb"},"inLanguage":"es","potentialAction":[{"@type":"ReadAction","target":["https:\/\/cuadra-agrado.es\/?p=6891"]}]},{"@type":"ImageObject","inLanguage":"es","@id":"https:\/\/cuadra-agrado.es\/?p=6891#primaryimage","url":"https:\/\/cuadra-agrado.es\/wp-content\/uploads\/2020\/07\/power-1.jpg","contentUrl":"https:\/\/cuadra-agrado.es\/wp-content\/uploads\/2020\/07\/power-1.jpg","width":1600,"height":1066},{"@type":"BreadcrumbList","@id":"https:\/\/cuadra-agrado.es\/?p=6891#breadcrumb","itemListElement":[{"@type":"ListItem","position":1,"name":"Portada","item":"https:\/\/cuadra-agrado.es\/"},{"@type":"ListItem","position":2,"name":"Powerful busca repetir victoria sobre la fibra"}]},{"@type":"WebSite","@id":"https:\/\/cuadra-agrado.es\/#website","url":"https:\/\/cuadra-agrado.es\/","name":"Cuadra Agrado","description":"En el mundo del Turf desde 2008","potentialAction":[{"@type":"SearchAction","target":{"@type":"EntryPoint","urlTemplate":"https:\/\/cuadra-agrado.es\/?s={search_term_string}"},"query-input":{"@type":"PropertyValueSpecification","valueRequired":true,"valueName":"search_term_string"}}],"inLanguage":"es"},{"@type":"Person","@id":"https:\/\/cuadra-agrado.es\/#\/schema\/person\/3aa4f8d2373cf756d93a5526bc72f31b","name":"Miguel Redondo","image":{"@type":"ImageObject","inLanguage":"es","@id":"https:\/\/secure.gravatar.com\/avatar\/85704fceb4fa34017e3c1344d182da00dbf772fb8856ba2b7726a2df926415b4?s=96&d=mm&r=g","url":"https:\/\/secure.gravatar.com\/avatar\/85704fceb4fa34017e3c1344d182da00dbf772fb8856ba2b7726a2df926415b4?s=96&d=mm&r=g","contentUrl":"https:\/\/secure.gravatar.com\/avatar\/85704fceb4fa34017e3c1344d182da00dbf772fb8856ba2b7726a2df926415b4?s=96&d=mm&r=g","caption":"Miguel Redondo"},"sameAs":["https:\/\/cuadra-agrado.es"],"url":"https:\/\/cuadra-agrado.es\/?author=5"}]}},"_links":{"self":[{"href":"https:\/\/cuadra-agrado.es\/index.php?rest_route=\/wp\/v2\/posts\/6891","targetHints":{"allow":["GET"]}}],"collection":[{"href":"https:\/\/cuadra-agrado.es\/index.php?rest_route=\/wp\/v2\/posts"}],"about":[{"href":"https:\/\/cuadra-agrado.es\/index.php?rest_route=\/wp\/v2\/types\/post"}],"author":[{"embeddable":true,"href":"https:\/\/cuadra-agrado.es\/index.php?rest_route=\/wp\/v2\/users\/5"}],"replies":[{"embeddable":true,"href":"https:\/\/cuadra-agrado.es\/index.php?rest_route=%2Fwp%2Fv2%2Fcomments&post=6891"}],"version-history":[{"count":0,"href":"https:\/\/cuadra-agrado.es\/index.php?rest_route=\/wp\/v2\/posts\/6891\/revisions"}],"wp:featuredmedia":[{"embeddable":true,"href":"https:\/\/cuadra-agrado.es\/index.php?rest_route=\/wp\/v2\/media\/6892"}],"wp:attachment":[{"href":"https:\/\/cuadra-agrado.es\/index.php?rest_route=%2Fwp%2Fv2%2Fmedia&parent=6891"}],"wp:term":[{"taxonomy":"category","embeddable":true,"href":"https:\/\/cuadra-agrado.es\/index.php?rest_route=%2Fwp%2Fv2%2Fcategories&post=6891"},{"taxonomy":"post_tag","embeddable":true,"href":"https:\/\/cuadra-agrado.es\/index.php?rest_route=%2Fwp%2Fv2%2Ftags&post=6891"}],"curies":[{"name":"wp","href":"https:\/\/api.w.org\/{rel}","templated":true}]}}