{"id":6832,"date":"2020-07-06T08:11:54","date_gmt":"2020-07-06T08:11:54","guid":{"rendered":"https:\/\/cuadra-agrado.es\/?p=6832"},"modified":"2024-02-27T09:15:06","modified_gmt":"2024-02-27T09:15:06","slug":"barbarigo-y-highrock-blue-inauguran-las-nocturnas-de-madrid","status":"publish","type":"post","link":"https:\/\/cuadra-agrado.es\/?p=6832","title":{"rendered":"Barbarigo y Highrock Blue inauguran las nocturnas de Madrid"},"content":{"rendered":"<p style=\"text-align: justify;\">Primer jueves nocturno en Hip\u00f3dromo de Madrid y dos partans para vivir esta primera y at\u00edpica \u00a0jornada veraniega. \u201c<strong>Barbarigo<\/strong>\u201d ser\u00e1 el primer protagonista de la tarde-noche disputando un h\u00e1ndicap referenciado, al ocaso del sol y con diez participantes sobre distancia de 1.400 metros sobre la hierba en la tercera carrera de la jornada vespertina. Con un tercero en su reaparici\u00f3n donostiarra hace poco m\u00e1s de un mes, llega en muy buenas condiciones de atacar este h\u00e1ndicap con todas las luces en verde y con una forma muy cercana a los 10 puntos. Ahora mismo es el caballo m\u00e1s en forma del patio de Eduardo Buz\u00f3n, y ser\u00eda muy importante aprovechar esta oportunidad para conseguir esa primera victoria de la temporada. Sus \u00faltimos trabajos son excelentes y creemos est\u00e1 muy bien situado en esa parte media del h\u00e1ndicap. Si no hay contratiempos de \u00faltima hora o durante el corto recorrido, deber\u00eda retornar a recinto de ganadores, como bien merece desde hace tiempo. Monta para Borja Fayos que tratar\u00e1 de enmendar definitivamente su infortunio con \u00e9l. En la \u00faltima convocatoria, el valenciano no pudo subirse por problemas de salud, y busca en esta nueva ocasi\u00f3n su primera victoria de dupla despu\u00e9s de tres segundos y dos terceros puestos. Forma, distancia y monta son argumentos consistentes para confiar en sus buenas opciones. Vamos a por ella!!!<\/p>\n<p style=\"text-align: justify;\">La segunda cita la tendremos con nuestro primer producto de cr\u00eda \u201c<strong>Highrock<\/strong> <strong>Blue<\/strong>\u201d en la quinta carrera sobre distancia de 1.700 metros, ya sobre la iluminada pista de fibra. Un h\u00e1ndicap que aprovechamos su valor, a\u00fan no demasiado contrastado, para buscar su opci\u00f3n en esta segunda parte del h\u00e1ndicap de la noche. Sus dos previas han sido muy positivas con un buen segundo en su debut, y un reciente tercer puesto hace apenas tres semanas, donde problemas de recorrido la privaron de luchar mejores remuneraciones. Primera vez sobre la fibra, y primera vez que se enfrentar\u00e1 a viejos y machos, y estas son las principales dudas a despejar. Con las de su misma edad y g\u00e9nero ha causado muy buena impresi\u00f3n en sus dos \u00fanicas salidas, pero el exiguo calendario despu\u00e9s de \u201cefecto-covid\u201d le ha privado de mejores opciones para continuar su crecimiento natural en competici\u00f3n. En cualquier caso, la yegua mantiene un ascenso en su forma, y estamos convencidos que har\u00e1 un magn\u00edfico papel en este lote de h\u00e1ndicap puro de doce participantes. Monta nuevamente para Borja Fayos que se qued\u00f3 con ganas de repetir tras su debut y que ahora tiene esa oportunidad de confirmar las buenas sensaciones que le transmiti\u00f3 a comienzos de temporada. En funci\u00f3n de su actuaci\u00f3n, prepararemos con calma su principal objetivo oto\u00f1al en \u00abEl Nacional\u00bb.<\/p>\n<p style=\"text-align: justify;\">Posterior a esta jornada, tendremos el pr\u00f3ximo domingo la salida de \u201cPoweful Sole\u201d en el h\u00e1ndicap de 1.200 metros, donde a finales de semana hablaremos de sus opciones en este nuevo sprint para \u00e9l. Semana por tanto muy importante para nuestra cuadra donde, si la fortuna nos ayuda, podremos ganar muchos kilos de confianza con vistas a la temporada veraniega y pr\u00f3ximo oto\u00f1o.<\/p>\n<p style=\"text-align: justify;\">Mucha suerte equipo!!!<\/p>\n<!-- AddThis Advanced Settings generic via filter on the_content --><!-- AddThis Share Buttons generic via filter on the_content -->","protected":false},"excerpt":{"rendered":"<p>Primer jueves nocturno en Hip\u00f3dromo de Madrid y dos partans para vivir esta primera y at\u00edpica \u00a0jornada veraniega. \u201cBarbarigo\u201d ser\u00e1 el primer protagonista de la tarde-noche disputando un h\u00e1ndicap referenciado, al ocaso del sol y con diez participantes sobre distancia de 1.400 metros sobre la hierba en la tercera carrera de la jornada vespertina. Con [&hellip;]<!-- AddThis Advanced Settings generic via filter on get_the_excerpt --><!-- AddThis Share Buttons generic via filter on get_the_excerpt --><\/p>\n","protected":false},"author":5,"featured_media":6778,"comment_status":"closed","ping_status":"open","sticky":false,"template":"","format":"standard","meta":{"_acf_changed":false,"_et_pb_use_builder":"","_et_pb_old_content":"","_et_gb_content_width":"","footnotes":""},"categories":[3],"tags":[],"class_list":["post-6832","post","type-post","status-publish","format-standard","has-post-thumbnail","hentry","category-noticias-cuadra-agrado"],"acf":[],"yoast_head":"<!-- This site is optimized with the Yoast SEO plugin v27.4 - https:\/\/yoast.com\/product\/yoast-seo-wordpress\/ -->\n<title>Barbarigo y Highrock Blue inauguran las nocturnas de Madrid - Cuadra Agrado<\/title>\n<meta name=\"robots\" content=\"index, follow, max-snippet:-1, max-image-preview:large, max-video-preview:-1\" \/>\n<link rel=\"canonical\" href=\"https:\/\/cuadra-agrado.es\/?p=6832\" \/>\n<meta property=\"og:locale\" content=\"es_ES\" \/>\n<meta property=\"og:type\" content=\"article\" \/>\n<meta property=\"og:title\" content=\"Barbarigo y Highrock Blue inauguran las nocturnas de Madrid - Cuadra Agrado\" \/>\n<meta property=\"og:description\" content=\"Primer jueves nocturno en Hip\u00f3dromo de Madrid y dos partans para vivir esta primera y at\u00edpica \u00a0jornada veraniega. \u201cBarbarigo\u201d ser\u00e1 el primer protagonista de la tarde-noche disputando un h\u00e1ndicap referenciado, al ocaso del sol y con diez participantes sobre distancia de 1.400 metros sobre la hierba en la tercera carrera de la jornada vespertina. Con [&hellip;]\" \/>\n<meta property=\"og:url\" content=\"https:\/\/cuadra-agrado.es\/?p=6832\" \/>\n<meta property=\"og:site_name\" content=\"Cuadra Agrado\" \/>\n<meta property=\"article:published_time\" content=\"2020-07-06T08:11:54+00:00\" \/>\n<meta property=\"article:modified_time\" content=\"2024-02-27T09:15:06+00:00\" \/>\n<meta property=\"og:image\" content=\"https:\/\/cuadra-agrado.es\/wp-content\/uploads\/2020\/06\/kendaya-1.jpg\" \/>\n\t<meta property=\"og:image:width\" content=\"1600\" \/>\n\t<meta property=\"og:image:height\" content=\"1066\" \/>\n\t<meta property=\"og:image:type\" content=\"image\/jpeg\" \/>\n<meta name=\"author\" content=\"Miguel Redondo\" \/>\n<meta name=\"twitter:card\" content=\"summary_large_image\" \/>\n<meta name=\"twitter:creator\" content=\"@AGRADOracing\" \/>\n<meta name=\"twitter:site\" content=\"@AGRADOracing\" \/>\n<meta name=\"twitter:label1\" content=\"Escrito por\" \/>\n\t<meta name=\"twitter:data1\" content=\"Miguel Redondo\" \/>\n\t<meta name=\"twitter:label2\" content=\"Tiempo de lectura\" \/>\n\t<meta name=\"twitter:data2\" content=\"3 minutos\" \/>\n<script type=\"application\/ld+json\" class=\"yoast-schema-graph\">{\"@context\":\"https:\\\/\\\/schema.org\",\"@graph\":[{\"@type\":\"Article\",\"@id\":\"https:\\\/\\\/cuadra-agrado.es\\\/?p=6832#article\",\"isPartOf\":{\"@id\":\"https:\\\/\\\/cuadra-agrado.es\\\/?p=6832\"},\"author\":{\"name\":\"Miguel Redondo\",\"@id\":\"https:\\\/\\\/cuadra-agrado.es\\\/#\\\/schema\\\/person\\\/3aa4f8d2373cf756d93a5526bc72f31b\"},\"headline\":\"Barbarigo y Highrock Blue inauguran las nocturnas de Madrid\",\"datePublished\":\"2020-07-06T08:11:54+00:00\",\"dateModified\":\"2024-02-27T09:15:06+00:00\",\"mainEntityOfPage\":{\"@id\":\"https:\\\/\\\/cuadra-agrado.es\\\/?p=6832\"},\"wordCount\":547,\"image\":{\"@id\":\"https:\\\/\\\/cuadra-agrado.es\\\/?p=6832#primaryimage\"},\"thumbnailUrl\":\"https:\\\/\\\/cuadra-agrado.es\\\/wp-content\\\/uploads\\\/2020\\\/06\\\/kendaya-1.jpg\",\"articleSection\":[\"Actualidad\"],\"inLanguage\":\"es\"},{\"@type\":\"WebPage\",\"@id\":\"https:\\\/\\\/cuadra-agrado.es\\\/?p=6832\",\"url\":\"https:\\\/\\\/cuadra-agrado.es\\\/?p=6832\",\"name\":\"Barbarigo y Highrock Blue inauguran las nocturnas de Madrid - Cuadra Agrado\",\"isPartOf\":{\"@id\":\"https:\\\/\\\/cuadra-agrado.es\\\/#website\"},\"primaryImageOfPage\":{\"@id\":\"https:\\\/\\\/cuadra-agrado.es\\\/?p=6832#primaryimage\"},\"image\":{\"@id\":\"https:\\\/\\\/cuadra-agrado.es\\\/?p=6832#primaryimage\"},\"thumbnailUrl\":\"https:\\\/\\\/cuadra-agrado.es\\\/wp-content\\\/uploads\\\/2020\\\/06\\\/kendaya-1.jpg\",\"datePublished\":\"2020-07-06T08:11:54+00:00\",\"dateModified\":\"2024-02-27T09:15:06+00:00\",\"author\":{\"@id\":\"https:\\\/\\\/cuadra-agrado.es\\\/#\\\/schema\\\/person\\\/3aa4f8d2373cf756d93a5526bc72f31b\"},\"breadcrumb\":{\"@id\":\"https:\\\/\\\/cuadra-agrado.es\\\/?p=6832#breadcrumb\"},\"inLanguage\":\"es\",\"potentialAction\":[{\"@type\":\"ReadAction\",\"target\":[\"https:\\\/\\\/cuadra-agrado.es\\\/?p=6832\"]}]},{\"@type\":\"ImageObject\",\"inLanguage\":\"es\",\"@id\":\"https:\\\/\\\/cuadra-agrado.es\\\/?p=6832#primaryimage\",\"url\":\"https:\\\/\\\/cuadra-agrado.es\\\/wp-content\\\/uploads\\\/2020\\\/06\\\/kendaya-1.jpg\",\"contentUrl\":\"https:\\\/\\\/cuadra-agrado.es\\\/wp-content\\\/uploads\\\/2020\\\/06\\\/kendaya-1.jpg\",\"width\":1600,\"height\":1066},{\"@type\":\"BreadcrumbList\",\"@id\":\"https:\\\/\\\/cuadra-agrado.es\\\/?p=6832#breadcrumb\",\"itemListElement\":[{\"@type\":\"ListItem\",\"position\":1,\"name\":\"Portada\",\"item\":\"https:\\\/\\\/cuadra-agrado.es\\\/\"},{\"@type\":\"ListItem\",\"position\":2,\"name\":\"Barbarigo y Highrock Blue inauguran las nocturnas de Madrid\"}]},{\"@type\":\"WebSite\",\"@id\":\"https:\\\/\\\/cuadra-agrado.es\\\/#website\",\"url\":\"https:\\\/\\\/cuadra-agrado.es\\\/\",\"name\":\"Cuadra Agrado\",\"description\":\"En el mundo del Turf desde 2008\",\"potentialAction\":[{\"@type\":\"SearchAction\",\"target\":{\"@type\":\"EntryPoint\",\"urlTemplate\":\"https:\\\/\\\/cuadra-agrado.es\\\/?s={search_term_string}\"},\"query-input\":{\"@type\":\"PropertyValueSpecification\",\"valueRequired\":true,\"valueName\":\"search_term_string\"}}],\"inLanguage\":\"es\"},{\"@type\":\"Person\",\"@id\":\"https:\\\/\\\/cuadra-agrado.es\\\/#\\\/schema\\\/person\\\/3aa4f8d2373cf756d93a5526bc72f31b\",\"name\":\"Miguel Redondo\",\"image\":{\"@type\":\"ImageObject\",\"inLanguage\":\"es\",\"@id\":\"https:\\\/\\\/secure.gravatar.com\\\/avatar\\\/85704fceb4fa34017e3c1344d182da00dbf772fb8856ba2b7726a2df926415b4?s=96&d=mm&r=g\",\"url\":\"https:\\\/\\\/secure.gravatar.com\\\/avatar\\\/85704fceb4fa34017e3c1344d182da00dbf772fb8856ba2b7726a2df926415b4?s=96&d=mm&r=g\",\"contentUrl\":\"https:\\\/\\\/secure.gravatar.com\\\/avatar\\\/85704fceb4fa34017e3c1344d182da00dbf772fb8856ba2b7726a2df926415b4?s=96&d=mm&r=g\",\"caption\":\"Miguel Redondo\"},\"sameAs\":[\"https:\\\/\\\/cuadra-agrado.es\"],\"url\":\"https:\\\/\\\/cuadra-agrado.es\\\/?author=5\"}]}<\/script>\n<!-- \/ Yoast SEO plugin. -->","yoast_head_json":{"title":"Barbarigo y Highrock Blue inauguran las nocturnas de Madrid - Cuadra Agrado","robots":{"index":"index","follow":"follow","max-snippet":"max-snippet:-1","max-image-preview":"max-image-preview:large","max-video-preview":"max-video-preview:-1"},"canonical":"https:\/\/cuadra-agrado.es\/?p=6832","og_locale":"es_ES","og_type":"article","og_title":"Barbarigo y Highrock Blue inauguran las nocturnas de Madrid - Cuadra Agrado","og_description":"Primer jueves nocturno en Hip\u00f3dromo de Madrid y dos partans para vivir esta primera y at\u00edpica \u00a0jornada veraniega. \u201cBarbarigo\u201d ser\u00e1 el primer protagonista de la tarde-noche disputando un h\u00e1ndicap referenciado, al ocaso del sol y con diez participantes sobre distancia de 1.400 metros sobre la hierba en la tercera carrera de la jornada vespertina. Con [&hellip;]","og_url":"https:\/\/cuadra-agrado.es\/?p=6832","og_site_name":"Cuadra Agrado","article_published_time":"2020-07-06T08:11:54+00:00","article_modified_time":"2024-02-27T09:15:06+00:00","og_image":[{"width":1600,"height":1066,"url":"https:\/\/cuadra-agrado.es\/wp-content\/uploads\/2020\/06\/kendaya-1.jpg","type":"image\/jpeg"}],"author":"Miguel Redondo","twitter_card":"summary_large_image","twitter_creator":"@AGRADOracing","twitter_site":"@AGRADOracing","twitter_misc":{"Escrito por":"Miguel Redondo","Tiempo de lectura":"3 minutos"},"schema":{"@context":"https:\/\/schema.org","@graph":[{"@type":"Article","@id":"https:\/\/cuadra-agrado.es\/?p=6832#article","isPartOf":{"@id":"https:\/\/cuadra-agrado.es\/?p=6832"},"author":{"name":"Miguel Redondo","@id":"https:\/\/cuadra-agrado.es\/#\/schema\/person\/3aa4f8d2373cf756d93a5526bc72f31b"},"headline":"Barbarigo y Highrock Blue inauguran las nocturnas de Madrid","datePublished":"2020-07-06T08:11:54+00:00","dateModified":"2024-02-27T09:15:06+00:00","mainEntityOfPage":{"@id":"https:\/\/cuadra-agrado.es\/?p=6832"},"wordCount":547,"image":{"@id":"https:\/\/cuadra-agrado.es\/?p=6832#primaryimage"},"thumbnailUrl":"https:\/\/cuadra-agrado.es\/wp-content\/uploads\/2020\/06\/kendaya-1.jpg","articleSection":["Actualidad"],"inLanguage":"es"},{"@type":"WebPage","@id":"https:\/\/cuadra-agrado.es\/?p=6832","url":"https:\/\/cuadra-agrado.es\/?p=6832","name":"Barbarigo y Highrock Blue inauguran las nocturnas de Madrid - Cuadra Agrado","isPartOf":{"@id":"https:\/\/cuadra-agrado.es\/#website"},"primaryImageOfPage":{"@id":"https:\/\/cuadra-agrado.es\/?p=6832#primaryimage"},"image":{"@id":"https:\/\/cuadra-agrado.es\/?p=6832#primaryimage"},"thumbnailUrl":"https:\/\/cuadra-agrado.es\/wp-content\/uploads\/2020\/06\/kendaya-1.jpg","datePublished":"2020-07-06T08:11:54+00:00","dateModified":"2024-02-27T09:15:06+00:00","author":{"@id":"https:\/\/cuadra-agrado.es\/#\/schema\/person\/3aa4f8d2373cf756d93a5526bc72f31b"},"breadcrumb":{"@id":"https:\/\/cuadra-agrado.es\/?p=6832#breadcrumb"},"inLanguage":"es","potentialAction":[{"@type":"ReadAction","target":["https:\/\/cuadra-agrado.es\/?p=6832"]}]},{"@type":"ImageObject","inLanguage":"es","@id":"https:\/\/cuadra-agrado.es\/?p=6832#primaryimage","url":"https:\/\/cuadra-agrado.es\/wp-content\/uploads\/2020\/06\/kendaya-1.jpg","contentUrl":"https:\/\/cuadra-agrado.es\/wp-content\/uploads\/2020\/06\/kendaya-1.jpg","width":1600,"height":1066},{"@type":"BreadcrumbList","@id":"https:\/\/cuadra-agrado.es\/?p=6832#breadcrumb","itemListElement":[{"@type":"ListItem","position":1,"name":"Portada","item":"https:\/\/cuadra-agrado.es\/"},{"@type":"ListItem","position":2,"name":"Barbarigo y Highrock Blue inauguran las nocturnas de Madrid"}]},{"@type":"WebSite","@id":"https:\/\/cuadra-agrado.es\/#website","url":"https:\/\/cuadra-agrado.es\/","name":"Cuadra Agrado","description":"En el mundo del Turf desde 2008","potentialAction":[{"@type":"SearchAction","target":{"@type":"EntryPoint","urlTemplate":"https:\/\/cuadra-agrado.es\/?s={search_term_string}"},"query-input":{"@type":"PropertyValueSpecification","valueRequired":true,"valueName":"search_term_string"}}],"inLanguage":"es"},{"@type":"Person","@id":"https:\/\/cuadra-agrado.es\/#\/schema\/person\/3aa4f8d2373cf756d93a5526bc72f31b","name":"Miguel Redondo","image":{"@type":"ImageObject","inLanguage":"es","@id":"https:\/\/secure.gravatar.com\/avatar\/85704fceb4fa34017e3c1344d182da00dbf772fb8856ba2b7726a2df926415b4?s=96&d=mm&r=g","url":"https:\/\/secure.gravatar.com\/avatar\/85704fceb4fa34017e3c1344d182da00dbf772fb8856ba2b7726a2df926415b4?s=96&d=mm&r=g","contentUrl":"https:\/\/secure.gravatar.com\/avatar\/85704fceb4fa34017e3c1344d182da00dbf772fb8856ba2b7726a2df926415b4?s=96&d=mm&r=g","caption":"Miguel Redondo"},"sameAs":["https:\/\/cuadra-agrado.es"],"url":"https:\/\/cuadra-agrado.es\/?author=5"}]}},"_links":{"self":[{"href":"https:\/\/cuadra-agrado.es\/index.php?rest_route=\/wp\/v2\/posts\/6832","targetHints":{"allow":["GET"]}}],"collection":[{"href":"https:\/\/cuadra-agrado.es\/index.php?rest_route=\/wp\/v2\/posts"}],"about":[{"href":"https:\/\/cuadra-agrado.es\/index.php?rest_route=\/wp\/v2\/types\/post"}],"author":[{"embeddable":true,"href":"https:\/\/cuadra-agrado.es\/index.php?rest_route=\/wp\/v2\/users\/5"}],"replies":[{"embeddable":true,"href":"https:\/\/cuadra-agrado.es\/index.php?rest_route=%2Fwp%2Fv2%2Fcomments&post=6832"}],"version-history":[{"count":0,"href":"https:\/\/cuadra-agrado.es\/index.php?rest_route=\/wp\/v2\/posts\/6832\/revisions"}],"wp:featuredmedia":[{"embeddable":true,"href":"https:\/\/cuadra-agrado.es\/index.php?rest_route=\/wp\/v2\/media\/6778"}],"wp:attachment":[{"href":"https:\/\/cuadra-agrado.es\/index.php?rest_route=%2Fwp%2Fv2%2Fmedia&parent=6832"}],"wp:term":[{"taxonomy":"category","embeddable":true,"href":"https:\/\/cuadra-agrado.es\/index.php?rest_route=%2Fwp%2Fv2%2Fcategories&post=6832"},{"taxonomy":"post_tag","embeddable":true,"href":"https:\/\/cuadra-agrado.es\/index.php?rest_route=%2Fwp%2Fv2%2Ftags&post=6832"}],"curies":[{"name":"wp","href":"https:\/\/api.w.org\/{rel}","templated":true}]}}