{"id":6787,"date":"2020-06-30T10:29:21","date_gmt":"2020-06-30T10:29:21","guid":{"rendered":"https:\/\/cuadra-agrado.es\/?p=6787"},"modified":"2024-02-27T09:15:07","modified_gmt":"2024-02-27T09:15:07","slug":"turno-para-la-reaparicion-de-danubian-blue","status":"publish","type":"post","link":"https:\/\/cuadra-agrado.es\/?p=6787","title":{"rendered":"Turno para la reaparici\u00f3n de Danubian Blue"},"content":{"rendered":"<p style=\"text-align: justify;\">Tras un comienzo 2019 desolador y del todo inesperado, el pasado 8 de agosto d\u00e1bamos una \u00faltima oportunidad a <strong>\u201cDanubian Blue\u201d<\/strong> para resurgir de esas cenizas que, durante todo el pasado a\u00f1o hab\u00eda ido acumulando en su haber. Su octavo puesto en una segunda parte de h\u00e1ndicap ese mismo d\u00eda, result\u00f3 definitivo para su despedida en competici\u00f3n y pase a la yeguada. Desde entonces, asumimos que aquella yegua que bati\u00f3 con descaro en su debut a los<strong> \u201cAxioco\u201d, \u201cLiberri\u201d, \u201cEl Guanche\u201d,<\/strong> etc\u2026 , se hab\u00eda transformado carrera tras carrera en una yegua muy modesta y ap\u00e1tica, sin intenci\u00f3n alguna de volver a ganar valores perdidos.<\/p>\n<p style=\"text-align: justify;\">Pas\u00f3 el verano y a continuaci\u00f3n todo el oto\u00f1o, y su largo descanso en la yeguada alejada de competici\u00f3n evidenci\u00f3 un cambio en su comportamiento diario. Con la llegada de nuestro actual preparador Eduardo Buz\u00f3n a comienzos del presente a\u00f1o, decidimos en conjunto insistir con ella para emprender una nueva etapa en competici\u00f3n. Su edad cl\u00e1sica hab\u00eda pasado bajo un c\u00famulo de desdichas, pero de alguna forma quer\u00edamos confirmar que aquel gran debut no fue un espejismo puntual. Decidimos entonces retornarla a competici\u00f3n en el mes de enero para ir buscando forma y aprovechar su valor bajo actual con vistas a la primavera. Posterior, el efecto \u201cCovid19\u201d trastoc\u00f3 los planes y ya, de perdidos al r\u00edo, decidimos esperar a que el temporal amainara y despejar definitivamente las dudas.<\/p>\n<p style=\"text-align: justify;\">El pr\u00f3ximo domingo llega el d\u00eda de su reencuentro con la competici\u00f3n casi 11 meses despu\u00e9s en un nuevo h\u00e1ndicap de segunda parte donde vamos casi a ciegas. Por una parte, seguimos creyendo que tiene calidad para competir muy dignamente, pero por otro lado, nos siguen asaltando las mismas dudas que anta\u00f1o. Sus trabajos son buenos, pero solo cuando ella quiere\u2026 Algo la dej\u00f3 tocada desde su debut a esta hija de \u201cCanford Cliffs\u201d, y ese \u201calgo\u201d es tremendamente complejo descifrarlo y poner remedio. Su valor actual 28 no nos permitir\u00eda continuar con ella si no vemos un \u00e1pice de mejora aunque, por otra parte, sabemos que todav\u00eda es m\u00e1s dif\u00edcil cuando su ritmo de competici\u00f3n despu\u00e9s de tanto tiempo inactiva, est\u00e1 muy lejano con respecto a los 10 enemigos que tendr\u00e1 en pista este domingo. Esperamos que los seis meses previos que lleva trabajando diariamente sin ning\u00fan problema f\u00edsico, le sirva para enjuagar ese h\u00e1ndicap en contra y nos ofrezca ese m\u00ednimo necesario para programar una segunda salida este mismo verano.<\/p>\n<p style=\"text-align: justify;\">Sinceramente, desconocemos c\u00f3mo responder\u00e1 tras once meses sin competir. Alargamos hasta los 2.100 el metraje en esta primera salida para que encuentre un ritmo c\u00f3modo de inicio y, aunque la intenci\u00f3n del \u201cprepa\u201d es vestirle con anteojeras y buscar posiciones de vanguardia con un h\u00e1ndicap adicional del caj\u00f3n 11, no tenemos claro lo que pasar\u00e1 por su cabeza una vez se abran los cajones. Si la yegua quiere seguir compitiendo, buscar\u00e1 su opci\u00f3n y dar\u00e1 la cara, calidad no le falta. Si, por el contrario, la yegua quiere seguir viviendo tranquila en el campo, lo tiene a\u00fan m\u00e1s f\u00e1cil que nunca completando un recorrido sin m\u00e1s.<\/p>\n<p style=\"text-align: justify;\">Por nuestra parte, ponemos toda la carne en el asador con una monta de garant\u00edas como la de Borja Fayos. A este jockey, ninguna yegua le va a tomar el pelo, por lo que asumiremos las observaciones y consejos que \u00e9l nos transmita al final de una prueba que viviremos, por un lado, con la ilusi\u00f3n de recuperar poco a poco esa confianza perdida y, por otro lado, con la incertidumbre de que nos vuelva a dar otro disgusto en esta \u00faltima apuesta por ella. Lo que tenga que ser, ser\u00e1. Confianza plena en la preparaci\u00f3n que ha estado a cargo de sus trabajos en estos \u00faltimos seis meses y que ha decidido ponerla en marcha, pero quien corre el domingo, es ella. Veremos cual es su decisi\u00f3n de cara al futuro\u2026.<\/p>\n<!-- AddThis Advanced Settings generic via filter on the_content --><!-- AddThis Share Buttons generic via filter on the_content -->","protected":false},"excerpt":{"rendered":"<p>Tras un comienzo 2019 desolador y del todo inesperado, el pasado 8 de agosto d\u00e1bamos una \u00faltima oportunidad a \u201cDanubian Blue\u201d para resurgir de esas cenizas que, durante todo el pasado a\u00f1o hab\u00eda ido acumulando en su haber. Su octavo puesto en una segunda parte de h\u00e1ndicap ese mismo d\u00eda, result\u00f3 definitivo para su despedida [&hellip;]<!-- AddThis Advanced Settings generic via filter on get_the_excerpt --><!-- AddThis Share Buttons generic via filter on get_the_excerpt --><\/p>\n","protected":false},"author":5,"featured_media":6391,"comment_status":"closed","ping_status":"open","sticky":false,"template":"","format":"standard","meta":{"_acf_changed":false,"_et_pb_use_builder":"","_et_pb_old_content":"","_et_gb_content_width":"","footnotes":""},"categories":[3],"tags":[],"class_list":["post-6787","post","type-post","status-publish","format-standard","has-post-thumbnail","hentry","category-noticias-cuadra-agrado"],"acf":[],"yoast_head":"<!-- This site is optimized with the Yoast SEO plugin v27.4 - https:\/\/yoast.com\/product\/yoast-seo-wordpress\/ -->\n<title>Turno para la reaparici\u00f3n de Danubian Blue - Cuadra Agrado<\/title>\n<meta name=\"robots\" content=\"index, follow, max-snippet:-1, max-image-preview:large, max-video-preview:-1\" \/>\n<link rel=\"canonical\" href=\"https:\/\/cuadra-agrado.es\/?p=6787\" \/>\n<meta property=\"og:locale\" content=\"es_ES\" \/>\n<meta property=\"og:type\" content=\"article\" \/>\n<meta property=\"og:title\" content=\"Turno para la reaparici\u00f3n de Danubian Blue - Cuadra Agrado\" \/>\n<meta property=\"og:description\" content=\"Tras un comienzo 2019 desolador y del todo inesperado, el pasado 8 de agosto d\u00e1bamos una \u00faltima oportunidad a \u201cDanubian Blue\u201d para resurgir de esas cenizas que, durante todo el pasado a\u00f1o hab\u00eda ido acumulando en su haber. Su octavo puesto en una segunda parte de h\u00e1ndicap ese mismo d\u00eda, result\u00f3 definitivo para su despedida [&hellip;]\" \/>\n<meta property=\"og:url\" content=\"https:\/\/cuadra-agrado.es\/?p=6787\" \/>\n<meta property=\"og:site_name\" content=\"Cuadra Agrado\" \/>\n<meta property=\"article:published_time\" content=\"2020-06-30T10:29:21+00:00\" \/>\n<meta property=\"article:modified_time\" content=\"2024-02-27T09:15:07+00:00\" \/>\n<meta property=\"og:image\" content=\"https:\/\/cuadra-agrado.es\/wp-content\/uploads\/2019\/06\/Danubian-Blue-02.12.18.-Foto-DC-PRO-scaled-1.jpg\" \/>\n\t<meta property=\"og:image:width\" content=\"2560\" \/>\n\t<meta property=\"og:image:height\" content=\"1884\" \/>\n\t<meta property=\"og:image:type\" content=\"image\/jpeg\" \/>\n<meta name=\"author\" content=\"Miguel Redondo\" \/>\n<meta name=\"twitter:card\" content=\"summary_large_image\" \/>\n<meta name=\"twitter:creator\" content=\"@AGRADOracing\" \/>\n<meta name=\"twitter:site\" content=\"@AGRADOracing\" \/>\n<meta name=\"twitter:label1\" content=\"Escrito por\" \/>\n\t<meta name=\"twitter:data1\" content=\"Miguel Redondo\" \/>\n\t<meta name=\"twitter:label2\" content=\"Tiempo de lectura\" \/>\n\t<meta name=\"twitter:data2\" content=\"3 minutos\" \/>\n<script type=\"application\/ld+json\" class=\"yoast-schema-graph\">{\"@context\":\"https:\\\/\\\/schema.org\",\"@graph\":[{\"@type\":\"Article\",\"@id\":\"https:\\\/\\\/cuadra-agrado.es\\\/?p=6787#article\",\"isPartOf\":{\"@id\":\"https:\\\/\\\/cuadra-agrado.es\\\/?p=6787\"},\"author\":{\"name\":\"Miguel Redondo\",\"@id\":\"https:\\\/\\\/cuadra-agrado.es\\\/#\\\/schema\\\/person\\\/3aa4f8d2373cf756d93a5526bc72f31b\"},\"headline\":\"Turno para la reaparici\u00f3n de Danubian Blue\",\"datePublished\":\"2020-06-30T10:29:21+00:00\",\"dateModified\":\"2024-02-27T09:15:07+00:00\",\"mainEntityOfPage\":{\"@id\":\"https:\\\/\\\/cuadra-agrado.es\\\/?p=6787\"},\"wordCount\":694,\"image\":{\"@id\":\"https:\\\/\\\/cuadra-agrado.es\\\/?p=6787#primaryimage\"},\"thumbnailUrl\":\"https:\\\/\\\/cuadra-agrado.es\\\/wp-content\\\/uploads\\\/2019\\\/06\\\/Danubian-Blue-02.12.18.-Foto-DC-PRO-scaled-1.jpg\",\"articleSection\":[\"Actualidad\"],\"inLanguage\":\"es\"},{\"@type\":\"WebPage\",\"@id\":\"https:\\\/\\\/cuadra-agrado.es\\\/?p=6787\",\"url\":\"https:\\\/\\\/cuadra-agrado.es\\\/?p=6787\",\"name\":\"Turno para la reaparici\u00f3n de Danubian Blue - Cuadra Agrado\",\"isPartOf\":{\"@id\":\"https:\\\/\\\/cuadra-agrado.es\\\/#website\"},\"primaryImageOfPage\":{\"@id\":\"https:\\\/\\\/cuadra-agrado.es\\\/?p=6787#primaryimage\"},\"image\":{\"@id\":\"https:\\\/\\\/cuadra-agrado.es\\\/?p=6787#primaryimage\"},\"thumbnailUrl\":\"https:\\\/\\\/cuadra-agrado.es\\\/wp-content\\\/uploads\\\/2019\\\/06\\\/Danubian-Blue-02.12.18.-Foto-DC-PRO-scaled-1.jpg\",\"datePublished\":\"2020-06-30T10:29:21+00:00\",\"dateModified\":\"2024-02-27T09:15:07+00:00\",\"author\":{\"@id\":\"https:\\\/\\\/cuadra-agrado.es\\\/#\\\/schema\\\/person\\\/3aa4f8d2373cf756d93a5526bc72f31b\"},\"breadcrumb\":{\"@id\":\"https:\\\/\\\/cuadra-agrado.es\\\/?p=6787#breadcrumb\"},\"inLanguage\":\"es\",\"potentialAction\":[{\"@type\":\"ReadAction\",\"target\":[\"https:\\\/\\\/cuadra-agrado.es\\\/?p=6787\"]}]},{\"@type\":\"ImageObject\",\"inLanguage\":\"es\",\"@id\":\"https:\\\/\\\/cuadra-agrado.es\\\/?p=6787#primaryimage\",\"url\":\"https:\\\/\\\/cuadra-agrado.es\\\/wp-content\\\/uploads\\\/2019\\\/06\\\/Danubian-Blue-02.12.18.-Foto-DC-PRO-scaled-1.jpg\",\"contentUrl\":\"https:\\\/\\\/cuadra-agrado.es\\\/wp-content\\\/uploads\\\/2019\\\/06\\\/Danubian-Blue-02.12.18.-Foto-DC-PRO-scaled-1.jpg\",\"width\":2560,\"height\":1884},{\"@type\":\"BreadcrumbList\",\"@id\":\"https:\\\/\\\/cuadra-agrado.es\\\/?p=6787#breadcrumb\",\"itemListElement\":[{\"@type\":\"ListItem\",\"position\":1,\"name\":\"Portada\",\"item\":\"https:\\\/\\\/cuadra-agrado.es\\\/\"},{\"@type\":\"ListItem\",\"position\":2,\"name\":\"Turno para la reaparici\u00f3n de Danubian Blue\"}]},{\"@type\":\"WebSite\",\"@id\":\"https:\\\/\\\/cuadra-agrado.es\\\/#website\",\"url\":\"https:\\\/\\\/cuadra-agrado.es\\\/\",\"name\":\"Cuadra Agrado\",\"description\":\"En el mundo del Turf desde 2008\",\"potentialAction\":[{\"@type\":\"SearchAction\",\"target\":{\"@type\":\"EntryPoint\",\"urlTemplate\":\"https:\\\/\\\/cuadra-agrado.es\\\/?s={search_term_string}\"},\"query-input\":{\"@type\":\"PropertyValueSpecification\",\"valueRequired\":true,\"valueName\":\"search_term_string\"}}],\"inLanguage\":\"es\"},{\"@type\":\"Person\",\"@id\":\"https:\\\/\\\/cuadra-agrado.es\\\/#\\\/schema\\\/person\\\/3aa4f8d2373cf756d93a5526bc72f31b\",\"name\":\"Miguel Redondo\",\"image\":{\"@type\":\"ImageObject\",\"inLanguage\":\"es\",\"@id\":\"https:\\\/\\\/secure.gravatar.com\\\/avatar\\\/85704fceb4fa34017e3c1344d182da00dbf772fb8856ba2b7726a2df926415b4?s=96&d=mm&r=g\",\"url\":\"https:\\\/\\\/secure.gravatar.com\\\/avatar\\\/85704fceb4fa34017e3c1344d182da00dbf772fb8856ba2b7726a2df926415b4?s=96&d=mm&r=g\",\"contentUrl\":\"https:\\\/\\\/secure.gravatar.com\\\/avatar\\\/85704fceb4fa34017e3c1344d182da00dbf772fb8856ba2b7726a2df926415b4?s=96&d=mm&r=g\",\"caption\":\"Miguel Redondo\"},\"sameAs\":[\"https:\\\/\\\/cuadra-agrado.es\"],\"url\":\"https:\\\/\\\/cuadra-agrado.es\\\/?author=5\"}]}<\/script>\n<!-- \/ Yoast SEO plugin. -->","yoast_head_json":{"title":"Turno para la reaparici\u00f3n de Danubian Blue - Cuadra Agrado","robots":{"index":"index","follow":"follow","max-snippet":"max-snippet:-1","max-image-preview":"max-image-preview:large","max-video-preview":"max-video-preview:-1"},"canonical":"https:\/\/cuadra-agrado.es\/?p=6787","og_locale":"es_ES","og_type":"article","og_title":"Turno para la reaparici\u00f3n de Danubian Blue - Cuadra Agrado","og_description":"Tras un comienzo 2019 desolador y del todo inesperado, el pasado 8 de agosto d\u00e1bamos una \u00faltima oportunidad a \u201cDanubian Blue\u201d para resurgir de esas cenizas que, durante todo el pasado a\u00f1o hab\u00eda ido acumulando en su haber. Su octavo puesto en una segunda parte de h\u00e1ndicap ese mismo d\u00eda, result\u00f3 definitivo para su despedida [&hellip;]","og_url":"https:\/\/cuadra-agrado.es\/?p=6787","og_site_name":"Cuadra Agrado","article_published_time":"2020-06-30T10:29:21+00:00","article_modified_time":"2024-02-27T09:15:07+00:00","og_image":[{"width":2560,"height":1884,"url":"https:\/\/cuadra-agrado.es\/wp-content\/uploads\/2019\/06\/Danubian-Blue-02.12.18.-Foto-DC-PRO-scaled-1.jpg","type":"image\/jpeg"}],"author":"Miguel Redondo","twitter_card":"summary_large_image","twitter_creator":"@AGRADOracing","twitter_site":"@AGRADOracing","twitter_misc":{"Escrito por":"Miguel Redondo","Tiempo de lectura":"3 minutos"},"schema":{"@context":"https:\/\/schema.org","@graph":[{"@type":"Article","@id":"https:\/\/cuadra-agrado.es\/?p=6787#article","isPartOf":{"@id":"https:\/\/cuadra-agrado.es\/?p=6787"},"author":{"name":"Miguel Redondo","@id":"https:\/\/cuadra-agrado.es\/#\/schema\/person\/3aa4f8d2373cf756d93a5526bc72f31b"},"headline":"Turno para la reaparici\u00f3n de Danubian Blue","datePublished":"2020-06-30T10:29:21+00:00","dateModified":"2024-02-27T09:15:07+00:00","mainEntityOfPage":{"@id":"https:\/\/cuadra-agrado.es\/?p=6787"},"wordCount":694,"image":{"@id":"https:\/\/cuadra-agrado.es\/?p=6787#primaryimage"},"thumbnailUrl":"https:\/\/cuadra-agrado.es\/wp-content\/uploads\/2019\/06\/Danubian-Blue-02.12.18.-Foto-DC-PRO-scaled-1.jpg","articleSection":["Actualidad"],"inLanguage":"es"},{"@type":"WebPage","@id":"https:\/\/cuadra-agrado.es\/?p=6787","url":"https:\/\/cuadra-agrado.es\/?p=6787","name":"Turno para la reaparici\u00f3n de Danubian Blue - Cuadra Agrado","isPartOf":{"@id":"https:\/\/cuadra-agrado.es\/#website"},"primaryImageOfPage":{"@id":"https:\/\/cuadra-agrado.es\/?p=6787#primaryimage"},"image":{"@id":"https:\/\/cuadra-agrado.es\/?p=6787#primaryimage"},"thumbnailUrl":"https:\/\/cuadra-agrado.es\/wp-content\/uploads\/2019\/06\/Danubian-Blue-02.12.18.-Foto-DC-PRO-scaled-1.jpg","datePublished":"2020-06-30T10:29:21+00:00","dateModified":"2024-02-27T09:15:07+00:00","author":{"@id":"https:\/\/cuadra-agrado.es\/#\/schema\/person\/3aa4f8d2373cf756d93a5526bc72f31b"},"breadcrumb":{"@id":"https:\/\/cuadra-agrado.es\/?p=6787#breadcrumb"},"inLanguage":"es","potentialAction":[{"@type":"ReadAction","target":["https:\/\/cuadra-agrado.es\/?p=6787"]}]},{"@type":"ImageObject","inLanguage":"es","@id":"https:\/\/cuadra-agrado.es\/?p=6787#primaryimage","url":"https:\/\/cuadra-agrado.es\/wp-content\/uploads\/2019\/06\/Danubian-Blue-02.12.18.-Foto-DC-PRO-scaled-1.jpg","contentUrl":"https:\/\/cuadra-agrado.es\/wp-content\/uploads\/2019\/06\/Danubian-Blue-02.12.18.-Foto-DC-PRO-scaled-1.jpg","width":2560,"height":1884},{"@type":"BreadcrumbList","@id":"https:\/\/cuadra-agrado.es\/?p=6787#breadcrumb","itemListElement":[{"@type":"ListItem","position":1,"name":"Portada","item":"https:\/\/cuadra-agrado.es\/"},{"@type":"ListItem","position":2,"name":"Turno para la reaparici\u00f3n de Danubian Blue"}]},{"@type":"WebSite","@id":"https:\/\/cuadra-agrado.es\/#website","url":"https:\/\/cuadra-agrado.es\/","name":"Cuadra Agrado","description":"En el mundo del Turf desde 2008","potentialAction":[{"@type":"SearchAction","target":{"@type":"EntryPoint","urlTemplate":"https:\/\/cuadra-agrado.es\/?s={search_term_string}"},"query-input":{"@type":"PropertyValueSpecification","valueRequired":true,"valueName":"search_term_string"}}],"inLanguage":"es"},{"@type":"Person","@id":"https:\/\/cuadra-agrado.es\/#\/schema\/person\/3aa4f8d2373cf756d93a5526bc72f31b","name":"Miguel Redondo","image":{"@type":"ImageObject","inLanguage":"es","@id":"https:\/\/secure.gravatar.com\/avatar\/85704fceb4fa34017e3c1344d182da00dbf772fb8856ba2b7726a2df926415b4?s=96&d=mm&r=g","url":"https:\/\/secure.gravatar.com\/avatar\/85704fceb4fa34017e3c1344d182da00dbf772fb8856ba2b7726a2df926415b4?s=96&d=mm&r=g","contentUrl":"https:\/\/secure.gravatar.com\/avatar\/85704fceb4fa34017e3c1344d182da00dbf772fb8856ba2b7726a2df926415b4?s=96&d=mm&r=g","caption":"Miguel Redondo"},"sameAs":["https:\/\/cuadra-agrado.es"],"url":"https:\/\/cuadra-agrado.es\/?author=5"}]}},"_links":{"self":[{"href":"https:\/\/cuadra-agrado.es\/index.php?rest_route=\/wp\/v2\/posts\/6787","targetHints":{"allow":["GET"]}}],"collection":[{"href":"https:\/\/cuadra-agrado.es\/index.php?rest_route=\/wp\/v2\/posts"}],"about":[{"href":"https:\/\/cuadra-agrado.es\/index.php?rest_route=\/wp\/v2\/types\/post"}],"author":[{"embeddable":true,"href":"https:\/\/cuadra-agrado.es\/index.php?rest_route=\/wp\/v2\/users\/5"}],"replies":[{"embeddable":true,"href":"https:\/\/cuadra-agrado.es\/index.php?rest_route=%2Fwp%2Fv2%2Fcomments&post=6787"}],"version-history":[{"count":0,"href":"https:\/\/cuadra-agrado.es\/index.php?rest_route=\/wp\/v2\/posts\/6787\/revisions"}],"wp:featuredmedia":[{"embeddable":true,"href":"https:\/\/cuadra-agrado.es\/index.php?rest_route=\/wp\/v2\/media\/6391"}],"wp:attachment":[{"href":"https:\/\/cuadra-agrado.es\/index.php?rest_route=%2Fwp%2Fv2%2Fmedia&parent=6787"}],"wp:term":[{"taxonomy":"category","embeddable":true,"href":"https:\/\/cuadra-agrado.es\/index.php?rest_route=%2Fwp%2Fv2%2Fcategories&post=6787"},{"taxonomy":"post_tag","embeddable":true,"href":"https:\/\/cuadra-agrado.es\/index.php?rest_route=%2Fwp%2Fv2%2Ftags&post=6787"}],"curies":[{"name":"wp","href":"https:\/\/api.w.org\/{rel}","templated":true}]}}