{"id":6708,"date":"2020-06-04T08:38:38","date_gmt":"2020-06-04T08:38:38","guid":{"rendered":"https:\/\/cuadra-agrado.es\/?p=6708"},"modified":"2024-02-27T09:15:08","modified_gmt":"2024-02-27T09:15:08","slug":"buen-tercero-para-barbarigo-en-su-reaparicion-postcovid","status":"publish","type":"post","link":"https:\/\/cuadra-agrado.es\/?p=6708","title":{"rendered":"Buen tercero para Barbarigo en su reaparici\u00f3n PostCovid"},"content":{"rendered":"<p style=\"text-align: justify;\">Ayer, 3 de junio, pudimos volver a vivir la pasi\u00f3n por nuestro turf con el reinicio de la competici\u00f3n en el Hip\u00f3dromo de San Sebastian. La jornada se desarroll\u00f3 sin m\u00e1s incidentes que un acumulado retraso en cada prueba que, estamos seguros la Direcci\u00f3n de Hipodromoa, tomar\u00e1 acciones para corregir en pr\u00f3ximas jornadas. En cuanto a los protocolos de seguridad sanitarios relacionados con la pandemia, que eran parte principal y esencial como primera competici\u00f3n en desarrollarse en nuestro pa\u00eds, queremos enviar nuestras m\u00e1s sinceras felicitaciones por el gran ejemplo que han transmitido, y que a buen seguro ser\u00e1 tambi\u00e9n ejemplo a seguir para otras competiciones deportivas que poco a poco se pondr\u00e1n en marcha. No ten\u00edamos ninguna duda que la experiencia del hip\u00f3dromo m\u00e1s longevo en nuestro pa\u00eds estar\u00eda a la altura de las circunstancias, pero ser los primeros en salir a la palestra en una situaci\u00f3n tan cr\u00edtica conlleva algunos riesgos que en ning\u00fan caso se han visto afectados. Excelente la profesionalidad y responsabilidad demostrada con respecto a los protocolos de seguridad sanitarios de todos y cada uno de los comentaristas, jueces, mozos, profesionales, personal del hip\u00f3dromo, cargos h\u00edpicos, veterinarios, etc\u2026 Zorionak eta Eskerrik Asko !!!<\/p>\n<p style=\"text-align: justify;\">En lo que respecta a nuestra cuadra, ayer pudimos tambi\u00e9n reiniciar la competici\u00f3n con el regreso de <strong>\u201cBarbarigo\u201d<\/strong> despu\u00e9s de casi 200 d\u00edas de tensa y larga espera. La prueba de H\u00e1ndicap referenciado en la \u00faltima prueba del d\u00eda qued\u00f3 definida como la m\u00e1s atractiva del d\u00eda por tener en su partant un buen ramillete de buenos caballos de valor en un h\u00e1ndicap puro donde la igualdad podr\u00eda resultar un serio compromiso a la hora de pronosticar el ganador de la prueba.<\/p>\n<p style=\"text-align: justify;\">Como anticip\u00e1bamos en nuestra previa, viajamos a Lasarte con un caballo en la mejor forma posible para disputar la prueba despu\u00e9s de un largo par\u00f3n, y con el convencimiento que har\u00eda un buen papel en esta su reaparici\u00f3n con serias opciones a la victoria. La llamada de nuestro Jockey Borja Fayos el d\u00eda anterior para confirmarnos su imposibilidad de viajar por una operaci\u00f3n quir\u00fargica, fue sin duda una muy mala noticia y un jarro de agua fr\u00eda que aceptamos con resignaci\u00f3n. Cont\u00e1bamos con la mejor monta posible, y esta se desvaneci\u00f3 por causas de fuerza mayor. Desde aqu\u00ed le enviamos p\u00fablicamente nuestros mejores deseos para una pronta recuperaci\u00f3n y poder contar con \u00e9l para el pr\u00f3ximo envite. Sin demasiadas opciones en un partant numeroso, apostamos por el joven portugu\u00e9s \u201cLuis Fonseca\u201d para conducir a \u201c<strong>Barbarigo\u201d<\/strong>. Las \u00f3rdenes del \u201cprepa\u201d pasaban principalmente por estar muy atento en la salida por el caj\u00f3n 1 y buscar posiciones de vanguardia.<\/p>\n<p style=\"text-align: justify;\">As\u00ed lo hizo el joven jockey y, tras un golpe de cajones perfecto, pronto se vio liderando la prueba sin demasiado problema. En la recta de enfrente puso un alto ritmo selectivo. Quiz\u00e1s demasiado valiente durante la primera parte del recorrido donde, le hubiera venido muy bien recoger antes de la curva y tomar aire, pero \u201cFonseca\u201d se vio confiado con mucho caballo debajo y apost\u00f3 por meter 2\/3 cuerpos de distancia a sus perseguidores para enfilar la recta definitiva con esa ventaja, como as\u00ed lo hiciera en su anterior participaci\u00f3n apenas una hora antes con <strong>\u201cMarrero<\/strong>\u201d, donde sorprendi\u00f3 de punta a punta para ganar la prueba. El problema es que la calidad de este lote, no era la misma que la anterior y la recta final se le hizo muy larga a caballo y jockey, y eterna para los que ve\u00edamos a trav\u00e9s de TV. Tras varias miradas atr\u00e1s, que denotaban desconfianza para lograr el \u00e9xito, fue poco a poco perdiendo fuelle para ser sobrepasado en los \u00faltimos 50 metros por un sorprendente <strong>\u201cGranacci<\/strong>\u201d, que ya hab\u00eda demostrado en Francia un buen valor 38,5 con dos victorias este mismo a\u00f1o, y el favorito de la prueba <strong>\u201cFurioso<\/strong>\u201d. Una l\u00e1stima que no pudi\u00e9ramos habernos aprovechado del descargo de 3 kilos de \u201cFonseca\u201d, con el cual, visto lo visto, hubi\u00e9ramos tenido asegurada la victoria, pero la sustituci\u00f3n de \u00faltima hora no permit\u00eda este descargo natural.<\/p>\n<p style=\"text-align: justify;\">En cualquier caso, buen tercero en la reaparici\u00f3n de<strong> \u201cBarbarigo\u201d<\/strong> contra buenos ejemplares milleros, que nos confirma su evoluci\u00f3n para este a\u00f1o, despu\u00e9s de un mal a\u00f1o anterior. Dif\u00edcil programa el que se le queda en esta corta primavera-verano sin mucho donde elegir, pero trataremos de buscar nuevamente su opci\u00f3n para conseguir esa victoria que sin duda merece despu\u00e9s de tanto tiempo.<\/p>\n<p style=\"text-align: justify;\">Muy agradecidos a la preparaci\u00f3n de Eduardo Buz\u00f3n que, en apenas dos meses con el caballo en su patio y, pr\u00e1cticamente sin conocerlo, ha logrado una magn\u00edfica \u201cperformance\u201d manteniendo una l\u00ednea ascendente que ya intu\u00edamos con la anterior preparaci\u00f3n en este inicio de temporada, devolvi\u00e9ndonos parte de esa moral e ilusi\u00f3n perdida tanto para caballo como a nosotros como propietarios.<\/p>\n<!-- AddThis Advanced Settings generic via filter on the_content --><!-- AddThis Share Buttons generic via filter on the_content -->","protected":false},"excerpt":{"rendered":"<p>Ayer, 3 de junio, pudimos volver a vivir la pasi\u00f3n por nuestro turf con el reinicio de la competici\u00f3n en el Hip\u00f3dromo de San Sebastian. La jornada se desarroll\u00f3 sin m\u00e1s incidentes que un acumulado retraso en cada prueba que, estamos seguros la Direcci\u00f3n de Hipodromoa, tomar\u00e1 acciones para corregir en pr\u00f3ximas jornadas. En cuanto [&hellip;]<!-- AddThis Advanced Settings generic via filter on get_the_excerpt --><!-- AddThis Share Buttons generic via filter on get_the_excerpt --><\/p>\n","protected":false},"author":5,"featured_media":6709,"comment_status":"closed","ping_status":"open","sticky":false,"template":"","format":"standard","meta":{"_acf_changed":false,"_et_pb_use_builder":"","_et_pb_old_content":"","_et_gb_content_width":"","footnotes":""},"categories":[3],"tags":[],"class_list":["post-6708","post","type-post","status-publish","format-standard","has-post-thumbnail","hentry","category-noticias-cuadra-agrado"],"acf":[],"yoast_head":"<!-- This site is optimized with the Yoast SEO plugin v27.4 - https:\/\/yoast.com\/product\/yoast-seo-wordpress\/ -->\n<title>Buen tercero para Barbarigo en su reaparici\u00f3n PostCovid - Cuadra Agrado<\/title>\n<meta name=\"robots\" content=\"index, follow, max-snippet:-1, max-image-preview:large, max-video-preview:-1\" \/>\n<link rel=\"canonical\" href=\"https:\/\/cuadra-agrado.es\/?p=6708\" \/>\n<meta property=\"og:locale\" content=\"es_ES\" \/>\n<meta property=\"og:type\" content=\"article\" \/>\n<meta property=\"og:title\" content=\"Buen tercero para Barbarigo en su reaparici\u00f3n PostCovid - Cuadra Agrado\" \/>\n<meta property=\"og:description\" content=\"Ayer, 3 de junio, pudimos volver a vivir la pasi\u00f3n por nuestro turf con el reinicio de la competici\u00f3n en el Hip\u00f3dromo de San Sebastian. La jornada se desarroll\u00f3 sin m\u00e1s incidentes que un acumulado retraso en cada prueba que, estamos seguros la Direcci\u00f3n de Hipodromoa, tomar\u00e1 acciones para corregir en pr\u00f3ximas jornadas. En cuanto [&hellip;]\" \/>\n<meta property=\"og:url\" content=\"https:\/\/cuadra-agrado.es\/?p=6708\" \/>\n<meta property=\"og:site_name\" content=\"Cuadra Agrado\" \/>\n<meta property=\"article:published_time\" content=\"2020-06-04T08:38:38+00:00\" \/>\n<meta property=\"article:modified_time\" content=\"2024-02-27T09:15:08+00:00\" \/>\n<meta property=\"og:image\" content=\"https:\/\/cuadra-agrado.es\/wp-content\/uploads\/2020\/06\/sansebastiancovid-1.jpg\" \/>\n\t<meta property=\"og:image:width\" content=\"690\" \/>\n\t<meta property=\"og:image:height\" content=\"489\" \/>\n\t<meta property=\"og:image:type\" content=\"image\/jpeg\" \/>\n<meta name=\"author\" content=\"Miguel Redondo\" \/>\n<meta name=\"twitter:card\" content=\"summary_large_image\" \/>\n<meta name=\"twitter:creator\" content=\"@AGRADOracing\" \/>\n<meta name=\"twitter:site\" content=\"@AGRADOracing\" \/>\n<meta name=\"twitter:label1\" content=\"Escrito por\" \/>\n\t<meta name=\"twitter:data1\" content=\"Miguel Redondo\" \/>\n\t<meta name=\"twitter:label2\" content=\"Tiempo de lectura\" \/>\n\t<meta name=\"twitter:data2\" content=\"4 minutos\" \/>\n<script type=\"application\/ld+json\" class=\"yoast-schema-graph\">{\"@context\":\"https:\\\/\\\/schema.org\",\"@graph\":[{\"@type\":\"Article\",\"@id\":\"https:\\\/\\\/cuadra-agrado.es\\\/?p=6708#article\",\"isPartOf\":{\"@id\":\"https:\\\/\\\/cuadra-agrado.es\\\/?p=6708\"},\"author\":{\"name\":\"Miguel Redondo\",\"@id\":\"https:\\\/\\\/cuadra-agrado.es\\\/#\\\/schema\\\/person\\\/3aa4f8d2373cf756d93a5526bc72f31b\"},\"headline\":\"Buen tercero para Barbarigo en su reaparici\u00f3n PostCovid\",\"datePublished\":\"2020-06-04T08:38:38+00:00\",\"dateModified\":\"2024-02-27T09:15:08+00:00\",\"mainEntityOfPage\":{\"@id\":\"https:\\\/\\\/cuadra-agrado.es\\\/?p=6708\"},\"wordCount\":869,\"image\":{\"@id\":\"https:\\\/\\\/cuadra-agrado.es\\\/?p=6708#primaryimage\"},\"thumbnailUrl\":\"https:\\\/\\\/cuadra-agrado.es\\\/wp-content\\\/uploads\\\/2020\\\/06\\\/sansebastiancovid-1.jpg\",\"articleSection\":[\"Actualidad\"],\"inLanguage\":\"es\"},{\"@type\":\"WebPage\",\"@id\":\"https:\\\/\\\/cuadra-agrado.es\\\/?p=6708\",\"url\":\"https:\\\/\\\/cuadra-agrado.es\\\/?p=6708\",\"name\":\"Buen tercero para Barbarigo en su reaparici\u00f3n PostCovid - Cuadra Agrado\",\"isPartOf\":{\"@id\":\"https:\\\/\\\/cuadra-agrado.es\\\/#website\"},\"primaryImageOfPage\":{\"@id\":\"https:\\\/\\\/cuadra-agrado.es\\\/?p=6708#primaryimage\"},\"image\":{\"@id\":\"https:\\\/\\\/cuadra-agrado.es\\\/?p=6708#primaryimage\"},\"thumbnailUrl\":\"https:\\\/\\\/cuadra-agrado.es\\\/wp-content\\\/uploads\\\/2020\\\/06\\\/sansebastiancovid-1.jpg\",\"datePublished\":\"2020-06-04T08:38:38+00:00\",\"dateModified\":\"2024-02-27T09:15:08+00:00\",\"author\":{\"@id\":\"https:\\\/\\\/cuadra-agrado.es\\\/#\\\/schema\\\/person\\\/3aa4f8d2373cf756d93a5526bc72f31b\"},\"breadcrumb\":{\"@id\":\"https:\\\/\\\/cuadra-agrado.es\\\/?p=6708#breadcrumb\"},\"inLanguage\":\"es\",\"potentialAction\":[{\"@type\":\"ReadAction\",\"target\":[\"https:\\\/\\\/cuadra-agrado.es\\\/?p=6708\"]}]},{\"@type\":\"ImageObject\",\"inLanguage\":\"es\",\"@id\":\"https:\\\/\\\/cuadra-agrado.es\\\/?p=6708#primaryimage\",\"url\":\"https:\\\/\\\/cuadra-agrado.es\\\/wp-content\\\/uploads\\\/2020\\\/06\\\/sansebastiancovid-1.jpg\",\"contentUrl\":\"https:\\\/\\\/cuadra-agrado.es\\\/wp-content\\\/uploads\\\/2020\\\/06\\\/sansebastiancovid-1.jpg\",\"width\":690,\"height\":489},{\"@type\":\"BreadcrumbList\",\"@id\":\"https:\\\/\\\/cuadra-agrado.es\\\/?p=6708#breadcrumb\",\"itemListElement\":[{\"@type\":\"ListItem\",\"position\":1,\"name\":\"Portada\",\"item\":\"https:\\\/\\\/cuadra-agrado.es\\\/\"},{\"@type\":\"ListItem\",\"position\":2,\"name\":\"Buen tercero para Barbarigo en su reaparici\u00f3n PostCovid\"}]},{\"@type\":\"WebSite\",\"@id\":\"https:\\\/\\\/cuadra-agrado.es\\\/#website\",\"url\":\"https:\\\/\\\/cuadra-agrado.es\\\/\",\"name\":\"Cuadra Agrado\",\"description\":\"En el mundo del Turf desde 2008\",\"potentialAction\":[{\"@type\":\"SearchAction\",\"target\":{\"@type\":\"EntryPoint\",\"urlTemplate\":\"https:\\\/\\\/cuadra-agrado.es\\\/?s={search_term_string}\"},\"query-input\":{\"@type\":\"PropertyValueSpecification\",\"valueRequired\":true,\"valueName\":\"search_term_string\"}}],\"inLanguage\":\"es\"},{\"@type\":\"Person\",\"@id\":\"https:\\\/\\\/cuadra-agrado.es\\\/#\\\/schema\\\/person\\\/3aa4f8d2373cf756d93a5526bc72f31b\",\"name\":\"Miguel Redondo\",\"image\":{\"@type\":\"ImageObject\",\"inLanguage\":\"es\",\"@id\":\"https:\\\/\\\/secure.gravatar.com\\\/avatar\\\/85704fceb4fa34017e3c1344d182da00dbf772fb8856ba2b7726a2df926415b4?s=96&d=mm&r=g\",\"url\":\"https:\\\/\\\/secure.gravatar.com\\\/avatar\\\/85704fceb4fa34017e3c1344d182da00dbf772fb8856ba2b7726a2df926415b4?s=96&d=mm&r=g\",\"contentUrl\":\"https:\\\/\\\/secure.gravatar.com\\\/avatar\\\/85704fceb4fa34017e3c1344d182da00dbf772fb8856ba2b7726a2df926415b4?s=96&d=mm&r=g\",\"caption\":\"Miguel Redondo\"},\"sameAs\":[\"https:\\\/\\\/cuadra-agrado.es\"],\"url\":\"https:\\\/\\\/cuadra-agrado.es\\\/?author=5\"}]}<\/script>\n<!-- \/ Yoast SEO plugin. -->","yoast_head_json":{"title":"Buen tercero para Barbarigo en su reaparici\u00f3n PostCovid - Cuadra Agrado","robots":{"index":"index","follow":"follow","max-snippet":"max-snippet:-1","max-image-preview":"max-image-preview:large","max-video-preview":"max-video-preview:-1"},"canonical":"https:\/\/cuadra-agrado.es\/?p=6708","og_locale":"es_ES","og_type":"article","og_title":"Buen tercero para Barbarigo en su reaparici\u00f3n PostCovid - Cuadra Agrado","og_description":"Ayer, 3 de junio, pudimos volver a vivir la pasi\u00f3n por nuestro turf con el reinicio de la competici\u00f3n en el Hip\u00f3dromo de San Sebastian. La jornada se desarroll\u00f3 sin m\u00e1s incidentes que un acumulado retraso en cada prueba que, estamos seguros la Direcci\u00f3n de Hipodromoa, tomar\u00e1 acciones para corregir en pr\u00f3ximas jornadas. En cuanto [&hellip;]","og_url":"https:\/\/cuadra-agrado.es\/?p=6708","og_site_name":"Cuadra Agrado","article_published_time":"2020-06-04T08:38:38+00:00","article_modified_time":"2024-02-27T09:15:08+00:00","og_image":[{"width":690,"height":489,"url":"https:\/\/cuadra-agrado.es\/wp-content\/uploads\/2020\/06\/sansebastiancovid-1.jpg","type":"image\/jpeg"}],"author":"Miguel Redondo","twitter_card":"summary_large_image","twitter_creator":"@AGRADOracing","twitter_site":"@AGRADOracing","twitter_misc":{"Escrito por":"Miguel Redondo","Tiempo de lectura":"4 minutos"},"schema":{"@context":"https:\/\/schema.org","@graph":[{"@type":"Article","@id":"https:\/\/cuadra-agrado.es\/?p=6708#article","isPartOf":{"@id":"https:\/\/cuadra-agrado.es\/?p=6708"},"author":{"name":"Miguel Redondo","@id":"https:\/\/cuadra-agrado.es\/#\/schema\/person\/3aa4f8d2373cf756d93a5526bc72f31b"},"headline":"Buen tercero para Barbarigo en su reaparici\u00f3n PostCovid","datePublished":"2020-06-04T08:38:38+00:00","dateModified":"2024-02-27T09:15:08+00:00","mainEntityOfPage":{"@id":"https:\/\/cuadra-agrado.es\/?p=6708"},"wordCount":869,"image":{"@id":"https:\/\/cuadra-agrado.es\/?p=6708#primaryimage"},"thumbnailUrl":"https:\/\/cuadra-agrado.es\/wp-content\/uploads\/2020\/06\/sansebastiancovid-1.jpg","articleSection":["Actualidad"],"inLanguage":"es"},{"@type":"WebPage","@id":"https:\/\/cuadra-agrado.es\/?p=6708","url":"https:\/\/cuadra-agrado.es\/?p=6708","name":"Buen tercero para Barbarigo en su reaparici\u00f3n PostCovid - Cuadra Agrado","isPartOf":{"@id":"https:\/\/cuadra-agrado.es\/#website"},"primaryImageOfPage":{"@id":"https:\/\/cuadra-agrado.es\/?p=6708#primaryimage"},"image":{"@id":"https:\/\/cuadra-agrado.es\/?p=6708#primaryimage"},"thumbnailUrl":"https:\/\/cuadra-agrado.es\/wp-content\/uploads\/2020\/06\/sansebastiancovid-1.jpg","datePublished":"2020-06-04T08:38:38+00:00","dateModified":"2024-02-27T09:15:08+00:00","author":{"@id":"https:\/\/cuadra-agrado.es\/#\/schema\/person\/3aa4f8d2373cf756d93a5526bc72f31b"},"breadcrumb":{"@id":"https:\/\/cuadra-agrado.es\/?p=6708#breadcrumb"},"inLanguage":"es","potentialAction":[{"@type":"ReadAction","target":["https:\/\/cuadra-agrado.es\/?p=6708"]}]},{"@type":"ImageObject","inLanguage":"es","@id":"https:\/\/cuadra-agrado.es\/?p=6708#primaryimage","url":"https:\/\/cuadra-agrado.es\/wp-content\/uploads\/2020\/06\/sansebastiancovid-1.jpg","contentUrl":"https:\/\/cuadra-agrado.es\/wp-content\/uploads\/2020\/06\/sansebastiancovid-1.jpg","width":690,"height":489},{"@type":"BreadcrumbList","@id":"https:\/\/cuadra-agrado.es\/?p=6708#breadcrumb","itemListElement":[{"@type":"ListItem","position":1,"name":"Portada","item":"https:\/\/cuadra-agrado.es\/"},{"@type":"ListItem","position":2,"name":"Buen tercero para Barbarigo en su reaparici\u00f3n PostCovid"}]},{"@type":"WebSite","@id":"https:\/\/cuadra-agrado.es\/#website","url":"https:\/\/cuadra-agrado.es\/","name":"Cuadra Agrado","description":"En el mundo del Turf desde 2008","potentialAction":[{"@type":"SearchAction","target":{"@type":"EntryPoint","urlTemplate":"https:\/\/cuadra-agrado.es\/?s={search_term_string}"},"query-input":{"@type":"PropertyValueSpecification","valueRequired":true,"valueName":"search_term_string"}}],"inLanguage":"es"},{"@type":"Person","@id":"https:\/\/cuadra-agrado.es\/#\/schema\/person\/3aa4f8d2373cf756d93a5526bc72f31b","name":"Miguel Redondo","image":{"@type":"ImageObject","inLanguage":"es","@id":"https:\/\/secure.gravatar.com\/avatar\/85704fceb4fa34017e3c1344d182da00dbf772fb8856ba2b7726a2df926415b4?s=96&d=mm&r=g","url":"https:\/\/secure.gravatar.com\/avatar\/85704fceb4fa34017e3c1344d182da00dbf772fb8856ba2b7726a2df926415b4?s=96&d=mm&r=g","contentUrl":"https:\/\/secure.gravatar.com\/avatar\/85704fceb4fa34017e3c1344d182da00dbf772fb8856ba2b7726a2df926415b4?s=96&d=mm&r=g","caption":"Miguel Redondo"},"sameAs":["https:\/\/cuadra-agrado.es"],"url":"https:\/\/cuadra-agrado.es\/?author=5"}]}},"_links":{"self":[{"href":"https:\/\/cuadra-agrado.es\/index.php?rest_route=\/wp\/v2\/posts\/6708","targetHints":{"allow":["GET"]}}],"collection":[{"href":"https:\/\/cuadra-agrado.es\/index.php?rest_route=\/wp\/v2\/posts"}],"about":[{"href":"https:\/\/cuadra-agrado.es\/index.php?rest_route=\/wp\/v2\/types\/post"}],"author":[{"embeddable":true,"href":"https:\/\/cuadra-agrado.es\/index.php?rest_route=\/wp\/v2\/users\/5"}],"replies":[{"embeddable":true,"href":"https:\/\/cuadra-agrado.es\/index.php?rest_route=%2Fwp%2Fv2%2Fcomments&post=6708"}],"version-history":[{"count":0,"href":"https:\/\/cuadra-agrado.es\/index.php?rest_route=\/wp\/v2\/posts\/6708\/revisions"}],"wp:featuredmedia":[{"embeddable":true,"href":"https:\/\/cuadra-agrado.es\/index.php?rest_route=\/wp\/v2\/media\/6709"}],"wp:attachment":[{"href":"https:\/\/cuadra-agrado.es\/index.php?rest_route=%2Fwp%2Fv2%2Fmedia&parent=6708"}],"wp:term":[{"taxonomy":"category","embeddable":true,"href":"https:\/\/cuadra-agrado.es\/index.php?rest_route=%2Fwp%2Fv2%2Fcategories&post=6708"},{"taxonomy":"post_tag","embeddable":true,"href":"https:\/\/cuadra-agrado.es\/index.php?rest_route=%2Fwp%2Fv2%2Ftags&post=6708"}],"curies":[{"name":"wp","href":"https:\/\/api.w.org\/{rel}","templated":true}]}}