{"id":6700,"date":"2020-05-28T10:26:50","date_gmt":"2020-05-28T10:26:50","guid":{"rendered":"https:\/\/cuadra-agrado.es\/?p=6700"},"modified":"2024-02-27T09:15:08","modified_gmt":"2024-02-27T09:15:08","slug":"barbarigo-primer-partant-para-reiniciar-la-competicion","status":"publish","type":"post","link":"https:\/\/cuadra-agrado.es\/?p=6700","title":{"rendered":"Barbarigo, primer partant para reiniciar la competici\u00f3n"},"content":{"rendered":"<p style=\"text-align: justify;\">Tras casi tres largos meses desde que en el Hip\u00f3dromo de la Zarzuela se disputara la segunda jornada de primavera, nuestro pa\u00eds ha vivido el periodo m\u00e1s cr\u00edtico a nivel sanitario desde hace m\u00e1s de 100 a\u00f1os provocado por el virus COVID19. Esta grave e ins\u00f3lita situaci\u00f3n deriv\u00f3 en la l\u00f3gica suspensi\u00f3n cautelar de toda nuestra competici\u00f3n que, en la pasada semana, qued\u00f3 inicialmente subsanada con el comunicado oficial por parte del JCE, posterior lleg\u00f3 la autorizaci\u00f3n sanitaria en Pa\u00eds Vasco, y hoy, la confirmaci\u00f3n oficial por parte de LAE, lo que deriva en la confirmaci\u00f3n definitiva del reinicio de la competici\u00f3n el pr\u00f3ximo d\u00eda 3 de junio en el legendario Hip\u00f3dromo de San Sebasti\u00e1n que, al igual que sucediera en 2015, parece se ha convertido en el precursor del reinicio de nuestra competici\u00f3n en momentos cr\u00edticos.<\/p>\n<p style=\"text-align: justify;\">Sin entrar a debatir todo el deterioro social que nuestro turf ha padecido y en el que se ha visto involucrado en estos casi tres meses de desconcierto e incertidumbre, lo importante ahora es reiniciar la competici\u00f3n, ver los caballos en los cajones, y volver a disfrutar de estas tres primeras jornadas en tierras del norte que ser\u00e1n el pre\u00e1mbulo de la temporada madrile\u00f1a que, si todo va en la l\u00ednea esperada, se reiniciar\u00e1 el pr\u00f3ximo 14 de junio.<br \/>\nNo queremos pasar por alto nuestro agradecimiento a todas esas personas que han trabajado d\u00eda a d\u00eda desde el comienzo de esta crisis sectorial para lograr el reinicio de la competici\u00f3n por delante incluso de deportes con mucho m\u00fasculo en nuestro pa\u00eds como el f\u00fatbol, basket, motociclismo, F1, tenis, y un largo etc\u00e9tera\u2026. Desde nuestra cuadra, queremos redundar en nuestro agradecimiento por el enorme trabajo de personas como Rafael M\u00e1rquez al frente de la Asociaci\u00f3n de Hip\u00f3dromos, \u00c1lvaro de la Fuente como Presidente de Hip\u00f3dromo de la Zarzuela, Jos\u00e9 Hormaeche al frente del JCE, as\u00ed como todos los responsables directos de nuestra Administraci\u00f3n como SEPI y SELAE, que a\u00fan en situaciones cr\u00edticas como las producidas por la pandemia, han vuelto a confiar en nuestra industria.<\/p>\n<p style=\"text-align: justify;\">Dicho esto, por nuestra parte, durante todo este tiempo de incertidumbre, decidimos mantener todos nuestros efectivos estabulados en HZ y, aunque han sido momentos dif\u00edciles donde tambi\u00e9n se nos pas\u00f3 por la cabeza en un primer momento enviar de vuelta la totalidad de nuestros caballos a la yeguada, finalmente decidimos seguir confiando en que esta dolorosa situaci\u00f3n definitivamente llegara a su fin. Pasados los peores momentos, hoy estamos en las mejores\u00a0 condiciones posibles para reiniciar la competici\u00f3n con pr\u00e1cticamente todos nuestros efectivos en una forma, quiz\u00e1s no \u00f3ptima, pero si suficiente como para competir con buena confianza.<\/p>\n<p style=\"text-align: justify;\">En vista del programa oficial aprobado en Lasarte, confirmamos que<strong> \u201cBarbarigo\u201d<\/strong> ser\u00e1 nuestra primera opci\u00f3n para disputar en la primera jornada donostiarra la prueba de H\u00e1ndicap referenciado para retomar ese ritmo de competici\u00f3n que tanta falta hace tanto para caballos como para profesionales. A la espera de los \u201cpartants\u201d definitivos que se publicar\u00e1n ma\u00f1ana, podemos confirmar que el nuestro estar\u00e1 en los cajones de salida el pr\u00f3ximo 3 de junio para reiniciar la competici\u00f3n ante un nutrido lote de buenos ejemplares.<\/p>\n<p style=\"text-align: justify;\"><strong>\u201cBarbarigo\u201d<\/strong> cambi\u00f3 al patio de Eduardo Buz\u00f3n reci\u00e9n iniciada la temporada de primavera y, despu\u00e9s de una primera toma de contacto bajo la nueva preparaci\u00f3n, est\u00e1 en condiciones de retomar la competici\u00f3n sobre esa distancia de la milla donde ha dado posiblemente sus mejores n\u00fameros en el pasado. Su m\u00e1s bajo valor actual en todo su historial con nosotros (37,5) le permite atacar la prueba con buenas opciones al ser esta un referenciado con valor m\u00e1ximo 40. La pista donostiarra siempre fue de su agrado, no en vano su mejor carrera la disput\u00f3 all\u00ed sobre esta misma distancia con un tercer puesto en todo un Gobierno Vasco. Evidentemente eran otros tiempos, pero poco a poco vamos a tratar de ir progresando hasta ver si podemos volver a alcanzar aquellos valores de anta\u00f1o. Eduardo Buz\u00f3n lo tiene muy bien considerado en su patio y, aunque todav\u00eda tiene que verlo en pista y conocerlo mucho mejor, estamos convencidos que esta primera parada en el norte ser\u00e1 el primer punto de partida para esa escalada evolutiva que necesitamos conseguir despu\u00e9s de m\u00e1s de un a\u00f1o en continuo receso. El mi\u00e9rcoles se enfrentar\u00e1 a un nutrido lote de 16 buenos ejemplares despu\u00e9s de recibir los forfaits. Muchos de ellos comienzan su edad adulta despu\u00e9s de dar buenos valores en su edad cl\u00e1sica y, aunque siempre cabe la duda de si lograr\u00e1n ofrecer esos mismos valores marcados compitiendo contra caballos viejos, estamos convencidos de que los <strong>Einar, Furioso, Vielva, Udalla,<\/strong> etc, que tan buen valor dieron en esa edad cl\u00e1sica ganando pruebas de entidad, volver\u00e1n a demostrar la calidad que los precede.<\/p>\n<p style=\"text-align: justify;\">Para tratar de contar con las mejores garant\u00edas posibles en una dif\u00edcil prueba de h\u00e1ndicap puro de nivel, ponemos a lomos de<strong> \u201cBarbarigo\u201d<\/strong> al mejor jockey que podemos tener. Borja Fayos dejar\u00e1 su obligado pluriempleo durante este tiempo atr\u00e1s para volver a centrarse en lo que realmente le apasiona como profesional del turf y, para nosotros, mejor fusta de nuestro turf. Volver\u00e1 nuevamente a subirse para tratar de conseguir esa victoria de dupla que una y otra vez se le atraganta. Ya estaba confirmada su monta para el pasado \u201cPremio Caporal\u201d suspendido en Madrid a comienzos de temporada, y ahora toca volver a intentarlo.<\/p>\n<p style=\"text-align: justify;\">Todo listo para reiniciar la competici\u00f3n. Vamos a ver si esta nueva etapa cambia el flujo de la fortuna para nosotros y podemos celebrar una nueva victoria de la mano del que fuera nuestro primer preparador. Ser\u00e1 muy dif\u00edcil ante un nutrido lote de entidad, pero confiamos en su buena evoluci\u00f3n para volver a ganar ese valor perdido que sin duda se traducir\u00eda en opciones de \u00e9xito.<br \/>\nMucha suerte equipo!!!<\/p>\n<!-- AddThis Advanced Settings generic via filter on the_content --><!-- AddThis Share Buttons generic via filter on the_content -->","protected":false},"excerpt":{"rendered":"<p>Tras casi tres largos meses desde que en el Hip\u00f3dromo de la Zarzuela se disputara la segunda jornada de primavera, nuestro pa\u00eds ha vivido el periodo m\u00e1s cr\u00edtico a nivel sanitario desde hace m\u00e1s de 100 a\u00f1os provocado por el virus COVID19. Esta grave e ins\u00f3lita situaci\u00f3n deriv\u00f3 en la l\u00f3gica suspensi\u00f3n cautelar de toda [&hellip;]<!-- AddThis Advanced Settings generic via filter on get_the_excerpt --><!-- AddThis Share Buttons generic via filter on get_the_excerpt --><\/p>\n","protected":false},"author":5,"featured_media":6701,"comment_status":"closed","ping_status":"open","sticky":false,"template":"","format":"standard","meta":{"_acf_changed":false,"_et_pb_use_builder":"","_et_pb_old_content":"","_et_gb_content_width":"","footnotes":""},"categories":[3],"tags":[],"class_list":["post-6700","post","type-post","status-publish","format-standard","has-post-thumbnail","hentry","category-noticias-cuadra-agrado"],"acf":[],"yoast_head":"<!-- This site is optimized with the Yoast SEO plugin v27.4 - https:\/\/yoast.com\/product\/yoast-seo-wordpress\/ -->\n<title>Barbarigo, primer partant para reiniciar la competici\u00f3n - Cuadra Agrado<\/title>\n<meta name=\"robots\" content=\"index, follow, max-snippet:-1, max-image-preview:large, max-video-preview:-1\" \/>\n<link rel=\"canonical\" href=\"https:\/\/cuadra-agrado.es\/?p=6700\" \/>\n<meta property=\"og:locale\" content=\"es_ES\" \/>\n<meta property=\"og:type\" content=\"article\" \/>\n<meta property=\"og:title\" content=\"Barbarigo, primer partant para reiniciar la competici\u00f3n - Cuadra Agrado\" \/>\n<meta property=\"og:description\" content=\"Tras casi tres largos meses desde que en el Hip\u00f3dromo de la Zarzuela se disputara la segunda jornada de primavera, nuestro pa\u00eds ha vivido el periodo m\u00e1s cr\u00edtico a nivel sanitario desde hace m\u00e1s de 100 a\u00f1os provocado por el virus COVID19. Esta grave e ins\u00f3lita situaci\u00f3n deriv\u00f3 en la l\u00f3gica suspensi\u00f3n cautelar de toda [&hellip;]\" \/>\n<meta property=\"og:url\" content=\"https:\/\/cuadra-agrado.es\/?p=6700\" \/>\n<meta property=\"og:site_name\" content=\"Cuadra Agrado\" \/>\n<meta property=\"article:published_time\" content=\"2020-05-28T10:26:50+00:00\" \/>\n<meta property=\"article:modified_time\" content=\"2024-02-27T09:15:08+00:00\" \/>\n<meta property=\"og:image\" content=\"https:\/\/cuadra-agrado.es\/wp-content\/uploads\/2020\/05\/barbarigo-2-1.jpg\" \/>\n\t<meta property=\"og:image:width\" content=\"732\" \/>\n\t<meta property=\"og:image:height\" content=\"490\" \/>\n\t<meta property=\"og:image:type\" content=\"image\/jpeg\" \/>\n<meta name=\"author\" content=\"Miguel Redondo\" \/>\n<meta name=\"twitter:card\" content=\"summary_large_image\" \/>\n<meta name=\"twitter:creator\" content=\"@AGRADOracing\" \/>\n<meta name=\"twitter:site\" content=\"@AGRADOracing\" \/>\n<meta name=\"twitter:label1\" content=\"Escrito por\" \/>\n\t<meta name=\"twitter:data1\" content=\"Miguel Redondo\" \/>\n\t<meta name=\"twitter:label2\" content=\"Tiempo de lectura\" \/>\n\t<meta name=\"twitter:data2\" content=\"5 minutos\" \/>\n<script type=\"application\/ld+json\" class=\"yoast-schema-graph\">{\"@context\":\"https:\\\/\\\/schema.org\",\"@graph\":[{\"@type\":\"Article\",\"@id\":\"https:\\\/\\\/cuadra-agrado.es\\\/?p=6700#article\",\"isPartOf\":{\"@id\":\"https:\\\/\\\/cuadra-agrado.es\\\/?p=6700\"},\"author\":{\"name\":\"Miguel Redondo\",\"@id\":\"https:\\\/\\\/cuadra-agrado.es\\\/#\\\/schema\\\/person\\\/3aa4f8d2373cf756d93a5526bc72f31b\"},\"headline\":\"Barbarigo, primer partant para reiniciar la competici\u00f3n\",\"datePublished\":\"2020-05-28T10:26:50+00:00\",\"dateModified\":\"2024-02-27T09:15:08+00:00\",\"mainEntityOfPage\":{\"@id\":\"https:\\\/\\\/cuadra-agrado.es\\\/?p=6700\"},\"wordCount\":1044,\"image\":{\"@id\":\"https:\\\/\\\/cuadra-agrado.es\\\/?p=6700#primaryimage\"},\"thumbnailUrl\":\"https:\\\/\\\/cuadra-agrado.es\\\/wp-content\\\/uploads\\\/2020\\\/05\\\/barbarigo-2-1.jpg\",\"articleSection\":[\"Actualidad\"],\"inLanguage\":\"es\"},{\"@type\":\"WebPage\",\"@id\":\"https:\\\/\\\/cuadra-agrado.es\\\/?p=6700\",\"url\":\"https:\\\/\\\/cuadra-agrado.es\\\/?p=6700\",\"name\":\"Barbarigo, primer partant para reiniciar la competici\u00f3n - Cuadra Agrado\",\"isPartOf\":{\"@id\":\"https:\\\/\\\/cuadra-agrado.es\\\/#website\"},\"primaryImageOfPage\":{\"@id\":\"https:\\\/\\\/cuadra-agrado.es\\\/?p=6700#primaryimage\"},\"image\":{\"@id\":\"https:\\\/\\\/cuadra-agrado.es\\\/?p=6700#primaryimage\"},\"thumbnailUrl\":\"https:\\\/\\\/cuadra-agrado.es\\\/wp-content\\\/uploads\\\/2020\\\/05\\\/barbarigo-2-1.jpg\",\"datePublished\":\"2020-05-28T10:26:50+00:00\",\"dateModified\":\"2024-02-27T09:15:08+00:00\",\"author\":{\"@id\":\"https:\\\/\\\/cuadra-agrado.es\\\/#\\\/schema\\\/person\\\/3aa4f8d2373cf756d93a5526bc72f31b\"},\"breadcrumb\":{\"@id\":\"https:\\\/\\\/cuadra-agrado.es\\\/?p=6700#breadcrumb\"},\"inLanguage\":\"es\",\"potentialAction\":[{\"@type\":\"ReadAction\",\"target\":[\"https:\\\/\\\/cuadra-agrado.es\\\/?p=6700\"]}]},{\"@type\":\"ImageObject\",\"inLanguage\":\"es\",\"@id\":\"https:\\\/\\\/cuadra-agrado.es\\\/?p=6700#primaryimage\",\"url\":\"https:\\\/\\\/cuadra-agrado.es\\\/wp-content\\\/uploads\\\/2020\\\/05\\\/barbarigo-2-1.jpg\",\"contentUrl\":\"https:\\\/\\\/cuadra-agrado.es\\\/wp-content\\\/uploads\\\/2020\\\/05\\\/barbarigo-2-1.jpg\",\"width\":732,\"height\":490},{\"@type\":\"BreadcrumbList\",\"@id\":\"https:\\\/\\\/cuadra-agrado.es\\\/?p=6700#breadcrumb\",\"itemListElement\":[{\"@type\":\"ListItem\",\"position\":1,\"name\":\"Portada\",\"item\":\"https:\\\/\\\/cuadra-agrado.es\\\/\"},{\"@type\":\"ListItem\",\"position\":2,\"name\":\"Barbarigo, primer partant para reiniciar la competici\u00f3n\"}]},{\"@type\":\"WebSite\",\"@id\":\"https:\\\/\\\/cuadra-agrado.es\\\/#website\",\"url\":\"https:\\\/\\\/cuadra-agrado.es\\\/\",\"name\":\"Cuadra Agrado\",\"description\":\"En el mundo del Turf desde 2008\",\"potentialAction\":[{\"@type\":\"SearchAction\",\"target\":{\"@type\":\"EntryPoint\",\"urlTemplate\":\"https:\\\/\\\/cuadra-agrado.es\\\/?s={search_term_string}\"},\"query-input\":{\"@type\":\"PropertyValueSpecification\",\"valueRequired\":true,\"valueName\":\"search_term_string\"}}],\"inLanguage\":\"es\"},{\"@type\":\"Person\",\"@id\":\"https:\\\/\\\/cuadra-agrado.es\\\/#\\\/schema\\\/person\\\/3aa4f8d2373cf756d93a5526bc72f31b\",\"name\":\"Miguel Redondo\",\"image\":{\"@type\":\"ImageObject\",\"inLanguage\":\"es\",\"@id\":\"https:\\\/\\\/secure.gravatar.com\\\/avatar\\\/85704fceb4fa34017e3c1344d182da00dbf772fb8856ba2b7726a2df926415b4?s=96&d=mm&r=g\",\"url\":\"https:\\\/\\\/secure.gravatar.com\\\/avatar\\\/85704fceb4fa34017e3c1344d182da00dbf772fb8856ba2b7726a2df926415b4?s=96&d=mm&r=g\",\"contentUrl\":\"https:\\\/\\\/secure.gravatar.com\\\/avatar\\\/85704fceb4fa34017e3c1344d182da00dbf772fb8856ba2b7726a2df926415b4?s=96&d=mm&r=g\",\"caption\":\"Miguel Redondo\"},\"sameAs\":[\"https:\\\/\\\/cuadra-agrado.es\"],\"url\":\"https:\\\/\\\/cuadra-agrado.es\\\/?author=5\"}]}<\/script>\n<!-- \/ Yoast SEO plugin. -->","yoast_head_json":{"title":"Barbarigo, primer partant para reiniciar la competici\u00f3n - Cuadra Agrado","robots":{"index":"index","follow":"follow","max-snippet":"max-snippet:-1","max-image-preview":"max-image-preview:large","max-video-preview":"max-video-preview:-1"},"canonical":"https:\/\/cuadra-agrado.es\/?p=6700","og_locale":"es_ES","og_type":"article","og_title":"Barbarigo, primer partant para reiniciar la competici\u00f3n - Cuadra Agrado","og_description":"Tras casi tres largos meses desde que en el Hip\u00f3dromo de la Zarzuela se disputara la segunda jornada de primavera, nuestro pa\u00eds ha vivido el periodo m\u00e1s cr\u00edtico a nivel sanitario desde hace m\u00e1s de 100 a\u00f1os provocado por el virus COVID19. Esta grave e ins\u00f3lita situaci\u00f3n deriv\u00f3 en la l\u00f3gica suspensi\u00f3n cautelar de toda [&hellip;]","og_url":"https:\/\/cuadra-agrado.es\/?p=6700","og_site_name":"Cuadra Agrado","article_published_time":"2020-05-28T10:26:50+00:00","article_modified_time":"2024-02-27T09:15:08+00:00","og_image":[{"width":732,"height":490,"url":"https:\/\/cuadra-agrado.es\/wp-content\/uploads\/2020\/05\/barbarigo-2-1.jpg","type":"image\/jpeg"}],"author":"Miguel Redondo","twitter_card":"summary_large_image","twitter_creator":"@AGRADOracing","twitter_site":"@AGRADOracing","twitter_misc":{"Escrito por":"Miguel Redondo","Tiempo de lectura":"5 minutos"},"schema":{"@context":"https:\/\/schema.org","@graph":[{"@type":"Article","@id":"https:\/\/cuadra-agrado.es\/?p=6700#article","isPartOf":{"@id":"https:\/\/cuadra-agrado.es\/?p=6700"},"author":{"name":"Miguel Redondo","@id":"https:\/\/cuadra-agrado.es\/#\/schema\/person\/3aa4f8d2373cf756d93a5526bc72f31b"},"headline":"Barbarigo, primer partant para reiniciar la competici\u00f3n","datePublished":"2020-05-28T10:26:50+00:00","dateModified":"2024-02-27T09:15:08+00:00","mainEntityOfPage":{"@id":"https:\/\/cuadra-agrado.es\/?p=6700"},"wordCount":1044,"image":{"@id":"https:\/\/cuadra-agrado.es\/?p=6700#primaryimage"},"thumbnailUrl":"https:\/\/cuadra-agrado.es\/wp-content\/uploads\/2020\/05\/barbarigo-2-1.jpg","articleSection":["Actualidad"],"inLanguage":"es"},{"@type":"WebPage","@id":"https:\/\/cuadra-agrado.es\/?p=6700","url":"https:\/\/cuadra-agrado.es\/?p=6700","name":"Barbarigo, primer partant para reiniciar la competici\u00f3n - Cuadra Agrado","isPartOf":{"@id":"https:\/\/cuadra-agrado.es\/#website"},"primaryImageOfPage":{"@id":"https:\/\/cuadra-agrado.es\/?p=6700#primaryimage"},"image":{"@id":"https:\/\/cuadra-agrado.es\/?p=6700#primaryimage"},"thumbnailUrl":"https:\/\/cuadra-agrado.es\/wp-content\/uploads\/2020\/05\/barbarigo-2-1.jpg","datePublished":"2020-05-28T10:26:50+00:00","dateModified":"2024-02-27T09:15:08+00:00","author":{"@id":"https:\/\/cuadra-agrado.es\/#\/schema\/person\/3aa4f8d2373cf756d93a5526bc72f31b"},"breadcrumb":{"@id":"https:\/\/cuadra-agrado.es\/?p=6700#breadcrumb"},"inLanguage":"es","potentialAction":[{"@type":"ReadAction","target":["https:\/\/cuadra-agrado.es\/?p=6700"]}]},{"@type":"ImageObject","inLanguage":"es","@id":"https:\/\/cuadra-agrado.es\/?p=6700#primaryimage","url":"https:\/\/cuadra-agrado.es\/wp-content\/uploads\/2020\/05\/barbarigo-2-1.jpg","contentUrl":"https:\/\/cuadra-agrado.es\/wp-content\/uploads\/2020\/05\/barbarigo-2-1.jpg","width":732,"height":490},{"@type":"BreadcrumbList","@id":"https:\/\/cuadra-agrado.es\/?p=6700#breadcrumb","itemListElement":[{"@type":"ListItem","position":1,"name":"Portada","item":"https:\/\/cuadra-agrado.es\/"},{"@type":"ListItem","position":2,"name":"Barbarigo, primer partant para reiniciar la competici\u00f3n"}]},{"@type":"WebSite","@id":"https:\/\/cuadra-agrado.es\/#website","url":"https:\/\/cuadra-agrado.es\/","name":"Cuadra Agrado","description":"En el mundo del Turf desde 2008","potentialAction":[{"@type":"SearchAction","target":{"@type":"EntryPoint","urlTemplate":"https:\/\/cuadra-agrado.es\/?s={search_term_string}"},"query-input":{"@type":"PropertyValueSpecification","valueRequired":true,"valueName":"search_term_string"}}],"inLanguage":"es"},{"@type":"Person","@id":"https:\/\/cuadra-agrado.es\/#\/schema\/person\/3aa4f8d2373cf756d93a5526bc72f31b","name":"Miguel Redondo","image":{"@type":"ImageObject","inLanguage":"es","@id":"https:\/\/secure.gravatar.com\/avatar\/85704fceb4fa34017e3c1344d182da00dbf772fb8856ba2b7726a2df926415b4?s=96&d=mm&r=g","url":"https:\/\/secure.gravatar.com\/avatar\/85704fceb4fa34017e3c1344d182da00dbf772fb8856ba2b7726a2df926415b4?s=96&d=mm&r=g","contentUrl":"https:\/\/secure.gravatar.com\/avatar\/85704fceb4fa34017e3c1344d182da00dbf772fb8856ba2b7726a2df926415b4?s=96&d=mm&r=g","caption":"Miguel Redondo"},"sameAs":["https:\/\/cuadra-agrado.es"],"url":"https:\/\/cuadra-agrado.es\/?author=5"}]}},"_links":{"self":[{"href":"https:\/\/cuadra-agrado.es\/index.php?rest_route=\/wp\/v2\/posts\/6700","targetHints":{"allow":["GET"]}}],"collection":[{"href":"https:\/\/cuadra-agrado.es\/index.php?rest_route=\/wp\/v2\/posts"}],"about":[{"href":"https:\/\/cuadra-agrado.es\/index.php?rest_route=\/wp\/v2\/types\/post"}],"author":[{"embeddable":true,"href":"https:\/\/cuadra-agrado.es\/index.php?rest_route=\/wp\/v2\/users\/5"}],"replies":[{"embeddable":true,"href":"https:\/\/cuadra-agrado.es\/index.php?rest_route=%2Fwp%2Fv2%2Fcomments&post=6700"}],"version-history":[{"count":0,"href":"https:\/\/cuadra-agrado.es\/index.php?rest_route=\/wp\/v2\/posts\/6700\/revisions"}],"wp:featuredmedia":[{"embeddable":true,"href":"https:\/\/cuadra-agrado.es\/index.php?rest_route=\/wp\/v2\/media\/6701"}],"wp:attachment":[{"href":"https:\/\/cuadra-agrado.es\/index.php?rest_route=%2Fwp%2Fv2%2Fmedia&parent=6700"}],"wp:term":[{"taxonomy":"category","embeddable":true,"href":"https:\/\/cuadra-agrado.es\/index.php?rest_route=%2Fwp%2Fv2%2Fcategories&post=6700"},{"taxonomy":"post_tag","embeddable":true,"href":"https:\/\/cuadra-agrado.es\/index.php?rest_route=%2Fwp%2Fv2%2Ftags&post=6700"}],"curies":[{"name":"wp","href":"https:\/\/api.w.org\/{rel}","templated":true}]}}