{"id":663,"date":"2013-04-29T09:58:12","date_gmt":"2013-04-29T08:58:12","guid":{"rendered":"http:\/\/s465126685.mialojamiento.es\/?p=663"},"modified":"2024-02-27T09:22:43","modified_gmt":"2024-02-27T09:22:43","slug":"las-pruebas-de-vallas-suspendidas-en-madrid","status":"publish","type":"post","link":"https:\/\/cuadra-agrado.es\/?p=663","title":{"rendered":"Las pruebas de vallas suspendidas en Madrid!!!"},"content":{"rendered":"<p style=\"text-align: justify;\"><a href=\"http:\/\/s465126685.mialojamiento.es\/wp-content\/uploads\/2013\/03\/ORLOV.jpg\"><img loading=\"lazy\" decoding=\"async\" class=\"alignleft size-full wp-image-611\" alt=\"ORLOV\" src=\"http:\/\/s465126685.mialojamiento.es\/wp-content\/uploads\/2013\/03\/ORLOV.jpg\" width=\"290\" height=\"164\" \/><\/a>No ha tardado mucho &#8216;Hip\u00f3dromo de la Zarzuela&#8217; en solicitar a Sociedad de Fomento y Cr\u00eda Caballar de Espa\u00f1a la suspensi\u00f3n de las nueve pruebas de vallas que restaban en este tr\u00e1gico a\u00f1o sobre esta especialidad.<\/p>\n<p style=\"text-align: justify;\">Hac\u00eda m\u00e1s de 20 a\u00f1os que HZ no dispon\u00eda en su programa de esta espectacular prueba, y este a\u00f1o apostaron por dar este aliciente extra a los aficionados y profesionales con la mejor de las intenciones, y no era otra que generar espect\u00e1culo y atraer m\u00e1s aficionados a este maravilloso mundo del turf.<\/p>\n<p style=\"text-align: justify;\">Nada hac\u00eda presagiar hace apenas dos meses los catastr\u00f3ficos y desventurados acontecimientos que a d\u00eda de hoy hemos vivido prueba tras prueba, y que no han sido otros que sacrificios de caballos en pista uno detr\u00e1s de otro. Cuatro carreras, cuatro sacrificados, y esto es demasiado &#8216;obst\u00e1culo&#8217; e inconveniente como para seguir adelante. Lo dec\u00eda en mi art\u00edculo de esta ma\u00f1ana a prop\u00f3sito de &#8216;Orlov&#8217;, y creo que la decisi\u00f3n es la m\u00e1s correcta por parte de HZ.<\/p>\n<p style=\"text-align: justify;\">Sinceramente, creo que lo peor que se hizo desde el principio fue dar partant a caballos que apenas hab\u00edan entrenado un par de veces en saltos, e incluyo tambi\u00e9n a Orlov en su primera, que aunque gan\u00f3, creo que tampoco estaba del todo preparado entonces. He visto con mis propios ojos entrenar a caballos que ni tan siquiera se quer\u00edan acercar a la valla, y eran azotados hasta por fin conseguir medio saltarlos a la fuerza. Sin duda no era el camino, pero no hab\u00eda reglas en el juego, y sin reglamento no existe orden ni concierto.<\/p>\n<p style=\"text-align: justify;\">Los saltos de obst\u00e1culos es una disciplina que requiere de unas aptitudes acordes con el riesgo que supone, y es evidente que no todos los caballos poseen estas aptitudes, y a\u00fan posey\u00e9ndolas, se requiere de un adiestramiento en tiempo y forma que ninguno de los ejemplares ha tenido en pista en estas cuatro tr\u00e1gicas pruebas.<\/p>\n<p style=\"text-align: justify;\">Por otro lado, las vallas llegaron tarde y tampoco eran las m\u00e1s apropiadas, apenas se tuvieron tres semanas para preparar y adiestrar a caballos que en su vida hab\u00edan saltado, se programaron solo dos d\u00edas a la semana para el entreno, y esto no era lo peor.<\/p>\n<p style=\"text-align: justify;\">A esto hay que sumarle una inexperiencia total o escasa de algunos profesionales que se arriesgaron a dar un &#8216;salto&#8217; en sus vidas, y con todo mi respeto hacia ellos, creo que se equivocaron y pusieron en riesgo la vida de un caballo o lo que es peor, la suya propia.\u00a0La valent\u00eda y el coraje no siempre est\u00e1n ligados al \u00e9xito o la victoria&#8230;&#8230;..<\/p>\n<p style=\"text-align: justify;\">Es tiempo de reflexi\u00f3n y de corregir errores, y estoy seguro que si no es este a\u00f1o, el siguiente se volver\u00e1 a intentar con una mejor predisposici\u00f3n de todas las partes. Primero por parte de los gestores de HZ que deben consensuar unas condiciones y reglamentos que garanticen un m\u00ednimo de seguridad en estas pruebas. En segundo lugar, es necesario el concienciamiento de entrenadores y profesionales para poner en pista caballos con un m\u00ednimo de aptitudes f\u00edsicas acordes con esta prueba, y en tercer lugar es del todo necesario y fundamental el adiestramiento de jockeys para este tipo de pruebas.<\/p>\n<p style=\"text-align: justify;\">Dicho todo esto, reitero mi total apoyo con la suspensi\u00f3n del programa de vallas 2013, y aunque es una decisi\u00f3n dr\u00e1stica, creo que es necesaria. Se ha intentado con la mejor de las ilusiones, pero no ha salido bien y estamos a tiempo de dar marcha atr\u00e1s y volver a intentarlo, muchas veces dar un paso atr\u00e1s supone dar dos adelante en el futuro.<\/p>\n<p style=\"text-align: justify;\">Mucha suerte, y confiamos y esperamos todos poder ver pronto una segunda versi\u00f3n.<\/p>\n<p style=\"text-align: justify;\">\n<p style=\"text-align: justify;\">\n<!-- AddThis Advanced Settings generic via filter on the_content --><!-- AddThis Share Buttons generic via filter on the_content -->","protected":false},"excerpt":{"rendered":"<p>No ha tardado mucho &#8216;Hip\u00f3dromo de la Zarzuela&#8217; en solicitar a Sociedad de Fomento y Cr\u00eda Caballar de Espa\u00f1a la suspensi\u00f3n de las nueve pruebas de vallas que restaban en este tr\u00e1gico a\u00f1o sobre esta especialidad. Hac\u00eda m\u00e1s de 20 a\u00f1os que HZ no dispon\u00eda en su programa de esta espectacular prueba, y este a\u00f1o [&hellip;]<!-- AddThis Advanced Settings generic via filter on get_the_excerpt --><!-- AddThis Share Buttons generic via filter on get_the_excerpt --><\/p>\n","protected":false},"author":5,"featured_media":0,"comment_status":"closed","ping_status":"closed","sticky":false,"template":"","format":"gallery","meta":{"_acf_changed":false,"_et_pb_use_builder":"","_et_pb_old_content":"","_et_gb_content_width":"","footnotes":""},"categories":[3],"tags":[],"class_list":["post-663","post","type-post","status-publish","format-gallery","hentry","category-noticias-cuadra-agrado","post_format-post-format-gallery"],"acf":[],"yoast_head":"<!-- This site is optimized with the Yoast SEO plugin v27.4 - https:\/\/yoast.com\/product\/yoast-seo-wordpress\/ -->\n<title>Las pruebas de vallas suspendidas en Madrid!!! - Cuadra Agrado<\/title>\n<meta name=\"robots\" content=\"index, follow, max-snippet:-1, max-image-preview:large, max-video-preview:-1\" \/>\n<link rel=\"canonical\" href=\"https:\/\/cuadra-agrado.es\/?p=663\" \/>\n<meta property=\"og:locale\" content=\"es_ES\" \/>\n<meta property=\"og:type\" content=\"article\" \/>\n<meta property=\"og:title\" content=\"Las pruebas de vallas suspendidas en Madrid!!! - Cuadra Agrado\" \/>\n<meta property=\"og:description\" content=\"No ha tardado mucho &#8216;Hip\u00f3dromo de la Zarzuela&#8217; en solicitar a Sociedad de Fomento y Cr\u00eda Caballar de Espa\u00f1a la suspensi\u00f3n de las nueve pruebas de vallas que restaban en este tr\u00e1gico a\u00f1o sobre esta especialidad. Hac\u00eda m\u00e1s de 20 a\u00f1os que HZ no dispon\u00eda en su programa de esta espectacular prueba, y este a\u00f1o [&hellip;]\" \/>\n<meta property=\"og:url\" content=\"https:\/\/cuadra-agrado.es\/?p=663\" \/>\n<meta property=\"og:site_name\" content=\"Cuadra Agrado\" \/>\n<meta property=\"article:published_time\" content=\"2013-04-29T08:58:12+00:00\" \/>\n<meta property=\"article:modified_time\" content=\"2024-02-27T09:22:43+00:00\" \/>\n<meta property=\"og:image\" content=\"http:\/\/s465126685.mialojamiento.es\/wp-content\/uploads\/2013\/03\/ORLOV.jpg\" \/>\n<meta name=\"author\" content=\"Miguel Redondo\" \/>\n<meta name=\"twitter:card\" content=\"summary_large_image\" \/>\n<meta name=\"twitter:creator\" content=\"@AGRADOracing\" \/>\n<meta name=\"twitter:site\" content=\"@AGRADOracing\" \/>\n<meta name=\"twitter:label1\" content=\"Escrito por\" \/>\n\t<meta name=\"twitter:data1\" content=\"Miguel Redondo\" \/>\n\t<meta name=\"twitter:label2\" content=\"Tiempo de lectura\" \/>\n\t<meta name=\"twitter:data2\" content=\"3 minutos\" \/>\n<script type=\"application\/ld+json\" class=\"yoast-schema-graph\">{\"@context\":\"https:\\\/\\\/schema.org\",\"@graph\":[{\"@type\":\"Article\",\"@id\":\"https:\\\/\\\/cuadra-agrado.es\\\/?p=663#article\",\"isPartOf\":{\"@id\":\"https:\\\/\\\/cuadra-agrado.es\\\/?p=663\"},\"author\":{\"name\":\"Miguel Redondo\",\"@id\":\"https:\\\/\\\/cuadra-agrado.es\\\/#\\\/schema\\\/person\\\/3aa4f8d2373cf756d93a5526bc72f31b\"},\"headline\":\"Las pruebas de vallas suspendidas en Madrid!!!\",\"datePublished\":\"2013-04-29T08:58:12+00:00\",\"dateModified\":\"2024-02-27T09:22:43+00:00\",\"mainEntityOfPage\":{\"@id\":\"https:\\\/\\\/cuadra-agrado.es\\\/?p=663\"},\"wordCount\":662,\"image\":{\"@id\":\"https:\\\/\\\/cuadra-agrado.es\\\/?p=663#primaryimage\"},\"thumbnailUrl\":\"http:\\\/\\\/s465126685.mialojamiento.es\\\/wp-content\\\/uploads\\\/2013\\\/03\\\/ORLOV.jpg\",\"articleSection\":[\"Actualidad\"],\"inLanguage\":\"es\"},{\"@type\":\"WebPage\",\"@id\":\"https:\\\/\\\/cuadra-agrado.es\\\/?p=663\",\"url\":\"https:\\\/\\\/cuadra-agrado.es\\\/?p=663\",\"name\":\"Las pruebas de vallas suspendidas en Madrid!!! - Cuadra Agrado\",\"isPartOf\":{\"@id\":\"https:\\\/\\\/cuadra-agrado.es\\\/#website\"},\"primaryImageOfPage\":{\"@id\":\"https:\\\/\\\/cuadra-agrado.es\\\/?p=663#primaryimage\"},\"image\":{\"@id\":\"https:\\\/\\\/cuadra-agrado.es\\\/?p=663#primaryimage\"},\"thumbnailUrl\":\"http:\\\/\\\/s465126685.mialojamiento.es\\\/wp-content\\\/uploads\\\/2013\\\/03\\\/ORLOV.jpg\",\"datePublished\":\"2013-04-29T08:58:12+00:00\",\"dateModified\":\"2024-02-27T09:22:43+00:00\",\"author\":{\"@id\":\"https:\\\/\\\/cuadra-agrado.es\\\/#\\\/schema\\\/person\\\/3aa4f8d2373cf756d93a5526bc72f31b\"},\"breadcrumb\":{\"@id\":\"https:\\\/\\\/cuadra-agrado.es\\\/?p=663#breadcrumb\"},\"inLanguage\":\"es\",\"potentialAction\":[{\"@type\":\"ReadAction\",\"target\":[\"https:\\\/\\\/cuadra-agrado.es\\\/?p=663\"]}]},{\"@type\":\"ImageObject\",\"inLanguage\":\"es\",\"@id\":\"https:\\\/\\\/cuadra-agrado.es\\\/?p=663#primaryimage\",\"url\":\"http:\\\/\\\/s465126685.mialojamiento.es\\\/wp-content\\\/uploads\\\/2013\\\/03\\\/ORLOV.jpg\",\"contentUrl\":\"http:\\\/\\\/s465126685.mialojamiento.es\\\/wp-content\\\/uploads\\\/2013\\\/03\\\/ORLOV.jpg\"},{\"@type\":\"BreadcrumbList\",\"@id\":\"https:\\\/\\\/cuadra-agrado.es\\\/?p=663#breadcrumb\",\"itemListElement\":[{\"@type\":\"ListItem\",\"position\":1,\"name\":\"Portada\",\"item\":\"https:\\\/\\\/cuadra-agrado.es\\\/\"},{\"@type\":\"ListItem\",\"position\":2,\"name\":\"Las pruebas de vallas suspendidas en Madrid!!!\"}]},{\"@type\":\"WebSite\",\"@id\":\"https:\\\/\\\/cuadra-agrado.es\\\/#website\",\"url\":\"https:\\\/\\\/cuadra-agrado.es\\\/\",\"name\":\"Cuadra Agrado\",\"description\":\"En el mundo del Turf desde 2008\",\"potentialAction\":[{\"@type\":\"SearchAction\",\"target\":{\"@type\":\"EntryPoint\",\"urlTemplate\":\"https:\\\/\\\/cuadra-agrado.es\\\/?s={search_term_string}\"},\"query-input\":{\"@type\":\"PropertyValueSpecification\",\"valueRequired\":true,\"valueName\":\"search_term_string\"}}],\"inLanguage\":\"es\"},{\"@type\":\"Person\",\"@id\":\"https:\\\/\\\/cuadra-agrado.es\\\/#\\\/schema\\\/person\\\/3aa4f8d2373cf756d93a5526bc72f31b\",\"name\":\"Miguel Redondo\",\"image\":{\"@type\":\"ImageObject\",\"inLanguage\":\"es\",\"@id\":\"https:\\\/\\\/secure.gravatar.com\\\/avatar\\\/85704fceb4fa34017e3c1344d182da00dbf772fb8856ba2b7726a2df926415b4?s=96&d=mm&r=g\",\"url\":\"https:\\\/\\\/secure.gravatar.com\\\/avatar\\\/85704fceb4fa34017e3c1344d182da00dbf772fb8856ba2b7726a2df926415b4?s=96&d=mm&r=g\",\"contentUrl\":\"https:\\\/\\\/secure.gravatar.com\\\/avatar\\\/85704fceb4fa34017e3c1344d182da00dbf772fb8856ba2b7726a2df926415b4?s=96&d=mm&r=g\",\"caption\":\"Miguel Redondo\"},\"sameAs\":[\"https:\\\/\\\/cuadra-agrado.es\"],\"url\":\"https:\\\/\\\/cuadra-agrado.es\\\/?author=5\"}]}<\/script>\n<!-- \/ Yoast SEO plugin. -->","yoast_head_json":{"title":"Las pruebas de vallas suspendidas en Madrid!!! - Cuadra Agrado","robots":{"index":"index","follow":"follow","max-snippet":"max-snippet:-1","max-image-preview":"max-image-preview:large","max-video-preview":"max-video-preview:-1"},"canonical":"https:\/\/cuadra-agrado.es\/?p=663","og_locale":"es_ES","og_type":"article","og_title":"Las pruebas de vallas suspendidas en Madrid!!! - Cuadra Agrado","og_description":"No ha tardado mucho &#8216;Hip\u00f3dromo de la Zarzuela&#8217; en solicitar a Sociedad de Fomento y Cr\u00eda Caballar de Espa\u00f1a la suspensi\u00f3n de las nueve pruebas de vallas que restaban en este tr\u00e1gico a\u00f1o sobre esta especialidad. Hac\u00eda m\u00e1s de 20 a\u00f1os que HZ no dispon\u00eda en su programa de esta espectacular prueba, y este a\u00f1o [&hellip;]","og_url":"https:\/\/cuadra-agrado.es\/?p=663","og_site_name":"Cuadra Agrado","article_published_time":"2013-04-29T08:58:12+00:00","article_modified_time":"2024-02-27T09:22:43+00:00","og_image":[{"url":"http:\/\/s465126685.mialojamiento.es\/wp-content\/uploads\/2013\/03\/ORLOV.jpg","type":"","width":"","height":""}],"author":"Miguel Redondo","twitter_card":"summary_large_image","twitter_creator":"@AGRADOracing","twitter_site":"@AGRADOracing","twitter_misc":{"Escrito por":"Miguel Redondo","Tiempo de lectura":"3 minutos"},"schema":{"@context":"https:\/\/schema.org","@graph":[{"@type":"Article","@id":"https:\/\/cuadra-agrado.es\/?p=663#article","isPartOf":{"@id":"https:\/\/cuadra-agrado.es\/?p=663"},"author":{"name":"Miguel Redondo","@id":"https:\/\/cuadra-agrado.es\/#\/schema\/person\/3aa4f8d2373cf756d93a5526bc72f31b"},"headline":"Las pruebas de vallas suspendidas en Madrid!!!","datePublished":"2013-04-29T08:58:12+00:00","dateModified":"2024-02-27T09:22:43+00:00","mainEntityOfPage":{"@id":"https:\/\/cuadra-agrado.es\/?p=663"},"wordCount":662,"image":{"@id":"https:\/\/cuadra-agrado.es\/?p=663#primaryimage"},"thumbnailUrl":"http:\/\/s465126685.mialojamiento.es\/wp-content\/uploads\/2013\/03\/ORLOV.jpg","articleSection":["Actualidad"],"inLanguage":"es"},{"@type":"WebPage","@id":"https:\/\/cuadra-agrado.es\/?p=663","url":"https:\/\/cuadra-agrado.es\/?p=663","name":"Las pruebas de vallas suspendidas en Madrid!!! - Cuadra Agrado","isPartOf":{"@id":"https:\/\/cuadra-agrado.es\/#website"},"primaryImageOfPage":{"@id":"https:\/\/cuadra-agrado.es\/?p=663#primaryimage"},"image":{"@id":"https:\/\/cuadra-agrado.es\/?p=663#primaryimage"},"thumbnailUrl":"http:\/\/s465126685.mialojamiento.es\/wp-content\/uploads\/2013\/03\/ORLOV.jpg","datePublished":"2013-04-29T08:58:12+00:00","dateModified":"2024-02-27T09:22:43+00:00","author":{"@id":"https:\/\/cuadra-agrado.es\/#\/schema\/person\/3aa4f8d2373cf756d93a5526bc72f31b"},"breadcrumb":{"@id":"https:\/\/cuadra-agrado.es\/?p=663#breadcrumb"},"inLanguage":"es","potentialAction":[{"@type":"ReadAction","target":["https:\/\/cuadra-agrado.es\/?p=663"]}]},{"@type":"ImageObject","inLanguage":"es","@id":"https:\/\/cuadra-agrado.es\/?p=663#primaryimage","url":"http:\/\/s465126685.mialojamiento.es\/wp-content\/uploads\/2013\/03\/ORLOV.jpg","contentUrl":"http:\/\/s465126685.mialojamiento.es\/wp-content\/uploads\/2013\/03\/ORLOV.jpg"},{"@type":"BreadcrumbList","@id":"https:\/\/cuadra-agrado.es\/?p=663#breadcrumb","itemListElement":[{"@type":"ListItem","position":1,"name":"Portada","item":"https:\/\/cuadra-agrado.es\/"},{"@type":"ListItem","position":2,"name":"Las pruebas de vallas suspendidas en Madrid!!!"}]},{"@type":"WebSite","@id":"https:\/\/cuadra-agrado.es\/#website","url":"https:\/\/cuadra-agrado.es\/","name":"Cuadra Agrado","description":"En el mundo del Turf desde 2008","potentialAction":[{"@type":"SearchAction","target":{"@type":"EntryPoint","urlTemplate":"https:\/\/cuadra-agrado.es\/?s={search_term_string}"},"query-input":{"@type":"PropertyValueSpecification","valueRequired":true,"valueName":"search_term_string"}}],"inLanguage":"es"},{"@type":"Person","@id":"https:\/\/cuadra-agrado.es\/#\/schema\/person\/3aa4f8d2373cf756d93a5526bc72f31b","name":"Miguel Redondo","image":{"@type":"ImageObject","inLanguage":"es","@id":"https:\/\/secure.gravatar.com\/avatar\/85704fceb4fa34017e3c1344d182da00dbf772fb8856ba2b7726a2df926415b4?s=96&d=mm&r=g","url":"https:\/\/secure.gravatar.com\/avatar\/85704fceb4fa34017e3c1344d182da00dbf772fb8856ba2b7726a2df926415b4?s=96&d=mm&r=g","contentUrl":"https:\/\/secure.gravatar.com\/avatar\/85704fceb4fa34017e3c1344d182da00dbf772fb8856ba2b7726a2df926415b4?s=96&d=mm&r=g","caption":"Miguel Redondo"},"sameAs":["https:\/\/cuadra-agrado.es"],"url":"https:\/\/cuadra-agrado.es\/?author=5"}]}},"_links":{"self":[{"href":"https:\/\/cuadra-agrado.es\/index.php?rest_route=\/wp\/v2\/posts\/663","targetHints":{"allow":["GET"]}}],"collection":[{"href":"https:\/\/cuadra-agrado.es\/index.php?rest_route=\/wp\/v2\/posts"}],"about":[{"href":"https:\/\/cuadra-agrado.es\/index.php?rest_route=\/wp\/v2\/types\/post"}],"author":[{"embeddable":true,"href":"https:\/\/cuadra-agrado.es\/index.php?rest_route=\/wp\/v2\/users\/5"}],"replies":[{"embeddable":true,"href":"https:\/\/cuadra-agrado.es\/index.php?rest_route=%2Fwp%2Fv2%2Fcomments&post=663"}],"version-history":[{"count":0,"href":"https:\/\/cuadra-agrado.es\/index.php?rest_route=\/wp\/v2\/posts\/663\/revisions"}],"wp:attachment":[{"href":"https:\/\/cuadra-agrado.es\/index.php?rest_route=%2Fwp%2Fv2%2Fmedia&parent=663"}],"wp:term":[{"taxonomy":"category","embeddable":true,"href":"https:\/\/cuadra-agrado.es\/index.php?rest_route=%2Fwp%2Fv2%2Fcategories&post=663"},{"taxonomy":"post_tag","embeddable":true,"href":"https:\/\/cuadra-agrado.es\/index.php?rest_route=%2Fwp%2Fv2%2Ftags&post=663"}],"curies":[{"name":"wp","href":"https:\/\/api.w.org\/{rel}","templated":true}]}}