{"id":656,"date":"2013-07-22T09:41:22","date_gmt":"2013-07-22T08:41:22","guid":{"rendered":"http:\/\/s465126685.mialojamiento.es\/?p=656"},"modified":"2024-02-27T09:22:41","modified_gmt":"2024-02-27T09:22:41","slug":"gran-tercero-de-ranyan-en-su-vuelta-a-lasarte","status":"publish","type":"post","link":"https:\/\/cuadra-agrado.es\/?p=656","title":{"rendered":"Gran tercero de Rany\u00e1n en su vuelta a Lasarte"},"content":{"rendered":"<p style=\"text-align: justify;\"><a href=\"http:\/\/s465126685.mialojamiento.es\/wp-content\/uploads\/2013\/03\/thumb_2433210001bc7a.jpg\"><img loading=\"lazy\" decoding=\"async\" class=\"alignleft size-full wp-image-175\" alt=\"thumb_2433210001bc7a\" src=\"http:\/\/s465126685.mialojamiento.es\/wp-content\/uploads\/2013\/03\/thumb_2433210001bc7a.jpg\" width=\"150\" height=\"150\" \/><\/a>Un gran tercero de Rany\u00e1n ayer en un handicap sobre la distacia m\u00e1s larga a disputar esta temporada en Lasarte sobre 3.000 metros. Tarde ag\u00f3nica y sofocante de calor con 31\u00ba y un 96% de humedad donde realmente se hac\u00eda dif\u00edcil respirar en un gran ambiente de turf como siempre en ese gran hip\u00f3dromo.<\/p>\n<p style=\"text-align: justify;\">La prueba se disput\u00f3 con un alto ritmo que puso Sentece desde el principio, y donde los dos pupilos de Teo permanecieron atr\u00e1s durante toda la carrera intentando gestionando lo mejor posible el recargo considerable que llevaban. Rany\u00e1n part\u00eda de cajones con 10 kilos m\u00e1s que el segundo clasificado &#8216;Sentence&#8217;, y con 8 sobre el ganador de la prueba Tsarabi, y esto realmente era demasiado handicap si lo sumamos a un ambiente extremo de calor y a una distancia de fondo.<br \/>\nA\u00fan as\u00ed, Rany\u00e1n dio su mejor valor con uno remate expl\u00e9ndido por el exterior en los 200 metros finales y a punto estuvo de conseguir cazar a los dos punteros. Quiz\u00e1s demasiado atr\u00e1s en la \u00faltima curva para afrontar la recta, y un poco tarde en la arrancada definitiva le privaron de un exito mayor.<\/p>\n<p style=\"text-align: justify;\">En cualquier caso, muy satisfechos con la forma actual que acredit\u00f3 ayer, y que poco a poco va afinando despu\u00e9s de un muy mal inicio de temporada. Es evidente que Lasarte le encanta, tres salidas a pista con una ganada y dos terceros nos da confianza plena para su siguiente que programaremos en breve.<\/p>\n<p style=\"text-align: justify;\">\n<!-- AddThis Advanced Settings generic via filter on the_content --><!-- AddThis Share Buttons generic via filter on the_content -->","protected":false},"excerpt":{"rendered":"<p>Un gran tercero de Rany\u00e1n ayer en un handicap sobre la distacia m\u00e1s larga a disputar esta temporada en Lasarte sobre 3.000 metros. Tarde ag\u00f3nica y sofocante de calor con 31\u00ba y un 96% de humedad donde realmente se hac\u00eda dif\u00edcil respirar en un gran ambiente de turf como siempre en ese gran hip\u00f3dromo. La [&hellip;]<!-- AddThis Advanced Settings generic via filter on get_the_excerpt --><!-- AddThis Share Buttons generic via filter on get_the_excerpt --><\/p>\n","protected":false},"author":5,"featured_media":0,"comment_status":"closed","ping_status":"closed","sticky":false,"template":"","format":"gallery","meta":{"_acf_changed":false,"_et_pb_use_builder":"","_et_pb_old_content":"","_et_gb_content_width":"","footnotes":""},"categories":[3],"tags":[],"class_list":["post-656","post","type-post","status-publish","format-gallery","hentry","category-noticias-cuadra-agrado","post_format-post-format-gallery"],"acf":[],"yoast_head":"<!-- This site is optimized with the Yoast SEO plugin v27.4 - https:\/\/yoast.com\/product\/yoast-seo-wordpress\/ -->\n<title>Gran tercero de Rany\u00e1n en su vuelta a Lasarte - Cuadra Agrado<\/title>\n<meta name=\"robots\" content=\"index, follow, max-snippet:-1, max-image-preview:large, max-video-preview:-1\" \/>\n<link rel=\"canonical\" href=\"https:\/\/cuadra-agrado.es\/?p=656\" \/>\n<meta property=\"og:locale\" content=\"es_ES\" \/>\n<meta property=\"og:type\" content=\"article\" \/>\n<meta property=\"og:title\" content=\"Gran tercero de Rany\u00e1n en su vuelta a Lasarte - Cuadra Agrado\" \/>\n<meta property=\"og:description\" content=\"Un gran tercero de Rany\u00e1n ayer en un handicap sobre la distacia m\u00e1s larga a disputar esta temporada en Lasarte sobre 3.000 metros. Tarde ag\u00f3nica y sofocante de calor con 31\u00ba y un 96% de humedad donde realmente se hac\u00eda dif\u00edcil respirar en un gran ambiente de turf como siempre en ese gran hip\u00f3dromo. La [&hellip;]\" \/>\n<meta property=\"og:url\" content=\"https:\/\/cuadra-agrado.es\/?p=656\" \/>\n<meta property=\"og:site_name\" content=\"Cuadra Agrado\" \/>\n<meta property=\"article:published_time\" content=\"2013-07-22T08:41:22+00:00\" \/>\n<meta property=\"article:modified_time\" content=\"2024-02-27T09:22:41+00:00\" \/>\n<meta property=\"og:image\" content=\"http:\/\/s465126685.mialojamiento.es\/wp-content\/uploads\/2013\/03\/thumb_2433210001bc7a.jpg\" \/>\n<meta name=\"author\" content=\"Miguel Redondo\" \/>\n<meta name=\"twitter:card\" content=\"summary_large_image\" \/>\n<meta name=\"twitter:creator\" content=\"@AGRADOracing\" \/>\n<meta name=\"twitter:site\" content=\"@AGRADOracing\" \/>\n<meta name=\"twitter:label1\" content=\"Escrito por\" \/>\n\t<meta name=\"twitter:data1\" content=\"Miguel Redondo\" \/>\n\t<meta name=\"twitter:label2\" content=\"Tiempo de lectura\" \/>\n\t<meta name=\"twitter:data2\" content=\"1 minuto\" \/>\n<script type=\"application\/ld+json\" class=\"yoast-schema-graph\">{\"@context\":\"https:\\\/\\\/schema.org\",\"@graph\":[{\"@type\":\"Article\",\"@id\":\"https:\\\/\\\/cuadra-agrado.es\\\/?p=656#article\",\"isPartOf\":{\"@id\":\"https:\\\/\\\/cuadra-agrado.es\\\/?p=656\"},\"author\":{\"name\":\"Miguel Redondo\",\"@id\":\"https:\\\/\\\/cuadra-agrado.es\\\/#\\\/schema\\\/person\\\/3aa4f8d2373cf756d93a5526bc72f31b\"},\"headline\":\"Gran tercero de Rany\u00e1n en su vuelta a Lasarte\",\"datePublished\":\"2013-07-22T08:41:22+00:00\",\"dateModified\":\"2024-02-27T09:22:41+00:00\",\"mainEntityOfPage\":{\"@id\":\"https:\\\/\\\/cuadra-agrado.es\\\/?p=656\"},\"wordCount\":264,\"image\":{\"@id\":\"https:\\\/\\\/cuadra-agrado.es\\\/?p=656#primaryimage\"},\"thumbnailUrl\":\"http:\\\/\\\/s465126685.mialojamiento.es\\\/wp-content\\\/uploads\\\/2013\\\/03\\\/thumb_2433210001bc7a.jpg\",\"articleSection\":[\"Actualidad\"],\"inLanguage\":\"es\"},{\"@type\":\"WebPage\",\"@id\":\"https:\\\/\\\/cuadra-agrado.es\\\/?p=656\",\"url\":\"https:\\\/\\\/cuadra-agrado.es\\\/?p=656\",\"name\":\"Gran tercero de Rany\u00e1n en su vuelta a Lasarte - Cuadra Agrado\",\"isPartOf\":{\"@id\":\"https:\\\/\\\/cuadra-agrado.es\\\/#website\"},\"primaryImageOfPage\":{\"@id\":\"https:\\\/\\\/cuadra-agrado.es\\\/?p=656#primaryimage\"},\"image\":{\"@id\":\"https:\\\/\\\/cuadra-agrado.es\\\/?p=656#primaryimage\"},\"thumbnailUrl\":\"http:\\\/\\\/s465126685.mialojamiento.es\\\/wp-content\\\/uploads\\\/2013\\\/03\\\/thumb_2433210001bc7a.jpg\",\"datePublished\":\"2013-07-22T08:41:22+00:00\",\"dateModified\":\"2024-02-27T09:22:41+00:00\",\"author\":{\"@id\":\"https:\\\/\\\/cuadra-agrado.es\\\/#\\\/schema\\\/person\\\/3aa4f8d2373cf756d93a5526bc72f31b\"},\"breadcrumb\":{\"@id\":\"https:\\\/\\\/cuadra-agrado.es\\\/?p=656#breadcrumb\"},\"inLanguage\":\"es\",\"potentialAction\":[{\"@type\":\"ReadAction\",\"target\":[\"https:\\\/\\\/cuadra-agrado.es\\\/?p=656\"]}]},{\"@type\":\"ImageObject\",\"inLanguage\":\"es\",\"@id\":\"https:\\\/\\\/cuadra-agrado.es\\\/?p=656#primaryimage\",\"url\":\"http:\\\/\\\/s465126685.mialojamiento.es\\\/wp-content\\\/uploads\\\/2013\\\/03\\\/thumb_2433210001bc7a.jpg\",\"contentUrl\":\"http:\\\/\\\/s465126685.mialojamiento.es\\\/wp-content\\\/uploads\\\/2013\\\/03\\\/thumb_2433210001bc7a.jpg\"},{\"@type\":\"BreadcrumbList\",\"@id\":\"https:\\\/\\\/cuadra-agrado.es\\\/?p=656#breadcrumb\",\"itemListElement\":[{\"@type\":\"ListItem\",\"position\":1,\"name\":\"Portada\",\"item\":\"https:\\\/\\\/cuadra-agrado.es\\\/\"},{\"@type\":\"ListItem\",\"position\":2,\"name\":\"Gran tercero de Rany\u00e1n en su vuelta a Lasarte\"}]},{\"@type\":\"WebSite\",\"@id\":\"https:\\\/\\\/cuadra-agrado.es\\\/#website\",\"url\":\"https:\\\/\\\/cuadra-agrado.es\\\/\",\"name\":\"Cuadra Agrado\",\"description\":\"En el mundo del Turf desde 2008\",\"potentialAction\":[{\"@type\":\"SearchAction\",\"target\":{\"@type\":\"EntryPoint\",\"urlTemplate\":\"https:\\\/\\\/cuadra-agrado.es\\\/?s={search_term_string}\"},\"query-input\":{\"@type\":\"PropertyValueSpecification\",\"valueRequired\":true,\"valueName\":\"search_term_string\"}}],\"inLanguage\":\"es\"},{\"@type\":\"Person\",\"@id\":\"https:\\\/\\\/cuadra-agrado.es\\\/#\\\/schema\\\/person\\\/3aa4f8d2373cf756d93a5526bc72f31b\",\"name\":\"Miguel Redondo\",\"image\":{\"@type\":\"ImageObject\",\"inLanguage\":\"es\",\"@id\":\"https:\\\/\\\/secure.gravatar.com\\\/avatar\\\/85704fceb4fa34017e3c1344d182da00dbf772fb8856ba2b7726a2df926415b4?s=96&d=mm&r=g\",\"url\":\"https:\\\/\\\/secure.gravatar.com\\\/avatar\\\/85704fceb4fa34017e3c1344d182da00dbf772fb8856ba2b7726a2df926415b4?s=96&d=mm&r=g\",\"contentUrl\":\"https:\\\/\\\/secure.gravatar.com\\\/avatar\\\/85704fceb4fa34017e3c1344d182da00dbf772fb8856ba2b7726a2df926415b4?s=96&d=mm&r=g\",\"caption\":\"Miguel Redondo\"},\"sameAs\":[\"https:\\\/\\\/cuadra-agrado.es\"],\"url\":\"https:\\\/\\\/cuadra-agrado.es\\\/?author=5\"}]}<\/script>\n<!-- \/ Yoast SEO plugin. -->","yoast_head_json":{"title":"Gran tercero de Rany\u00e1n en su vuelta a Lasarte - Cuadra Agrado","robots":{"index":"index","follow":"follow","max-snippet":"max-snippet:-1","max-image-preview":"max-image-preview:large","max-video-preview":"max-video-preview:-1"},"canonical":"https:\/\/cuadra-agrado.es\/?p=656","og_locale":"es_ES","og_type":"article","og_title":"Gran tercero de Rany\u00e1n en su vuelta a Lasarte - Cuadra Agrado","og_description":"Un gran tercero de Rany\u00e1n ayer en un handicap sobre la distacia m\u00e1s larga a disputar esta temporada en Lasarte sobre 3.000 metros. Tarde ag\u00f3nica y sofocante de calor con 31\u00ba y un 96% de humedad donde realmente se hac\u00eda dif\u00edcil respirar en un gran ambiente de turf como siempre en ese gran hip\u00f3dromo. La [&hellip;]","og_url":"https:\/\/cuadra-agrado.es\/?p=656","og_site_name":"Cuadra Agrado","article_published_time":"2013-07-22T08:41:22+00:00","article_modified_time":"2024-02-27T09:22:41+00:00","og_image":[{"url":"http:\/\/s465126685.mialojamiento.es\/wp-content\/uploads\/2013\/03\/thumb_2433210001bc7a.jpg","type":"","width":"","height":""}],"author":"Miguel Redondo","twitter_card":"summary_large_image","twitter_creator":"@AGRADOracing","twitter_site":"@AGRADOracing","twitter_misc":{"Escrito por":"Miguel Redondo","Tiempo de lectura":"1 minuto"},"schema":{"@context":"https:\/\/schema.org","@graph":[{"@type":"Article","@id":"https:\/\/cuadra-agrado.es\/?p=656#article","isPartOf":{"@id":"https:\/\/cuadra-agrado.es\/?p=656"},"author":{"name":"Miguel Redondo","@id":"https:\/\/cuadra-agrado.es\/#\/schema\/person\/3aa4f8d2373cf756d93a5526bc72f31b"},"headline":"Gran tercero de Rany\u00e1n en su vuelta a Lasarte","datePublished":"2013-07-22T08:41:22+00:00","dateModified":"2024-02-27T09:22:41+00:00","mainEntityOfPage":{"@id":"https:\/\/cuadra-agrado.es\/?p=656"},"wordCount":264,"image":{"@id":"https:\/\/cuadra-agrado.es\/?p=656#primaryimage"},"thumbnailUrl":"http:\/\/s465126685.mialojamiento.es\/wp-content\/uploads\/2013\/03\/thumb_2433210001bc7a.jpg","articleSection":["Actualidad"],"inLanguage":"es"},{"@type":"WebPage","@id":"https:\/\/cuadra-agrado.es\/?p=656","url":"https:\/\/cuadra-agrado.es\/?p=656","name":"Gran tercero de Rany\u00e1n en su vuelta a Lasarte - Cuadra Agrado","isPartOf":{"@id":"https:\/\/cuadra-agrado.es\/#website"},"primaryImageOfPage":{"@id":"https:\/\/cuadra-agrado.es\/?p=656#primaryimage"},"image":{"@id":"https:\/\/cuadra-agrado.es\/?p=656#primaryimage"},"thumbnailUrl":"http:\/\/s465126685.mialojamiento.es\/wp-content\/uploads\/2013\/03\/thumb_2433210001bc7a.jpg","datePublished":"2013-07-22T08:41:22+00:00","dateModified":"2024-02-27T09:22:41+00:00","author":{"@id":"https:\/\/cuadra-agrado.es\/#\/schema\/person\/3aa4f8d2373cf756d93a5526bc72f31b"},"breadcrumb":{"@id":"https:\/\/cuadra-agrado.es\/?p=656#breadcrumb"},"inLanguage":"es","potentialAction":[{"@type":"ReadAction","target":["https:\/\/cuadra-agrado.es\/?p=656"]}]},{"@type":"ImageObject","inLanguage":"es","@id":"https:\/\/cuadra-agrado.es\/?p=656#primaryimage","url":"http:\/\/s465126685.mialojamiento.es\/wp-content\/uploads\/2013\/03\/thumb_2433210001bc7a.jpg","contentUrl":"http:\/\/s465126685.mialojamiento.es\/wp-content\/uploads\/2013\/03\/thumb_2433210001bc7a.jpg"},{"@type":"BreadcrumbList","@id":"https:\/\/cuadra-agrado.es\/?p=656#breadcrumb","itemListElement":[{"@type":"ListItem","position":1,"name":"Portada","item":"https:\/\/cuadra-agrado.es\/"},{"@type":"ListItem","position":2,"name":"Gran tercero de Rany\u00e1n en su vuelta a Lasarte"}]},{"@type":"WebSite","@id":"https:\/\/cuadra-agrado.es\/#website","url":"https:\/\/cuadra-agrado.es\/","name":"Cuadra Agrado","description":"En el mundo del Turf desde 2008","potentialAction":[{"@type":"SearchAction","target":{"@type":"EntryPoint","urlTemplate":"https:\/\/cuadra-agrado.es\/?s={search_term_string}"},"query-input":{"@type":"PropertyValueSpecification","valueRequired":true,"valueName":"search_term_string"}}],"inLanguage":"es"},{"@type":"Person","@id":"https:\/\/cuadra-agrado.es\/#\/schema\/person\/3aa4f8d2373cf756d93a5526bc72f31b","name":"Miguel Redondo","image":{"@type":"ImageObject","inLanguage":"es","@id":"https:\/\/secure.gravatar.com\/avatar\/85704fceb4fa34017e3c1344d182da00dbf772fb8856ba2b7726a2df926415b4?s=96&d=mm&r=g","url":"https:\/\/secure.gravatar.com\/avatar\/85704fceb4fa34017e3c1344d182da00dbf772fb8856ba2b7726a2df926415b4?s=96&d=mm&r=g","contentUrl":"https:\/\/secure.gravatar.com\/avatar\/85704fceb4fa34017e3c1344d182da00dbf772fb8856ba2b7726a2df926415b4?s=96&d=mm&r=g","caption":"Miguel Redondo"},"sameAs":["https:\/\/cuadra-agrado.es"],"url":"https:\/\/cuadra-agrado.es\/?author=5"}]}},"_links":{"self":[{"href":"https:\/\/cuadra-agrado.es\/index.php?rest_route=\/wp\/v2\/posts\/656","targetHints":{"allow":["GET"]}}],"collection":[{"href":"https:\/\/cuadra-agrado.es\/index.php?rest_route=\/wp\/v2\/posts"}],"about":[{"href":"https:\/\/cuadra-agrado.es\/index.php?rest_route=\/wp\/v2\/types\/post"}],"author":[{"embeddable":true,"href":"https:\/\/cuadra-agrado.es\/index.php?rest_route=\/wp\/v2\/users\/5"}],"replies":[{"embeddable":true,"href":"https:\/\/cuadra-agrado.es\/index.php?rest_route=%2Fwp%2Fv2%2Fcomments&post=656"}],"version-history":[{"count":0,"href":"https:\/\/cuadra-agrado.es\/index.php?rest_route=\/wp\/v2\/posts\/656\/revisions"}],"wp:attachment":[{"href":"https:\/\/cuadra-agrado.es\/index.php?rest_route=%2Fwp%2Fv2%2Fmedia&parent=656"}],"wp:term":[{"taxonomy":"category","embeddable":true,"href":"https:\/\/cuadra-agrado.es\/index.php?rest_route=%2Fwp%2Fv2%2Fcategories&post=656"},{"taxonomy":"post_tag","embeddable":true,"href":"https:\/\/cuadra-agrado.es\/index.php?rest_route=%2Fwp%2Fv2%2Ftags&post=656"}],"curies":[{"name":"wp","href":"https:\/\/api.w.org\/{rel}","templated":true}]}}