{"id":651,"date":"2013-08-20T09:37:05","date_gmt":"2013-08-20T08:37:05","guid":{"rendered":"http:\/\/s465126685.mialojamiento.es\/?p=651"},"modified":"2024-02-27T09:22:40","modified_gmt":"2024-02-27T09:22:40","slug":"una-desgraciada-lesion-deja-a-ranyan-en-el-dique-seco","status":"publish","type":"post","link":"https:\/\/cuadra-agrado.es\/?p=651","title":{"rendered":"Una desgraciada lesi\u00f3n deja a Rany\u00e1n en el dique seco!!"},"content":{"rendered":"<p style=\"text-align: justify;\">Parece que la suerte va y viene de patio en patio y al contrario del pasado a\u00f1o donde conseguimos 10 victorias para nuestros colores, este a\u00f1o en poco m\u00e1s de cuatro meses hemos perdido casi todos nuestros efectivos en pista, a excepci\u00f3n de un &#8216;Valiant Blue&#8217; que ha quedado en tierra de nadie para disputar Grandes Premios y handicaps, y sin un programa f\u00e1cil para el resto del a\u00f1o.<\/p>\n<p style=\"text-align: justify;\">&#8216;Rany\u00e1n&#8217; pasar\u00e1 estos tres meses de descanso obligado en la &#8216;Venta la Rubia&#8217; junto a a su compa\u00f1ero Orlov que contin\u00faa con su recuperaci\u00f3n, y que en breve comenzar\u00e1 ya a trabajar con vistas a tener su reaparici\u00f3n para finales de a\u00f1o y probar de nuevo su condici\u00f3n de vallista en Francia. Antes de esto, seguro pasar\u00e1 por alguna en liso en Madrid o Sevilla para recuperar tono de competici\u00f3n.<br \/>\nEn cualquier caso, y debido a todo lo acontecido, tenemos en mente la adquisici\u00f3n de un nuevo pupilo para nuestra cuadra en la pr\u00f3xima subasta de &#8216;Milagro&#8217; en el pr\u00f3ximo mes de Septiembre, con vistas a renovar efectivos para el pr\u00f3ximo a\u00f1o 2014 donde esperamos volver a tener la suerte que nos ha faltado este a\u00f1o.<\/p>\n<p style=\"text-align: justify;\">Para terminar, queremos aprovechar para agradecer todas las muestras de cari\u00f1o y \u00e1nimo recibidos por parte de nuestros seguidores de Twitter a consecuencia de la lesi\u00f3n de Rany\u00e1n.<\/p>\n<p style=\"text-align: justify;\">Muchas gracias a todos!!!<\/p>\n<!-- AddThis Advanced Settings generic via filter on the_content --><!-- AddThis Share Buttons generic via filter on the_content -->","protected":false},"excerpt":{"rendered":"<p>Parece que la suerte va y viene de patio en patio y al contrario del pasado a\u00f1o donde conseguimos 10 victorias para nuestros colores, este a\u00f1o en poco m\u00e1s de cuatro meses hemos perdido casi todos nuestros efectivos en pista, a excepci\u00f3n de un &#8216;Valiant Blue&#8217; que ha quedado en tierra de nadie para disputar [&hellip;]<!-- AddThis Advanced Settings generic via filter on get_the_excerpt --><!-- AddThis Share Buttons generic via filter on get_the_excerpt --><\/p>\n","protected":false},"author":5,"featured_media":0,"comment_status":"closed","ping_status":"closed","sticky":false,"template":"","format":"gallery","meta":{"_acf_changed":false,"_et_pb_use_builder":"","_et_pb_old_content":"","_et_gb_content_width":"","footnotes":""},"categories":[3],"tags":[],"class_list":["post-651","post","type-post","status-publish","format-gallery","hentry","category-noticias-cuadra-agrado","post_format-post-format-gallery"],"acf":[],"yoast_head":"<!-- This site is optimized with the Yoast SEO plugin v27.4 - https:\/\/yoast.com\/product\/yoast-seo-wordpress\/ -->\n<title>Una desgraciada lesi\u00f3n deja a Rany\u00e1n en el dique seco!! - Cuadra Agrado<\/title>\n<meta name=\"robots\" content=\"index, follow, max-snippet:-1, max-image-preview:large, max-video-preview:-1\" \/>\n<link rel=\"canonical\" href=\"https:\/\/cuadra-agrado.es\/?p=651\" \/>\n<meta property=\"og:locale\" content=\"es_ES\" \/>\n<meta property=\"og:type\" content=\"article\" \/>\n<meta property=\"og:title\" content=\"Una desgraciada lesi\u00f3n deja a Rany\u00e1n en el dique seco!! - Cuadra Agrado\" \/>\n<meta property=\"og:description\" content=\"Parece que la suerte va y viene de patio en patio y al contrario del pasado a\u00f1o donde conseguimos 10 victorias para nuestros colores, este a\u00f1o en poco m\u00e1s de cuatro meses hemos perdido casi todos nuestros efectivos en pista, a excepci\u00f3n de un &#8216;Valiant Blue&#8217; que ha quedado en tierra de nadie para disputar [&hellip;]\" \/>\n<meta property=\"og:url\" content=\"https:\/\/cuadra-agrado.es\/?p=651\" \/>\n<meta property=\"og:site_name\" content=\"Cuadra Agrado\" \/>\n<meta property=\"article:published_time\" content=\"2013-08-20T08:37:05+00:00\" \/>\n<meta property=\"article:modified_time\" content=\"2024-02-27T09:22:40+00:00\" \/>\n<meta name=\"author\" content=\"Miguel Redondo\" \/>\n<meta name=\"twitter:card\" content=\"summary_large_image\" \/>\n<meta name=\"twitter:creator\" content=\"@AGRADOracing\" \/>\n<meta name=\"twitter:site\" content=\"@AGRADOracing\" \/>\n<meta name=\"twitter:label1\" content=\"Escrito por\" \/>\n\t<meta name=\"twitter:data1\" content=\"Miguel Redondo\" \/>\n\t<meta name=\"twitter:label2\" content=\"Tiempo de lectura\" \/>\n\t<meta name=\"twitter:data2\" content=\"1 minuto\" \/>\n<script type=\"application\/ld+json\" class=\"yoast-schema-graph\">{\"@context\":\"https:\\\/\\\/schema.org\",\"@graph\":[{\"@type\":\"Article\",\"@id\":\"https:\\\/\\\/cuadra-agrado.es\\\/?p=651#article\",\"isPartOf\":{\"@id\":\"https:\\\/\\\/cuadra-agrado.es\\\/?p=651\"},\"author\":{\"name\":\"Miguel Redondo\",\"@id\":\"https:\\\/\\\/cuadra-agrado.es\\\/#\\\/schema\\\/person\\\/3aa4f8d2373cf756d93a5526bc72f31b\"},\"headline\":\"Una desgraciada lesi\u00f3n deja a Rany\u00e1n en el dique seco!!\",\"datePublished\":\"2013-08-20T08:37:05+00:00\",\"dateModified\":\"2024-02-27T09:22:40+00:00\",\"mainEntityOfPage\":{\"@id\":\"https:\\\/\\\/cuadra-agrado.es\\\/?p=651\"},\"wordCount\":260,\"articleSection\":[\"Actualidad\"],\"inLanguage\":\"es\"},{\"@type\":\"WebPage\",\"@id\":\"https:\\\/\\\/cuadra-agrado.es\\\/?p=651\",\"url\":\"https:\\\/\\\/cuadra-agrado.es\\\/?p=651\",\"name\":\"Una desgraciada lesi\u00f3n deja a Rany\u00e1n en el dique seco!! - Cuadra Agrado\",\"isPartOf\":{\"@id\":\"https:\\\/\\\/cuadra-agrado.es\\\/#website\"},\"datePublished\":\"2013-08-20T08:37:05+00:00\",\"dateModified\":\"2024-02-27T09:22:40+00:00\",\"author\":{\"@id\":\"https:\\\/\\\/cuadra-agrado.es\\\/#\\\/schema\\\/person\\\/3aa4f8d2373cf756d93a5526bc72f31b\"},\"breadcrumb\":{\"@id\":\"https:\\\/\\\/cuadra-agrado.es\\\/?p=651#breadcrumb\"},\"inLanguage\":\"es\",\"potentialAction\":[{\"@type\":\"ReadAction\",\"target\":[\"https:\\\/\\\/cuadra-agrado.es\\\/?p=651\"]}]},{\"@type\":\"BreadcrumbList\",\"@id\":\"https:\\\/\\\/cuadra-agrado.es\\\/?p=651#breadcrumb\",\"itemListElement\":[{\"@type\":\"ListItem\",\"position\":1,\"name\":\"Portada\",\"item\":\"https:\\\/\\\/cuadra-agrado.es\\\/\"},{\"@type\":\"ListItem\",\"position\":2,\"name\":\"Una desgraciada lesi\u00f3n deja a Rany\u00e1n en el dique seco!!\"}]},{\"@type\":\"WebSite\",\"@id\":\"https:\\\/\\\/cuadra-agrado.es\\\/#website\",\"url\":\"https:\\\/\\\/cuadra-agrado.es\\\/\",\"name\":\"Cuadra Agrado\",\"description\":\"En el mundo del Turf desde 2008\",\"potentialAction\":[{\"@type\":\"SearchAction\",\"target\":{\"@type\":\"EntryPoint\",\"urlTemplate\":\"https:\\\/\\\/cuadra-agrado.es\\\/?s={search_term_string}\"},\"query-input\":{\"@type\":\"PropertyValueSpecification\",\"valueRequired\":true,\"valueName\":\"search_term_string\"}}],\"inLanguage\":\"es\"},{\"@type\":\"Person\",\"@id\":\"https:\\\/\\\/cuadra-agrado.es\\\/#\\\/schema\\\/person\\\/3aa4f8d2373cf756d93a5526bc72f31b\",\"name\":\"Miguel Redondo\",\"image\":{\"@type\":\"ImageObject\",\"inLanguage\":\"es\",\"@id\":\"https:\\\/\\\/secure.gravatar.com\\\/avatar\\\/85704fceb4fa34017e3c1344d182da00dbf772fb8856ba2b7726a2df926415b4?s=96&d=mm&r=g\",\"url\":\"https:\\\/\\\/secure.gravatar.com\\\/avatar\\\/85704fceb4fa34017e3c1344d182da00dbf772fb8856ba2b7726a2df926415b4?s=96&d=mm&r=g\",\"contentUrl\":\"https:\\\/\\\/secure.gravatar.com\\\/avatar\\\/85704fceb4fa34017e3c1344d182da00dbf772fb8856ba2b7726a2df926415b4?s=96&d=mm&r=g\",\"caption\":\"Miguel Redondo\"},\"sameAs\":[\"https:\\\/\\\/cuadra-agrado.es\"],\"url\":\"https:\\\/\\\/cuadra-agrado.es\\\/?author=5\"}]}<\/script>\n<!-- \/ Yoast SEO plugin. -->","yoast_head_json":{"title":"Una desgraciada lesi\u00f3n deja a Rany\u00e1n en el dique seco!! - Cuadra Agrado","robots":{"index":"index","follow":"follow","max-snippet":"max-snippet:-1","max-image-preview":"max-image-preview:large","max-video-preview":"max-video-preview:-1"},"canonical":"https:\/\/cuadra-agrado.es\/?p=651","og_locale":"es_ES","og_type":"article","og_title":"Una desgraciada lesi\u00f3n deja a Rany\u00e1n en el dique seco!! - Cuadra Agrado","og_description":"Parece que la suerte va y viene de patio en patio y al contrario del pasado a\u00f1o donde conseguimos 10 victorias para nuestros colores, este a\u00f1o en poco m\u00e1s de cuatro meses hemos perdido casi todos nuestros efectivos en pista, a excepci\u00f3n de un &#8216;Valiant Blue&#8217; que ha quedado en tierra de nadie para disputar [&hellip;]","og_url":"https:\/\/cuadra-agrado.es\/?p=651","og_site_name":"Cuadra Agrado","article_published_time":"2013-08-20T08:37:05+00:00","article_modified_time":"2024-02-27T09:22:40+00:00","author":"Miguel Redondo","twitter_card":"summary_large_image","twitter_creator":"@AGRADOracing","twitter_site":"@AGRADOracing","twitter_misc":{"Escrito por":"Miguel Redondo","Tiempo de lectura":"1 minuto"},"schema":{"@context":"https:\/\/schema.org","@graph":[{"@type":"Article","@id":"https:\/\/cuadra-agrado.es\/?p=651#article","isPartOf":{"@id":"https:\/\/cuadra-agrado.es\/?p=651"},"author":{"name":"Miguel Redondo","@id":"https:\/\/cuadra-agrado.es\/#\/schema\/person\/3aa4f8d2373cf756d93a5526bc72f31b"},"headline":"Una desgraciada lesi\u00f3n deja a Rany\u00e1n en el dique seco!!","datePublished":"2013-08-20T08:37:05+00:00","dateModified":"2024-02-27T09:22:40+00:00","mainEntityOfPage":{"@id":"https:\/\/cuadra-agrado.es\/?p=651"},"wordCount":260,"articleSection":["Actualidad"],"inLanguage":"es"},{"@type":"WebPage","@id":"https:\/\/cuadra-agrado.es\/?p=651","url":"https:\/\/cuadra-agrado.es\/?p=651","name":"Una desgraciada lesi\u00f3n deja a Rany\u00e1n en el dique seco!! - Cuadra Agrado","isPartOf":{"@id":"https:\/\/cuadra-agrado.es\/#website"},"datePublished":"2013-08-20T08:37:05+00:00","dateModified":"2024-02-27T09:22:40+00:00","author":{"@id":"https:\/\/cuadra-agrado.es\/#\/schema\/person\/3aa4f8d2373cf756d93a5526bc72f31b"},"breadcrumb":{"@id":"https:\/\/cuadra-agrado.es\/?p=651#breadcrumb"},"inLanguage":"es","potentialAction":[{"@type":"ReadAction","target":["https:\/\/cuadra-agrado.es\/?p=651"]}]},{"@type":"BreadcrumbList","@id":"https:\/\/cuadra-agrado.es\/?p=651#breadcrumb","itemListElement":[{"@type":"ListItem","position":1,"name":"Portada","item":"https:\/\/cuadra-agrado.es\/"},{"@type":"ListItem","position":2,"name":"Una desgraciada lesi\u00f3n deja a Rany\u00e1n en el dique seco!!"}]},{"@type":"WebSite","@id":"https:\/\/cuadra-agrado.es\/#website","url":"https:\/\/cuadra-agrado.es\/","name":"Cuadra Agrado","description":"En el mundo del Turf desde 2008","potentialAction":[{"@type":"SearchAction","target":{"@type":"EntryPoint","urlTemplate":"https:\/\/cuadra-agrado.es\/?s={search_term_string}"},"query-input":{"@type":"PropertyValueSpecification","valueRequired":true,"valueName":"search_term_string"}}],"inLanguage":"es"},{"@type":"Person","@id":"https:\/\/cuadra-agrado.es\/#\/schema\/person\/3aa4f8d2373cf756d93a5526bc72f31b","name":"Miguel Redondo","image":{"@type":"ImageObject","inLanguage":"es","@id":"https:\/\/secure.gravatar.com\/avatar\/85704fceb4fa34017e3c1344d182da00dbf772fb8856ba2b7726a2df926415b4?s=96&d=mm&r=g","url":"https:\/\/secure.gravatar.com\/avatar\/85704fceb4fa34017e3c1344d182da00dbf772fb8856ba2b7726a2df926415b4?s=96&d=mm&r=g","contentUrl":"https:\/\/secure.gravatar.com\/avatar\/85704fceb4fa34017e3c1344d182da00dbf772fb8856ba2b7726a2df926415b4?s=96&d=mm&r=g","caption":"Miguel Redondo"},"sameAs":["https:\/\/cuadra-agrado.es"],"url":"https:\/\/cuadra-agrado.es\/?author=5"}]}},"_links":{"self":[{"href":"https:\/\/cuadra-agrado.es\/index.php?rest_route=\/wp\/v2\/posts\/651","targetHints":{"allow":["GET"]}}],"collection":[{"href":"https:\/\/cuadra-agrado.es\/index.php?rest_route=\/wp\/v2\/posts"}],"about":[{"href":"https:\/\/cuadra-agrado.es\/index.php?rest_route=\/wp\/v2\/types\/post"}],"author":[{"embeddable":true,"href":"https:\/\/cuadra-agrado.es\/index.php?rest_route=\/wp\/v2\/users\/5"}],"replies":[{"embeddable":true,"href":"https:\/\/cuadra-agrado.es\/index.php?rest_route=%2Fwp%2Fv2%2Fcomments&post=651"}],"version-history":[{"count":0,"href":"https:\/\/cuadra-agrado.es\/index.php?rest_route=\/wp\/v2\/posts\/651\/revisions"}],"wp:attachment":[{"href":"https:\/\/cuadra-agrado.es\/index.php?rest_route=%2Fwp%2Fv2%2Fmedia&parent=651"}],"wp:term":[{"taxonomy":"category","embeddable":true,"href":"https:\/\/cuadra-agrado.es\/index.php?rest_route=%2Fwp%2Fv2%2Fcategories&post=651"},{"taxonomy":"post_tag","embeddable":true,"href":"https:\/\/cuadra-agrado.es\/index.php?rest_route=%2Fwp%2Fv2%2Ftags&post=651"}],"curies":[{"name":"wp","href":"https:\/\/api.w.org\/{rel}","templated":true}]}}