{"id":647,"date":"2013-09-09T09:32:29","date_gmt":"2013-09-09T08:32:29","guid":{"rendered":"http:\/\/s465126685.mialojamiento.es\/?p=647"},"modified":"2024-02-27T09:22:39","modified_gmt":"2024-02-27T09:22:39","slug":"eduardo-buzon-regresa-a-nuestra-cuadra","status":"publish","type":"post","link":"https:\/\/cuadra-agrado.es\/?p=647","title":{"rendered":"Eduardo Buz\u00f3n regresa a nuestra cuadra"},"content":{"rendered":"<p style=\"text-align: justify;\"><a href=\"http:\/\/s465126685.mialojamiento.es\/wp-content\/uploads\/2014\/01\/dudu.jpg\"><img loading=\"lazy\" decoding=\"async\" class=\"alignleft  wp-image-648\" alt=\"dudu\" src=\"http:\/\/s465126685.mialojamiento.es\/wp-content\/uploads\/2014\/01\/dudu.jpg\" width=\"170\" height=\"190\" \/><\/a>Eduardo Buz\u00f3n, mano derecha de Carlos Laff\u00f3n durante tres a\u00f1os en Chantilly y part\u00edcipe del \u00e9xito en el &#8216;Arco del Triunfo 2012&#8217; donde hizo ganadora a &#8216;Solemia&#8217;, se har\u00e1 cargo de la preparaci\u00f3n a partir del pr\u00f3ximo mes de Octubre de nuestros dos viejos del patio &#8216;Valiant Blue&#8217; y &#8216;Rany\u00e1n&#8217;<\/p>\n<p style=\"text-align: justify;\">El acuerdo amistoso por ambas partes ha sido aceptado por nuestro actual preparador &#8216;Teo Callejo&#8217; quien a partir de este momento se har\u00e1 cargo de la preparaci\u00f3n del 2 a\u00f1os que tenemos previsto adquirir en la pr\u00f3xima subasta de &#8216;Milagro&#8217; de esta semana.<\/p>\n<p style=\"text-align: justify;\">As\u00ed pues, nuestro m\u00e9todo de trabajo a partir de ahora se sustentar\u00e1 en dos entrenadores para nuestros colores. Teo Callejo ser\u00e1 el responsable del entrenamiento y formaci\u00f3n de todos los potros que lleguen a nuestra cuadra, y a partir de los cuatro a\u00f1os estos pasar\u00e1n a manos de Eduardo Buz\u00f3n, siempre y cuando la valoraci\u00f3n de este sea positiva y haya un acuerdo consensuado entre todas las partes.<br \/>\nConfiamos en que este m\u00e9todo de trabajo surta el mejor de los efectos para nuestros colores valorando la gran efectividad de Teo Callejo en la formaci\u00f3n inicial de un dos a\u00f1os, y la experiencia en competici\u00f3n de Eduardo Buz\u00f3n en una segunda parte de desarrollo. Es evidente que el v\u00ednculo de amistad y cooperaci\u00f3n entre los dos preparadores, y com\u00fan con nuestra cuadra, ser\u00e1 una s\u00f3lida base para los intereses futuros de todas las partes, basado en el seguimiento, dedicaci\u00f3n y m\u00e9todos de trabajo conjuntos.<\/p>\n<p style=\"text-align: justify;\">Desde aqu\u00ed queremos agradecer a ambos preparadores su predisposici\u00f3n, y desearles toda la suerte a &#8216;Teo Callejo&#8217; en nuevos productos, y a &#8216;Eduardo Buz\u00f3n&#8217; en la continuidad de los mismos.<\/p>\n<!-- AddThis Advanced Settings generic via filter on the_content --><!-- AddThis Share Buttons generic via filter on the_content -->","protected":false},"excerpt":{"rendered":"<p>Eduardo Buz\u00f3n, mano derecha de Carlos Laff\u00f3n durante tres a\u00f1os en Chantilly y part\u00edcipe del \u00e9xito en el &#8216;Arco del Triunfo 2012&#8217; donde hizo ganadora a &#8216;Solemia&#8217;, se har\u00e1 cargo de la preparaci\u00f3n a partir del pr\u00f3ximo mes de Octubre de nuestros dos viejos del patio &#8216;Valiant Blue&#8217; y &#8216;Rany\u00e1n&#8217; El acuerdo amistoso por ambas [&hellip;]<!-- AddThis Advanced Settings generic via filter on get_the_excerpt --><!-- AddThis Share Buttons generic via filter on get_the_excerpt --><\/p>\n","protected":false},"author":5,"featured_media":0,"comment_status":"closed","ping_status":"closed","sticky":false,"template":"","format":"gallery","meta":{"_acf_changed":false,"_et_pb_use_builder":"","_et_pb_old_content":"","_et_gb_content_width":"","footnotes":""},"categories":[3],"tags":[],"class_list":["post-647","post","type-post","status-publish","format-gallery","hentry","category-noticias-cuadra-agrado","post_format-post-format-gallery"],"acf":[],"yoast_head":"<!-- This site is optimized with the Yoast SEO plugin v27.4 - https:\/\/yoast.com\/product\/yoast-seo-wordpress\/ -->\n<title>Eduardo Buz\u00f3n regresa a nuestra cuadra - Cuadra Agrado<\/title>\n<meta name=\"robots\" content=\"index, follow, max-snippet:-1, max-image-preview:large, max-video-preview:-1\" \/>\n<link rel=\"canonical\" href=\"https:\/\/cuadra-agrado.es\/?p=647\" \/>\n<meta property=\"og:locale\" content=\"es_ES\" \/>\n<meta property=\"og:type\" content=\"article\" \/>\n<meta property=\"og:title\" content=\"Eduardo Buz\u00f3n regresa a nuestra cuadra - Cuadra Agrado\" \/>\n<meta property=\"og:description\" content=\"Eduardo Buz\u00f3n, mano derecha de Carlos Laff\u00f3n durante tres a\u00f1os en Chantilly y part\u00edcipe del \u00e9xito en el &#8216;Arco del Triunfo 2012&#8217; donde hizo ganadora a &#8216;Solemia&#8217;, se har\u00e1 cargo de la preparaci\u00f3n a partir del pr\u00f3ximo mes de Octubre de nuestros dos viejos del patio &#8216;Valiant Blue&#8217; y &#8216;Rany\u00e1n&#8217; El acuerdo amistoso por ambas [&hellip;]\" \/>\n<meta property=\"og:url\" content=\"https:\/\/cuadra-agrado.es\/?p=647\" \/>\n<meta property=\"og:site_name\" content=\"Cuadra Agrado\" \/>\n<meta property=\"article:published_time\" content=\"2013-09-09T08:32:29+00:00\" \/>\n<meta property=\"article:modified_time\" content=\"2024-02-27T09:22:39+00:00\" \/>\n<meta property=\"og:image\" content=\"http:\/\/s465126685.mialojamiento.es\/wp-content\/uploads\/2014\/01\/dudu.jpg\" \/>\n<meta name=\"author\" content=\"Miguel Redondo\" \/>\n<meta name=\"twitter:card\" content=\"summary_large_image\" \/>\n<meta name=\"twitter:creator\" content=\"@AGRADOracing\" \/>\n<meta name=\"twitter:site\" content=\"@AGRADOracing\" \/>\n<meta name=\"twitter:label1\" content=\"Escrito por\" \/>\n\t<meta name=\"twitter:data1\" content=\"Miguel Redondo\" \/>\n\t<meta name=\"twitter:label2\" content=\"Tiempo de lectura\" \/>\n\t<meta name=\"twitter:data2\" content=\"2 minutos\" \/>\n<script type=\"application\/ld+json\" class=\"yoast-schema-graph\">{\"@context\":\"https:\\\/\\\/schema.org\",\"@graph\":[{\"@type\":\"Article\",\"@id\":\"https:\\\/\\\/cuadra-agrado.es\\\/?p=647#article\",\"isPartOf\":{\"@id\":\"https:\\\/\\\/cuadra-agrado.es\\\/?p=647\"},\"author\":{\"name\":\"Miguel Redondo\",\"@id\":\"https:\\\/\\\/cuadra-agrado.es\\\/#\\\/schema\\\/person\\\/3aa4f8d2373cf756d93a5526bc72f31b\"},\"headline\":\"Eduardo Buz\u00f3n regresa a nuestra cuadra\",\"datePublished\":\"2013-09-09T08:32:29+00:00\",\"dateModified\":\"2024-02-27T09:22:39+00:00\",\"mainEntityOfPage\":{\"@id\":\"https:\\\/\\\/cuadra-agrado.es\\\/?p=647\"},\"wordCount\":310,\"image\":{\"@id\":\"https:\\\/\\\/cuadra-agrado.es\\\/?p=647#primaryimage\"},\"thumbnailUrl\":\"http:\\\/\\\/s465126685.mialojamiento.es\\\/wp-content\\\/uploads\\\/2014\\\/01\\\/dudu.jpg\",\"articleSection\":[\"Actualidad\"],\"inLanguage\":\"es\"},{\"@type\":\"WebPage\",\"@id\":\"https:\\\/\\\/cuadra-agrado.es\\\/?p=647\",\"url\":\"https:\\\/\\\/cuadra-agrado.es\\\/?p=647\",\"name\":\"Eduardo Buz\u00f3n regresa a nuestra cuadra - Cuadra Agrado\",\"isPartOf\":{\"@id\":\"https:\\\/\\\/cuadra-agrado.es\\\/#website\"},\"primaryImageOfPage\":{\"@id\":\"https:\\\/\\\/cuadra-agrado.es\\\/?p=647#primaryimage\"},\"image\":{\"@id\":\"https:\\\/\\\/cuadra-agrado.es\\\/?p=647#primaryimage\"},\"thumbnailUrl\":\"http:\\\/\\\/s465126685.mialojamiento.es\\\/wp-content\\\/uploads\\\/2014\\\/01\\\/dudu.jpg\",\"datePublished\":\"2013-09-09T08:32:29+00:00\",\"dateModified\":\"2024-02-27T09:22:39+00:00\",\"author\":{\"@id\":\"https:\\\/\\\/cuadra-agrado.es\\\/#\\\/schema\\\/person\\\/3aa4f8d2373cf756d93a5526bc72f31b\"},\"breadcrumb\":{\"@id\":\"https:\\\/\\\/cuadra-agrado.es\\\/?p=647#breadcrumb\"},\"inLanguage\":\"es\",\"potentialAction\":[{\"@type\":\"ReadAction\",\"target\":[\"https:\\\/\\\/cuadra-agrado.es\\\/?p=647\"]}]},{\"@type\":\"ImageObject\",\"inLanguage\":\"es\",\"@id\":\"https:\\\/\\\/cuadra-agrado.es\\\/?p=647#primaryimage\",\"url\":\"http:\\\/\\\/s465126685.mialojamiento.es\\\/wp-content\\\/uploads\\\/2014\\\/01\\\/dudu.jpg\",\"contentUrl\":\"http:\\\/\\\/s465126685.mialojamiento.es\\\/wp-content\\\/uploads\\\/2014\\\/01\\\/dudu.jpg\"},{\"@type\":\"BreadcrumbList\",\"@id\":\"https:\\\/\\\/cuadra-agrado.es\\\/?p=647#breadcrumb\",\"itemListElement\":[{\"@type\":\"ListItem\",\"position\":1,\"name\":\"Portada\",\"item\":\"https:\\\/\\\/cuadra-agrado.es\\\/\"},{\"@type\":\"ListItem\",\"position\":2,\"name\":\"Eduardo Buz\u00f3n regresa a nuestra cuadra\"}]},{\"@type\":\"WebSite\",\"@id\":\"https:\\\/\\\/cuadra-agrado.es\\\/#website\",\"url\":\"https:\\\/\\\/cuadra-agrado.es\\\/\",\"name\":\"Cuadra Agrado\",\"description\":\"En el mundo del Turf desde 2008\",\"potentialAction\":[{\"@type\":\"SearchAction\",\"target\":{\"@type\":\"EntryPoint\",\"urlTemplate\":\"https:\\\/\\\/cuadra-agrado.es\\\/?s={search_term_string}\"},\"query-input\":{\"@type\":\"PropertyValueSpecification\",\"valueRequired\":true,\"valueName\":\"search_term_string\"}}],\"inLanguage\":\"es\"},{\"@type\":\"Person\",\"@id\":\"https:\\\/\\\/cuadra-agrado.es\\\/#\\\/schema\\\/person\\\/3aa4f8d2373cf756d93a5526bc72f31b\",\"name\":\"Miguel Redondo\",\"image\":{\"@type\":\"ImageObject\",\"inLanguage\":\"es\",\"@id\":\"https:\\\/\\\/secure.gravatar.com\\\/avatar\\\/85704fceb4fa34017e3c1344d182da00dbf772fb8856ba2b7726a2df926415b4?s=96&d=mm&r=g\",\"url\":\"https:\\\/\\\/secure.gravatar.com\\\/avatar\\\/85704fceb4fa34017e3c1344d182da00dbf772fb8856ba2b7726a2df926415b4?s=96&d=mm&r=g\",\"contentUrl\":\"https:\\\/\\\/secure.gravatar.com\\\/avatar\\\/85704fceb4fa34017e3c1344d182da00dbf772fb8856ba2b7726a2df926415b4?s=96&d=mm&r=g\",\"caption\":\"Miguel Redondo\"},\"sameAs\":[\"https:\\\/\\\/cuadra-agrado.es\"],\"url\":\"https:\\\/\\\/cuadra-agrado.es\\\/?author=5\"}]}<\/script>\n<!-- \/ Yoast SEO plugin. -->","yoast_head_json":{"title":"Eduardo Buz\u00f3n regresa a nuestra cuadra - Cuadra Agrado","robots":{"index":"index","follow":"follow","max-snippet":"max-snippet:-1","max-image-preview":"max-image-preview:large","max-video-preview":"max-video-preview:-1"},"canonical":"https:\/\/cuadra-agrado.es\/?p=647","og_locale":"es_ES","og_type":"article","og_title":"Eduardo Buz\u00f3n regresa a nuestra cuadra - Cuadra Agrado","og_description":"Eduardo Buz\u00f3n, mano derecha de Carlos Laff\u00f3n durante tres a\u00f1os en Chantilly y part\u00edcipe del \u00e9xito en el &#8216;Arco del Triunfo 2012&#8217; donde hizo ganadora a &#8216;Solemia&#8217;, se har\u00e1 cargo de la preparaci\u00f3n a partir del pr\u00f3ximo mes de Octubre de nuestros dos viejos del patio &#8216;Valiant Blue&#8217; y &#8216;Rany\u00e1n&#8217; El acuerdo amistoso por ambas [&hellip;]","og_url":"https:\/\/cuadra-agrado.es\/?p=647","og_site_name":"Cuadra Agrado","article_published_time":"2013-09-09T08:32:29+00:00","article_modified_time":"2024-02-27T09:22:39+00:00","og_image":[{"url":"http:\/\/s465126685.mialojamiento.es\/wp-content\/uploads\/2014\/01\/dudu.jpg","type":"","width":"","height":""}],"author":"Miguel Redondo","twitter_card":"summary_large_image","twitter_creator":"@AGRADOracing","twitter_site":"@AGRADOracing","twitter_misc":{"Escrito por":"Miguel Redondo","Tiempo de lectura":"2 minutos"},"schema":{"@context":"https:\/\/schema.org","@graph":[{"@type":"Article","@id":"https:\/\/cuadra-agrado.es\/?p=647#article","isPartOf":{"@id":"https:\/\/cuadra-agrado.es\/?p=647"},"author":{"name":"Miguel Redondo","@id":"https:\/\/cuadra-agrado.es\/#\/schema\/person\/3aa4f8d2373cf756d93a5526bc72f31b"},"headline":"Eduardo Buz\u00f3n regresa a nuestra cuadra","datePublished":"2013-09-09T08:32:29+00:00","dateModified":"2024-02-27T09:22:39+00:00","mainEntityOfPage":{"@id":"https:\/\/cuadra-agrado.es\/?p=647"},"wordCount":310,"image":{"@id":"https:\/\/cuadra-agrado.es\/?p=647#primaryimage"},"thumbnailUrl":"http:\/\/s465126685.mialojamiento.es\/wp-content\/uploads\/2014\/01\/dudu.jpg","articleSection":["Actualidad"],"inLanguage":"es"},{"@type":"WebPage","@id":"https:\/\/cuadra-agrado.es\/?p=647","url":"https:\/\/cuadra-agrado.es\/?p=647","name":"Eduardo Buz\u00f3n regresa a nuestra cuadra - Cuadra Agrado","isPartOf":{"@id":"https:\/\/cuadra-agrado.es\/#website"},"primaryImageOfPage":{"@id":"https:\/\/cuadra-agrado.es\/?p=647#primaryimage"},"image":{"@id":"https:\/\/cuadra-agrado.es\/?p=647#primaryimage"},"thumbnailUrl":"http:\/\/s465126685.mialojamiento.es\/wp-content\/uploads\/2014\/01\/dudu.jpg","datePublished":"2013-09-09T08:32:29+00:00","dateModified":"2024-02-27T09:22:39+00:00","author":{"@id":"https:\/\/cuadra-agrado.es\/#\/schema\/person\/3aa4f8d2373cf756d93a5526bc72f31b"},"breadcrumb":{"@id":"https:\/\/cuadra-agrado.es\/?p=647#breadcrumb"},"inLanguage":"es","potentialAction":[{"@type":"ReadAction","target":["https:\/\/cuadra-agrado.es\/?p=647"]}]},{"@type":"ImageObject","inLanguage":"es","@id":"https:\/\/cuadra-agrado.es\/?p=647#primaryimage","url":"http:\/\/s465126685.mialojamiento.es\/wp-content\/uploads\/2014\/01\/dudu.jpg","contentUrl":"http:\/\/s465126685.mialojamiento.es\/wp-content\/uploads\/2014\/01\/dudu.jpg"},{"@type":"BreadcrumbList","@id":"https:\/\/cuadra-agrado.es\/?p=647#breadcrumb","itemListElement":[{"@type":"ListItem","position":1,"name":"Portada","item":"https:\/\/cuadra-agrado.es\/"},{"@type":"ListItem","position":2,"name":"Eduardo Buz\u00f3n regresa a nuestra cuadra"}]},{"@type":"WebSite","@id":"https:\/\/cuadra-agrado.es\/#website","url":"https:\/\/cuadra-agrado.es\/","name":"Cuadra Agrado","description":"En el mundo del Turf desde 2008","potentialAction":[{"@type":"SearchAction","target":{"@type":"EntryPoint","urlTemplate":"https:\/\/cuadra-agrado.es\/?s={search_term_string}"},"query-input":{"@type":"PropertyValueSpecification","valueRequired":true,"valueName":"search_term_string"}}],"inLanguage":"es"},{"@type":"Person","@id":"https:\/\/cuadra-agrado.es\/#\/schema\/person\/3aa4f8d2373cf756d93a5526bc72f31b","name":"Miguel Redondo","image":{"@type":"ImageObject","inLanguage":"es","@id":"https:\/\/secure.gravatar.com\/avatar\/85704fceb4fa34017e3c1344d182da00dbf772fb8856ba2b7726a2df926415b4?s=96&d=mm&r=g","url":"https:\/\/secure.gravatar.com\/avatar\/85704fceb4fa34017e3c1344d182da00dbf772fb8856ba2b7726a2df926415b4?s=96&d=mm&r=g","contentUrl":"https:\/\/secure.gravatar.com\/avatar\/85704fceb4fa34017e3c1344d182da00dbf772fb8856ba2b7726a2df926415b4?s=96&d=mm&r=g","caption":"Miguel Redondo"},"sameAs":["https:\/\/cuadra-agrado.es"],"url":"https:\/\/cuadra-agrado.es\/?author=5"}]}},"_links":{"self":[{"href":"https:\/\/cuadra-agrado.es\/index.php?rest_route=\/wp\/v2\/posts\/647","targetHints":{"allow":["GET"]}}],"collection":[{"href":"https:\/\/cuadra-agrado.es\/index.php?rest_route=\/wp\/v2\/posts"}],"about":[{"href":"https:\/\/cuadra-agrado.es\/index.php?rest_route=\/wp\/v2\/types\/post"}],"author":[{"embeddable":true,"href":"https:\/\/cuadra-agrado.es\/index.php?rest_route=\/wp\/v2\/users\/5"}],"replies":[{"embeddable":true,"href":"https:\/\/cuadra-agrado.es\/index.php?rest_route=%2Fwp%2Fv2%2Fcomments&post=647"}],"version-history":[{"count":0,"href":"https:\/\/cuadra-agrado.es\/index.php?rest_route=\/wp\/v2\/posts\/647\/revisions"}],"wp:attachment":[{"href":"https:\/\/cuadra-agrado.es\/index.php?rest_route=%2Fwp%2Fv2%2Fmedia&parent=647"}],"wp:term":[{"taxonomy":"category","embeddable":true,"href":"https:\/\/cuadra-agrado.es\/index.php?rest_route=%2Fwp%2Fv2%2Fcategories&post=647"},{"taxonomy":"post_tag","embeddable":true,"href":"https:\/\/cuadra-agrado.es\/index.php?rest_route=%2Fwp%2Fv2%2Ftags&post=647"}],"curies":[{"name":"wp","href":"https:\/\/api.w.org\/{rel}","templated":true}]}}