{"id":6075,"date":"2020-03-12T10:25:11","date_gmt":"2020-03-12T09:25:11","guid":{"rendered":"https:\/\/cuadra-agrado.es\/?p=6075"},"modified":"2024-02-27T09:15:09","modified_gmt":"2024-02-27T09:15:09","slug":"covid-19-el-nuevo-virus-que-paraliza-nuestro-turf","status":"publish","type":"post","link":"https:\/\/cuadra-agrado.es\/?p=6075","title":{"rendered":"COVID-19, el nuevo \u201cvirus\u201d que paraliza nuestro turf"},"content":{"rendered":"\n<figure class=\"wp-block-gallery columns-0 is-cropped wp-block-gallery-1 is-layout-flex wp-block-gallery-is-layout-flex\"><\/figure>\n\n\n\n<p>El sufrimiento y la angustia vuelve a rondar a nuestro debilitado turf con la declaraci\u00f3n oficial de pandemia por parte de la OMS causado por el \u201ccoronavirus-COVID-19\u201d, y que parece tomar un perfil m\u00e1s pol\u00edtico que t\u00e9cnico. Esta decisi\u00f3n ha creado una alarma social mundial que cobrar\u00e1 con el tiempo un caro peaje en la sociedad y la econom\u00eda y que desgraciadamente ya estamos viviendo en nuestro entorno. Nuestros responsables gubernamentales deben ser precavidos con sus decisiones para encontrar el equilibrio entre proteger la salud y minimizar el trastorno econ\u00f3mico y social y todo parece indicar que hasta la fecha, no han sido capaces de encontrar ese necesario equilibrio.<br \/>Ayer, tras mantener unas primeras reuniones con las diferentes Asociaciones del entorno de nuestro turf donde claramente se consensu\u00f3 la necesidad de continuar con nuestra competici\u00f3n a puerta cerrada, hubo una posterior reuni\u00f3n con SEPI donde a nuestro Presidente, \u00c1lvaro Gutierrez De la Fuente, le comunicaron directrices a seguir. A \u00faltima hora de la tarde en un comunicado oficial por parte del Hip\u00f3dromo de la Zarzuela de Madrid confirmaba el aplazamiento de las dos pr\u00f3ximas jornadas de primavera, con las l\u00f3gicas dudas que hacen pensar que podr\u00edan no ser las \u00fanicas por causas de un considerable aumento de contagios en nuestro pa\u00eds.<\/p>\n\n\n\n<p>La situaci\u00f3n es cr\u00edtica a nivel global a todos los pa\u00edses afectados y debemos ser responsables y tratar de cumplir con todos los requerimientos que vengan por parte de las Instituciones sanitarias, Administraci\u00f3n central y gobiernos auton\u00f3micos para que la pandemia pueda ser debidamente controlada.<\/p>\n\n\n\n<p>Dicho esto, el comunicado oficial de nuestro Hip\u00f3dromo en paralizar puntalmente la competici\u00f3n alegando motivos de riesgo de contagio carece de ese total sentido de equilibrio entre proteger la salud y minimizar el trastorno econ\u00f3mico y social, si tenemos en cuenta que ese mismo riesgo de los domingos existe diariamente en el centro de entrenamiento. Si existe riesgo de propagaci\u00f3n del virus un domingo de carreras a puerta cerrada con solamente el personal m\u00ednimo y profesionales debidamente acreditados y controlados, tambi\u00e9n existe el mismo riesgo hoy, ma\u00f1ana o pasado con la rutina diaria de entrenamiento. Asumimos las decisiones tomadas de aplazamiento, pero no podemos compartir los motivos alegados que vuelven a tener un perfil m\u00e1s pol\u00edtico que t\u00e9cnico.<\/p>\n\n\n\n<p>Sinceramente, creemos que el tiempo de estabilidad del virus se demorar\u00e1 mucho m\u00e1s tiempo que los pr\u00f3ximos 15 d\u00edas. Es l\u00f3gico pensar que si en Italia hace 15 d\u00edas estaban exactamente igual que nosotros en la actualidad, y la situaci\u00f3n ahora en el pa\u00eds transalpino es casi de \u201cestado de sitio\u201d, a\u00fan nos quedar\u00eda pasar un tiempo adicional para llegar al mismo ciclo. Si esto se confirmara, la situaci\u00f3n para nuestro turf ser\u00eda cr\u00edtica ya que habr\u00eda que paralizar tambi\u00e9n el Centro de entrenamiento y esto supondr\u00eda unas perdidas casi irreparables para nuestros profesionales que de un d\u00eda para otro se ver\u00edan sin caballos, sin trabajo y, por ende, sin ingresos.<\/p>\n\n\n\n<p>Por nuestra parte, mantendremos la calma hasta final de semana para tomar una decisi\u00f3n sobre el inminente futuro de nuestros caballos en competici\u00f3n. En el caso de que la pandemia se siguiera multiplicando exponencialmente en los pr\u00f3ximos d\u00edas, muy posiblemente tomar\u00edamos la dolorosa decisi\u00f3n de evacuar a todos nuestros efectivos de vuelta a la yeguada hasta que la situaci\u00f3n volviera a tomar s\u00edntomas de estabilizaci\u00f3n. Queremos enviar todos nuestros \u00e1nimos a todos los profesionales de nuestro sector en la confianza que finalmente este desgraciado virus pueda ser erradicado en el menor tiempo posible. De la misma forma, tambi\u00e9n nos gustar\u00eda promover y consensuar la posibilidad de defender nuevamente los motivos por parte de nuestro Presidente ante la SEPI, para tratar de hacerles llegar un plan de viabilidad y seguridad con la intenci\u00f3n de celebrar las jornadas a puerta cerrada. Mucho \u00e1nimo para todos y confiemos que nuestros dirigentes pol\u00edticos puedan encontrar ese equilibrio y sentido com\u00fan para paliar esta enorme crisis global sanitaria.<\/p>\n<!-- AddThis Advanced Settings generic via filter on the_content --><!-- AddThis Share Buttons generic via filter on the_content -->","protected":false},"excerpt":{"rendered":"<p>El sufrimiento y la angustia vuelve a rondar a nuestro debilitado turf con la declaraci\u00f3n oficial de pandemia por parte de la OMS causado por el \u201ccoronavirus-COVID-19\u201d, y que parece tomar un perfil m\u00e1s pol\u00edtico que t\u00e9cnico. Esta decisi\u00f3n ha creado una alarma social mundial que cobrar\u00e1 con el tiempo un caro peaje en la [&hellip;]<!-- AddThis Advanced Settings generic via filter on get_the_excerpt --><!-- AddThis Share Buttons generic via filter on get_the_excerpt --><\/p>\n","protected":false},"author":5,"featured_media":6369,"comment_status":"closed","ping_status":"closed","sticky":false,"template":"","format":"standard","meta":{"_acf_changed":false,"_et_pb_use_builder":"","_et_pb_old_content":"","_et_gb_content_width":"","footnotes":""},"categories":[3],"tags":[],"class_list":["post-6075","post","type-post","status-publish","format-standard","has-post-thumbnail","hentry","category-noticias-cuadra-agrado"],"acf":[],"yoast_head":"<!-- This site is optimized with the Yoast SEO plugin v27.4 - https:\/\/yoast.com\/product\/yoast-seo-wordpress\/ -->\n<title>COVID-19, el nuevo \u201cvirus\u201d que paraliza nuestro turf - Cuadra Agrado<\/title>\n<meta name=\"robots\" content=\"index, follow, max-snippet:-1, max-image-preview:large, max-video-preview:-1\" \/>\n<link rel=\"canonical\" href=\"https:\/\/cuadra-agrado.es\/?p=6075\" \/>\n<meta property=\"og:locale\" content=\"es_ES\" \/>\n<meta property=\"og:type\" content=\"article\" \/>\n<meta property=\"og:title\" content=\"COVID-19, el nuevo \u201cvirus\u201d que paraliza nuestro turf - Cuadra Agrado\" \/>\n<meta property=\"og:description\" content=\"El sufrimiento y la angustia vuelve a rondar a nuestro debilitado turf con la declaraci\u00f3n oficial de pandemia por parte de la OMS causado por el \u201ccoronavirus-COVID-19\u201d, y que parece tomar un perfil m\u00e1s pol\u00edtico que t\u00e9cnico. Esta decisi\u00f3n ha creado una alarma social mundial que cobrar\u00e1 con el tiempo un caro peaje en la [&hellip;]\" \/>\n<meta property=\"og:url\" content=\"https:\/\/cuadra-agrado.es\/?p=6075\" \/>\n<meta property=\"og:site_name\" content=\"Cuadra Agrado\" \/>\n<meta property=\"article:published_time\" content=\"2020-03-12T09:25:11+00:00\" \/>\n<meta property=\"article:modified_time\" content=\"2024-02-27T09:15:09+00:00\" \/>\n<meta property=\"og:image\" content=\"https:\/\/cuadra-agrado.es\/wp-content\/uploads\/2020\/03\/covid19-1-1.jpg\" \/>\n\t<meta property=\"og:image:width\" content=\"632\" \/>\n\t<meta property=\"og:image:height\" content=\"407\" \/>\n\t<meta property=\"og:image:type\" content=\"image\/jpeg\" \/>\n<meta name=\"author\" content=\"Miguel Redondo\" \/>\n<meta name=\"twitter:card\" content=\"summary_large_image\" \/>\n<meta name=\"twitter:creator\" content=\"@AGRADOracing\" \/>\n<meta name=\"twitter:site\" content=\"@AGRADOracing\" \/>\n<meta name=\"twitter:label1\" content=\"Escrito por\" \/>\n\t<meta name=\"twitter:data1\" content=\"Miguel Redondo\" \/>\n\t<meta name=\"twitter:label2\" content=\"Tiempo de lectura\" \/>\n\t<meta name=\"twitter:data2\" content=\"4 minutos\" \/>\n<script type=\"application\/ld+json\" class=\"yoast-schema-graph\">{\"@context\":\"https:\\\/\\\/schema.org\",\"@graph\":[{\"@type\":\"Article\",\"@id\":\"https:\\\/\\\/cuadra-agrado.es\\\/?p=6075#article\",\"isPartOf\":{\"@id\":\"https:\\\/\\\/cuadra-agrado.es\\\/?p=6075\"},\"author\":{\"name\":\"Miguel Redondo\",\"@id\":\"https:\\\/\\\/cuadra-agrado.es\\\/#\\\/schema\\\/person\\\/3aa4f8d2373cf756d93a5526bc72f31b\"},\"headline\":\"COVID-19, el nuevo \u201cvirus\u201d que paraliza nuestro turf\",\"datePublished\":\"2020-03-12T09:25:11+00:00\",\"dateModified\":\"2024-02-27T09:15:09+00:00\",\"mainEntityOfPage\":{\"@id\":\"https:\\\/\\\/cuadra-agrado.es\\\/?p=6075\"},\"wordCount\":714,\"image\":{\"@id\":\"https:\\\/\\\/cuadra-agrado.es\\\/?p=6075#primaryimage\"},\"thumbnailUrl\":\"https:\\\/\\\/cuadra-agrado.es\\\/wp-content\\\/uploads\\\/2020\\\/03\\\/covid19-1-1.jpg\",\"articleSection\":[\"Actualidad\"],\"inLanguage\":\"es\"},{\"@type\":\"WebPage\",\"@id\":\"https:\\\/\\\/cuadra-agrado.es\\\/?p=6075\",\"url\":\"https:\\\/\\\/cuadra-agrado.es\\\/?p=6075\",\"name\":\"COVID-19, el nuevo \u201cvirus\u201d que paraliza nuestro turf - Cuadra Agrado\",\"isPartOf\":{\"@id\":\"https:\\\/\\\/cuadra-agrado.es\\\/#website\"},\"primaryImageOfPage\":{\"@id\":\"https:\\\/\\\/cuadra-agrado.es\\\/?p=6075#primaryimage\"},\"image\":{\"@id\":\"https:\\\/\\\/cuadra-agrado.es\\\/?p=6075#primaryimage\"},\"thumbnailUrl\":\"https:\\\/\\\/cuadra-agrado.es\\\/wp-content\\\/uploads\\\/2020\\\/03\\\/covid19-1-1.jpg\",\"datePublished\":\"2020-03-12T09:25:11+00:00\",\"dateModified\":\"2024-02-27T09:15:09+00:00\",\"author\":{\"@id\":\"https:\\\/\\\/cuadra-agrado.es\\\/#\\\/schema\\\/person\\\/3aa4f8d2373cf756d93a5526bc72f31b\"},\"breadcrumb\":{\"@id\":\"https:\\\/\\\/cuadra-agrado.es\\\/?p=6075#breadcrumb\"},\"inLanguage\":\"es\",\"potentialAction\":[{\"@type\":\"ReadAction\",\"target\":[\"https:\\\/\\\/cuadra-agrado.es\\\/?p=6075\"]}]},{\"@type\":\"ImageObject\",\"inLanguage\":\"es\",\"@id\":\"https:\\\/\\\/cuadra-agrado.es\\\/?p=6075#primaryimage\",\"url\":\"https:\\\/\\\/cuadra-agrado.es\\\/wp-content\\\/uploads\\\/2020\\\/03\\\/covid19-1-1.jpg\",\"contentUrl\":\"https:\\\/\\\/cuadra-agrado.es\\\/wp-content\\\/uploads\\\/2020\\\/03\\\/covid19-1-1.jpg\",\"width\":632,\"height\":407},{\"@type\":\"BreadcrumbList\",\"@id\":\"https:\\\/\\\/cuadra-agrado.es\\\/?p=6075#breadcrumb\",\"itemListElement\":[{\"@type\":\"ListItem\",\"position\":1,\"name\":\"Portada\",\"item\":\"https:\\\/\\\/cuadra-agrado.es\\\/\"},{\"@type\":\"ListItem\",\"position\":2,\"name\":\"COVID-19, el nuevo \u201cvirus\u201d que paraliza nuestro turf\"}]},{\"@type\":\"WebSite\",\"@id\":\"https:\\\/\\\/cuadra-agrado.es\\\/#website\",\"url\":\"https:\\\/\\\/cuadra-agrado.es\\\/\",\"name\":\"Cuadra Agrado\",\"description\":\"En el mundo del Turf desde 2008\",\"potentialAction\":[{\"@type\":\"SearchAction\",\"target\":{\"@type\":\"EntryPoint\",\"urlTemplate\":\"https:\\\/\\\/cuadra-agrado.es\\\/?s={search_term_string}\"},\"query-input\":{\"@type\":\"PropertyValueSpecification\",\"valueRequired\":true,\"valueName\":\"search_term_string\"}}],\"inLanguage\":\"es\"},{\"@type\":\"Person\",\"@id\":\"https:\\\/\\\/cuadra-agrado.es\\\/#\\\/schema\\\/person\\\/3aa4f8d2373cf756d93a5526bc72f31b\",\"name\":\"Miguel Redondo\",\"image\":{\"@type\":\"ImageObject\",\"inLanguage\":\"es\",\"@id\":\"https:\\\/\\\/secure.gravatar.com\\\/avatar\\\/85704fceb4fa34017e3c1344d182da00dbf772fb8856ba2b7726a2df926415b4?s=96&d=mm&r=g\",\"url\":\"https:\\\/\\\/secure.gravatar.com\\\/avatar\\\/85704fceb4fa34017e3c1344d182da00dbf772fb8856ba2b7726a2df926415b4?s=96&d=mm&r=g\",\"contentUrl\":\"https:\\\/\\\/secure.gravatar.com\\\/avatar\\\/85704fceb4fa34017e3c1344d182da00dbf772fb8856ba2b7726a2df926415b4?s=96&d=mm&r=g\",\"caption\":\"Miguel Redondo\"},\"sameAs\":[\"https:\\\/\\\/cuadra-agrado.es\"],\"url\":\"https:\\\/\\\/cuadra-agrado.es\\\/?author=5\"}]}<\/script>\n<!-- \/ Yoast SEO plugin. -->","yoast_head_json":{"title":"COVID-19, el nuevo \u201cvirus\u201d que paraliza nuestro turf - Cuadra Agrado","robots":{"index":"index","follow":"follow","max-snippet":"max-snippet:-1","max-image-preview":"max-image-preview:large","max-video-preview":"max-video-preview:-1"},"canonical":"https:\/\/cuadra-agrado.es\/?p=6075","og_locale":"es_ES","og_type":"article","og_title":"COVID-19, el nuevo \u201cvirus\u201d que paraliza nuestro turf - Cuadra Agrado","og_description":"El sufrimiento y la angustia vuelve a rondar a nuestro debilitado turf con la declaraci\u00f3n oficial de pandemia por parte de la OMS causado por el \u201ccoronavirus-COVID-19\u201d, y que parece tomar un perfil m\u00e1s pol\u00edtico que t\u00e9cnico. Esta decisi\u00f3n ha creado una alarma social mundial que cobrar\u00e1 con el tiempo un caro peaje en la [&hellip;]","og_url":"https:\/\/cuadra-agrado.es\/?p=6075","og_site_name":"Cuadra Agrado","article_published_time":"2020-03-12T09:25:11+00:00","article_modified_time":"2024-02-27T09:15:09+00:00","og_image":[{"width":632,"height":407,"url":"https:\/\/cuadra-agrado.es\/wp-content\/uploads\/2020\/03\/covid19-1-1.jpg","type":"image\/jpeg"}],"author":"Miguel Redondo","twitter_card":"summary_large_image","twitter_creator":"@AGRADOracing","twitter_site":"@AGRADOracing","twitter_misc":{"Escrito por":"Miguel Redondo","Tiempo de lectura":"4 minutos"},"schema":{"@context":"https:\/\/schema.org","@graph":[{"@type":"Article","@id":"https:\/\/cuadra-agrado.es\/?p=6075#article","isPartOf":{"@id":"https:\/\/cuadra-agrado.es\/?p=6075"},"author":{"name":"Miguel Redondo","@id":"https:\/\/cuadra-agrado.es\/#\/schema\/person\/3aa4f8d2373cf756d93a5526bc72f31b"},"headline":"COVID-19, el nuevo \u201cvirus\u201d que paraliza nuestro turf","datePublished":"2020-03-12T09:25:11+00:00","dateModified":"2024-02-27T09:15:09+00:00","mainEntityOfPage":{"@id":"https:\/\/cuadra-agrado.es\/?p=6075"},"wordCount":714,"image":{"@id":"https:\/\/cuadra-agrado.es\/?p=6075#primaryimage"},"thumbnailUrl":"https:\/\/cuadra-agrado.es\/wp-content\/uploads\/2020\/03\/covid19-1-1.jpg","articleSection":["Actualidad"],"inLanguage":"es"},{"@type":"WebPage","@id":"https:\/\/cuadra-agrado.es\/?p=6075","url":"https:\/\/cuadra-agrado.es\/?p=6075","name":"COVID-19, el nuevo \u201cvirus\u201d que paraliza nuestro turf - Cuadra Agrado","isPartOf":{"@id":"https:\/\/cuadra-agrado.es\/#website"},"primaryImageOfPage":{"@id":"https:\/\/cuadra-agrado.es\/?p=6075#primaryimage"},"image":{"@id":"https:\/\/cuadra-agrado.es\/?p=6075#primaryimage"},"thumbnailUrl":"https:\/\/cuadra-agrado.es\/wp-content\/uploads\/2020\/03\/covid19-1-1.jpg","datePublished":"2020-03-12T09:25:11+00:00","dateModified":"2024-02-27T09:15:09+00:00","author":{"@id":"https:\/\/cuadra-agrado.es\/#\/schema\/person\/3aa4f8d2373cf756d93a5526bc72f31b"},"breadcrumb":{"@id":"https:\/\/cuadra-agrado.es\/?p=6075#breadcrumb"},"inLanguage":"es","potentialAction":[{"@type":"ReadAction","target":["https:\/\/cuadra-agrado.es\/?p=6075"]}]},{"@type":"ImageObject","inLanguage":"es","@id":"https:\/\/cuadra-agrado.es\/?p=6075#primaryimage","url":"https:\/\/cuadra-agrado.es\/wp-content\/uploads\/2020\/03\/covid19-1-1.jpg","contentUrl":"https:\/\/cuadra-agrado.es\/wp-content\/uploads\/2020\/03\/covid19-1-1.jpg","width":632,"height":407},{"@type":"BreadcrumbList","@id":"https:\/\/cuadra-agrado.es\/?p=6075#breadcrumb","itemListElement":[{"@type":"ListItem","position":1,"name":"Portada","item":"https:\/\/cuadra-agrado.es\/"},{"@type":"ListItem","position":2,"name":"COVID-19, el nuevo \u201cvirus\u201d que paraliza nuestro turf"}]},{"@type":"WebSite","@id":"https:\/\/cuadra-agrado.es\/#website","url":"https:\/\/cuadra-agrado.es\/","name":"Cuadra Agrado","description":"En el mundo del Turf desde 2008","potentialAction":[{"@type":"SearchAction","target":{"@type":"EntryPoint","urlTemplate":"https:\/\/cuadra-agrado.es\/?s={search_term_string}"},"query-input":{"@type":"PropertyValueSpecification","valueRequired":true,"valueName":"search_term_string"}}],"inLanguage":"es"},{"@type":"Person","@id":"https:\/\/cuadra-agrado.es\/#\/schema\/person\/3aa4f8d2373cf756d93a5526bc72f31b","name":"Miguel Redondo","image":{"@type":"ImageObject","inLanguage":"es","@id":"https:\/\/secure.gravatar.com\/avatar\/85704fceb4fa34017e3c1344d182da00dbf772fb8856ba2b7726a2df926415b4?s=96&d=mm&r=g","url":"https:\/\/secure.gravatar.com\/avatar\/85704fceb4fa34017e3c1344d182da00dbf772fb8856ba2b7726a2df926415b4?s=96&d=mm&r=g","contentUrl":"https:\/\/secure.gravatar.com\/avatar\/85704fceb4fa34017e3c1344d182da00dbf772fb8856ba2b7726a2df926415b4?s=96&d=mm&r=g","caption":"Miguel Redondo"},"sameAs":["https:\/\/cuadra-agrado.es"],"url":"https:\/\/cuadra-agrado.es\/?author=5"}]}},"_links":{"self":[{"href":"https:\/\/cuadra-agrado.es\/index.php?rest_route=\/wp\/v2\/posts\/6075","targetHints":{"allow":["GET"]}}],"collection":[{"href":"https:\/\/cuadra-agrado.es\/index.php?rest_route=\/wp\/v2\/posts"}],"about":[{"href":"https:\/\/cuadra-agrado.es\/index.php?rest_route=\/wp\/v2\/types\/post"}],"author":[{"embeddable":true,"href":"https:\/\/cuadra-agrado.es\/index.php?rest_route=\/wp\/v2\/users\/5"}],"replies":[{"embeddable":true,"href":"https:\/\/cuadra-agrado.es\/index.php?rest_route=%2Fwp%2Fv2%2Fcomments&post=6075"}],"version-history":[{"count":0,"href":"https:\/\/cuadra-agrado.es\/index.php?rest_route=\/wp\/v2\/posts\/6075\/revisions"}],"wp:featuredmedia":[{"embeddable":true,"href":"https:\/\/cuadra-agrado.es\/index.php?rest_route=\/wp\/v2\/media\/6369"}],"wp:attachment":[{"href":"https:\/\/cuadra-agrado.es\/index.php?rest_route=%2Fwp%2Fv2%2Fmedia&parent=6075"}],"wp:term":[{"taxonomy":"category","embeddable":true,"href":"https:\/\/cuadra-agrado.es\/index.php?rest_route=%2Fwp%2Fv2%2Fcategories&post=6075"},{"taxonomy":"post_tag","embeddable":true,"href":"https:\/\/cuadra-agrado.es\/index.php?rest_route=%2Fwp%2Fv2%2Ftags&post=6075"}],"curies":[{"name":"wp","href":"https:\/\/api.w.org\/{rel}","templated":true}]}}