{"id":5829,"date":"2020-02-25T08:51:33","date_gmt":"2020-02-25T07:51:33","guid":{"rendered":"https:\/\/cuadra-agrado.es\/?p=5829"},"modified":"2024-02-27T09:15:11","modified_gmt":"2024-02-27T09:15:11","slug":"powerful-sole-estrena-la-temporada","status":"publish","type":"post","link":"https:\/\/cuadra-agrado.es\/?p=5829","title":{"rendered":"Powerful Sole estrena nuestra temporada 2020"},"content":{"rendered":"\n<figure class=\"wp-block-gallery columns-0 is-cropped wp-block-gallery-1 is-layout-flex wp-block-gallery-is-layout-flex\"><\/figure>\n\n\n\n<p><strong>\u201cPowerful Sole\u201d<\/strong> ser\u00e1 nuestro protagonista para inaugurar 2020 este pr\u00f3ximo domingo en el Hip\u00f3dromo de la Zarzuela de Madrid, que reabre sus puertas en esta primera jornada de la temporada primaveral.<\/p>\n\n\n\n<p>Bajo las nuevas \u00f3rdenes de Eduardo Buz\u00f3n, el caballo ya en \u201cmodo adulto\u201d, disputar\u00e1 el \u201cPremio Mart\u00edn Dominguez\u201d sobre distancia de 1.100 metros en l\u00ednea recta ante un lote de nueve participantes, donde a falta del partant definitivo, cabe destacar al ejemplar de mayor valor del lote <strong>\u201cAngel Down\u201d<\/strong>, cuyo valor 40 contrastado parece ser\u00e1 m\u00e1s que suficiente como para liderar gran parte del favoritismo en taquillas, aunque personalmente nos guste mucho m\u00e1s sobre un metraje algo mayor donde parece ofrecer su mejor valor. Su penalizaci\u00f3n de dos kilos podr\u00eda ser tambi\u00e9n otro h\u00e1ndicap negativo en esta primera prueba de velocidad de la temporada. Cabe destacar del resto del lote otros tres ejemplares que muy posiblemente lucharan por esa primera victoria de la temporada en l\u00ednea recta. Son el caso de los dos pensionistas de JC. Cerqueira; <strong>\u201cBenijo\u00b4s Brave\u201d<\/strong> y <strong>\u201cSo Hi Storm\u201d<\/strong>. El primero tuvo muchos y buenos apuntes en su edad cl\u00e1sica y bien pudiera mantener un nivel ascendente en esta temporada adulta. El segundo es un caballo que se mueve muy bien en estas distancias y que depender\u00e1 de su actual forma sin pasar por el invierno de Dos Hermanas. El tercer rival que bien pudiera dar una sorpresa a los de edad es el \u00fanico tres a\u00f1os de la prueba; <strong>\u201cStreaker\u201d<\/strong>, que viene de Dos Hermanas de ganar una y en la gemela en la otra en sus dos \u00fanicas actuaciones en Espa\u00f1a despu\u00e9s de que Oscar Anaya se hiciera con sus servicios el pasado noviembre desde Inglaterra. No es la mejor \u00e9poca para enfrentarse a los viejos, pero la diferencia en plomo y la actual forma ya rodado seguro ayudar\u00e1n.<\/p>\n\n\n\n<p>Con respecto a <strong>\u201cPowerful\u201d<\/strong>, la nueva preparaci\u00f3n comienza a conocerlo poco a poco y sus trabajos son suficientemente satisfactorios como para comenzar su nueva temporada. Llega algo falto de trabajos debido a su reciente castraci\u00f3n el pasado diciembre. Su aclimataci\u00f3n al nuevo flujo de testosterona, nuevo patio y nuevos m\u00e9todos de trabajo nos dejan l\u00f3gicas dudas de su rendimiento en esta reaparici\u00f3n despu\u00e9s de m\u00e1s de cuatro meses alejado de las pistas, pero no tenemos ninguna duda que es un caballo que ha demostrado buen valor, y ante este lote sin \u201ccocos\u201d de alto nivel, deber\u00eda tener cabida para luchar un tr\u00edo que podr\u00eda estar en su mano si la carrera se desarrolla sin contratiempos. Partir\u00e1 de cajones con 57,5 kilos al no tener recargo en carrera y aprovecharnos adem\u00e1s de los dos kilos de descargo que nos concede \u201cIgnacio Melgarejo\u201d como joven Jockey que volver\u00e1 a enfundarse nuestra chaquetilla en esta primera carrera del a\u00f1o. Sin duda, este liviano peso con respecto a un lote homog\u00e9neo y las buenas cualidades del joven sevillano podr\u00eda compensar esa falta de tono muscular que a\u00fan no ha cogido nuestro hijo de \u00abSir Percy\u00bb.<\/p>\n\n\n\n<p><strong>\u201cPowerful\u201d <\/strong>ser\u00e1 por tanto el punto de partida en la vuelta de Eduardo Buz\u00f3n a nuestro turf despu\u00e9s de m\u00e1s de tres a\u00f1os en Marruecos demostrando su enorme val\u00eda como profesional, y es por ello por lo que le deseamos toda la suerte que merece con este primer efectivo que pone en marcha con la ilusi\u00f3n de volverse a ganar esa siempre dif\u00edcil confianza que demanda nuestra competici\u00f3n.<\/p>\n\n\n\n<p>Mucha suerte equipo!!!<\/p>\n<!-- AddThis Advanced Settings generic via filter on the_content --><!-- AddThis Share Buttons generic via filter on the_content -->","protected":false},"excerpt":{"rendered":"<p>\u201cPowerful Sole\u201d ser\u00e1 nuestro protagonista para inaugurar 2020 este pr\u00f3ximo domingo en el Hip\u00f3dromo de la Zarzuela de Madrid, que reabre sus puertas en esta primera jornada de la temporada primaveral. Bajo las nuevas \u00f3rdenes de Eduardo Buz\u00f3n, el caballo ya en \u201cmodo adulto\u201d, disputar\u00e1 el \u201cPremio Mart\u00edn Dominguez\u201d sobre distancia de 1.100 metros en [&hellip;]<!-- AddThis Advanced Settings generic via filter on get_the_excerpt --><!-- AddThis Share Buttons generic via filter on get_the_excerpt --><\/p>\n","protected":false},"author":5,"featured_media":1961,"comment_status":"closed","ping_status":"closed","sticky":false,"template":"","format":"standard","meta":{"_acf_changed":false,"_et_pb_use_builder":"","_et_pb_old_content":"","_et_gb_content_width":"","footnotes":""},"categories":[3],"tags":[],"class_list":["post-5829","post","type-post","status-publish","format-standard","has-post-thumbnail","hentry","category-noticias-cuadra-agrado"],"acf":[],"yoast_head":"<!-- This site is optimized with the Yoast SEO plugin v27.4 - https:\/\/yoast.com\/product\/yoast-seo-wordpress\/ -->\n<title>Powerful Sole estrena nuestra temporada 2020 - Cuadra Agrado<\/title>\n<meta name=\"robots\" content=\"index, follow, max-snippet:-1, max-image-preview:large, max-video-preview:-1\" \/>\n<link rel=\"canonical\" href=\"https:\/\/cuadra-agrado.es\/?p=5829\" \/>\n<meta property=\"og:locale\" content=\"es_ES\" \/>\n<meta property=\"og:type\" content=\"article\" \/>\n<meta property=\"og:title\" content=\"Powerful Sole estrena nuestra temporada 2020 - Cuadra Agrado\" \/>\n<meta property=\"og:description\" content=\"\u201cPowerful Sole\u201d ser\u00e1 nuestro protagonista para inaugurar 2020 este pr\u00f3ximo domingo en el Hip\u00f3dromo de la Zarzuela de Madrid, que reabre sus puertas en esta primera jornada de la temporada primaveral. Bajo las nuevas \u00f3rdenes de Eduardo Buz\u00f3n, el caballo ya en \u201cmodo adulto\u201d, disputar\u00e1 el \u201cPremio Mart\u00edn Dominguez\u201d sobre distancia de 1.100 metros en [&hellip;]\" \/>\n<meta property=\"og:url\" content=\"https:\/\/cuadra-agrado.es\/?p=5829\" \/>\n<meta property=\"og:site_name\" content=\"Cuadra Agrado\" \/>\n<meta property=\"article:published_time\" content=\"2020-02-25T07:51:33+00:00\" \/>\n<meta property=\"article:modified_time\" content=\"2024-02-27T09:15:11+00:00\" \/>\n<meta property=\"og:image\" content=\"https:\/\/cuadra-agrado.es\/wp-content\/uploads\/2015\/11\/parisien-blue-1-1.jpg\" \/>\n\t<meta property=\"og:image:width\" content=\"1024\" \/>\n\t<meta property=\"og:image:height\" content=\"816\" \/>\n\t<meta property=\"og:image:type\" content=\"image\/jpeg\" \/>\n<meta name=\"author\" content=\"Miguel Redondo\" \/>\n<meta name=\"twitter:card\" content=\"summary_large_image\" \/>\n<meta name=\"twitter:creator\" content=\"@AGRADOracing\" \/>\n<meta name=\"twitter:site\" content=\"@AGRADOracing\" \/>\n<meta name=\"twitter:label1\" content=\"Escrito por\" \/>\n\t<meta name=\"twitter:data1\" content=\"Miguel Redondo\" \/>\n\t<meta name=\"twitter:label2\" content=\"Tiempo de lectura\" \/>\n\t<meta name=\"twitter:data2\" content=\"3 minutos\" \/>\n<script type=\"application\/ld+json\" class=\"yoast-schema-graph\">{\"@context\":\"https:\\\/\\\/schema.org\",\"@graph\":[{\"@type\":\"Article\",\"@id\":\"https:\\\/\\\/cuadra-agrado.es\\\/?p=5829#article\",\"isPartOf\":{\"@id\":\"https:\\\/\\\/cuadra-agrado.es\\\/?p=5829\"},\"author\":{\"name\":\"Miguel Redondo\",\"@id\":\"https:\\\/\\\/cuadra-agrado.es\\\/#\\\/schema\\\/person\\\/3aa4f8d2373cf756d93a5526bc72f31b\"},\"headline\":\"Powerful Sole estrena nuestra temporada 2020\",\"datePublished\":\"2020-02-25T07:51:33+00:00\",\"dateModified\":\"2024-02-27T09:15:11+00:00\",\"mainEntityOfPage\":{\"@id\":\"https:\\\/\\\/cuadra-agrado.es\\\/?p=5829\"},\"wordCount\":611,\"image\":{\"@id\":\"https:\\\/\\\/cuadra-agrado.es\\\/?p=5829#primaryimage\"},\"thumbnailUrl\":\"https:\\\/\\\/cuadra-agrado.es\\\/wp-content\\\/uploads\\\/2015\\\/11\\\/parisien-blue-1-1.jpg\",\"articleSection\":[\"Actualidad\"],\"inLanguage\":\"es\"},{\"@type\":\"WebPage\",\"@id\":\"https:\\\/\\\/cuadra-agrado.es\\\/?p=5829\",\"url\":\"https:\\\/\\\/cuadra-agrado.es\\\/?p=5829\",\"name\":\"Powerful Sole estrena nuestra temporada 2020 - Cuadra Agrado\",\"isPartOf\":{\"@id\":\"https:\\\/\\\/cuadra-agrado.es\\\/#website\"},\"primaryImageOfPage\":{\"@id\":\"https:\\\/\\\/cuadra-agrado.es\\\/?p=5829#primaryimage\"},\"image\":{\"@id\":\"https:\\\/\\\/cuadra-agrado.es\\\/?p=5829#primaryimage\"},\"thumbnailUrl\":\"https:\\\/\\\/cuadra-agrado.es\\\/wp-content\\\/uploads\\\/2015\\\/11\\\/parisien-blue-1-1.jpg\",\"datePublished\":\"2020-02-25T07:51:33+00:00\",\"dateModified\":\"2024-02-27T09:15:11+00:00\",\"author\":{\"@id\":\"https:\\\/\\\/cuadra-agrado.es\\\/#\\\/schema\\\/person\\\/3aa4f8d2373cf756d93a5526bc72f31b\"},\"breadcrumb\":{\"@id\":\"https:\\\/\\\/cuadra-agrado.es\\\/?p=5829#breadcrumb\"},\"inLanguage\":\"es\",\"potentialAction\":[{\"@type\":\"ReadAction\",\"target\":[\"https:\\\/\\\/cuadra-agrado.es\\\/?p=5829\"]}]},{\"@type\":\"ImageObject\",\"inLanguage\":\"es\",\"@id\":\"https:\\\/\\\/cuadra-agrado.es\\\/?p=5829#primaryimage\",\"url\":\"https:\\\/\\\/cuadra-agrado.es\\\/wp-content\\\/uploads\\\/2015\\\/11\\\/parisien-blue-1-1.jpg\",\"contentUrl\":\"https:\\\/\\\/cuadra-agrado.es\\\/wp-content\\\/uploads\\\/2015\\\/11\\\/parisien-blue-1-1.jpg\",\"width\":1024,\"height\":816},{\"@type\":\"BreadcrumbList\",\"@id\":\"https:\\\/\\\/cuadra-agrado.es\\\/?p=5829#breadcrumb\",\"itemListElement\":[{\"@type\":\"ListItem\",\"position\":1,\"name\":\"Portada\",\"item\":\"https:\\\/\\\/cuadra-agrado.es\\\/\"},{\"@type\":\"ListItem\",\"position\":2,\"name\":\"Powerful Sole estrena nuestra temporada 2020\"}]},{\"@type\":\"WebSite\",\"@id\":\"https:\\\/\\\/cuadra-agrado.es\\\/#website\",\"url\":\"https:\\\/\\\/cuadra-agrado.es\\\/\",\"name\":\"Cuadra Agrado\",\"description\":\"En el mundo del Turf desde 2008\",\"potentialAction\":[{\"@type\":\"SearchAction\",\"target\":{\"@type\":\"EntryPoint\",\"urlTemplate\":\"https:\\\/\\\/cuadra-agrado.es\\\/?s={search_term_string}\"},\"query-input\":{\"@type\":\"PropertyValueSpecification\",\"valueRequired\":true,\"valueName\":\"search_term_string\"}}],\"inLanguage\":\"es\"},{\"@type\":\"Person\",\"@id\":\"https:\\\/\\\/cuadra-agrado.es\\\/#\\\/schema\\\/person\\\/3aa4f8d2373cf756d93a5526bc72f31b\",\"name\":\"Miguel Redondo\",\"image\":{\"@type\":\"ImageObject\",\"inLanguage\":\"es\",\"@id\":\"https:\\\/\\\/secure.gravatar.com\\\/avatar\\\/85704fceb4fa34017e3c1344d182da00dbf772fb8856ba2b7726a2df926415b4?s=96&d=mm&r=g\",\"url\":\"https:\\\/\\\/secure.gravatar.com\\\/avatar\\\/85704fceb4fa34017e3c1344d182da00dbf772fb8856ba2b7726a2df926415b4?s=96&d=mm&r=g\",\"contentUrl\":\"https:\\\/\\\/secure.gravatar.com\\\/avatar\\\/85704fceb4fa34017e3c1344d182da00dbf772fb8856ba2b7726a2df926415b4?s=96&d=mm&r=g\",\"caption\":\"Miguel Redondo\"},\"sameAs\":[\"https:\\\/\\\/cuadra-agrado.es\"],\"url\":\"https:\\\/\\\/cuadra-agrado.es\\\/?author=5\"}]}<\/script>\n<!-- \/ Yoast SEO plugin. -->","yoast_head_json":{"title":"Powerful Sole estrena nuestra temporada 2020 - Cuadra Agrado","robots":{"index":"index","follow":"follow","max-snippet":"max-snippet:-1","max-image-preview":"max-image-preview:large","max-video-preview":"max-video-preview:-1"},"canonical":"https:\/\/cuadra-agrado.es\/?p=5829","og_locale":"es_ES","og_type":"article","og_title":"Powerful Sole estrena nuestra temporada 2020 - Cuadra Agrado","og_description":"\u201cPowerful Sole\u201d ser\u00e1 nuestro protagonista para inaugurar 2020 este pr\u00f3ximo domingo en el Hip\u00f3dromo de la Zarzuela de Madrid, que reabre sus puertas en esta primera jornada de la temporada primaveral. Bajo las nuevas \u00f3rdenes de Eduardo Buz\u00f3n, el caballo ya en \u201cmodo adulto\u201d, disputar\u00e1 el \u201cPremio Mart\u00edn Dominguez\u201d sobre distancia de 1.100 metros en [&hellip;]","og_url":"https:\/\/cuadra-agrado.es\/?p=5829","og_site_name":"Cuadra Agrado","article_published_time":"2020-02-25T07:51:33+00:00","article_modified_time":"2024-02-27T09:15:11+00:00","og_image":[{"width":1024,"height":816,"url":"https:\/\/cuadra-agrado.es\/wp-content\/uploads\/2015\/11\/parisien-blue-1-1.jpg","type":"image\/jpeg"}],"author":"Miguel Redondo","twitter_card":"summary_large_image","twitter_creator":"@AGRADOracing","twitter_site":"@AGRADOracing","twitter_misc":{"Escrito por":"Miguel Redondo","Tiempo de lectura":"3 minutos"},"schema":{"@context":"https:\/\/schema.org","@graph":[{"@type":"Article","@id":"https:\/\/cuadra-agrado.es\/?p=5829#article","isPartOf":{"@id":"https:\/\/cuadra-agrado.es\/?p=5829"},"author":{"name":"Miguel Redondo","@id":"https:\/\/cuadra-agrado.es\/#\/schema\/person\/3aa4f8d2373cf756d93a5526bc72f31b"},"headline":"Powerful Sole estrena nuestra temporada 2020","datePublished":"2020-02-25T07:51:33+00:00","dateModified":"2024-02-27T09:15:11+00:00","mainEntityOfPage":{"@id":"https:\/\/cuadra-agrado.es\/?p=5829"},"wordCount":611,"image":{"@id":"https:\/\/cuadra-agrado.es\/?p=5829#primaryimage"},"thumbnailUrl":"https:\/\/cuadra-agrado.es\/wp-content\/uploads\/2015\/11\/parisien-blue-1-1.jpg","articleSection":["Actualidad"],"inLanguage":"es"},{"@type":"WebPage","@id":"https:\/\/cuadra-agrado.es\/?p=5829","url":"https:\/\/cuadra-agrado.es\/?p=5829","name":"Powerful Sole estrena nuestra temporada 2020 - Cuadra Agrado","isPartOf":{"@id":"https:\/\/cuadra-agrado.es\/#website"},"primaryImageOfPage":{"@id":"https:\/\/cuadra-agrado.es\/?p=5829#primaryimage"},"image":{"@id":"https:\/\/cuadra-agrado.es\/?p=5829#primaryimage"},"thumbnailUrl":"https:\/\/cuadra-agrado.es\/wp-content\/uploads\/2015\/11\/parisien-blue-1-1.jpg","datePublished":"2020-02-25T07:51:33+00:00","dateModified":"2024-02-27T09:15:11+00:00","author":{"@id":"https:\/\/cuadra-agrado.es\/#\/schema\/person\/3aa4f8d2373cf756d93a5526bc72f31b"},"breadcrumb":{"@id":"https:\/\/cuadra-agrado.es\/?p=5829#breadcrumb"},"inLanguage":"es","potentialAction":[{"@type":"ReadAction","target":["https:\/\/cuadra-agrado.es\/?p=5829"]}]},{"@type":"ImageObject","inLanguage":"es","@id":"https:\/\/cuadra-agrado.es\/?p=5829#primaryimage","url":"https:\/\/cuadra-agrado.es\/wp-content\/uploads\/2015\/11\/parisien-blue-1-1.jpg","contentUrl":"https:\/\/cuadra-agrado.es\/wp-content\/uploads\/2015\/11\/parisien-blue-1-1.jpg","width":1024,"height":816},{"@type":"BreadcrumbList","@id":"https:\/\/cuadra-agrado.es\/?p=5829#breadcrumb","itemListElement":[{"@type":"ListItem","position":1,"name":"Portada","item":"https:\/\/cuadra-agrado.es\/"},{"@type":"ListItem","position":2,"name":"Powerful Sole estrena nuestra temporada 2020"}]},{"@type":"WebSite","@id":"https:\/\/cuadra-agrado.es\/#website","url":"https:\/\/cuadra-agrado.es\/","name":"Cuadra Agrado","description":"En el mundo del Turf desde 2008","potentialAction":[{"@type":"SearchAction","target":{"@type":"EntryPoint","urlTemplate":"https:\/\/cuadra-agrado.es\/?s={search_term_string}"},"query-input":{"@type":"PropertyValueSpecification","valueRequired":true,"valueName":"search_term_string"}}],"inLanguage":"es"},{"@type":"Person","@id":"https:\/\/cuadra-agrado.es\/#\/schema\/person\/3aa4f8d2373cf756d93a5526bc72f31b","name":"Miguel Redondo","image":{"@type":"ImageObject","inLanguage":"es","@id":"https:\/\/secure.gravatar.com\/avatar\/85704fceb4fa34017e3c1344d182da00dbf772fb8856ba2b7726a2df926415b4?s=96&d=mm&r=g","url":"https:\/\/secure.gravatar.com\/avatar\/85704fceb4fa34017e3c1344d182da00dbf772fb8856ba2b7726a2df926415b4?s=96&d=mm&r=g","contentUrl":"https:\/\/secure.gravatar.com\/avatar\/85704fceb4fa34017e3c1344d182da00dbf772fb8856ba2b7726a2df926415b4?s=96&d=mm&r=g","caption":"Miguel Redondo"},"sameAs":["https:\/\/cuadra-agrado.es"],"url":"https:\/\/cuadra-agrado.es\/?author=5"}]}},"_links":{"self":[{"href":"https:\/\/cuadra-agrado.es\/index.php?rest_route=\/wp\/v2\/posts\/5829","targetHints":{"allow":["GET"]}}],"collection":[{"href":"https:\/\/cuadra-agrado.es\/index.php?rest_route=\/wp\/v2\/posts"}],"about":[{"href":"https:\/\/cuadra-agrado.es\/index.php?rest_route=\/wp\/v2\/types\/post"}],"author":[{"embeddable":true,"href":"https:\/\/cuadra-agrado.es\/index.php?rest_route=\/wp\/v2\/users\/5"}],"replies":[{"embeddable":true,"href":"https:\/\/cuadra-agrado.es\/index.php?rest_route=%2Fwp%2Fv2%2Fcomments&post=5829"}],"version-history":[{"count":0,"href":"https:\/\/cuadra-agrado.es\/index.php?rest_route=\/wp\/v2\/posts\/5829\/revisions"}],"wp:featuredmedia":[{"embeddable":true,"href":"https:\/\/cuadra-agrado.es\/index.php?rest_route=\/wp\/v2\/media\/1961"}],"wp:attachment":[{"href":"https:\/\/cuadra-agrado.es\/index.php?rest_route=%2Fwp%2Fv2%2Fmedia&parent=5829"}],"wp:term":[{"taxonomy":"category","embeddable":true,"href":"https:\/\/cuadra-agrado.es\/index.php?rest_route=%2Fwp%2Fv2%2Fcategories&post=5829"},{"taxonomy":"post_tag","embeddable":true,"href":"https:\/\/cuadra-agrado.es\/index.php?rest_route=%2Fwp%2Fv2%2Ftags&post=5829"}],"curies":[{"name":"wp","href":"https:\/\/api.w.org\/{rel}","templated":true}]}}