{"id":5706,"date":"2020-02-17T09:54:31","date_gmt":"2020-02-17T08:54:31","guid":{"rendered":"https:\/\/cuadra-agrado.es\/?p=5706"},"modified":"2024-02-27T09:15:11","modified_gmt":"2024-02-27T09:15:11","slug":"bandera-azul-izada-en-la-zarzuela","status":"publish","type":"post","link":"https:\/\/cuadra-agrado.es\/?p=5706","title":{"rendered":"Bandera azul izada en La Zarzuela para iniciar la temporada 2020"},"content":{"rendered":"\n<figure class=\"wp-block-gallery columns-0 is-cropped wp-block-gallery-1 is-layout-flex wp-block-gallery-is-layout-flex\"><\/figure>\n\n\n\n<p style=\"text-align: justify;\">A falta de la jornada de clausura de la temporada invernal en el \u201cGran Hip\u00f3dromo de Andaluc\u00eda\u201d, el pr\u00f3ximo 1 de marzo el Hip\u00f3dromo de la Zarzuela de Madrid toma el relevo y abre de nuevo sus puertas para iniciar una nueva temporada de carreras. Este a\u00f1o 2020 ser\u00e1 la segunda campa\u00f1a de nuestro presidente Alvaro Gutierrez de la Fuente, con la siempre dif\u00edcil misi\u00f3n de continuar fortaleciendo nuestro sector al frente del hip\u00f3dromo referente en nuestro pa\u00eds, cuya caba\u00f1a de caballos pura sangre estabulados en el recinto madrile\u00f1o, ha crecido desde su entrada, de los 401 ejemplares en diciembre 2018 a los actuales 502 contabilizados el pasado enero 2020. Un considerable incremento del 25% en los principales protagonistas de nuestra industria, lo que significa galopar en la buena l\u00ednea ascendente.<\/p>\n\n\n\n<p style=\"text-align: justify;\">La atractiva temporada de primavera albergar\u00e1 un total de 117 carreras de \u201cpurasangre\u201d a disputar en las 18 jornadas dominicales comprendidas desde el 1 de marzo al 28 de junio, con una dotaci\u00f3n en premios a repartir de 1.894.650 euros. Seguir\u00e1 a esta, la temporada estival en horario nocturno sobre la fibra, alternando jueves y s\u00e1bados con 9 jornadas distribuidas desde el 2 de julio al 6 de agosto para un total de 39 carreras y una dotaci\u00f3n de 276.500 euros. Finalizar\u00e1 el a\u00f1o con la temporada cl\u00e1sica de oto\u00f1o con 80 carreras distribuidas en 12 jornadas comprendidas desde el\u00a0 13 de septiembre al 29 de noviembre, con una dotaci\u00f3n en premios de 1.465.750 euros, para hacer un total anual entre las tres temporadas de 39 jornadas, 236 carreras y m\u00e1s de 3.636.000 euros en dotaciones. Cabe rese\u00f1ar entre todas las pruebas a disputar, los dos Grandes Premios del a\u00f1o por excelencia; uno en la jornada de clausura de la primavera con el 84\u2019 GP de Madrid, y otro en la temporada oto\u00f1al con el GP Memorial Duque de Toledo con una dotaci\u00f3n de 85.000 euros cada uno de ellos, con un premio de 50.000 euros al ganador.<\/p>\n\n\n\n<p style=\"text-align: justify;\">Por la parte que nos toca, iniciaremos 2020 en la primavera madrile\u00f1a con 6 efectivos que ponemos al frente de nuestra cuadra, cuyas sensaciones iniciales y primeros objetivos detallamos a continuaci\u00f3n.<\/p>\n\n\n\n<div class=\"wp-block-image\">\n<figure class=\"alignleft size-large is-resized\"><img loading=\"lazy\" decoding=\"async\" class=\"wp-image-5469\" src=\"http:\/\/cuadra-agrado.es\/wp-content\/uploads\/2020\/02\/barbarigo-victoria-eugenia-e1508251086885-1-1024x780.jpg\" alt=\"\" width=\"242\" height=\"184\" \/><\/figure>\n<\/div>\n\n\n\n<p style=\"text-align: justify;\"><strong>BARBARIGO<\/strong> <br \/>Entra en sus 6 a\u00f1os y nuevamente ser\u00e1 nuestro caballo referente. No fue en absoluto su mejor a\u00f1o el 2019, con tan solo una victoria en su haber a comienzos de temporada oto\u00f1al, y poco m\u00e1s que ofrecer el resto de ella, salvo un exiguo tercer puesto en la consolatoria al \u201cGobierno Vasco\u201d. Desde principios de a\u00f1o acordamos con su preparador, Juan Luis Maroto minimizar lo m\u00e1ximo posible sus salidas durante el a\u00f1o y, aunque as\u00ed se llev\u00f3 a la pr\u00e1ctica, sus 6 salidas del a\u00f1o terminaron por pasarle seria factura al final del oto\u00f1o, donde sus dos \u00faltimas estuvo muy lejos de su mejor valor, hasta caer en ese valor 37,5 actual. Decidimos darle un merecido descanso invernal en nuestra yeguada donde pas\u00f3 45 d\u00edas, y desde el 3 de enero est\u00e1 nuevamente bajo la preparaci\u00f3n de Juan Luis Maroto con nuevos aires y mente despejada. \u00a0Su actual valor, lejano a sus mejores n\u00fameros de hace poco m\u00e1s de un a\u00f1o, nos permite regresar a competici\u00f3n en h\u00e1ndicaps descendentes que le permita volver a coger ritmo y, sobre todo, esa moral que sin duda merece y necesita para progresar durante la primavera. Trataremos de regresar al fiable \u201cBarbarigo\u201d en el mismo premio que ganara la temporada pasada, \u201cPremio Caporal\u201d (H\u00e1ndicap descendente sobre 1.500 metros buscando su mejor versi\u00f3n para tratar de encontrar su participaci\u00f3n en esos grandes premios milleros que fue poco a poco abandonando.<\/p>\n\n\n\n<div class=\"wp-block-image\" style=\"text-align: justify;\">\n<figure class=\"alignleft size-large is-resized\"><img loading=\"lazy\" decoding=\"async\" class=\"wp-image-5546\" src=\"http:\/\/cuadra-agrado.es\/wp-content\/uploads\/2020\/02\/powerful-1024x682.jpg\" alt=\"\" width=\"231\" height=\"154\" \/><\/figure>\n<\/div>\n\n\n\n<p style=\"text-align: justify;\"><strong>POWERFUL SOLE<\/strong><br \/>D\u00edas soleados y grises tuvo el pasado a\u00f1o este peque\u00f1o de poco m\u00e1s de 400 kilos, pero gran sprinter, que adquirimos en reclamar franc\u00e9s el pasado a\u00f1o. Solo 5 salidas con nuestros colores con alguna pincelada de gran caballo en el \u201cSatrustegui\u201d y \u201cSoudzou\u201d, pero con algunas dudas en la preparatoria del Gobierno Vasco, o en el \u201cRuban\u201d donde, en un lote de grandes especialistas no tuvo el mejor d\u00eda y acuso su dura temporada cl\u00e1sica contra los viejos. Aun as\u00ed, su actual valor 39 demuestra que, ya entrado en sus cuatro a\u00f1os y pasado su adolescencia, bien pudiera tener esas opciones de luchar grandes premios de velocidad contra los viejos contrastados de nuestra liga. Cambio de preparaci\u00f3n para \u00e9l que marcha al patio de \u00a0Eduardo Buz\u00f3n, qui\u00e9n tratar\u00e1 de poner en pr\u00e1ctica sus buenos conocimientos para mecanizar a este \u201craro\u201d hijo de \u201cSir Percy\u201d en la l\u00ednea recta, como as\u00ed lo hiciera en su d\u00eda con \u201cValiant Blue\u201d. Mucha ilusi\u00f3n y confianza en esta nueva temporada que, trataremos de poner en marcha, si llegamos a tiempo, ya en la primera jornada de primavera donde hoy ha quedado matriculado en el premio \u201cMartin Dominguez\u201d sobre distancia de 1.100 metros. Todo depender\u00e1 de llegar a esta cita con una forma m\u00ednima que le permita luchar esta primera carrera, despu\u00e9s de pasar por castraci\u00f3n el pasado mes de diciembre.<\/p>\n\n\n\n<div class=\"wp-block-image\">\n<figure class=\"alignleft size-large is-resized\"><img loading=\"lazy\" decoding=\"async\" class=\"wp-image-4779\" src=\"http:\/\/cuadra-agrado.es\/wp-content\/uploads\/2018\/12\/0022c5e5-ef9b-43ae-abc9-f76e5cef003e-1024x682.jpg\" alt=\"\" width=\"233\" height=\"156\" \/><\/figure>\n<\/div>\n\n\n\n<p style=\"text-align: justify;\"><strong>DANUBIAN BLUE<\/strong><br \/>Qu\u00e9 decir de esta yegua que demostr\u00f3 una enorme calidad con incontestable victoria en su debut al final de sus dos a\u00f1os, sacando los colores a los buenos de su generaci\u00f3n como \u201cLiberri\u201d, \u201cAxioco\u201d o \u201cEl Guanche\u201d. Se prepar\u00f3 su edad cl\u00e1sica con suma delicadeza dejando descansar durante todo el invierno, pero tras pruebas de entidad como la Poule de Potrancas, entr\u00f3 en bucle de malas actuaciones y no hubo forma en todo el a\u00f1o de redirigir su futuro. Tras muchas salidas a pista sufriendo y bajando paulatinamente de valor hasta su actual 28 decidimos retirarla a la yeguada con vistas a criar con ella en 2020 y aprovechar su interesante l\u00ednea materna. Sus m\u00e1s de cuatro meses disfrutando del campo nos hicieron ver que la yegua hab\u00eda cambiado f\u00edsica y mentalmente, por lo que decidimos hablar con Eduardo Buz\u00f3n e intentarlo nuevamente con ella con otra metodolog\u00eda de trabajo. Posiblemente, sea el efectivo que m\u00e1s duda nos plantea desde inicio. Desconocemos si podr\u00e1 volver a ofrecernos ese m\u00ednimo de calidad, pero lo que tenemos claro es que es una yegua de carreras que ya demostr\u00f3 serlo en su debut. Necesitamos dar con su tecla en entrenamiento y volver a recuperar esas sensaciones iniciales para volver a disfrutar con ella. Sus primeros trabajos con la nueva preparaci\u00f3n van en buena l\u00ednea, y a\u00f1adido a su bajo valor actual, tiene buenas opciones de demostrar su progresi\u00f3n desde pruebas en la segunda parte de h\u00e1ndicaps. Solamente su necesario crecimiento en valor desde su puesta en marcha nos permitir\u00e1 continuar en entrenamiento durante toda la temporada.<\/p>\n\n\n\n<div class=\"wp-block-image\">\n<figure class=\"alignleft size-large is-resized\"><img loading=\"lazy\" decoding=\"async\" class=\"wp-image-5221\" src=\"http:\/\/cuadra-agrado.es\/wp-content\/uploads\/2019\/10\/HIGHROCK-BLUE-1024x768.jpg\" alt=\"\" width=\"226\" height=\"169\" \/><\/figure>\n<\/div>\n\n\n\n<p style=\"text-align: justify;\"><strong>HIGHROCK BLUE<\/strong><br \/>Nuestro ojito derecho para este a\u00f1o como nuestro primer producto de cr\u00eda nacida de nuestra yegua madre \u201cHigh Brooklyn\u201d. Su gran madre le ha transmitido la enorme calidad de la l\u00ednea \u201cHigh Chaparral\u201d, pero a la vez tambi\u00e9n mucha debilidad en sus manos. Su madre tuvo un problema cr\u00f3nico de tendones que la oblig\u00f3 a abandonar la competici\u00f3n con una sola carrera en su historial y antes incluso de comenzar su edad cl\u00e1sica. Esta su primera hija, de rodillas para arriba es otro monumento de yegua como as\u00ed lo fuera su madre, pero sus cascos, cuartillas y tendones anteriores dan mucho miedo. Eduardo Buz\u00f3n tiene el dif\u00edcil reto de llevarla muy poco a poco hasta su debut en esta su edad cl\u00e1sica que comienza, tratando de cuidar sus peores cualidades. Sus buenos trabajos indican que ese bautismo est\u00e1 ya muy cercano, pero ese mismo trabajo debe ser muy pausado y sutil para evitar dar un paso atr\u00e1s en su evoluci\u00f3n. Trataremos de debutar en la segunda o tercera jornada de primavera para saber lo que tenemos por delante asumiendo el riesgo que existe, y en funci\u00f3n de su progresi\u00f3n, ir paulatinamente entrando en competici\u00f3n, seguramente enfocado a pruebas de nacionales.<\/p>\n\n\n\n<div class=\"wp-block-image\">\n<figure class=\"alignleft size-large is-resized\"><img loading=\"lazy\" decoding=\"async\" class=\"wp-image-5357\" src=\"http:\/\/cuadra-agrado.es\/wp-content\/uploads\/2020\/01\/senna-1024x683.jpg\" alt=\"\" width=\"232\" height=\"156\" \/><\/figure>\n<\/div>\n\n\n\n<p style=\"text-align: justify;\"><strong>KENDAYA<\/strong><br \/>Potra adquirida en la \u00faltima subasta ACPSIE 2019, hija de \u201cFree Eagle\u201d y \u201cCapsaicin\u201d por \u201cInvincible Spirit\u201d, con enorme f\u00edsico y que ya est\u00e1 dando se\u00f1ales de buena yegua bajo la preparaci\u00f3n de Juan Luis Maroto. Sus primeros trabajos livianos denotan mucha calidad y aptitud a la competici\u00f3n. Su preparador la tiene muy bien considerada como uno de los primeros productos de su patio que bien podr\u00edan debutar en esta primavera, si sigue en la misma l\u00ednea de progresi\u00f3n. Potranca con mucho f\u00edsico, mucho hueso y muy bien amueblada de cabeza. Un dato importante para considerar es que el mejor producto de \u201cFree Eagle\u201d en 2019 fue \u201cJustifier\u201d (RPR 105), y que cuelga de la misma l\u00ednea materna por \u201cInvincible Spirit\u201d que tambi\u00e9n corre por la sangre de \u201cSenna\u201d. No podemos decir mucho m\u00e1s de momento, simplemente, las primeras impresiones nos indican que podr\u00eda ser el primer producto que pudi\u00e9ramos ver debutar en la primavera de los dos a\u00f1os con nuestros colores, y eso, nos hace especial ilusi\u00f3n.\u00a0<\/p>\n\n\n\n<div class=\"wp-block-image\">\n<figure class=\"alignleft size-large is-resized\"><img loading=\"lazy\" decoding=\"async\" class=\"wp-image-3737\" src=\"http:\/\/cuadra-agrado.es\/wp-content\/uploads\/2018\/01\/AMERICAN-1024x689.jpg\" alt=\"\" width=\"228\" height=\"153\" \/><\/figure>\n<\/div>\n\n\n\n<p style=\"text-align: justify;\"><strong>AMERICAN BLUE<\/strong><br \/>Este hijo de \u201cManduro\u201d y \u201cFunhouse\u201d que adquirimos en subasta ACPSIE 2017 tuvo muchos problemas f\u00edsicos en sus primeros pasos a dos a\u00f1os y despu\u00e9s de mucho tiempo insistiendo en entrenamiento, decidimos retirarlo a\u00fan sin debutar en la primavera pasada. El potro de entonces, con una l\u00ednea gen\u00e9tica muy atrasada, como as\u00ed se vio en su hermano \u201cMayrit\u201d y como tambi\u00e9n lo fue su madre debutando a 4 a\u00f1os, necesitaba mucho m\u00e1s tiempo para cuajarse y comenz\u00f3 a tener muchos problemas f\u00edsicos que nos hicieron dar el \u201ctoque de retirada\u201d. Tras m\u00e1s de nueve meses en la yeguada recuper\u00e1ndose de esos problemas f\u00edsicos, que le hizo incluso salir de entrenamiento el pasado a\u00f1o, regresar\u00e1 en breve a HZ. Inicialmente, no ten\u00edamos intenci\u00f3n de volver a intentarlo con \u00e9l, pero una evidente mejora f\u00edsica en su largo tiempo de descanso en la yeguada nos hizo dar el paso para ofrecerle una nueva oportunidad y confirmar su alta en entrenamiento el pasado mes de noviembre. Por Normativa de Carreras no podr\u00e1 competir hasta pasados seis meses desde nuestra notificaci\u00f3n, por lo que prepararemos con tiempo su debut a partir de mayo. Desde hace un par de semanas trabaja diariamente en caminador para ir preparando su entrada que quedar\u00e1 en manos de Eduardo Buz\u00f3n y, aunque es una apuesta delicada y aventurada ya a cuatro a\u00f1os, esperamos que al menos pueda debutar y entrar a competir como merecen sus papeles.<\/p>\n\n\n\n<p style=\"text-align: justify;\">Estos son inicialmente los seis efectivos que defender\u00e1n nuestros colores y que pondremos en manos de nuestros actuales preparadores Eduardo Buz\u00f3n y Juan Luis Maroto. Lo que depar\u00e9 el a\u00f1o con cada uno de ellos es absolutamente impredecible, pero salimos con la intenci\u00f3n y la confianza de dejar definitivamente atr\u00e1s un aciago a\u00f1o 2019 cargado de muchas desavenencias, infortunios y errores. Partimos como siempre con la ilusi\u00f3n de todos los a\u00f1os por hacer un buen papel en nuestra competici\u00f3n, disfrutar y hacer disfrutar a los profesionales y aficionados que nos acompa\u00f1en. Ponemos en marcha el 12\u00ba a\u00f1o en competici\u00f3n con una nueva y compensada cuadra, aun con la l\u00f3gica duda de contar con tres efectivos sin descorchar y, por tanto, sin conocer el \u201cbouquet\u201d de esa botella. Una ilusionante dos a\u00f1os de la que esperamos mucho, otra hembra tres a\u00f1os que significa el anhelo como nuestro primer producto de cr\u00eda nacional, tres cuatro a\u00f1os en edad de demostrar la calidad que les precede, y un viejo de seis a\u00f1os que ha demostrado un magn\u00edfico valor, y que estamos seguros podr\u00e1 volver a recuperar.<\/p>\n\n\n\n<p>Mucha suerte para todos !!!<br \/>Comenzamos \u2026.<br \/>___________________________________________________________________________________<\/p>\n<!-- AddThis Advanced Settings generic via filter on the_content --><!-- AddThis Share Buttons generic via filter on the_content -->","protected":false},"excerpt":{"rendered":"<p>A falta de la jornada de clausura de la temporada invernal en el \u201cGran Hip\u00f3dromo de Andaluc\u00eda\u201d, el pr\u00f3ximo 1 de marzo el Hip\u00f3dromo de la Zarzuela de Madrid toma el relevo y abre de nuevo sus puertas para iniciar una nueva temporada de carreras. Este a\u00f1o 2020 ser\u00e1 la segunda campa\u00f1a de nuestro presidente [&hellip;]<!-- AddThis Advanced Settings generic via filter on get_the_excerpt --><!-- AddThis Share Buttons generic via filter on get_the_excerpt --><\/p>\n","protected":false},"author":5,"featured_media":2561,"comment_status":"closed","ping_status":"closed","sticky":false,"template":"","format":"standard","meta":{"_acf_changed":false,"_et_pb_use_builder":"","_et_pb_old_content":"","_et_gb_content_width":"","footnotes":""},"categories":[3],"tags":[],"class_list":["post-5706","post","type-post","status-publish","format-standard","has-post-thumbnail","hentry","category-noticias-cuadra-agrado"],"acf":[],"yoast_head":"<!-- This site is optimized with the Yoast SEO plugin v27.4 - https:\/\/yoast.com\/product\/yoast-seo-wordpress\/ -->\n<title>Bandera azul izada en La Zarzuela para iniciar la temporada 2020 - Cuadra Agrado<\/title>\n<meta name=\"robots\" content=\"index, follow, max-snippet:-1, max-image-preview:large, max-video-preview:-1\" \/>\n<link rel=\"canonical\" href=\"https:\/\/cuadra-agrado.es\/?p=5706\" \/>\n<meta property=\"og:locale\" content=\"es_ES\" \/>\n<meta property=\"og:type\" content=\"article\" \/>\n<meta property=\"og:title\" content=\"Bandera azul izada en La Zarzuela para iniciar la temporada 2020 - Cuadra Agrado\" \/>\n<meta property=\"og:description\" content=\"A falta de la jornada de clausura de la temporada invernal en el \u201cGran Hip\u00f3dromo de Andaluc\u00eda\u201d, el pr\u00f3ximo 1 de marzo el Hip\u00f3dromo de la Zarzuela de Madrid toma el relevo y abre de nuevo sus puertas para iniciar una nueva temporada de carreras. Este a\u00f1o 2020 ser\u00e1 la segunda campa\u00f1a de nuestro presidente [&hellip;]\" \/>\n<meta property=\"og:url\" content=\"https:\/\/cuadra-agrado.es\/?p=5706\" \/>\n<meta property=\"og:site_name\" content=\"Cuadra Agrado\" \/>\n<meta property=\"article:published_time\" content=\"2020-02-17T08:54:31+00:00\" \/>\n<meta property=\"article:modified_time\" content=\"2024-02-27T09:15:11+00:00\" \/>\n<meta name=\"author\" content=\"Miguel Redondo\" \/>\n<meta name=\"twitter:card\" content=\"summary_large_image\" \/>\n<meta name=\"twitter:creator\" content=\"@AGRADOracing\" \/>\n<meta name=\"twitter:site\" content=\"@AGRADOracing\" \/>\n<meta name=\"twitter:label1\" content=\"Escrito por\" \/>\n\t<meta name=\"twitter:data1\" content=\"Miguel Redondo\" \/>\n\t<meta name=\"twitter:label2\" content=\"Tiempo de lectura\" \/>\n\t<meta name=\"twitter:data2\" content=\"10 minutos\" \/>\n<script type=\"application\/ld+json\" class=\"yoast-schema-graph\">{\"@context\":\"https:\\\/\\\/schema.org\",\"@graph\":[{\"@type\":\"Article\",\"@id\":\"https:\\\/\\\/cuadra-agrado.es\\\/?p=5706#article\",\"isPartOf\":{\"@id\":\"https:\\\/\\\/cuadra-agrado.es\\\/?p=5706\"},\"author\":{\"name\":\"Miguel Redondo\",\"@id\":\"https:\\\/\\\/cuadra-agrado.es\\\/#\\\/schema\\\/person\\\/3aa4f8d2373cf756d93a5526bc72f31b\"},\"headline\":\"Bandera azul izada en La Zarzuela para iniciar la temporada 2020\",\"datePublished\":\"2020-02-17T08:54:31+00:00\",\"dateModified\":\"2024-02-27T09:15:11+00:00\",\"mainEntityOfPage\":{\"@id\":\"https:\\\/\\\/cuadra-agrado.es\\\/?p=5706\"},\"wordCount\":2001,\"image\":{\"@id\":\"https:\\\/\\\/cuadra-agrado.es\\\/?p=5706#primaryimage\"},\"thumbnailUrl\":\"\",\"articleSection\":[\"Actualidad\"],\"inLanguage\":\"es\"},{\"@type\":\"WebPage\",\"@id\":\"https:\\\/\\\/cuadra-agrado.es\\\/?p=5706\",\"url\":\"https:\\\/\\\/cuadra-agrado.es\\\/?p=5706\",\"name\":\"Bandera azul izada en La Zarzuela para iniciar la temporada 2020 - Cuadra Agrado\",\"isPartOf\":{\"@id\":\"https:\\\/\\\/cuadra-agrado.es\\\/#website\"},\"primaryImageOfPage\":{\"@id\":\"https:\\\/\\\/cuadra-agrado.es\\\/?p=5706#primaryimage\"},\"image\":{\"@id\":\"https:\\\/\\\/cuadra-agrado.es\\\/?p=5706#primaryimage\"},\"thumbnailUrl\":\"\",\"datePublished\":\"2020-02-17T08:54:31+00:00\",\"dateModified\":\"2024-02-27T09:15:11+00:00\",\"author\":{\"@id\":\"https:\\\/\\\/cuadra-agrado.es\\\/#\\\/schema\\\/person\\\/3aa4f8d2373cf756d93a5526bc72f31b\"},\"breadcrumb\":{\"@id\":\"https:\\\/\\\/cuadra-agrado.es\\\/?p=5706#breadcrumb\"},\"inLanguage\":\"es\",\"potentialAction\":[{\"@type\":\"ReadAction\",\"target\":[\"https:\\\/\\\/cuadra-agrado.es\\\/?p=5706\"]}]},{\"@type\":\"ImageObject\",\"inLanguage\":\"es\",\"@id\":\"https:\\\/\\\/cuadra-agrado.es\\\/?p=5706#primaryimage\",\"url\":\"\",\"contentUrl\":\"\"},{\"@type\":\"BreadcrumbList\",\"@id\":\"https:\\\/\\\/cuadra-agrado.es\\\/?p=5706#breadcrumb\",\"itemListElement\":[{\"@type\":\"ListItem\",\"position\":1,\"name\":\"Portada\",\"item\":\"https:\\\/\\\/cuadra-agrado.es\\\/\"},{\"@type\":\"ListItem\",\"position\":2,\"name\":\"Bandera azul izada en La Zarzuela para iniciar la temporada 2020\"}]},{\"@type\":\"WebSite\",\"@id\":\"https:\\\/\\\/cuadra-agrado.es\\\/#website\",\"url\":\"https:\\\/\\\/cuadra-agrado.es\\\/\",\"name\":\"Cuadra Agrado\",\"description\":\"En el mundo del Turf desde 2008\",\"potentialAction\":[{\"@type\":\"SearchAction\",\"target\":{\"@type\":\"EntryPoint\",\"urlTemplate\":\"https:\\\/\\\/cuadra-agrado.es\\\/?s={search_term_string}\"},\"query-input\":{\"@type\":\"PropertyValueSpecification\",\"valueRequired\":true,\"valueName\":\"search_term_string\"}}],\"inLanguage\":\"es\"},{\"@type\":\"Person\",\"@id\":\"https:\\\/\\\/cuadra-agrado.es\\\/#\\\/schema\\\/person\\\/3aa4f8d2373cf756d93a5526bc72f31b\",\"name\":\"Miguel Redondo\",\"image\":{\"@type\":\"ImageObject\",\"inLanguage\":\"es\",\"@id\":\"https:\\\/\\\/secure.gravatar.com\\\/avatar\\\/85704fceb4fa34017e3c1344d182da00dbf772fb8856ba2b7726a2df926415b4?s=96&d=mm&r=g\",\"url\":\"https:\\\/\\\/secure.gravatar.com\\\/avatar\\\/85704fceb4fa34017e3c1344d182da00dbf772fb8856ba2b7726a2df926415b4?s=96&d=mm&r=g\",\"contentUrl\":\"https:\\\/\\\/secure.gravatar.com\\\/avatar\\\/85704fceb4fa34017e3c1344d182da00dbf772fb8856ba2b7726a2df926415b4?s=96&d=mm&r=g\",\"caption\":\"Miguel Redondo\"},\"sameAs\":[\"https:\\\/\\\/cuadra-agrado.es\"],\"url\":\"https:\\\/\\\/cuadra-agrado.es\\\/?author=5\"}]}<\/script>\n<!-- \/ Yoast SEO plugin. -->","yoast_head_json":{"title":"Bandera azul izada en La Zarzuela para iniciar la temporada 2020 - Cuadra Agrado","robots":{"index":"index","follow":"follow","max-snippet":"max-snippet:-1","max-image-preview":"max-image-preview:large","max-video-preview":"max-video-preview:-1"},"canonical":"https:\/\/cuadra-agrado.es\/?p=5706","og_locale":"es_ES","og_type":"article","og_title":"Bandera azul izada en La Zarzuela para iniciar la temporada 2020 - Cuadra Agrado","og_description":"A falta de la jornada de clausura de la temporada invernal en el \u201cGran Hip\u00f3dromo de Andaluc\u00eda\u201d, el pr\u00f3ximo 1 de marzo el Hip\u00f3dromo de la Zarzuela de Madrid toma el relevo y abre de nuevo sus puertas para iniciar una nueva temporada de carreras. Este a\u00f1o 2020 ser\u00e1 la segunda campa\u00f1a de nuestro presidente [&hellip;]","og_url":"https:\/\/cuadra-agrado.es\/?p=5706","og_site_name":"Cuadra Agrado","article_published_time":"2020-02-17T08:54:31+00:00","article_modified_time":"2024-02-27T09:15:11+00:00","author":"Miguel Redondo","twitter_card":"summary_large_image","twitter_creator":"@AGRADOracing","twitter_site":"@AGRADOracing","twitter_misc":{"Escrito por":"Miguel Redondo","Tiempo de lectura":"10 minutos"},"schema":{"@context":"https:\/\/schema.org","@graph":[{"@type":"Article","@id":"https:\/\/cuadra-agrado.es\/?p=5706#article","isPartOf":{"@id":"https:\/\/cuadra-agrado.es\/?p=5706"},"author":{"name":"Miguel Redondo","@id":"https:\/\/cuadra-agrado.es\/#\/schema\/person\/3aa4f8d2373cf756d93a5526bc72f31b"},"headline":"Bandera azul izada en La Zarzuela para iniciar la temporada 2020","datePublished":"2020-02-17T08:54:31+00:00","dateModified":"2024-02-27T09:15:11+00:00","mainEntityOfPage":{"@id":"https:\/\/cuadra-agrado.es\/?p=5706"},"wordCount":2001,"image":{"@id":"https:\/\/cuadra-agrado.es\/?p=5706#primaryimage"},"thumbnailUrl":"","articleSection":["Actualidad"],"inLanguage":"es"},{"@type":"WebPage","@id":"https:\/\/cuadra-agrado.es\/?p=5706","url":"https:\/\/cuadra-agrado.es\/?p=5706","name":"Bandera azul izada en La Zarzuela para iniciar la temporada 2020 - Cuadra Agrado","isPartOf":{"@id":"https:\/\/cuadra-agrado.es\/#website"},"primaryImageOfPage":{"@id":"https:\/\/cuadra-agrado.es\/?p=5706#primaryimage"},"image":{"@id":"https:\/\/cuadra-agrado.es\/?p=5706#primaryimage"},"thumbnailUrl":"","datePublished":"2020-02-17T08:54:31+00:00","dateModified":"2024-02-27T09:15:11+00:00","author":{"@id":"https:\/\/cuadra-agrado.es\/#\/schema\/person\/3aa4f8d2373cf756d93a5526bc72f31b"},"breadcrumb":{"@id":"https:\/\/cuadra-agrado.es\/?p=5706#breadcrumb"},"inLanguage":"es","potentialAction":[{"@type":"ReadAction","target":["https:\/\/cuadra-agrado.es\/?p=5706"]}]},{"@type":"ImageObject","inLanguage":"es","@id":"https:\/\/cuadra-agrado.es\/?p=5706#primaryimage","url":"","contentUrl":""},{"@type":"BreadcrumbList","@id":"https:\/\/cuadra-agrado.es\/?p=5706#breadcrumb","itemListElement":[{"@type":"ListItem","position":1,"name":"Portada","item":"https:\/\/cuadra-agrado.es\/"},{"@type":"ListItem","position":2,"name":"Bandera azul izada en La Zarzuela para iniciar la temporada 2020"}]},{"@type":"WebSite","@id":"https:\/\/cuadra-agrado.es\/#website","url":"https:\/\/cuadra-agrado.es\/","name":"Cuadra Agrado","description":"En el mundo del Turf desde 2008","potentialAction":[{"@type":"SearchAction","target":{"@type":"EntryPoint","urlTemplate":"https:\/\/cuadra-agrado.es\/?s={search_term_string}"},"query-input":{"@type":"PropertyValueSpecification","valueRequired":true,"valueName":"search_term_string"}}],"inLanguage":"es"},{"@type":"Person","@id":"https:\/\/cuadra-agrado.es\/#\/schema\/person\/3aa4f8d2373cf756d93a5526bc72f31b","name":"Miguel Redondo","image":{"@type":"ImageObject","inLanguage":"es","@id":"https:\/\/secure.gravatar.com\/avatar\/85704fceb4fa34017e3c1344d182da00dbf772fb8856ba2b7726a2df926415b4?s=96&d=mm&r=g","url":"https:\/\/secure.gravatar.com\/avatar\/85704fceb4fa34017e3c1344d182da00dbf772fb8856ba2b7726a2df926415b4?s=96&d=mm&r=g","contentUrl":"https:\/\/secure.gravatar.com\/avatar\/85704fceb4fa34017e3c1344d182da00dbf772fb8856ba2b7726a2df926415b4?s=96&d=mm&r=g","caption":"Miguel Redondo"},"sameAs":["https:\/\/cuadra-agrado.es"],"url":"https:\/\/cuadra-agrado.es\/?author=5"}]}},"_links":{"self":[{"href":"https:\/\/cuadra-agrado.es\/index.php?rest_route=\/wp\/v2\/posts\/5706","targetHints":{"allow":["GET"]}}],"collection":[{"href":"https:\/\/cuadra-agrado.es\/index.php?rest_route=\/wp\/v2\/posts"}],"about":[{"href":"https:\/\/cuadra-agrado.es\/index.php?rest_route=\/wp\/v2\/types\/post"}],"author":[{"embeddable":true,"href":"https:\/\/cuadra-agrado.es\/index.php?rest_route=\/wp\/v2\/users\/5"}],"replies":[{"embeddable":true,"href":"https:\/\/cuadra-agrado.es\/index.php?rest_route=%2Fwp%2Fv2%2Fcomments&post=5706"}],"version-history":[{"count":0,"href":"https:\/\/cuadra-agrado.es\/index.php?rest_route=\/wp\/v2\/posts\/5706\/revisions"}],"wp:featuredmedia":[{"embeddable":true,"href":"https:\/\/cuadra-agrado.es\/index.php?rest_route=\/"}],"wp:attachment":[{"href":"https:\/\/cuadra-agrado.es\/index.php?rest_route=%2Fwp%2Fv2%2Fmedia&parent=5706"}],"wp:term":[{"taxonomy":"category","embeddable":true,"href":"https:\/\/cuadra-agrado.es\/index.php?rest_route=%2Fwp%2Fv2%2Fcategories&post=5706"},{"taxonomy":"post_tag","embeddable":true,"href":"https:\/\/cuadra-agrado.es\/index.php?rest_route=%2Fwp%2Fv2%2Ftags&post=5706"}],"curies":[{"name":"wp","href":"https:\/\/api.w.org\/{rel}","templated":true}]}}