{"id":555,"date":"2013-10-31T09:20:44","date_gmt":"2013-10-31T08:20:44","guid":{"rendered":"http:\/\/s465126685.mialojamiento.es\/?p=555"},"modified":"2024-02-27T09:22:37","modified_gmt":"2024-02-27T09:22:37","slug":"ranyan-de-vuelta-a-competicion","status":"publish","type":"post","link":"https:\/\/cuadra-agrado.es\/?p=555","title":{"rendered":"Rany\u00e1n, de vuelta a competici\u00f3n!!!"},"content":{"rendered":"<p style=\"text-align: justify;\"><strong style=\"font-size: 14px;\"><a href=\"http:\/\/s465126685.mialojamiento.es\/sabias-que\/ranyan-de-vuelta-a-competicion\/attachment\/ranyan-163-jpg\/\" rel=\"attachment wp-att-545\"><img loading=\"lazy\" decoding=\"async\" class=\" wp-image-545 alignleft\" style=\"width: 287px; height: 189px;\" alt=\"Ranyan-163.jpg\" src=\"http:\/\/s465126685.mialojamiento.es\/wp-content\/uploads\/2014\/01\/Ranyan-163.jpg\" width=\"300\" height=\"199\" \/><\/a><\/strong>Rany\u00e1n est\u00e1 ya de vuelta a HZ despu\u00e9s de la intervenci\u00f3n de rodilla que le ha tenido en recuperaci\u00f3n desde principios de Septiembre. Vuelve, y cambia de preparaci\u00f3n con Eduardo Buz\u00f3n que intentar\u00e1 recuperarle con tranquilidad para su reaparici\u00f3n a principios de temporada de primavera 2014 e iniciar el a\u00f1o con la mejor de las ilusiones puestas en un cinco veces ganador.<\/p>\n<p style=\"text-align: justify;\">Comenzar\u00e1 con trabajos de trote la semana pr\u00f3xima, e ir\u00e1 avanzando en su trabajo bajo la supervisi\u00f3n m\u00e9dica de Ram\u00f3n Herr\u00e1n.<\/p>\n<p style=\"text-align: justify;\">En funci\u00f3n de su progresi\u00f3n, podremos valorar su reaparici\u00f3n a finales de temporada de Invierno en Sevilla, o comienzos de Temporada de Primavera en Madrid.<\/p>\n<!-- AddThis Advanced Settings generic via filter on the_content --><!-- AddThis Share Buttons generic via filter on the_content -->","protected":false},"excerpt":{"rendered":"<p>Rany\u00e1n est\u00e1 ya de vuelta a HZ despu\u00e9s de la intervenci\u00f3n de rodilla que le ha tenido en recuperaci\u00f3n desde principios de Septiembre. Vuelve, y cambia de preparaci\u00f3n con Eduardo Buz\u00f3n que intentar\u00e1 recuperarle con tranquilidad para su reaparici\u00f3n a principios de temporada de primavera 2014 e iniciar el a\u00f1o con la mejor de las [&hellip;]<!-- AddThis Advanced Settings generic via filter on get_the_excerpt --><!-- AddThis Share Buttons generic via filter on get_the_excerpt --><\/p>\n","protected":false},"author":5,"featured_media":0,"comment_status":"closed","ping_status":"closed","sticky":false,"template":"","format":"gallery","meta":{"_acf_changed":false,"_et_pb_use_builder":"","_et_pb_old_content":"","_et_gb_content_width":"","footnotes":""},"categories":[3],"tags":[],"class_list":["post-555","post","type-post","status-publish","format-gallery","hentry","category-noticias-cuadra-agrado","post_format-post-format-gallery"],"acf":[],"yoast_head":"<!-- This site is optimized with the Yoast SEO plugin v27.4 - https:\/\/yoast.com\/product\/yoast-seo-wordpress\/ -->\n<title>Rany\u00e1n, de vuelta a competici\u00f3n!!! - Cuadra Agrado<\/title>\n<meta name=\"robots\" content=\"index, follow, max-snippet:-1, max-image-preview:large, max-video-preview:-1\" \/>\n<link rel=\"canonical\" href=\"https:\/\/cuadra-agrado.es\/?p=555\" \/>\n<meta property=\"og:locale\" content=\"es_ES\" \/>\n<meta property=\"og:type\" content=\"article\" \/>\n<meta property=\"og:title\" content=\"Rany\u00e1n, de vuelta a competici\u00f3n!!! - Cuadra Agrado\" \/>\n<meta property=\"og:description\" content=\"Rany\u00e1n est\u00e1 ya de vuelta a HZ despu\u00e9s de la intervenci\u00f3n de rodilla que le ha tenido en recuperaci\u00f3n desde principios de Septiembre. Vuelve, y cambia de preparaci\u00f3n con Eduardo Buz\u00f3n que intentar\u00e1 recuperarle con tranquilidad para su reaparici\u00f3n a principios de temporada de primavera 2014 e iniciar el a\u00f1o con la mejor de las [&hellip;]\" \/>\n<meta property=\"og:url\" content=\"https:\/\/cuadra-agrado.es\/?p=555\" \/>\n<meta property=\"og:site_name\" content=\"Cuadra Agrado\" \/>\n<meta property=\"article:published_time\" content=\"2013-10-31T08:20:44+00:00\" \/>\n<meta property=\"article:modified_time\" content=\"2024-02-27T09:22:37+00:00\" \/>\n<meta property=\"og:image\" content=\"http:\/\/s465126685.mialojamiento.es\/wp-content\/uploads\/2014\/01\/Ranyan-163.jpg\" \/>\n<meta name=\"author\" content=\"Miguel Redondo\" \/>\n<meta name=\"twitter:card\" content=\"summary_large_image\" \/>\n<meta name=\"twitter:creator\" content=\"@AGRADOracing\" \/>\n<meta name=\"twitter:site\" content=\"@AGRADOracing\" \/>\n<meta name=\"twitter:label1\" content=\"Escrito por\" \/>\n\t<meta name=\"twitter:data1\" content=\"Miguel Redondo\" \/>\n\t<meta name=\"twitter:label2\" content=\"Tiempo de lectura\" \/>\n\t<meta name=\"twitter:data2\" content=\"1 minuto\" \/>\n<script type=\"application\/ld+json\" class=\"yoast-schema-graph\">{\"@context\":\"https:\\\/\\\/schema.org\",\"@graph\":[{\"@type\":\"Article\",\"@id\":\"https:\\\/\\\/cuadra-agrado.es\\\/?p=555#article\",\"isPartOf\":{\"@id\":\"https:\\\/\\\/cuadra-agrado.es\\\/?p=555\"},\"author\":{\"name\":\"Miguel Redondo\",\"@id\":\"https:\\\/\\\/cuadra-agrado.es\\\/#\\\/schema\\\/person\\\/3aa4f8d2373cf756d93a5526bc72f31b\"},\"headline\":\"Rany\u00e1n, de vuelta a competici\u00f3n!!!\",\"datePublished\":\"2013-10-31T08:20:44+00:00\",\"dateModified\":\"2024-02-27T09:22:37+00:00\",\"mainEntityOfPage\":{\"@id\":\"https:\\\/\\\/cuadra-agrado.es\\\/?p=555\"},\"wordCount\":130,\"image\":{\"@id\":\"https:\\\/\\\/cuadra-agrado.es\\\/?p=555#primaryimage\"},\"thumbnailUrl\":\"http:\\\/\\\/s465126685.mialojamiento.es\\\/wp-content\\\/uploads\\\/2014\\\/01\\\/Ranyan-163.jpg\",\"articleSection\":[\"Actualidad\"],\"inLanguage\":\"es\"},{\"@type\":\"WebPage\",\"@id\":\"https:\\\/\\\/cuadra-agrado.es\\\/?p=555\",\"url\":\"https:\\\/\\\/cuadra-agrado.es\\\/?p=555\",\"name\":\"Rany\u00e1n, de vuelta a competici\u00f3n!!! - Cuadra Agrado\",\"isPartOf\":{\"@id\":\"https:\\\/\\\/cuadra-agrado.es\\\/#website\"},\"primaryImageOfPage\":{\"@id\":\"https:\\\/\\\/cuadra-agrado.es\\\/?p=555#primaryimage\"},\"image\":{\"@id\":\"https:\\\/\\\/cuadra-agrado.es\\\/?p=555#primaryimage\"},\"thumbnailUrl\":\"http:\\\/\\\/s465126685.mialojamiento.es\\\/wp-content\\\/uploads\\\/2014\\\/01\\\/Ranyan-163.jpg\",\"datePublished\":\"2013-10-31T08:20:44+00:00\",\"dateModified\":\"2024-02-27T09:22:37+00:00\",\"author\":{\"@id\":\"https:\\\/\\\/cuadra-agrado.es\\\/#\\\/schema\\\/person\\\/3aa4f8d2373cf756d93a5526bc72f31b\"},\"breadcrumb\":{\"@id\":\"https:\\\/\\\/cuadra-agrado.es\\\/?p=555#breadcrumb\"},\"inLanguage\":\"es\",\"potentialAction\":[{\"@type\":\"ReadAction\",\"target\":[\"https:\\\/\\\/cuadra-agrado.es\\\/?p=555\"]}]},{\"@type\":\"ImageObject\",\"inLanguage\":\"es\",\"@id\":\"https:\\\/\\\/cuadra-agrado.es\\\/?p=555#primaryimage\",\"url\":\"http:\\\/\\\/s465126685.mialojamiento.es\\\/wp-content\\\/uploads\\\/2014\\\/01\\\/Ranyan-163.jpg\",\"contentUrl\":\"http:\\\/\\\/s465126685.mialojamiento.es\\\/wp-content\\\/uploads\\\/2014\\\/01\\\/Ranyan-163.jpg\"},{\"@type\":\"BreadcrumbList\",\"@id\":\"https:\\\/\\\/cuadra-agrado.es\\\/?p=555#breadcrumb\",\"itemListElement\":[{\"@type\":\"ListItem\",\"position\":1,\"name\":\"Portada\",\"item\":\"https:\\\/\\\/cuadra-agrado.es\\\/\"},{\"@type\":\"ListItem\",\"position\":2,\"name\":\"Rany\u00e1n, de vuelta a competici\u00f3n!!!\"}]},{\"@type\":\"WebSite\",\"@id\":\"https:\\\/\\\/cuadra-agrado.es\\\/#website\",\"url\":\"https:\\\/\\\/cuadra-agrado.es\\\/\",\"name\":\"Cuadra Agrado\",\"description\":\"En el mundo del Turf desde 2008\",\"potentialAction\":[{\"@type\":\"SearchAction\",\"target\":{\"@type\":\"EntryPoint\",\"urlTemplate\":\"https:\\\/\\\/cuadra-agrado.es\\\/?s={search_term_string}\"},\"query-input\":{\"@type\":\"PropertyValueSpecification\",\"valueRequired\":true,\"valueName\":\"search_term_string\"}}],\"inLanguage\":\"es\"},{\"@type\":\"Person\",\"@id\":\"https:\\\/\\\/cuadra-agrado.es\\\/#\\\/schema\\\/person\\\/3aa4f8d2373cf756d93a5526bc72f31b\",\"name\":\"Miguel Redondo\",\"image\":{\"@type\":\"ImageObject\",\"inLanguage\":\"es\",\"@id\":\"https:\\\/\\\/secure.gravatar.com\\\/avatar\\\/85704fceb4fa34017e3c1344d182da00dbf772fb8856ba2b7726a2df926415b4?s=96&d=mm&r=g\",\"url\":\"https:\\\/\\\/secure.gravatar.com\\\/avatar\\\/85704fceb4fa34017e3c1344d182da00dbf772fb8856ba2b7726a2df926415b4?s=96&d=mm&r=g\",\"contentUrl\":\"https:\\\/\\\/secure.gravatar.com\\\/avatar\\\/85704fceb4fa34017e3c1344d182da00dbf772fb8856ba2b7726a2df926415b4?s=96&d=mm&r=g\",\"caption\":\"Miguel Redondo\"},\"sameAs\":[\"https:\\\/\\\/cuadra-agrado.es\"],\"url\":\"https:\\\/\\\/cuadra-agrado.es\\\/?author=5\"}]}<\/script>\n<!-- \/ Yoast SEO plugin. -->","yoast_head_json":{"title":"Rany\u00e1n, de vuelta a competici\u00f3n!!! - Cuadra Agrado","robots":{"index":"index","follow":"follow","max-snippet":"max-snippet:-1","max-image-preview":"max-image-preview:large","max-video-preview":"max-video-preview:-1"},"canonical":"https:\/\/cuadra-agrado.es\/?p=555","og_locale":"es_ES","og_type":"article","og_title":"Rany\u00e1n, de vuelta a competici\u00f3n!!! - Cuadra Agrado","og_description":"Rany\u00e1n est\u00e1 ya de vuelta a HZ despu\u00e9s de la intervenci\u00f3n de rodilla que le ha tenido en recuperaci\u00f3n desde principios de Septiembre. Vuelve, y cambia de preparaci\u00f3n con Eduardo Buz\u00f3n que intentar\u00e1 recuperarle con tranquilidad para su reaparici\u00f3n a principios de temporada de primavera 2014 e iniciar el a\u00f1o con la mejor de las [&hellip;]","og_url":"https:\/\/cuadra-agrado.es\/?p=555","og_site_name":"Cuadra Agrado","article_published_time":"2013-10-31T08:20:44+00:00","article_modified_time":"2024-02-27T09:22:37+00:00","og_image":[{"url":"http:\/\/s465126685.mialojamiento.es\/wp-content\/uploads\/2014\/01\/Ranyan-163.jpg","type":"","width":"","height":""}],"author":"Miguel Redondo","twitter_card":"summary_large_image","twitter_creator":"@AGRADOracing","twitter_site":"@AGRADOracing","twitter_misc":{"Escrito por":"Miguel Redondo","Tiempo de lectura":"1 minuto"},"schema":{"@context":"https:\/\/schema.org","@graph":[{"@type":"Article","@id":"https:\/\/cuadra-agrado.es\/?p=555#article","isPartOf":{"@id":"https:\/\/cuadra-agrado.es\/?p=555"},"author":{"name":"Miguel Redondo","@id":"https:\/\/cuadra-agrado.es\/#\/schema\/person\/3aa4f8d2373cf756d93a5526bc72f31b"},"headline":"Rany\u00e1n, de vuelta a competici\u00f3n!!!","datePublished":"2013-10-31T08:20:44+00:00","dateModified":"2024-02-27T09:22:37+00:00","mainEntityOfPage":{"@id":"https:\/\/cuadra-agrado.es\/?p=555"},"wordCount":130,"image":{"@id":"https:\/\/cuadra-agrado.es\/?p=555#primaryimage"},"thumbnailUrl":"http:\/\/s465126685.mialojamiento.es\/wp-content\/uploads\/2014\/01\/Ranyan-163.jpg","articleSection":["Actualidad"],"inLanguage":"es"},{"@type":"WebPage","@id":"https:\/\/cuadra-agrado.es\/?p=555","url":"https:\/\/cuadra-agrado.es\/?p=555","name":"Rany\u00e1n, de vuelta a competici\u00f3n!!! - Cuadra Agrado","isPartOf":{"@id":"https:\/\/cuadra-agrado.es\/#website"},"primaryImageOfPage":{"@id":"https:\/\/cuadra-agrado.es\/?p=555#primaryimage"},"image":{"@id":"https:\/\/cuadra-agrado.es\/?p=555#primaryimage"},"thumbnailUrl":"http:\/\/s465126685.mialojamiento.es\/wp-content\/uploads\/2014\/01\/Ranyan-163.jpg","datePublished":"2013-10-31T08:20:44+00:00","dateModified":"2024-02-27T09:22:37+00:00","author":{"@id":"https:\/\/cuadra-agrado.es\/#\/schema\/person\/3aa4f8d2373cf756d93a5526bc72f31b"},"breadcrumb":{"@id":"https:\/\/cuadra-agrado.es\/?p=555#breadcrumb"},"inLanguage":"es","potentialAction":[{"@type":"ReadAction","target":["https:\/\/cuadra-agrado.es\/?p=555"]}]},{"@type":"ImageObject","inLanguage":"es","@id":"https:\/\/cuadra-agrado.es\/?p=555#primaryimage","url":"http:\/\/s465126685.mialojamiento.es\/wp-content\/uploads\/2014\/01\/Ranyan-163.jpg","contentUrl":"http:\/\/s465126685.mialojamiento.es\/wp-content\/uploads\/2014\/01\/Ranyan-163.jpg"},{"@type":"BreadcrumbList","@id":"https:\/\/cuadra-agrado.es\/?p=555#breadcrumb","itemListElement":[{"@type":"ListItem","position":1,"name":"Portada","item":"https:\/\/cuadra-agrado.es\/"},{"@type":"ListItem","position":2,"name":"Rany\u00e1n, de vuelta a competici\u00f3n!!!"}]},{"@type":"WebSite","@id":"https:\/\/cuadra-agrado.es\/#website","url":"https:\/\/cuadra-agrado.es\/","name":"Cuadra Agrado","description":"En el mundo del Turf desde 2008","potentialAction":[{"@type":"SearchAction","target":{"@type":"EntryPoint","urlTemplate":"https:\/\/cuadra-agrado.es\/?s={search_term_string}"},"query-input":{"@type":"PropertyValueSpecification","valueRequired":true,"valueName":"search_term_string"}}],"inLanguage":"es"},{"@type":"Person","@id":"https:\/\/cuadra-agrado.es\/#\/schema\/person\/3aa4f8d2373cf756d93a5526bc72f31b","name":"Miguel Redondo","image":{"@type":"ImageObject","inLanguage":"es","@id":"https:\/\/secure.gravatar.com\/avatar\/85704fceb4fa34017e3c1344d182da00dbf772fb8856ba2b7726a2df926415b4?s=96&d=mm&r=g","url":"https:\/\/secure.gravatar.com\/avatar\/85704fceb4fa34017e3c1344d182da00dbf772fb8856ba2b7726a2df926415b4?s=96&d=mm&r=g","contentUrl":"https:\/\/secure.gravatar.com\/avatar\/85704fceb4fa34017e3c1344d182da00dbf772fb8856ba2b7726a2df926415b4?s=96&d=mm&r=g","caption":"Miguel Redondo"},"sameAs":["https:\/\/cuadra-agrado.es"],"url":"https:\/\/cuadra-agrado.es\/?author=5"}]}},"_links":{"self":[{"href":"https:\/\/cuadra-agrado.es\/index.php?rest_route=\/wp\/v2\/posts\/555","targetHints":{"allow":["GET"]}}],"collection":[{"href":"https:\/\/cuadra-agrado.es\/index.php?rest_route=\/wp\/v2\/posts"}],"about":[{"href":"https:\/\/cuadra-agrado.es\/index.php?rest_route=\/wp\/v2\/types\/post"}],"author":[{"embeddable":true,"href":"https:\/\/cuadra-agrado.es\/index.php?rest_route=\/wp\/v2\/users\/5"}],"replies":[{"embeddable":true,"href":"https:\/\/cuadra-agrado.es\/index.php?rest_route=%2Fwp%2Fv2%2Fcomments&post=555"}],"version-history":[{"count":0,"href":"https:\/\/cuadra-agrado.es\/index.php?rest_route=\/wp\/v2\/posts\/555\/revisions"}],"wp:attachment":[{"href":"https:\/\/cuadra-agrado.es\/index.php?rest_route=%2Fwp%2Fv2%2Fmedia&parent=555"}],"wp:term":[{"taxonomy":"category","embeddable":true,"href":"https:\/\/cuadra-agrado.es\/index.php?rest_route=%2Fwp%2Fv2%2Fcategories&post=555"},{"taxonomy":"post_tag","embeddable":true,"href":"https:\/\/cuadra-agrado.es\/index.php?rest_route=%2Fwp%2Fv2%2Ftags&post=555"}],"curies":[{"name":"wp","href":"https:\/\/api.w.org\/{rel}","templated":true}]}}