{"id":550,"date":"2014-01-01T09:17:47","date_gmt":"2014-01-01T08:17:47","guid":{"rendered":"http:\/\/s465126685.mialojamiento.es\/?p=550"},"modified":"2024-02-27T09:22:37","modified_gmt":"2024-02-27T09:22:37","slug":"un-ano-mas-para-nuestros-colores","status":"publish","type":"post","link":"https:\/\/cuadra-agrado.es\/?p=550","title":{"rendered":"Un a\u00f1o m\u00e1s para nuestros colores!!"},"content":{"rendered":"<p style=\"text-align: justify;\"><a href=\"http:\/\/s465126685.mialojamiento.es\/sabias-que\/un-ano-mas-para-nuestros-colores\/attachment\/salto-ano\/\" rel=\"attachment wp-att-551\"><img loading=\"lazy\" decoding=\"async\" class=\" wp-image-551 alignleft\" alt=\"salto a\u00f1o\" src=\"http:\/\/s465126685.mialojamiento.es\/wp-content\/uploads\/2014\/01\/salto-a\u00f1o.jpg\" width=\"239\" height=\"180\" \/><\/a>Finalizado un nuevo a\u00f1o m\u00e1s para nuestra cuadra, no podemos decir que haya sido un gran a\u00f1o este 2013 que acaba de cerrar, pero aunque los \u00e9xitos del pasado 2012 no hayan sido los mismos, (tres victorias y cinco colocaciones), hemos disfrutado y compartido nuevas experiencias que nos han hecho crecer en este maravilloso mundo del turf en compa\u00f1\u00eda de todos vosotros.<\/p>\n<p>Comenzamos el resumen 2013 haciendo menci\u00f3n individualizada a cada uno de nuestros verdaderos protagonistas.<\/p>\n<p style=\"text-align: justify;\"><strong style=\"font-size: 14px;\">RANY\u00c1N:<\/strong>\u00a0Despu\u00e9s de un magn\u00edfico 2012 donde consigui\u00f3 5 victorias y un gran segundo en el \u2018Villamejor\u2019, decidimos darle su merecido descanso invernal, y casi que se tom\u00f3 todo el a\u00f1o despu\u00e9s. Reapareci\u00f3 en febrero en el premio \u2018Fern\u00e1n N\u00fa\u00f1ez\u2019 para tomar nuevamente contacto despu\u00e9s de casi 4 meses. No se le exigi\u00f3 demasiado y Francisco Jim\u00e9nez hizo el trabajo ordenado.<\/p>\n<p style=\"text-align: justify;\">La falta de programa para \u00e9l en Madrid nos hizo debutar en tierras francesas y, en Chantilly, en abril, tuvimos el honor de que un tal \u2018Soumillon\u2019 nos montara a este hijo de Gold Away. No fue el d\u00eda ni de Rany\u00e1n, que parece, la fibra y el largo viaje, no le sentaron demasiado bien ni tampoco del \u2018crack\u2019 que pareci\u00f3 no aportar en esta su gran talento.<\/p>\n<p style=\"text-align: justify;\">De vuelta a Madrid, lo intentamos de nuevo en junio coincidiendo con el \u2018Festival del Sombrero\u2019 y una colocaci\u00f3n es todo lo que pudo aportar para nuestros colores en esta su tercera salida del a\u00f1o.<\/p>\n<p style=\"text-align: justify;\">Pusimos camino con \u00e9l a San Sebasti\u00e1n, pista que le encanta, y en sus dos actuaciones veraniegas nos ofreci\u00f3 dos terceros puestos, la \u00faltima como consolatoria a la \u2018Copa de Oro\u2019 donostiarra. Cumpli\u00f3 nuevamente en Lasarte.<br \/>\nDespu\u00e9s de esta, una malograda lesi\u00f3n de rodilla le hizo pasar por quir\u00f3fano para eliminar unos peque\u00f1os fragmentos \u00f3seos, y hasta aqu\u00ed lleg\u00f3 su andadura 2013.<\/p>\n<p style=\"text-align: justify;\">Ya recuperado y cogiendo forma, confiamos plenamente en sus grandes posibilidades de subir nuevamente a lo m\u00e1s alto en este nuevo a\u00f1o 2014.<\/p>\n<p style=\"text-align: justify;\"><strong style=\"font-size: 14px;\">ORLOV:<\/strong>\u00a0Grande y humilde este hijo de \u2018Luna Ridge\u2019 de Corti\u00f1al que a sus siete a\u00f1os nos dej\u00f3 con la boca abierta en las vallas madrile\u00f1as. Su Debut en febrero en esta especialidad, fue algo para recordar toda la vida. Sin duda, lo m\u00e1s bonito y emocionante que hemos podido vivir en nuestra corta vida turfera.<\/p>\n<p style=\"text-align: justify;\">Con caballos franceses e italianos contrastados en obst\u00e1culos, no tuvo rival en la pista y de punta a punta se llev\u00f3 el primer triunfo de las vallas madrile\u00f1as despu\u00e9s de 25 a\u00f1os.<\/p>\n<p style=\"text-align: justify;\">Su segunda salida a pista al mes siguiente nos brind\u00f3 un nuevo triunfo y afianz\u00f3 su gran talento y f\u00edsico para esta especialidad. El \u2018Zar de las Vallas\u2019 hab\u00eda resultado ser el mejor caballo nacional en obst\u00e1culos. Un peque\u00f1o corte en la grupa nos oblig\u00f3 a no confirmar su partant en Francia donde ten\u00eda prevista su tercera en \u2018Enghian\u2019, un contratiempo que nos priv\u00f3 de verle competir en un nivel superior que el que parec\u00eda haber en Madrid.<\/p>\n<p style=\"text-align: justify;\">En su tercera en Madrid en el mes de abril, lleg\u00f3 la peor noticia del a\u00f1o para nosotros. Una lesi\u00f3n en los tendones de su mano derecha en la pen\u00faltima valla, le priv\u00f3 de continuar con su carrera y pasar el resto del a\u00f1o con una larga y dura recuperaci\u00f3n.<\/p>\n<p style=\"text-align: justify;\">Un nuevo sacrificado en pista en esta cuarta de Madrid hizo cancelar todo el programa de vallas. Fin de un gran espect\u00e1culo que lamentablemente, nunca lo fue.<\/p>\n<p style=\"text-align: justify;\"><strong style=\"font-size: 14px;\">VALIANT BLUE:<\/strong>\u00a0Algo parecido a \u2018Rany\u00e1n\u2019 le pas\u00f3 a este hijo de \u2018Moss Vale\u2019 que con cuatro triunfos en 2012 se gan\u00f3 un merecido descanso invernal. Reapareci\u00f3 en marzo en el premio \u2018Chamart\u00edn\u2019 y un sexto puesto es todo lo m\u00e1s que consigui\u00f3 para tomar ritmo despu\u00e9s de casi seis meses de descanso. Volvi\u00f3 a pista un mes m\u00e1s tarde &#8216;Habitancum&#8217;, y con alguna mejor\u00eda en su forma, no pudo pasar del quinto puesto. El siguiente y confiado envite en mayo &#8216;Premio Andr\u00e9s Covarrubias&#8217; fue una gran decepci\u00f3n para nosotros y su preparador de entonces &#8216;Teo Callejo&#8217;. Un s\u00e9ptimo puesto sin apenas inquietar a los grandes milleros de entonces nos oblig\u00f3 a cambiar su rumbo y su programa. En junio le bajamos el list\u00f3n y corri\u00f3 su primer handicap con 62 kilos, ofreci\u00e9ndonos su quinta victoria y primera del a\u00f1o en liso. De punta a punta, y con un recorrido magistral gestionado por JL Mart\u00ednez, volvimos a sentir el maravilloso sabor del triunfo y elevar nuestra confianza en este irland\u00e9s.<\/p>\n<p style=\"text-align: justify;\">Pusimos rumbo a San Sebasti\u00e1n con \u00e9l y, en julio, disput\u00f3 la preparatoria al &#8216;Gobierno Vasco&#8217; sin demasiada fortuna. Sigui\u00f3 la grupa de &#8216;Manhan&#8217; muy valiente durante casi todo el recorrido, pero sus rivales aqu\u00ed segu\u00edan un escal\u00f3n por encima de \u00e9l y un s\u00e9ptimo es todo lo que pudo conseguir.<\/p>\n<p style=\"text-align: justify;\">Una peque\u00f1a lesi\u00f3n de menudillos le tuvo fuera de competici\u00f3n hasta noviembre, que con nuevo preparador \u2018Eduardo Buz\u00f3n\u2019 sali\u00f3 de nuevo a pista para reaparecer despu\u00e9s de tanto tiempo. Las \u00f3rdenes del trainer en esta fueron simplemente ponerle en pista para tomar contacto, no hab\u00eda nada que rascar aqu\u00ed\u2026<\/p>\n<p style=\"text-align: justify;\">Ya en diciembre con una en el cuerpo, corri\u00f3 su segundo h\u00e1ndicap con 61 kilos y ya con mucho mejor aspecto f\u00edsico, logr\u00f3 colocarse por primera vez en su vida, hasta ahora sus colocaciones se contaban solamente como victorias.<\/p>\n<p style=\"text-align: justify;\">Su \u00faltima del a\u00f1o la disput\u00f3 en el hip\u00f3dromo sevillano de &#8216;Dos Hermanas&#8217;. Un nuevo handicap, 62 kilos pero con todo a favor, y en casi plenitud de forma, solamente nos val\u00eda la victoria, y confi\u00e1bamos en esta plenamente, pero las cosas se torcieron y repiti\u00f3 un nuevo cuarto puesto que puso fin a su a\u00f1o 2013. Esperamos mucho de \u00e9l en este 2014 y estamos seguros que le volveremos a ver disputar los grandes.<\/p>\n<p style=\"text-align: justify;\"><strong style=\"font-size: 14px;\">DAYKIRO:<\/strong>\u00a0Un bonito ejemplar irland\u00e9s por &#8216;Thousand Words&#8217; que adquirimos en subasta Doncaster y que desgraciadamente nunca tuvo nada que ofrecer en pista.<\/p>\n<p style=\"text-align: justify;\">Su debut result\u00f3 ser casi lo mejor que pudimos ver en \u00e9l. Muy valiente, estuvo todo el recorrido en punta junto con otro debutante &#8216;Dromeos&#8217;, pero los \u00faltimos 400 le dejaron sin aliento. Volvimos a repetir una y otra vez en diferentes distancias, pero no hubo forma con \u00e9l. Lesi\u00f3n tras lesi\u00f3n, menudillos, c\u00f3licos, operaciones quir\u00fargicas, etc\u2026 nos hizo tomar la triste decisi\u00f3n en agosto de retirarle de competici\u00f3n sin pena ni gloria.<\/p>\n<p style=\"text-align: justify;\">Hoy vive feliz en el campo.<\/p>\n<p style=\"text-align: justify;\">Hasta aqu\u00ed nuestro resumen del a\u00f1o. Nos quedamos con lo mejor que nos ha brindado el 2013; como recuerdo imborrable y emotivo, la primera victoria de Orlov en el malogrado retorno de las vallas madrile\u00f1as, y como agradable experiencia vivida, nuestro debut en Francia con todo un &#8216;Soumillon&#8217;.<\/p>\n<p style=\"text-align: justify;\">Un a\u00f1o m\u00e1s para nuestros colores en compa\u00f1\u00eda de todos vosotros, y un a\u00f1o m\u00e1s que hemos disfrutado y vivido de todo un apasionante espect\u00e1culo\u2026..\u00a0<em><strong>&#8216;El mundo del Turf&#8217;.<\/strong><\/em><\/p>\n<p style=\"text-align: justify;\">Suerte para todos en 2014.<\/p>\n<!-- AddThis Advanced Settings generic via filter on the_content --><!-- AddThis Share Buttons generic via filter on the_content -->","protected":false},"excerpt":{"rendered":"<p>Finalizado un nuevo a\u00f1o m\u00e1s para nuestra cuadra, no podemos decir que haya sido un gran a\u00f1o este 2013 que acaba de cerrar, pero aunque los \u00e9xitos del pasado 2012 no hayan sido los mismos, (tres victorias y cinco colocaciones), hemos disfrutado y compartido nuevas experiencias que nos han hecho crecer en este maravilloso mundo [&hellip;]<!-- AddThis Advanced Settings generic via filter on get_the_excerpt --><!-- AddThis Share Buttons generic via filter on get_the_excerpt --><\/p>\n","protected":false},"author":5,"featured_media":0,"comment_status":"closed","ping_status":"closed","sticky":false,"template":"","format":"gallery","meta":{"_acf_changed":false,"_et_pb_use_builder":"","_et_pb_old_content":"","_et_gb_content_width":"","footnotes":""},"categories":[3],"tags":[],"class_list":["post-550","post","type-post","status-publish","format-gallery","hentry","category-noticias-cuadra-agrado","post_format-post-format-gallery"],"acf":[],"yoast_head":"<!-- This site is optimized with the Yoast SEO plugin v27.4 - https:\/\/yoast.com\/product\/yoast-seo-wordpress\/ -->\n<title>Un a\u00f1o m\u00e1s para nuestros colores!! - Cuadra Agrado<\/title>\n<meta name=\"robots\" content=\"index, follow, max-snippet:-1, max-image-preview:large, max-video-preview:-1\" \/>\n<link rel=\"canonical\" href=\"https:\/\/cuadra-agrado.es\/?p=550\" \/>\n<meta property=\"og:locale\" content=\"es_ES\" \/>\n<meta property=\"og:type\" content=\"article\" \/>\n<meta property=\"og:title\" content=\"Un a\u00f1o m\u00e1s para nuestros colores!! - Cuadra Agrado\" \/>\n<meta property=\"og:description\" content=\"Finalizado un nuevo a\u00f1o m\u00e1s para nuestra cuadra, no podemos decir que haya sido un gran a\u00f1o este 2013 que acaba de cerrar, pero aunque los \u00e9xitos del pasado 2012 no hayan sido los mismos, (tres victorias y cinco colocaciones), hemos disfrutado y compartido nuevas experiencias que nos han hecho crecer en este maravilloso mundo [&hellip;]\" \/>\n<meta property=\"og:url\" content=\"https:\/\/cuadra-agrado.es\/?p=550\" \/>\n<meta property=\"og:site_name\" content=\"Cuadra Agrado\" \/>\n<meta property=\"article:published_time\" content=\"2014-01-01T08:17:47+00:00\" \/>\n<meta property=\"article:modified_time\" content=\"2024-02-27T09:22:37+00:00\" \/>\n<meta name=\"author\" content=\"Miguel Redondo\" \/>\n<meta name=\"twitter:card\" content=\"summary_large_image\" \/>\n<meta name=\"twitter:creator\" content=\"@AGRADOracing\" \/>\n<meta name=\"twitter:site\" content=\"@AGRADOracing\" \/>\n<meta name=\"twitter:label1\" content=\"Escrito por\" \/>\n\t<meta name=\"twitter:data1\" content=\"Miguel Redondo\" \/>\n\t<meta name=\"twitter:label2\" content=\"Tiempo de lectura\" \/>\n\t<meta name=\"twitter:data2\" content=\"6 minutos\" \/>\n<script type=\"application\/ld+json\" class=\"yoast-schema-graph\">{\"@context\":\"https:\\\/\\\/schema.org\",\"@graph\":[{\"@type\":\"Article\",\"@id\":\"https:\\\/\\\/cuadra-agrado.es\\\/?p=550#article\",\"isPartOf\":{\"@id\":\"https:\\\/\\\/cuadra-agrado.es\\\/?p=550\"},\"author\":{\"name\":\"Miguel Redondo\",\"@id\":\"https:\\\/\\\/cuadra-agrado.es\\\/#\\\/schema\\\/person\\\/3aa4f8d2373cf756d93a5526bc72f31b\"},\"headline\":\"Un a\u00f1o m\u00e1s para nuestros colores!!\",\"datePublished\":\"2014-01-01T08:17:47+00:00\",\"dateModified\":\"2024-02-27T09:22:37+00:00\",\"mainEntityOfPage\":{\"@id\":\"https:\\\/\\\/cuadra-agrado.es\\\/?p=550\"},\"wordCount\":1217,\"articleSection\":[\"Actualidad\"],\"inLanguage\":\"es\"},{\"@type\":\"WebPage\",\"@id\":\"https:\\\/\\\/cuadra-agrado.es\\\/?p=550\",\"url\":\"https:\\\/\\\/cuadra-agrado.es\\\/?p=550\",\"name\":\"Un a\u00f1o m\u00e1s para nuestros colores!! - Cuadra Agrado\",\"isPartOf\":{\"@id\":\"https:\\\/\\\/cuadra-agrado.es\\\/#website\"},\"datePublished\":\"2014-01-01T08:17:47+00:00\",\"dateModified\":\"2024-02-27T09:22:37+00:00\",\"author\":{\"@id\":\"https:\\\/\\\/cuadra-agrado.es\\\/#\\\/schema\\\/person\\\/3aa4f8d2373cf756d93a5526bc72f31b\"},\"breadcrumb\":{\"@id\":\"https:\\\/\\\/cuadra-agrado.es\\\/?p=550#breadcrumb\"},\"inLanguage\":\"es\",\"potentialAction\":[{\"@type\":\"ReadAction\",\"target\":[\"https:\\\/\\\/cuadra-agrado.es\\\/?p=550\"]}]},{\"@type\":\"BreadcrumbList\",\"@id\":\"https:\\\/\\\/cuadra-agrado.es\\\/?p=550#breadcrumb\",\"itemListElement\":[{\"@type\":\"ListItem\",\"position\":1,\"name\":\"Portada\",\"item\":\"https:\\\/\\\/cuadra-agrado.es\\\/\"},{\"@type\":\"ListItem\",\"position\":2,\"name\":\"Un a\u00f1o m\u00e1s para nuestros colores!!\"}]},{\"@type\":\"WebSite\",\"@id\":\"https:\\\/\\\/cuadra-agrado.es\\\/#website\",\"url\":\"https:\\\/\\\/cuadra-agrado.es\\\/\",\"name\":\"Cuadra Agrado\",\"description\":\"En el mundo del Turf desde 2008\",\"potentialAction\":[{\"@type\":\"SearchAction\",\"target\":{\"@type\":\"EntryPoint\",\"urlTemplate\":\"https:\\\/\\\/cuadra-agrado.es\\\/?s={search_term_string}\"},\"query-input\":{\"@type\":\"PropertyValueSpecification\",\"valueRequired\":true,\"valueName\":\"search_term_string\"}}],\"inLanguage\":\"es\"},{\"@type\":\"Person\",\"@id\":\"https:\\\/\\\/cuadra-agrado.es\\\/#\\\/schema\\\/person\\\/3aa4f8d2373cf756d93a5526bc72f31b\",\"name\":\"Miguel Redondo\",\"image\":{\"@type\":\"ImageObject\",\"inLanguage\":\"es\",\"@id\":\"https:\\\/\\\/secure.gravatar.com\\\/avatar\\\/85704fceb4fa34017e3c1344d182da00dbf772fb8856ba2b7726a2df926415b4?s=96&d=mm&r=g\",\"url\":\"https:\\\/\\\/secure.gravatar.com\\\/avatar\\\/85704fceb4fa34017e3c1344d182da00dbf772fb8856ba2b7726a2df926415b4?s=96&d=mm&r=g\",\"contentUrl\":\"https:\\\/\\\/secure.gravatar.com\\\/avatar\\\/85704fceb4fa34017e3c1344d182da00dbf772fb8856ba2b7726a2df926415b4?s=96&d=mm&r=g\",\"caption\":\"Miguel Redondo\"},\"sameAs\":[\"https:\\\/\\\/cuadra-agrado.es\"],\"url\":\"https:\\\/\\\/cuadra-agrado.es\\\/?author=5\"}]}<\/script>\n<!-- \/ Yoast SEO plugin. -->","yoast_head_json":{"title":"Un a\u00f1o m\u00e1s para nuestros colores!! - Cuadra Agrado","robots":{"index":"index","follow":"follow","max-snippet":"max-snippet:-1","max-image-preview":"max-image-preview:large","max-video-preview":"max-video-preview:-1"},"canonical":"https:\/\/cuadra-agrado.es\/?p=550","og_locale":"es_ES","og_type":"article","og_title":"Un a\u00f1o m\u00e1s para nuestros colores!! - Cuadra Agrado","og_description":"Finalizado un nuevo a\u00f1o m\u00e1s para nuestra cuadra, no podemos decir que haya sido un gran a\u00f1o este 2013 que acaba de cerrar, pero aunque los \u00e9xitos del pasado 2012 no hayan sido los mismos, (tres victorias y cinco colocaciones), hemos disfrutado y compartido nuevas experiencias que nos han hecho crecer en este maravilloso mundo [&hellip;]","og_url":"https:\/\/cuadra-agrado.es\/?p=550","og_site_name":"Cuadra Agrado","article_published_time":"2014-01-01T08:17:47+00:00","article_modified_time":"2024-02-27T09:22:37+00:00","author":"Miguel Redondo","twitter_card":"summary_large_image","twitter_creator":"@AGRADOracing","twitter_site":"@AGRADOracing","twitter_misc":{"Escrito por":"Miguel Redondo","Tiempo de lectura":"6 minutos"},"schema":{"@context":"https:\/\/schema.org","@graph":[{"@type":"Article","@id":"https:\/\/cuadra-agrado.es\/?p=550#article","isPartOf":{"@id":"https:\/\/cuadra-agrado.es\/?p=550"},"author":{"name":"Miguel Redondo","@id":"https:\/\/cuadra-agrado.es\/#\/schema\/person\/3aa4f8d2373cf756d93a5526bc72f31b"},"headline":"Un a\u00f1o m\u00e1s para nuestros colores!!","datePublished":"2014-01-01T08:17:47+00:00","dateModified":"2024-02-27T09:22:37+00:00","mainEntityOfPage":{"@id":"https:\/\/cuadra-agrado.es\/?p=550"},"wordCount":1217,"articleSection":["Actualidad"],"inLanguage":"es"},{"@type":"WebPage","@id":"https:\/\/cuadra-agrado.es\/?p=550","url":"https:\/\/cuadra-agrado.es\/?p=550","name":"Un a\u00f1o m\u00e1s para nuestros colores!! - Cuadra Agrado","isPartOf":{"@id":"https:\/\/cuadra-agrado.es\/#website"},"datePublished":"2014-01-01T08:17:47+00:00","dateModified":"2024-02-27T09:22:37+00:00","author":{"@id":"https:\/\/cuadra-agrado.es\/#\/schema\/person\/3aa4f8d2373cf756d93a5526bc72f31b"},"breadcrumb":{"@id":"https:\/\/cuadra-agrado.es\/?p=550#breadcrumb"},"inLanguage":"es","potentialAction":[{"@type":"ReadAction","target":["https:\/\/cuadra-agrado.es\/?p=550"]}]},{"@type":"BreadcrumbList","@id":"https:\/\/cuadra-agrado.es\/?p=550#breadcrumb","itemListElement":[{"@type":"ListItem","position":1,"name":"Portada","item":"https:\/\/cuadra-agrado.es\/"},{"@type":"ListItem","position":2,"name":"Un a\u00f1o m\u00e1s para nuestros colores!!"}]},{"@type":"WebSite","@id":"https:\/\/cuadra-agrado.es\/#website","url":"https:\/\/cuadra-agrado.es\/","name":"Cuadra Agrado","description":"En el mundo del Turf desde 2008","potentialAction":[{"@type":"SearchAction","target":{"@type":"EntryPoint","urlTemplate":"https:\/\/cuadra-agrado.es\/?s={search_term_string}"},"query-input":{"@type":"PropertyValueSpecification","valueRequired":true,"valueName":"search_term_string"}}],"inLanguage":"es"},{"@type":"Person","@id":"https:\/\/cuadra-agrado.es\/#\/schema\/person\/3aa4f8d2373cf756d93a5526bc72f31b","name":"Miguel Redondo","image":{"@type":"ImageObject","inLanguage":"es","@id":"https:\/\/secure.gravatar.com\/avatar\/85704fceb4fa34017e3c1344d182da00dbf772fb8856ba2b7726a2df926415b4?s=96&d=mm&r=g","url":"https:\/\/secure.gravatar.com\/avatar\/85704fceb4fa34017e3c1344d182da00dbf772fb8856ba2b7726a2df926415b4?s=96&d=mm&r=g","contentUrl":"https:\/\/secure.gravatar.com\/avatar\/85704fceb4fa34017e3c1344d182da00dbf772fb8856ba2b7726a2df926415b4?s=96&d=mm&r=g","caption":"Miguel Redondo"},"sameAs":["https:\/\/cuadra-agrado.es"],"url":"https:\/\/cuadra-agrado.es\/?author=5"}]}},"_links":{"self":[{"href":"https:\/\/cuadra-agrado.es\/index.php?rest_route=\/wp\/v2\/posts\/550","targetHints":{"allow":["GET"]}}],"collection":[{"href":"https:\/\/cuadra-agrado.es\/index.php?rest_route=\/wp\/v2\/posts"}],"about":[{"href":"https:\/\/cuadra-agrado.es\/index.php?rest_route=\/wp\/v2\/types\/post"}],"author":[{"embeddable":true,"href":"https:\/\/cuadra-agrado.es\/index.php?rest_route=\/wp\/v2\/users\/5"}],"replies":[{"embeddable":true,"href":"https:\/\/cuadra-agrado.es\/index.php?rest_route=%2Fwp%2Fv2%2Fcomments&post=550"}],"version-history":[{"count":0,"href":"https:\/\/cuadra-agrado.es\/index.php?rest_route=\/wp\/v2\/posts\/550\/revisions"}],"wp:attachment":[{"href":"https:\/\/cuadra-agrado.es\/index.php?rest_route=%2Fwp%2Fv2%2Fmedia&parent=550"}],"wp:term":[{"taxonomy":"category","embeddable":true,"href":"https:\/\/cuadra-agrado.es\/index.php?rest_route=%2Fwp%2Fv2%2Fcategories&post=550"},{"taxonomy":"post_tag","embeddable":true,"href":"https:\/\/cuadra-agrado.es\/index.php?rest_route=%2Fwp%2Fv2%2Ftags&post=550"}],"curies":[{"name":"wp","href":"https:\/\/api.w.org\/{rel}","templated":true}]}}