{"id":5268,"date":"2019-12-16T11:04:50","date_gmt":"2019-12-16T10:04:50","guid":{"rendered":"https:\/\/cuadra-agrado.es\/?p=5268"},"modified":"2024-02-27T09:15:11","modified_gmt":"2024-02-27T09:15:11","slug":"eduardo-buzon-regresa-madrid","status":"publish","type":"post","link":"https:\/\/cuadra-agrado.es\/?p=5268","title":{"rendered":"Eduardo Buz\u00f3n regresa nuevamente a Madrid !!!"},"content":{"rendered":"<p style=\"text-align: justify;\">El sanluque\u00f1o Eduardo Buz\u00f3n, tras un largo periplo marroqu\u00ed donde ha estado inmerso durante casi tres a\u00f1os como primer responsable de la cuadra M. Karemine, regresar\u00e1 esta pr\u00f3xima semana al Hip\u00f3dromo de la Zarzuela en lo que ser\u00e1 su tercera etapa como preparador en Espa\u00f1a.<\/p>\n<p style=\"text-align: justify;\">El pasado mes recib\u00edamos la noticia en primera persona sobre la intenci\u00f3n de su regreso a Espa\u00f1a, una vez se confirm\u00f3 su reciente paternidad, y la necesidad de establecerse y estabilizar su nueva situaci\u00f3n familiar en un pa\u00eds mucho m\u00e1s cercano al que hasta hace apenas un mes manten\u00eda como residencia habitual en Rabat. Nuestros antecedentes con \u00e9l son de todos conocidos como el primer preparador que se hizo cargo de nuestros caballos en una primera etapa all\u00e1 por 2008, y una segunda posterior en 2013 tras su periplo franc\u00e9s. El conflicto en nuestro sector le hizo salir a buscarse nuevamente su pan en 2015, esta vez a Marruecos, pero siempre tuvo en su cabeza la firme intenci\u00f3n de regresar alg\u00fan d\u00eda a su casa.<\/p>\n<p style=\"text-align: justify;\">Llegado el d\u00eda, y en esta tercera etapa que reci\u00e9n comenzar\u00e1 en esta misma semana, queremos nuevamente estar a su lado y volver a confiar en esa profesionalidad y enorme dedicaci\u00f3n que tantos \u00e9xitos pasados nos brindara con nuestros caballos con los que fue capaz de ofrecernos 11 victorias de 37 salidas, con un indiscutible ratio de victorias de casi el 30%. Su enorme bagaje en tierras marroqu\u00edes en esta \u00faltima etapa, donde ha estado a cargo de m\u00e1s de 100 caballos en entrenamiento consiguiendo r\u00e9cord de victorias en el turf marroqu\u00ed este mismo a\u00f1o, le consolida para llegar nuevamente a Espa\u00f1a en el mejor momento de su vida profesional, acompa\u00f1ado tambi\u00e9n de su mejor momento en su vida personal. Por todo ello, informamos de nuestra firme intenci\u00f3n de confiar tres caballos en entrenamiento, que pasar\u00e1n a su patio en los pr\u00f3ximos d\u00edas. El acuerdo se ha realizado en colaboraci\u00f3n amistosa con nuestro actual preparador Juan Luis Maroto, al que agradecemos p\u00fablicamente su comprensi\u00f3n en estas decisiones siempre delicadas, y donde le ofrecimos la opci\u00f3n privilegiada de elegir los efectivos para su patio.<\/p>\n<p style=\"text-align: justify;\">As\u00ed pues, informamos que Eduardo Buz\u00f3n se har\u00e1 cargo inicialmente del entrenamiento en 2020 de nuestros caballos<strong> \u201cPowerful Sole\u201d<\/strong>, <strong>\u201cHighrock Blue\u201d<\/strong> y <strong>\u201cDanubian Blue\u201d<\/strong>. Por otra parte, Juan Luis Maroto se quedar\u00e1 a cargo de<strong> \u201cBarbarigo<\/strong>\u201d, y la \u00faltima adquisici\u00f3n en subasta Acpsie (Hembra por Free Eagle &amp; Capsaicin) cuyo nombre ser\u00e1 <strong>\u201cSenna\u201d.<\/strong><\/p>\n<p style=\"text-align: justify;\">Con este plantel saldremos inicialmente a competir en 2020, deseando a ambos preparadores la mejor de las fortunas con cada uno de los efectivos que ponemos a su cargo y, con la firme intenci\u00f3n de renovar esas siempre necesarias ilusiones para dejar atr\u00e1s un aciago y complicado \u00a0a\u00f1o vivido en 2019.<\/p>\n<!-- AddThis Advanced Settings generic via filter on the_content --><!-- AddThis Share Buttons generic via filter on the_content -->","protected":false},"excerpt":{"rendered":"<p>El sanluque\u00f1o Eduardo Buz\u00f3n, tras un largo periplo marroqu\u00ed donde ha estado inmerso durante casi tres a\u00f1os como primer responsable de la cuadra M. Karemine, regresar\u00e1 esta pr\u00f3xima semana al Hip\u00f3dromo de la Zarzuela en lo que ser\u00e1 su tercera etapa como preparador en Espa\u00f1a. El pasado mes recib\u00edamos la noticia en primera persona sobre [&hellip;]<!-- AddThis Advanced Settings generic via filter on get_the_excerpt --><!-- AddThis Share Buttons generic via filter on get_the_excerpt --><\/p>\n","protected":false},"author":5,"featured_media":0,"comment_status":"closed","ping_status":"closed","sticky":false,"template":"","format":"standard","meta":{"_acf_changed":false,"_et_pb_use_builder":"off","_et_pb_old_content":"<p style=\"text-align: justify;\"><a href=\"http:\/\/cuadra-agrado.es\/wp-content\/uploads\/2019\/12\/buzon.jpg\"><img class=\"alignleft wp-image-5269 \" src=\"http:\/\/cuadra-agrado.es\/wp-content\/uploads\/2019\/12\/buzon.jpg\" alt=\"\" width=\"504\" height=\"282\"><\/a>El sanluque\u00f1o Eduardo Buz\u00f3n, tras un largo periplo marroqu\u00ed donde ha estado inmerso durante casi tres a\u00f1os como primer responsable de la cuadra M. Karemine, regresar\u00e1 esta pr\u00f3xima semana al Hip\u00f3dromo de la Zarzuela en lo que ser\u00e1 su tercera etapa como preparador en Espa\u00f1a.<\/p>\n<p style=\"text-align: justify;\">El pasado mes recib\u00edamos la noticia en primera persona sobre la intenci\u00f3n de su regreso a Espa\u00f1a, una vez se confirm\u00f3 su reciente paternidad, y la necesidad de establecerse y estabilizar su nueva situaci\u00f3n familiar en un pa\u00eds mucho m\u00e1s cercano al que hasta hace apenas un mes manten\u00eda como residencia habitual en Rabat. Nuestros antecedentes con \u00e9l son de todos conocidos como el primer preparador que se hizo cargo de nuestros caballos en una primera etapa all\u00e1 por 2008, y una segunda posterior en 2013 tras su periplo franc\u00e9s. El conflicto en nuestro sector le hizo salir a buscarse nuevamente su pan en 2015, esta vez a Marruecos, pero siempre tuvo en su cabeza la firme intenci\u00f3n de regresar alg\u00fan d\u00eda a su casa.<\/p>\n<p style=\"text-align: justify;\">Llegado el d\u00eda, y en esta tercera etapa que reci\u00e9n comenzar\u00e1 en esta misma semana, queremos nuevamente estar a su lado y volver a confiar en esa profesionalidad y enorme dedicaci\u00f3n que tantos \u00e9xitos pasados nos brindara con nuestros caballos con los que fue capaz de ofrecernos 11 victorias de 37 salidas, con un indiscutible ratio de victorias de casi el 30%. Su enorme bagaje en tierras marroqu\u00edes en esta \u00faltima etapa, donde ha estado a cargo de m\u00e1s de 100 caballos en entrenamiento consiguiendo r\u00e9cord de victorias en el turf marroqu\u00ed este mismo a\u00f1o, le consolida para llegar nuevamente a Espa\u00f1a en el mejor momento de su vida profesional, acompa\u00f1ado tambi\u00e9n de su mejor momento en su vida personal. Por todo ello, informamos de nuestra firme intenci\u00f3n de confiar tres caballos en entrenamiento, que pasar\u00e1n a su patio en los pr\u00f3ximos d\u00edas. El acuerdo se ha realizado en colaboraci\u00f3n amistosa con nuestro actual preparador Juan Luis Maroto, al que agradecemos p\u00fablicamente su comprensi\u00f3n en estas decisiones siempre delicadas, y donde le ofrecimos la opci\u00f3n privilegiada de elegir los efectivos para su patio. &nbsp;&nbsp;<\/p>\n<p style=\"text-align: justify;\">As\u00ed pues, informamos que Eduardo Buz\u00f3n se har\u00e1 cargo inicialmente del entrenamiento en 2020 de nuestros caballos<strong> \u201cPowerful Sole\u201d<\/strong>, <strong>\u201cHighrock Blue\u201d<\/strong> y <strong>\u201cDanubian Blue\u201d<\/strong>. Por otra parte, Juan Luis Maroto se quedar\u00e1 a cargo de<strong> \u201cBarbarigo<\/strong>\u201d, y la \u00faltima adquisici\u00f3n en subasta Acpsie (Hembra por Free Eagle &amp; Capsaicin) cuyo nombre ser\u00e1 <strong>\u201cSenna\u201d.<\/strong><\/p>\n<p style=\"text-align: justify;\">Con este plantel saldremos inicialmente a competir en 2020, deseando a ambos preparadores la mejor de las fortunas con cada uno de los efectivos que ponemos a su cargo y, con la firme intenci\u00f3n de renovar esas siempre necesarias ilusiones para dejar atr\u00e1s un aciago y complicado &nbsp;a\u00f1o vivido en 2019.<\/p>\n\n\n<hr>\n<p style=\"text-align: justify;\">&nbsp;<\/p>","_et_gb_content_width":"","footnotes":""},"categories":[3],"tags":[],"class_list":["post-5268","post","type-post","status-publish","format-standard","hentry","category-noticias-cuadra-agrado"],"acf":[],"yoast_head":"<!-- This site is optimized with the Yoast SEO plugin v27.4 - https:\/\/yoast.com\/product\/yoast-seo-wordpress\/ -->\n<title>Eduardo Buz\u00f3n regresa nuevamente a Madrid !!! - Cuadra Agrado<\/title>\n<meta name=\"robots\" content=\"index, follow, max-snippet:-1, max-image-preview:large, max-video-preview:-1\" \/>\n<link rel=\"canonical\" href=\"https:\/\/cuadra-agrado.es\/?p=5268\" \/>\n<meta property=\"og:locale\" content=\"es_ES\" \/>\n<meta property=\"og:type\" content=\"article\" \/>\n<meta property=\"og:title\" content=\"Eduardo Buz\u00f3n regresa nuevamente a Madrid !!! - Cuadra Agrado\" \/>\n<meta property=\"og:description\" content=\"El sanluque\u00f1o Eduardo Buz\u00f3n, tras un largo periplo marroqu\u00ed donde ha estado inmerso durante casi tres a\u00f1os como primer responsable de la cuadra M. Karemine, regresar\u00e1 esta pr\u00f3xima semana al Hip\u00f3dromo de la Zarzuela en lo que ser\u00e1 su tercera etapa como preparador en Espa\u00f1a. El pasado mes recib\u00edamos la noticia en primera persona sobre [&hellip;]\" \/>\n<meta property=\"og:url\" content=\"https:\/\/cuadra-agrado.es\/?p=5268\" \/>\n<meta property=\"og:site_name\" content=\"Cuadra Agrado\" \/>\n<meta property=\"article:published_time\" content=\"2019-12-16T10:04:50+00:00\" \/>\n<meta property=\"article:modified_time\" content=\"2024-02-27T09:15:11+00:00\" \/>\n<meta name=\"author\" content=\"Miguel Redondo\" \/>\n<meta name=\"twitter:card\" content=\"summary_large_image\" \/>\n<meta name=\"twitter:creator\" content=\"@AGRADOracing\" \/>\n<meta name=\"twitter:site\" content=\"@AGRADOracing\" \/>\n<meta name=\"twitter:label1\" content=\"Escrito por\" \/>\n\t<meta name=\"twitter:data1\" content=\"Miguel Redondo\" \/>\n\t<meta name=\"twitter:label2\" content=\"Tiempo de lectura\" \/>\n\t<meta name=\"twitter:data2\" content=\"2 minutos\" \/>\n<script type=\"application\/ld+json\" class=\"yoast-schema-graph\">{\"@context\":\"https:\\\/\\\/schema.org\",\"@graph\":[{\"@type\":\"Article\",\"@id\":\"https:\\\/\\\/cuadra-agrado.es\\\/?p=5268#article\",\"isPartOf\":{\"@id\":\"https:\\\/\\\/cuadra-agrado.es\\\/?p=5268\"},\"author\":{\"name\":\"Miguel Redondo\",\"@id\":\"https:\\\/\\\/cuadra-agrado.es\\\/#\\\/schema\\\/person\\\/3aa4f8d2373cf756d93a5526bc72f31b\"},\"headline\":\"Eduardo Buz\u00f3n regresa nuevamente a Madrid !!!\",\"datePublished\":\"2019-12-16T10:04:50+00:00\",\"dateModified\":\"2024-02-27T09:15:11+00:00\",\"mainEntityOfPage\":{\"@id\":\"https:\\\/\\\/cuadra-agrado.es\\\/?p=5268\"},\"wordCount\":494,\"articleSection\":[\"Actualidad\"],\"inLanguage\":\"es\"},{\"@type\":\"WebPage\",\"@id\":\"https:\\\/\\\/cuadra-agrado.es\\\/?p=5268\",\"url\":\"https:\\\/\\\/cuadra-agrado.es\\\/?p=5268\",\"name\":\"Eduardo Buz\u00f3n regresa nuevamente a Madrid !!! - Cuadra Agrado\",\"isPartOf\":{\"@id\":\"https:\\\/\\\/cuadra-agrado.es\\\/#website\"},\"datePublished\":\"2019-12-16T10:04:50+00:00\",\"dateModified\":\"2024-02-27T09:15:11+00:00\",\"author\":{\"@id\":\"https:\\\/\\\/cuadra-agrado.es\\\/#\\\/schema\\\/person\\\/3aa4f8d2373cf756d93a5526bc72f31b\"},\"breadcrumb\":{\"@id\":\"https:\\\/\\\/cuadra-agrado.es\\\/?p=5268#breadcrumb\"},\"inLanguage\":\"es\",\"potentialAction\":[{\"@type\":\"ReadAction\",\"target\":[\"https:\\\/\\\/cuadra-agrado.es\\\/?p=5268\"]}]},{\"@type\":\"BreadcrumbList\",\"@id\":\"https:\\\/\\\/cuadra-agrado.es\\\/?p=5268#breadcrumb\",\"itemListElement\":[{\"@type\":\"ListItem\",\"position\":1,\"name\":\"Portada\",\"item\":\"https:\\\/\\\/cuadra-agrado.es\\\/\"},{\"@type\":\"ListItem\",\"position\":2,\"name\":\"Eduardo Buz\u00f3n regresa nuevamente a Madrid !!!\"}]},{\"@type\":\"WebSite\",\"@id\":\"https:\\\/\\\/cuadra-agrado.es\\\/#website\",\"url\":\"https:\\\/\\\/cuadra-agrado.es\\\/\",\"name\":\"Cuadra Agrado\",\"description\":\"En el mundo del Turf desde 2008\",\"potentialAction\":[{\"@type\":\"SearchAction\",\"target\":{\"@type\":\"EntryPoint\",\"urlTemplate\":\"https:\\\/\\\/cuadra-agrado.es\\\/?s={search_term_string}\"},\"query-input\":{\"@type\":\"PropertyValueSpecification\",\"valueRequired\":true,\"valueName\":\"search_term_string\"}}],\"inLanguage\":\"es\"},{\"@type\":\"Person\",\"@id\":\"https:\\\/\\\/cuadra-agrado.es\\\/#\\\/schema\\\/person\\\/3aa4f8d2373cf756d93a5526bc72f31b\",\"name\":\"Miguel Redondo\",\"image\":{\"@type\":\"ImageObject\",\"inLanguage\":\"es\",\"@id\":\"https:\\\/\\\/secure.gravatar.com\\\/avatar\\\/85704fceb4fa34017e3c1344d182da00dbf772fb8856ba2b7726a2df926415b4?s=96&d=mm&r=g\",\"url\":\"https:\\\/\\\/secure.gravatar.com\\\/avatar\\\/85704fceb4fa34017e3c1344d182da00dbf772fb8856ba2b7726a2df926415b4?s=96&d=mm&r=g\",\"contentUrl\":\"https:\\\/\\\/secure.gravatar.com\\\/avatar\\\/85704fceb4fa34017e3c1344d182da00dbf772fb8856ba2b7726a2df926415b4?s=96&d=mm&r=g\",\"caption\":\"Miguel Redondo\"},\"sameAs\":[\"https:\\\/\\\/cuadra-agrado.es\"],\"url\":\"https:\\\/\\\/cuadra-agrado.es\\\/?author=5\"}]}<\/script>\n<!-- \/ Yoast SEO plugin. -->","yoast_head_json":{"title":"Eduardo Buz\u00f3n regresa nuevamente a Madrid !!! - Cuadra Agrado","robots":{"index":"index","follow":"follow","max-snippet":"max-snippet:-1","max-image-preview":"max-image-preview:large","max-video-preview":"max-video-preview:-1"},"canonical":"https:\/\/cuadra-agrado.es\/?p=5268","og_locale":"es_ES","og_type":"article","og_title":"Eduardo Buz\u00f3n regresa nuevamente a Madrid !!! - Cuadra Agrado","og_description":"El sanluque\u00f1o Eduardo Buz\u00f3n, tras un largo periplo marroqu\u00ed donde ha estado inmerso durante casi tres a\u00f1os como primer responsable de la cuadra M. Karemine, regresar\u00e1 esta pr\u00f3xima semana al Hip\u00f3dromo de la Zarzuela en lo que ser\u00e1 su tercera etapa como preparador en Espa\u00f1a. El pasado mes recib\u00edamos la noticia en primera persona sobre [&hellip;]","og_url":"https:\/\/cuadra-agrado.es\/?p=5268","og_site_name":"Cuadra Agrado","article_published_time":"2019-12-16T10:04:50+00:00","article_modified_time":"2024-02-27T09:15:11+00:00","author":"Miguel Redondo","twitter_card":"summary_large_image","twitter_creator":"@AGRADOracing","twitter_site":"@AGRADOracing","twitter_misc":{"Escrito por":"Miguel Redondo","Tiempo de lectura":"2 minutos"},"schema":{"@context":"https:\/\/schema.org","@graph":[{"@type":"Article","@id":"https:\/\/cuadra-agrado.es\/?p=5268#article","isPartOf":{"@id":"https:\/\/cuadra-agrado.es\/?p=5268"},"author":{"name":"Miguel Redondo","@id":"https:\/\/cuadra-agrado.es\/#\/schema\/person\/3aa4f8d2373cf756d93a5526bc72f31b"},"headline":"Eduardo Buz\u00f3n regresa nuevamente a Madrid !!!","datePublished":"2019-12-16T10:04:50+00:00","dateModified":"2024-02-27T09:15:11+00:00","mainEntityOfPage":{"@id":"https:\/\/cuadra-agrado.es\/?p=5268"},"wordCount":494,"articleSection":["Actualidad"],"inLanguage":"es"},{"@type":"WebPage","@id":"https:\/\/cuadra-agrado.es\/?p=5268","url":"https:\/\/cuadra-agrado.es\/?p=5268","name":"Eduardo Buz\u00f3n regresa nuevamente a Madrid !!! - Cuadra Agrado","isPartOf":{"@id":"https:\/\/cuadra-agrado.es\/#website"},"datePublished":"2019-12-16T10:04:50+00:00","dateModified":"2024-02-27T09:15:11+00:00","author":{"@id":"https:\/\/cuadra-agrado.es\/#\/schema\/person\/3aa4f8d2373cf756d93a5526bc72f31b"},"breadcrumb":{"@id":"https:\/\/cuadra-agrado.es\/?p=5268#breadcrumb"},"inLanguage":"es","potentialAction":[{"@type":"ReadAction","target":["https:\/\/cuadra-agrado.es\/?p=5268"]}]},{"@type":"BreadcrumbList","@id":"https:\/\/cuadra-agrado.es\/?p=5268#breadcrumb","itemListElement":[{"@type":"ListItem","position":1,"name":"Portada","item":"https:\/\/cuadra-agrado.es\/"},{"@type":"ListItem","position":2,"name":"Eduardo Buz\u00f3n regresa nuevamente a Madrid !!!"}]},{"@type":"WebSite","@id":"https:\/\/cuadra-agrado.es\/#website","url":"https:\/\/cuadra-agrado.es\/","name":"Cuadra Agrado","description":"En el mundo del Turf desde 2008","potentialAction":[{"@type":"SearchAction","target":{"@type":"EntryPoint","urlTemplate":"https:\/\/cuadra-agrado.es\/?s={search_term_string}"},"query-input":{"@type":"PropertyValueSpecification","valueRequired":true,"valueName":"search_term_string"}}],"inLanguage":"es"},{"@type":"Person","@id":"https:\/\/cuadra-agrado.es\/#\/schema\/person\/3aa4f8d2373cf756d93a5526bc72f31b","name":"Miguel Redondo","image":{"@type":"ImageObject","inLanguage":"es","@id":"https:\/\/secure.gravatar.com\/avatar\/85704fceb4fa34017e3c1344d182da00dbf772fb8856ba2b7726a2df926415b4?s=96&d=mm&r=g","url":"https:\/\/secure.gravatar.com\/avatar\/85704fceb4fa34017e3c1344d182da00dbf772fb8856ba2b7726a2df926415b4?s=96&d=mm&r=g","contentUrl":"https:\/\/secure.gravatar.com\/avatar\/85704fceb4fa34017e3c1344d182da00dbf772fb8856ba2b7726a2df926415b4?s=96&d=mm&r=g","caption":"Miguel Redondo"},"sameAs":["https:\/\/cuadra-agrado.es"],"url":"https:\/\/cuadra-agrado.es\/?author=5"}]}},"_links":{"self":[{"href":"https:\/\/cuadra-agrado.es\/index.php?rest_route=\/wp\/v2\/posts\/5268","targetHints":{"allow":["GET"]}}],"collection":[{"href":"https:\/\/cuadra-agrado.es\/index.php?rest_route=\/wp\/v2\/posts"}],"about":[{"href":"https:\/\/cuadra-agrado.es\/index.php?rest_route=\/wp\/v2\/types\/post"}],"author":[{"embeddable":true,"href":"https:\/\/cuadra-agrado.es\/index.php?rest_route=\/wp\/v2\/users\/5"}],"replies":[{"embeddable":true,"href":"https:\/\/cuadra-agrado.es\/index.php?rest_route=%2Fwp%2Fv2%2Fcomments&post=5268"}],"version-history":[{"count":0,"href":"https:\/\/cuadra-agrado.es\/index.php?rest_route=\/wp\/v2\/posts\/5268\/revisions"}],"wp:attachment":[{"href":"https:\/\/cuadra-agrado.es\/index.php?rest_route=%2Fwp%2Fv2%2Fmedia&parent=5268"}],"wp:term":[{"taxonomy":"category","embeddable":true,"href":"https:\/\/cuadra-agrado.es\/index.php?rest_route=%2Fwp%2Fv2%2Fcategories&post=5268"},{"taxonomy":"post_tag","embeddable":true,"href":"https:\/\/cuadra-agrado.es\/index.php?rest_route=%2Fwp%2Fv2%2Ftags&post=5268"}],"curies":[{"name":"wp","href":"https:\/\/api.w.org\/{rel}","templated":true}]}}