{"id":5254,"date":"2019-11-25T12:33:29","date_gmt":"2019-11-25T11:33:29","guid":{"rendered":"https:\/\/cuadra-agrado.es\/?p=5254"},"modified":"2024-02-27T09:15:12","modified_gmt":"2024-02-27T09:15:12","slug":"muchas-gracias-senor-urbano","status":"publish","type":"post","link":"https:\/\/cuadra-agrado.es\/?p=5254","title":{"rendered":"Muchas gracias Se\u00f1or Urbano"},"content":{"rendered":"<p style=\"text-align: justify;\">A falta de una \u00fanica jornada para la conclusi\u00f3n del a\u00f1o \u201cturf\u00edstico\u201d en nuestro hip\u00f3dromo de la Zarzuela de Madrid y, apenas un a\u00f1o despu\u00e9s de su puesta en escena como Director T\u00e9cnico de nuestro hip\u00f3dromo, \u00c1lvaro Urbano Rold\u00e1n dejar\u00e1 su puesto por simples motivos personales el pr\u00f3ximo 5 de diciembre. Su meditada decisi\u00f3n ha sobrecogido y enrarecido a muchos de los profesionales y amantes de nuestro turf que ve\u00edan en \u00e9l una persona de sobresaliente capacidad como para seguir zurciendo los mimbres de nuestra competici\u00f3n. Su capacidad como m\u00e1ximo responsable de nuestra pura competici\u00f3n ha quedado avalada en muchas de sus actuaciones, como hemos podido constatar desde su inicio, en su cometido principal de mantener las mejores condiciones de una pista de hierba con 30 jornadas en un estado \u00f3ptimo durante todo un largo a\u00f1o. Adicional a esta dif\u00edcil responsabilidad, tambi\u00e9n ha liderado otros muchos proyectos contiguos a nuestra industria que, aun no siendo responsabilidad directa en sus atribuciones, ha tenido a bien involucrarse desde el primer d\u00eda que acept\u00f3 el cargo con esa necesaria motivaci\u00f3n que siempre va coaligada al buen trabajo y dedicaci\u00f3n plena.<\/p>\n<p style=\"text-align: justify;\">Esa intachable dedicaci\u00f3n le hizo abordar r\u00e1pidos y nuevos proyectos en la pista de hierba como principal objetivo, instalando sensores de humedad en todo su trazado que, a trav\u00e9s de una aplicaci\u00f3n inform\u00e1tica, optimiz\u00f3 de manera sobresaliente una pista maltrecha, hasta el punto de mantenerla en las mejores condiciones para la competici\u00f3n durante todo el a\u00f1o \u201cturf\u00edstico\u201d. A este innovador proyecto, se le sumaron otros muchos como la instalaci\u00f3n de una completa estaci\u00f3n meteorol\u00f3gica dentro del recinto, la adecuaci\u00f3n de la entrada principal de acreditados, mejoras sustanciales en cuarto de jockeys, nueva y esplendorosa sala de prensa, la confecci\u00f3n del libro de los 100 a\u00f1os de nuestro hip\u00f3dromo, balanzas de pesaje para caballos, adecuaci\u00f3n y mejora en los picaderos para domas, y otras muchas regeneraciones que, al lado de su presidente \u00c1lvaro Gutierrez de la Fuente consensuaron para la necesaria mejora en infraestructuras de nuestro hip\u00f3dromo en este 2019.<\/p>\n<p style=\"text-align: justify;\">Su \u00edmpetu por aportar nuevas ideas evolutivas y de consenso, le llevo a reactivar una estrecha comunicaci\u00f3n con los diferentes estamentos de nuestro turf, iniciando una v\u00eda cercana de comunicaci\u00f3n con las diferentes Asociaciones de propietarios y criadores, donde era referente en las distintas Asambleas y reuniones para consensuar mejoras, e involucrarse personalmente en las demandas de dichos asociados. De la misma forma, ha estado muy cerca de los profesionales directos; jockeys, preparadores y mozos, donde habitualmente les invitaba a un almuerzo y aprovechaba ese ambiente distendido para interesarse por sus inquietudes en busca de esa mejora continua que, junto con las distintas asociaciones, le sirviera para confeccionar uno de los mejores programas de carreras en nuestro hip\u00f3dromo para 2020 y que, lamentablemente no podr\u00e1 disfrutar en primera persona como principal protagonista hacedor.<\/p>\n<p style=\"text-align: justify;\">En definitiva, perdemos un enorme baluarte para nuestras carreras con el \u00fanico deseo de que, la persona que ocupe su cargo en un pr\u00f3ximo futuro, pueda seguir zurciendo esas mismas mimbres en esa misma l\u00ednea evolutiva. Los motivos de su marcha no deben ser ahora motivo de suspicacias o murmullo banal, pero si me atrever\u00eda a asentir que, su fuerte personalidad y m\u00e9todos de trabajo como dilatado gestor en la empresa privada durante toda su vida laboral distaban mucho de las instrucciones operativas que sigue una empresa p\u00fablica a la cual ineludiblemente nos debemos. Los enormes privilegios y ayudas con los que cuenta nuestro sector siempre de la mano de la Administraci\u00f3n, requieren de un mecanismo complejo y necesario que, en muchos aspectos, es incompatible con una forma de gesti\u00f3n en la que hasta el \u00faltimo d\u00eda ha cre\u00eddo \u00c1lvaro Urbano.<\/p>\n<p style=\"text-align: justify;\">Por todo ello y, como no puede ser de otra forma, queremos hacer p\u00fablico nuestro m\u00e1s sincero agradecimiento por el fant\u00e1stico trabajo, dedicaci\u00f3n y esfuerzo constante, dese\u00e1ndole la mejor de las fortunas en nuevos proyectos futuros.<br \/>\nMuchas gracias Se\u00f1or Urbano !!!<\/p>\n<hr \/>\n<p style=\"text-align: justify;\">\n<!-- AddThis Advanced Settings generic via filter on the_content --><!-- AddThis Share Buttons generic via filter on the_content -->","protected":false},"excerpt":{"rendered":"<p>A falta de una \u00fanica jornada para la conclusi\u00f3n del a\u00f1o \u201cturf\u00edstico\u201d en nuestro hip\u00f3dromo de la Zarzuela de Madrid y, apenas un a\u00f1o despu\u00e9s de su puesta en escena como Director T\u00e9cnico de nuestro hip\u00f3dromo, \u00c1lvaro Urbano Rold\u00e1n dejar\u00e1 su puesto por simples motivos personales el pr\u00f3ximo 5 de diciembre. Su meditada decisi\u00f3n ha [&hellip;]<!-- AddThis Advanced Settings generic via filter on get_the_excerpt --><!-- AddThis Share Buttons generic via filter on get_the_excerpt --><\/p>\n","protected":false},"author":5,"featured_media":6374,"comment_status":"closed","ping_status":"closed","sticky":false,"template":"","format":"standard","meta":{"_acf_changed":false,"_et_pb_use_builder":"off","_et_pb_old_content":"<p style=\"text-align: justify;\"><a href=\"http:\/\/cuadra-agrado.es\/wp-content\/uploads\/2019\/11\/alvaro-urbano-roldan_0.png\"><img class=\"alignleft wp-image-5256 size-full\" src=\"http:\/\/cuadra-agrado.es\/wp-content\/uploads\/2019\/11\/alvaro-urbano-roldan_0.png\" alt=\"\" width=\"534\" height=\"462\"><\/a>A falta de una \u00fanica jornada para la conclusi\u00f3n del a\u00f1o \u201cturf\u00edstico\u201d en nuestro hip\u00f3dromo de la Zarzuela de Madrid y, apenas un a\u00f1o despu\u00e9s de su puesta en escena como Director T\u00e9cnico de nuestro hip\u00f3dromo, \u00c1lvaro Urbano Rold\u00e1n dejar\u00e1 su puesto por simples motivos personales el pr\u00f3ximo 5 de diciembre. Su meditada decisi\u00f3n ha sobrecogido y enrarecido a muchos de los profesionales y amantes de nuestro turf que ve\u00edan en \u00e9l una persona de sobresaliente capacidad como para seguir zurciendo los mimbres de nuestra competici\u00f3n. Su capacidad como m\u00e1ximo responsable de nuestra pura competici\u00f3n ha quedado avalada en muchas de sus actuaciones, como hemos podido constatar desde su inicio, en su cometido principal de mantener las mejores condiciones de una pista de hierba con 30 jornadas en un estado \u00f3ptimo durante todo un largo a\u00f1o. Adicional a esta dif\u00edcil responsabilidad, tambi\u00e9n ha liderado otros muchos proyectos contiguos a nuestra industria que, aun no siendo responsabilidad directa en sus atribuciones, ha tenido a bien involucrarse desde el primer d\u00eda que acept\u00f3 el cargo con esa necesaria motivaci\u00f3n que siempre va coaligada al buen trabajo y dedicaci\u00f3n plena.<\/p>\n<p style=\"text-align: justify;\">Esa intachable dedicaci\u00f3n le hizo abordar r\u00e1pidos y nuevos proyectos en la pista de hierba como principal objetivo, instalando sensores de humedad en todo su trazado que, a trav\u00e9s de una aplicaci\u00f3n inform\u00e1tica, optimiz\u00f3 de manera sobresaliente una pista maltrecha, hasta el punto de mantenerla en las mejores condiciones para la competici\u00f3n durante todo el a\u00f1o \u201cturf\u00edstico\u201d. A este innovador proyecto, se le sumaron otros muchos como la instalaci\u00f3n de una completa estaci\u00f3n meteorol\u00f3gica dentro del recinto, la adecuaci\u00f3n de la entrada principal de acreditados, mejoras sustanciales en cuarto de jockeys, nueva y esplendorosa sala de prensa, la confecci\u00f3n del libro de los 100 a\u00f1os de nuestro hip\u00f3dromo, balanzas de pesaje para caballos, adecuaci\u00f3n y mejora en los picaderos para domas, y otras muchas regeneraciones que, al lado de su presidente \u00c1lvaro Gutierrez de la Fuente consensuaron para la necesaria mejora en infraestructuras de nuestro hip\u00f3dromo en este 2019.<\/p>\n<p style=\"text-align: justify;\">Su \u00edmpetu por aportar nuevas ideas evolutivas y de consenso, le llevo a reactivar una estrecha comunicaci\u00f3n con los diferentes estamentos de nuestro turf, iniciando una v\u00eda cercana de comunicaci\u00f3n con las diferentes Asociaciones de propietarios y criadores, donde era referente en las distintas Asambleas y reuniones para consensuar mejoras, e involucrarse personalmente en las demandas de dichos asociados. De la misma forma, ha estado muy cerca de los profesionales directos; jockeys, preparadores y mozos, donde habitualmente les invitaba a un almuerzo y aprovechaba ese ambiente distendido para interesarse por sus inquietudes en busca de esa mejora continua que, junto con las distintas asociaciones, le sirviera para confeccionar uno de los mejores programas de carreras en nuestro hip\u00f3dromo para 2020 y que, lamentablemente no podr\u00e1 disfrutar en primera persona como principal protagonista hacedor.<\/p>\n<p style=\"text-align: justify;\">En definitiva, perdemos un enorme baluarte para nuestras carreras con el \u00fanico deseo de que, la persona que ocupe su cargo en un pr\u00f3ximo futuro, pueda seguir zurciendo esas mismas mimbres en esa misma l\u00ednea evolutiva. Los motivos de su marcha no deben ser ahora motivo de suspicacias o murmullo banal, pero si me atrever\u00eda a asentir que, su fuerte personalidad y m\u00e9todos de trabajo como dilatado gestor en la empresa privada durante toda su vida laboral distaban mucho de las instrucciones operativas que sigue una empresa p\u00fablica a la cual ineludiblemente nos debemos. Los enormes privilegios y ayudas con los que cuenta nuestro sector siempre de la mano de la Administraci\u00f3n, requieren de un mecanismo complejo y necesario que, en muchos aspectos, es incompatible con una forma de gesti\u00f3n en la que hasta el \u00faltimo d\u00eda ha cre\u00eddo \u00c1lvaro Urbano.<\/p>\n<p style=\"text-align: justify;\">Por todo ello y, como no puede ser de otra forma, queremos hacer p\u00fablico nuestro m\u00e1s sincero agradecimiento por el fant\u00e1stico trabajo, dedicaci\u00f3n y esfuerzo constante, dese\u00e1ndole la mejor de las fortunas en nuevos proyectos futuros.\nMuchas gracias Se\u00f1or Urbano !!!<\/p>\n\n\n<hr>\n<p style=\"text-align: justify;\">&nbsp;<\/p>","_et_gb_content_width":"","footnotes":""},"categories":[3],"tags":[],"class_list":["post-5254","post","type-post","status-publish","format-standard","has-post-thumbnail","hentry","category-noticias-cuadra-agrado"],"acf":[],"yoast_head":"<!-- This site is optimized with the Yoast SEO plugin v27.4 - https:\/\/yoast.com\/product\/yoast-seo-wordpress\/ -->\n<title>Muchas gracias Se\u00f1or Urbano - Cuadra Agrado<\/title>\n<meta name=\"robots\" content=\"index, follow, max-snippet:-1, max-image-preview:large, max-video-preview:-1\" \/>\n<link rel=\"canonical\" href=\"https:\/\/cuadra-agrado.es\/?p=5254\" \/>\n<meta property=\"og:locale\" content=\"es_ES\" \/>\n<meta property=\"og:type\" content=\"article\" \/>\n<meta property=\"og:title\" content=\"Muchas gracias Se\u00f1or Urbano - Cuadra Agrado\" \/>\n<meta property=\"og:description\" content=\"A falta de una \u00fanica jornada para la conclusi\u00f3n del a\u00f1o \u201cturf\u00edstico\u201d en nuestro hip\u00f3dromo de la Zarzuela de Madrid y, apenas un a\u00f1o despu\u00e9s de su puesta en escena como Director T\u00e9cnico de nuestro hip\u00f3dromo, \u00c1lvaro Urbano Rold\u00e1n dejar\u00e1 su puesto por simples motivos personales el pr\u00f3ximo 5 de diciembre. Su meditada decisi\u00f3n ha [&hellip;]\" \/>\n<meta property=\"og:url\" content=\"https:\/\/cuadra-agrado.es\/?p=5254\" \/>\n<meta property=\"og:site_name\" content=\"Cuadra Agrado\" \/>\n<meta property=\"article:published_time\" content=\"2019-11-25T11:33:29+00:00\" \/>\n<meta property=\"article:modified_time\" content=\"2024-02-27T09:15:12+00:00\" \/>\n<meta property=\"og:image\" content=\"https:\/\/cuadra-agrado.es\/wp-content\/uploads\/2019\/11\/alvaroUrbano-1.jpg\" \/>\n\t<meta property=\"og:image:width\" content=\"1024\" \/>\n\t<meta property=\"og:image:height\" content=\"576\" \/>\n\t<meta property=\"og:image:type\" content=\"image\/jpeg\" \/>\n<meta name=\"author\" content=\"Miguel Redondo\" \/>\n<meta name=\"twitter:card\" content=\"summary_large_image\" \/>\n<meta name=\"twitter:creator\" content=\"@AGRADOracing\" \/>\n<meta name=\"twitter:site\" content=\"@AGRADOracing\" \/>\n<meta name=\"twitter:label1\" content=\"Escrito por\" \/>\n\t<meta name=\"twitter:data1\" content=\"Miguel Redondo\" \/>\n\t<meta name=\"twitter:label2\" content=\"Tiempo de lectura\" \/>\n\t<meta name=\"twitter:data2\" content=\"4 minutos\" \/>\n<script type=\"application\/ld+json\" class=\"yoast-schema-graph\">{\"@context\":\"https:\\\/\\\/schema.org\",\"@graph\":[{\"@type\":\"Article\",\"@id\":\"https:\\\/\\\/cuadra-agrado.es\\\/?p=5254#article\",\"isPartOf\":{\"@id\":\"https:\\\/\\\/cuadra-agrado.es\\\/?p=5254\"},\"author\":{\"name\":\"Miguel Redondo\",\"@id\":\"https:\\\/\\\/cuadra-agrado.es\\\/#\\\/schema\\\/person\\\/3aa4f8d2373cf756d93a5526bc72f31b\"},\"headline\":\"Muchas gracias Se\u00f1or Urbano\",\"datePublished\":\"2019-11-25T11:33:29+00:00\",\"dateModified\":\"2024-02-27T09:15:12+00:00\",\"mainEntityOfPage\":{\"@id\":\"https:\\\/\\\/cuadra-agrado.es\\\/?p=5254\"},\"wordCount\":707,\"image\":{\"@id\":\"https:\\\/\\\/cuadra-agrado.es\\\/?p=5254#primaryimage\"},\"thumbnailUrl\":\"https:\\\/\\\/cuadra-agrado.es\\\/wp-content\\\/uploads\\\/2019\\\/11\\\/alvaroUrbano-1.jpg\",\"articleSection\":[\"Actualidad\"],\"inLanguage\":\"es\"},{\"@type\":\"WebPage\",\"@id\":\"https:\\\/\\\/cuadra-agrado.es\\\/?p=5254\",\"url\":\"https:\\\/\\\/cuadra-agrado.es\\\/?p=5254\",\"name\":\"Muchas gracias Se\u00f1or Urbano - Cuadra Agrado\",\"isPartOf\":{\"@id\":\"https:\\\/\\\/cuadra-agrado.es\\\/#website\"},\"primaryImageOfPage\":{\"@id\":\"https:\\\/\\\/cuadra-agrado.es\\\/?p=5254#primaryimage\"},\"image\":{\"@id\":\"https:\\\/\\\/cuadra-agrado.es\\\/?p=5254#primaryimage\"},\"thumbnailUrl\":\"https:\\\/\\\/cuadra-agrado.es\\\/wp-content\\\/uploads\\\/2019\\\/11\\\/alvaroUrbano-1.jpg\",\"datePublished\":\"2019-11-25T11:33:29+00:00\",\"dateModified\":\"2024-02-27T09:15:12+00:00\",\"author\":{\"@id\":\"https:\\\/\\\/cuadra-agrado.es\\\/#\\\/schema\\\/person\\\/3aa4f8d2373cf756d93a5526bc72f31b\"},\"breadcrumb\":{\"@id\":\"https:\\\/\\\/cuadra-agrado.es\\\/?p=5254#breadcrumb\"},\"inLanguage\":\"es\",\"potentialAction\":[{\"@type\":\"ReadAction\",\"target\":[\"https:\\\/\\\/cuadra-agrado.es\\\/?p=5254\"]}]},{\"@type\":\"ImageObject\",\"inLanguage\":\"es\",\"@id\":\"https:\\\/\\\/cuadra-agrado.es\\\/?p=5254#primaryimage\",\"url\":\"https:\\\/\\\/cuadra-agrado.es\\\/wp-content\\\/uploads\\\/2019\\\/11\\\/alvaroUrbano-1.jpg\",\"contentUrl\":\"https:\\\/\\\/cuadra-agrado.es\\\/wp-content\\\/uploads\\\/2019\\\/11\\\/alvaroUrbano-1.jpg\",\"width\":1024,\"height\":576},{\"@type\":\"BreadcrumbList\",\"@id\":\"https:\\\/\\\/cuadra-agrado.es\\\/?p=5254#breadcrumb\",\"itemListElement\":[{\"@type\":\"ListItem\",\"position\":1,\"name\":\"Portada\",\"item\":\"https:\\\/\\\/cuadra-agrado.es\\\/\"},{\"@type\":\"ListItem\",\"position\":2,\"name\":\"Muchas gracias Se\u00f1or Urbano\"}]},{\"@type\":\"WebSite\",\"@id\":\"https:\\\/\\\/cuadra-agrado.es\\\/#website\",\"url\":\"https:\\\/\\\/cuadra-agrado.es\\\/\",\"name\":\"Cuadra Agrado\",\"description\":\"En el mundo del Turf desde 2008\",\"potentialAction\":[{\"@type\":\"SearchAction\",\"target\":{\"@type\":\"EntryPoint\",\"urlTemplate\":\"https:\\\/\\\/cuadra-agrado.es\\\/?s={search_term_string}\"},\"query-input\":{\"@type\":\"PropertyValueSpecification\",\"valueRequired\":true,\"valueName\":\"search_term_string\"}}],\"inLanguage\":\"es\"},{\"@type\":\"Person\",\"@id\":\"https:\\\/\\\/cuadra-agrado.es\\\/#\\\/schema\\\/person\\\/3aa4f8d2373cf756d93a5526bc72f31b\",\"name\":\"Miguel Redondo\",\"image\":{\"@type\":\"ImageObject\",\"inLanguage\":\"es\",\"@id\":\"https:\\\/\\\/secure.gravatar.com\\\/avatar\\\/85704fceb4fa34017e3c1344d182da00dbf772fb8856ba2b7726a2df926415b4?s=96&d=mm&r=g\",\"url\":\"https:\\\/\\\/secure.gravatar.com\\\/avatar\\\/85704fceb4fa34017e3c1344d182da00dbf772fb8856ba2b7726a2df926415b4?s=96&d=mm&r=g\",\"contentUrl\":\"https:\\\/\\\/secure.gravatar.com\\\/avatar\\\/85704fceb4fa34017e3c1344d182da00dbf772fb8856ba2b7726a2df926415b4?s=96&d=mm&r=g\",\"caption\":\"Miguel Redondo\"},\"sameAs\":[\"https:\\\/\\\/cuadra-agrado.es\"],\"url\":\"https:\\\/\\\/cuadra-agrado.es\\\/?author=5\"}]}<\/script>\n<!-- \/ Yoast SEO plugin. -->","yoast_head_json":{"title":"Muchas gracias Se\u00f1or Urbano - Cuadra Agrado","robots":{"index":"index","follow":"follow","max-snippet":"max-snippet:-1","max-image-preview":"max-image-preview:large","max-video-preview":"max-video-preview:-1"},"canonical":"https:\/\/cuadra-agrado.es\/?p=5254","og_locale":"es_ES","og_type":"article","og_title":"Muchas gracias Se\u00f1or Urbano - Cuadra Agrado","og_description":"A falta de una \u00fanica jornada para la conclusi\u00f3n del a\u00f1o \u201cturf\u00edstico\u201d en nuestro hip\u00f3dromo de la Zarzuela de Madrid y, apenas un a\u00f1o despu\u00e9s de su puesta en escena como Director T\u00e9cnico de nuestro hip\u00f3dromo, \u00c1lvaro Urbano Rold\u00e1n dejar\u00e1 su puesto por simples motivos personales el pr\u00f3ximo 5 de diciembre. Su meditada decisi\u00f3n ha [&hellip;]","og_url":"https:\/\/cuadra-agrado.es\/?p=5254","og_site_name":"Cuadra Agrado","article_published_time":"2019-11-25T11:33:29+00:00","article_modified_time":"2024-02-27T09:15:12+00:00","og_image":[{"width":1024,"height":576,"url":"https:\/\/cuadra-agrado.es\/wp-content\/uploads\/2019\/11\/alvaroUrbano-1.jpg","type":"image\/jpeg"}],"author":"Miguel Redondo","twitter_card":"summary_large_image","twitter_creator":"@AGRADOracing","twitter_site":"@AGRADOracing","twitter_misc":{"Escrito por":"Miguel Redondo","Tiempo de lectura":"4 minutos"},"schema":{"@context":"https:\/\/schema.org","@graph":[{"@type":"Article","@id":"https:\/\/cuadra-agrado.es\/?p=5254#article","isPartOf":{"@id":"https:\/\/cuadra-agrado.es\/?p=5254"},"author":{"name":"Miguel Redondo","@id":"https:\/\/cuadra-agrado.es\/#\/schema\/person\/3aa4f8d2373cf756d93a5526bc72f31b"},"headline":"Muchas gracias Se\u00f1or Urbano","datePublished":"2019-11-25T11:33:29+00:00","dateModified":"2024-02-27T09:15:12+00:00","mainEntityOfPage":{"@id":"https:\/\/cuadra-agrado.es\/?p=5254"},"wordCount":707,"image":{"@id":"https:\/\/cuadra-agrado.es\/?p=5254#primaryimage"},"thumbnailUrl":"https:\/\/cuadra-agrado.es\/wp-content\/uploads\/2019\/11\/alvaroUrbano-1.jpg","articleSection":["Actualidad"],"inLanguage":"es"},{"@type":"WebPage","@id":"https:\/\/cuadra-agrado.es\/?p=5254","url":"https:\/\/cuadra-agrado.es\/?p=5254","name":"Muchas gracias Se\u00f1or Urbano - Cuadra Agrado","isPartOf":{"@id":"https:\/\/cuadra-agrado.es\/#website"},"primaryImageOfPage":{"@id":"https:\/\/cuadra-agrado.es\/?p=5254#primaryimage"},"image":{"@id":"https:\/\/cuadra-agrado.es\/?p=5254#primaryimage"},"thumbnailUrl":"https:\/\/cuadra-agrado.es\/wp-content\/uploads\/2019\/11\/alvaroUrbano-1.jpg","datePublished":"2019-11-25T11:33:29+00:00","dateModified":"2024-02-27T09:15:12+00:00","author":{"@id":"https:\/\/cuadra-agrado.es\/#\/schema\/person\/3aa4f8d2373cf756d93a5526bc72f31b"},"breadcrumb":{"@id":"https:\/\/cuadra-agrado.es\/?p=5254#breadcrumb"},"inLanguage":"es","potentialAction":[{"@type":"ReadAction","target":["https:\/\/cuadra-agrado.es\/?p=5254"]}]},{"@type":"ImageObject","inLanguage":"es","@id":"https:\/\/cuadra-agrado.es\/?p=5254#primaryimage","url":"https:\/\/cuadra-agrado.es\/wp-content\/uploads\/2019\/11\/alvaroUrbano-1.jpg","contentUrl":"https:\/\/cuadra-agrado.es\/wp-content\/uploads\/2019\/11\/alvaroUrbano-1.jpg","width":1024,"height":576},{"@type":"BreadcrumbList","@id":"https:\/\/cuadra-agrado.es\/?p=5254#breadcrumb","itemListElement":[{"@type":"ListItem","position":1,"name":"Portada","item":"https:\/\/cuadra-agrado.es\/"},{"@type":"ListItem","position":2,"name":"Muchas gracias Se\u00f1or Urbano"}]},{"@type":"WebSite","@id":"https:\/\/cuadra-agrado.es\/#website","url":"https:\/\/cuadra-agrado.es\/","name":"Cuadra Agrado","description":"En el mundo del Turf desde 2008","potentialAction":[{"@type":"SearchAction","target":{"@type":"EntryPoint","urlTemplate":"https:\/\/cuadra-agrado.es\/?s={search_term_string}"},"query-input":{"@type":"PropertyValueSpecification","valueRequired":true,"valueName":"search_term_string"}}],"inLanguage":"es"},{"@type":"Person","@id":"https:\/\/cuadra-agrado.es\/#\/schema\/person\/3aa4f8d2373cf756d93a5526bc72f31b","name":"Miguel Redondo","image":{"@type":"ImageObject","inLanguage":"es","@id":"https:\/\/secure.gravatar.com\/avatar\/85704fceb4fa34017e3c1344d182da00dbf772fb8856ba2b7726a2df926415b4?s=96&d=mm&r=g","url":"https:\/\/secure.gravatar.com\/avatar\/85704fceb4fa34017e3c1344d182da00dbf772fb8856ba2b7726a2df926415b4?s=96&d=mm&r=g","contentUrl":"https:\/\/secure.gravatar.com\/avatar\/85704fceb4fa34017e3c1344d182da00dbf772fb8856ba2b7726a2df926415b4?s=96&d=mm&r=g","caption":"Miguel Redondo"},"sameAs":["https:\/\/cuadra-agrado.es"],"url":"https:\/\/cuadra-agrado.es\/?author=5"}]}},"_links":{"self":[{"href":"https:\/\/cuadra-agrado.es\/index.php?rest_route=\/wp\/v2\/posts\/5254","targetHints":{"allow":["GET"]}}],"collection":[{"href":"https:\/\/cuadra-agrado.es\/index.php?rest_route=\/wp\/v2\/posts"}],"about":[{"href":"https:\/\/cuadra-agrado.es\/index.php?rest_route=\/wp\/v2\/types\/post"}],"author":[{"embeddable":true,"href":"https:\/\/cuadra-agrado.es\/index.php?rest_route=\/wp\/v2\/users\/5"}],"replies":[{"embeddable":true,"href":"https:\/\/cuadra-agrado.es\/index.php?rest_route=%2Fwp%2Fv2%2Fcomments&post=5254"}],"version-history":[{"count":0,"href":"https:\/\/cuadra-agrado.es\/index.php?rest_route=\/wp\/v2\/posts\/5254\/revisions"}],"wp:featuredmedia":[{"embeddable":true,"href":"https:\/\/cuadra-agrado.es\/index.php?rest_route=\/wp\/v2\/media\/6374"}],"wp:attachment":[{"href":"https:\/\/cuadra-agrado.es\/index.php?rest_route=%2Fwp%2Fv2%2Fmedia&parent=5254"}],"wp:term":[{"taxonomy":"category","embeddable":true,"href":"https:\/\/cuadra-agrado.es\/index.php?rest_route=%2Fwp%2Fv2%2Fcategories&post=5254"},{"taxonomy":"post_tag","embeddable":true,"href":"https:\/\/cuadra-agrado.es\/index.php?rest_route=%2Fwp%2Fv2%2Ftags&post=5254"}],"curies":[{"name":"wp","href":"https:\/\/api.w.org\/{rel}","templated":true}]}}