{"id":5199,"date":"2019-09-25T15:36:09","date_gmt":"2019-09-25T14:36:09","guid":{"rendered":"https:\/\/cuadra-agrado.es\/?p=5199"},"modified":"2024-02-27T09:15:12","modified_gmt":"2024-02-27T09:15:12","slug":"5199-2","status":"publish","type":"post","link":"https:\/\/cuadra-agrado.es\/?p=5199","title":{"rendered":"Nuestra manera de vivir el turf &#8230;.."},"content":{"rendered":"<p style=\"text-align: justify;\">En primer lugar, pedimos disculpas si al aficionado-lector se le hace demasiado \u201cladrillo\u201d el extenso art\u00edculo que reci\u00e9n inicio con estas palabras. Tratar\u00e9 de ser lo m\u00e1s expl\u00edcito y directo posible, pero son muchos los temas que quiero dejar meridianamente claros con respecto a mi persona y cuadra, para, dentro de lo posible, evitar vivir otra nueva experiencia tan desagradable y da\u00f1ina como la que hemos sufrido mi familia y yo esta semana.<\/p>\n<p style=\"text-align: justify;\">Sobre el desafortunado mensaje de la Sra. Conchita M\u00ednguez en \u00abTwitter\u00bb, como principal motivo de nuestro desasosiego, no quiero extenderme demasiado. Recib\u00ed su llamada al d\u00eda siguiente y acept\u00e9 sus disculpas inmediatamente. Atr\u00e1s dejamos esa hiriente respuesta p\u00fablica y otros muchos mensajes privados, que aliviamos con su disculpa y que agradecemos. Conf\u00edo en que esas disculpas fueran del todo sinceras basadas en el desconocimiento de mi persona y de mis relaciones con los profesionales a los que parec\u00eda defender sin ninguna cause que justificara su actitud. Evidentemente se hizo un da\u00f1o reparable, pero que irremediablemente para nosotros dejar\u00e1 huella en la forma de ver y vivir este apasionante mundo del turf, y que, de alguna manera, tambi\u00e9n nos servir\u00e1 para cambiar algunos h\u00e1bitos que, posiblemente por inmadurez de nuestro sector, parecen no ser los m\u00e1s adecuados.<\/p>\n<p style=\"text-align: justify;\">S\u00ed queremos profundizar en las causas en las que la Sra. M\u00ednguez basaba su visceral acusaci\u00f3n, y que seg\u00fan su disculpa se fundamentaba en la intromisi\u00f3n continuada por nuestra parte en el trabajo de nuestros preparadores con nuestros caballos. Ante esta dura acusaci\u00f3n, totalmente falsa e injustificada, que le aclaramos de forma personal en la conversaci\u00f3n, debemos defendernos p\u00fablicamente para decir que nunca hemos sido m\u00ednimamente part\u00edcipes de las decisiones de ninguno de nuestros preparadores. Somos propietarios que confiamos \u00edntegramente nuestros caballos al profesional que estimemos oportuno con la base de esa confianza necesaria, bien sea por sus anteriores logros como profesional, o simplemente por afinidad, estima o convencimiento. Jam\u00e1s hemos comprado un caballo de manera particular sin conocimiento y visto bueno por parte de ning\u00fan preparador. Jam\u00e1s hemos inducido a correr una u otra carrera en contra del principal responsable. Jam\u00e1s hemos antepuesto una u otra monta a las decisiones de nuestros preparadores. Jam\u00e1s hemos insinuado m\u00e9todos de trabajo en uno u otro preparador. Por supuesto que el d\u00eda a d\u00eda en estos quince a\u00f1os como propietarios nos han ofrecido un mayor conocimiento del turf, y que, en base a lo aprendido, podemos hoy dialogar con mayor fluidez sobre las decisiones que el preparador estime tomar en consideraci\u00f3n, pero somos propietarios de pensamiento puro donde entendemos que las responsabilidades deben recaer siempre en el profesional en el que confiamos (entrenador o monta), siendo nuestra \u00fanica responsabilidad pagar a final de mes por el trabajo realizado y disfrutar de nuestros caballos otro mes m\u00e1s.<\/p>\n<p style=\"text-align: justify;\">En cuanto a la relaci\u00f3n profesional con JC. Cerqueira, decir que estos temas, aunque siempre desagradables y lastimosos para ambas partes, siempre se deben afrontar con el m\u00e1ximo respeto y transparencia como as\u00ed hemos hecho. Jose Carlos Cerqueira es un enorme entrenador al que, desde nuestra entrada en el turf, tenemos mucha estima y agradecimiento. Fue uno de nuestros primeros jockeys y uno de nuestros primeros confidentes como parte fundamental de nuestro proyecto inicial. Lamentablemente, este primer envite no ha supuesto un beneficio mutuo por un infortunio malavenido del que estoy seguro enmendaremos en el futuro. Dicho esto, fue el primero en conocer nuestras decisiones, primero con <strong>\u201cDanubian Blue\u201d<\/strong>, tras mucho tiempo intentando su vuelta a mejores valores, y despu\u00e9s con <strong>\u201cWe Know\u201d<\/strong> tras su \u00faltima y desafortunada carrera en Madrid el domingo pasado. La retirada tambi\u00e9n de <strong>\u201cHighrock Blue\u201d<\/strong> de su patio se debe \u00fanica y exclusivamente a la inmadurez de la potra, que \u00e9l mismo nos ven\u00eda constatando desde primavera, y la necesidad de esperar un tiempo alejada de la competici\u00f3n para evitar posibles riesgos de salud por la debilidad de sus manos. Es nuestro primer producto de cr\u00eda y nunca nos perdonar\u00edamos haber forzado una situaci\u00f3n, con resultado de lesi\u00f3n (como as\u00ed sucedi\u00f3 con su madre), simplemente por el hecho de debutar prematuramente. Consensuamos que lo mejor para ella era darle un descanso en la yeguada hasta que fortaleciera mucho m\u00e1s su f\u00edsico y devolverla a entrenamiento a comienzos del pr\u00f3ximo a\u00f1o. Las circunstancias han tenido el capricho de unirse en el mismo momento, pero la decisi\u00f3n de la salida de la potra de HZ ya estaba tomada con anterioridad. Evidentemente, la situaci\u00f3n de des\u00e1nimo por todo el infortunio sufrido durante el a\u00f1o y el desafortunado encontronazo en RRSS no daba pie en estos momentos a plantear una reestructuraci\u00f3n de cuadra con nuevos efectivos para el mismo patio. En esas mismas conversaciones que mantuvimos este pasado lunes, hubo m\u00e1s disculpas por parte de JC Cerqueira por no habernos podido ofrecer mejores resultados, que por la nuestra. Hecho este que agradecemos y que sin duda afianza y muestra los grandes valores como persona y profesional que ya previamente conoc\u00edamos. No hubo un solo reproche por ninguna parte constando solamente palabras de agradecimiento mutuas y buenos deseos. Las puertas quedaron del todo abiertas para una futura relaci\u00f3n, como as\u00ed quedaron en su d\u00eda con \u201cTeo Callejo\u201d o \u201cEduardo Buz\u00f3n\u201d como pasados y grandes profesionales en los que hemos confiado. Agradecimos publica y personalmente su trabajo y su empe\u00f1o y, aunque las cosas no salieran como ambas partes dese\u00e1bamos, mantuvimos, mantenemos y mantendremos la mejor relaci\u00f3n profesional y de amistad hasta que nuestros caminos vuelvan a cruzarse. Punto final a este delicado asunto que tambi\u00e9n ha sido motivo de cr\u00edticas en RRSS en contra de nuestra \u201csupuesta\u201d inmerecida postura con nuestro entrenador.<\/p>\n<p style=\"text-align: justify;\">En lo referente a las RRSS y medios de comunicaci\u00f3n, principal motivo por el que se engendra el desafortunado incidente vivido, queremos indicar que, desde nuestros inicios como propietarios, apostamos por dar una transparencia al turf que antes pocos se atrev\u00edan a hacer por temor a reproches, o simplemente por mantener en sigilo sus inversiones, programas, cambios de preparaci\u00f3n, ventas, o cualquier otro detalle que d\u00eda a d\u00eda acontece en una cuadra. Siempre hemos pensado que nuestra afici\u00f3n necesita tambi\u00e9n de esta informaci\u00f3n complementaria que, aunque sea particular y privada en algunos casos, en la mayor\u00eda de ellos es bienvenida por parte del aficionado, el apostante, o simplemente el curioso que quiere conocer m\u00e1s a fondo los entresijos de una cuadra de competici\u00f3n, y que, de alguna forma, le empujara a entrar en nuestro mundo. Esta es la base de nuestra propuesta compartida que abordamos en su d\u00eda con ilusi\u00f3n y ganas de promover para nuevos propietarios y profesionales, cuyos ejemplos posteriormente se han venido sumando a RRSS y plataformas webs. Eso al menos, es lo que quer\u00edamos promocionar sin \u00e1nimo de lucro, protagonismo o egocentrismo, y con el \u00fanico prop\u00f3sito de aportar luminosidad y transparencia a nuestro turf dentro de las l\u00f3gicas barreras de una privacidad necesaria.<\/p>\n<p style=\"text-align: justify;\">Desgraciadamente, una peque\u00f1a parte de esa afici\u00f3n no parece estar preparada para tal efecto, y lo que nosotros ve\u00edamos como una bonita herramienta comunicativa y social, algunos lo han traducido en hartazgo, pedanter\u00eda y egolatr\u00eda, dando pie en algunos momentos a saltar de la silla poniendo el grito en el cielo y menospreciando con insultos y vejaciones nuestros m\u00e1s puros sentimientos. Quiz\u00e1s tenga que dar la raz\u00f3n a muchos de esos propietarios que mantienen la m\u00e1xima discreci\u00f3n al frente de sus gestiones siendo fieles a su met\u00f3dica castiza de tiempos pasados, pero a\u00fan con esa cuidadosa disciplina por la que ellos abogan, desgraciadamente tampoco est\u00e1n exentos de recibir las mismas ofensas y desprecios de manera habitual. No es de recibo que propietarios selectos, consolidados e hist\u00f3ricos que tanto aportan a nuestro turf, cuyos nombres por respeto no quiero sacar a la luz, sean semanalmente injuriados, humillados, despreciados y pr\u00e1cticamente echados a los leones como si de un cordero moribundo se tratara. El PSI es el protagonista indiscutible de nuestro turf, pero detr\u00e1s de ellos aparecen los actores principales de esta bonita pel\u00edcula, que no somos otros que los propietarios de esos pura sangre, y que a su vez, ponemos en manos de profesionales para disfrute de todos. Cualquier persona ne\u00f3fita en el turf entender\u00eda f\u00e1cilmente que se necesitan caballos para correr, y propietarios al frente de los mismos. No necesitamos adulaciones, palmaditas en la espalda o alabanzas, simplemente necesitamos respeto, como nosotros as\u00ed lo tenemos con nuestros caballos, profesionales y aficionados. Los propietarios somos simplemente aficionados con el privilegio de contar con la capacidad econ\u00f3mica suficiente para mantener uno, dos o veinte caballos en propiedad, con la \u00fanica finalidad de disfrutar de sus haza\u00f1as en compa\u00f1\u00eda de los nuestros y, por ende, hacer disfrutar al aficionado y generar una industria de la que se nutren muchos profesionales de un mismo sector. Estoy convencido que hablo en nombre de todos ellos cuando afirmo que sentimos un enorme dolor cuando uno de nuestros caballos sufre o muere, tenemos compasi\u00f3n, sensibilidad y afecto con nuestros profesionales cuando las cosas no salen bien. Apostamos nuestros recursos econ\u00f3micos para buscar ilusiones, que en la gran mayor\u00eda de los casos se resuelven en desdichas y decepciones a la hora de competir, y que, en otros muchos casos, ni siquiera obtenemos la m\u00ednima recompensa de verlos debutar. Y, aun as\u00ed, volvemos a intentarlo, una y otra vez, con m\u00e1s ilusi\u00f3n si cabe, buscando en nuevas inversiones el caballo que recompense un esfuerzo tit\u00e1nico, y en algunos casos desmesurado y est\u00e9ril. De manera general (por supuesto hay excepciones), no buscamos protagonismo, ni reconocimientos m\u00e1s all\u00e1 de un trofeo cuando se tiene la fortuna de ganar. Ese trofeo es simplemente un reconocimiento material que est\u00e1 muy por debajo de la satisfacci\u00f3n personal y el momento de \u00e9xtasis que se vive en compa\u00f1\u00eda de los tuyos. Ni siquiera lo hacemos por la cuant\u00eda econ\u00f3mica del premio, est\u00e1 demostrado que, al menos en nuestro pa\u00eds, es posiblemente el peor negocio que alguien pueda emprender, y estoy convencido de que, sin tan siquiera esos premios econ\u00f3micos, muchos de nosotros seguir\u00edamos apostando por tan magna afici\u00f3n de manera incomprensiblemente altruista. A cambio de todo esto, solo pedimos respeto.<\/p>\n<p style=\"text-align: justify;\">Dicho esto, y retornando a las RRSS y medios de comunicaci\u00f3n, somos partidarios de seguir apoy\u00e1ndonos en estas herramientas del siglo que vivimos manteniendo la m\u00e1xima precauci\u00f3n de no asaltar los sentimientos de ning\u00fan actor de esta pel\u00edcula melodram\u00e1tica en la que todos somos protagonistas en uno u otro sentido. A muy poca gente se le ocurrir\u00eda humillar o faltar al respeto en la pulcritud del cara a cara, pero la coraza que las diferentes RRSS proporcionan como arma arrojadiza, hacen a veces sacar nuestro lado m\u00e1s visceral, y activar nuestros ancestrales mecanismos de ira o repulsa sin detenernos a pensar si con ello dejamos gravemente herido a alguien que ni tan siquiera conocemos. Sin duda es el caso que nos conmovi\u00f3 tristemente en primera persona esta semana con la desagradable respuesta de la Sra. M\u00ednguez, y ante esto, es necesario recapacitar y poner ese punto de coherencia y precauci\u00f3n a la hora de su utilizaci\u00f3n, y mucho m\u00e1s en este apasionante mundo donde los sentimientos e ilusiones toman especial importancia, a pesar de esos rancios rencores y envidias que tanto da\u00f1o hacen.<\/p>\n<p style=\"text-align: justify;\">Siguiendo el consejo y muestras de \u00e1nimo de muchos aficionados y amigos, hemos decidido reanudar nuestros medios de comunicaci\u00f3n con algunos matices y salvaguardas con el \u00fanico fin de protegernos en la medida de lo posible. As\u00ed pues, reduciremos al m\u00e1ximo nuestra actividad en RRSS y comunicaciones para tratar de exponernos lo menos posible, evitando as\u00ed inmerecidas ofensas cuyo dolor es directamente proporcional al grado de ilusi\u00f3n que precede, asumiendo en cualquier caso ese m\u00ednimo riesgo que ello conlleva, simplemente por el hecho de que nos merece la pena, disfrutamos de ello y hacemos disfrutar al menos a un solo aficionado. Pasada la tormenta y con la cabeza mucho m\u00e1s fr\u00eda, entendemos que, por culpa de solo unos pocos, otros muchos sientan el perjuicio de perder esa informaci\u00f3n que, buena, mala o simplemente trivial acompa\u00f1en a su afici\u00f3n. Queremos dejar claro que nuestra comunicaci\u00f3n no radica en el protagonismo eg\u00f3latra como tristemente algunos puedan pensar. Todas aquellas personas que conocen nuestro entorno, o que simplemente han mantenido una breve conversaci\u00f3n con nosotros saben que huimos del peso que supone un protagonismo est\u00e9ril que en ning\u00fan caso forma parte de nuestro vocabulario.<\/p>\n<p style=\"text-align: justify;\">Sobre nuestro futuro como cuadra, queremos informar que, aunque el momento actual es muy desilusionante y atrapado en un mar de dudas, la ilusi\u00f3n por parte de la nueva generaci\u00f3n que personalmente he creado en compa\u00f1\u00eda de mi mujer, de alguna forma me obliga a mantener algunos m\u00ednimos efectivos hasta tomar una decisi\u00f3n definitiva. Puede que mi ilusi\u00f3n se haya desvanecido puntual o definitivamente, pero no podr\u00eda guillotinar la ilusi\u00f3n de ninguno de mis hijos que viven este mundo con la misma pasi\u00f3n que yo o incluso m\u00e1s desde que masticaban chupete. Solamente por ellos, en el d\u00eda de ayer puse en conocimiento de nuestro preparador Juan Luis Maroto nuestra intenci\u00f3n de continuar con \u201c<strong>Barbarigo<\/strong>\u201d y <strong>\u201cPowerful\u201d,<\/strong> al menos hasta final de temporada, como los dos \u00fanicos efectivos de la cuadra, y renunciar de momento a nuevas inversiones que se ten\u00edan previstas en la pr\u00f3xima subasta ACPSIE, hasta no estar completamente confiados en nuestra continuidad.<\/p>\n<p style=\"text-align: justify;\">Para terminar, queremos agradecer p\u00fablicamente todas las muestras de cari\u00f1o recibidas por parte de propietarios, responsables de nuestro turf, profesionales y amigos que, de alguna manera, han aliviado con su apoyo uno de nuestros peores momentos vividos en el turf.<\/p>\n<p style=\"text-align: justify;\">Esta es nuestra manera de vivir el turf, quiz\u00e1s err\u00f3nea, quiz\u00e1s certera o quiz\u00e1s desmesurada, pero es la forma en la que sentimos ese maravilloso idilio con un pura sangre.<br \/>\nMuchas gracias a todos y larga vida a nuestro turf, aunque algunos sigan empe\u00f1ados en herirlo\u2026..<\/p>\n<hr \/>\n<!-- AddThis Advanced Settings generic via filter on the_content --><!-- AddThis Share Buttons generic via filter on the_content -->","protected":false},"excerpt":{"rendered":"<p>En primer lugar, pedimos disculpas si al aficionado-lector se le hace demasiado \u201cladrillo\u201d el extenso art\u00edculo que reci\u00e9n inicio con estas palabras. Tratar\u00e9 de ser lo m\u00e1s expl\u00edcito y directo posible, pero son muchos los temas que quiero dejar meridianamente claros con respecto a mi persona y cuadra, para, dentro de lo posible, evitar vivir [&hellip;]<!-- AddThis Advanced Settings generic via filter on get_the_excerpt --><!-- AddThis Share Buttons generic via filter on get_the_excerpt --><\/p>\n","protected":false},"author":5,"featured_media":0,"comment_status":"closed","ping_status":"closed","sticky":false,"template":"","format":"standard","meta":{"_acf_changed":false,"_et_pb_use_builder":"","_et_pb_old_content":"","_et_gb_content_width":"","footnotes":""},"categories":[3],"tags":[],"class_list":["post-5199","post","type-post","status-publish","format-standard","hentry","category-noticias-cuadra-agrado"],"acf":[],"yoast_head":"<!-- This site is optimized with the Yoast SEO plugin v27.4 - https:\/\/yoast.com\/product\/yoast-seo-wordpress\/ -->\n<title>Nuestra manera de vivir el turf ..... - Cuadra Agrado<\/title>\n<meta name=\"robots\" content=\"index, follow, max-snippet:-1, max-image-preview:large, max-video-preview:-1\" \/>\n<link rel=\"canonical\" href=\"https:\/\/cuadra-agrado.es\/?p=5199\" \/>\n<meta property=\"og:locale\" content=\"es_ES\" \/>\n<meta property=\"og:type\" content=\"article\" \/>\n<meta property=\"og:title\" content=\"Nuestra manera de vivir el turf ..... - Cuadra Agrado\" \/>\n<meta property=\"og:description\" content=\"En primer lugar, pedimos disculpas si al aficionado-lector se le hace demasiado \u201cladrillo\u201d el extenso art\u00edculo que reci\u00e9n inicio con estas palabras. Tratar\u00e9 de ser lo m\u00e1s expl\u00edcito y directo posible, pero son muchos los temas que quiero dejar meridianamente claros con respecto a mi persona y cuadra, para, dentro de lo posible, evitar vivir [&hellip;]\" \/>\n<meta property=\"og:url\" content=\"https:\/\/cuadra-agrado.es\/?p=5199\" \/>\n<meta property=\"og:site_name\" content=\"Cuadra Agrado\" \/>\n<meta property=\"article:published_time\" content=\"2019-09-25T14:36:09+00:00\" \/>\n<meta property=\"article:modified_time\" content=\"2024-02-27T09:15:12+00:00\" \/>\n<meta name=\"author\" content=\"Miguel Redondo\" \/>\n<meta name=\"twitter:card\" content=\"summary_large_image\" \/>\n<meta name=\"twitter:creator\" content=\"@AGRADOracing\" \/>\n<meta name=\"twitter:site\" content=\"@AGRADOracing\" \/>\n<meta name=\"twitter:label1\" content=\"Escrito por\" \/>\n\t<meta name=\"twitter:data1\" content=\"Miguel Redondo\" \/>\n\t<meta name=\"twitter:label2\" content=\"Tiempo de lectura\" \/>\n\t<meta name=\"twitter:data2\" content=\"12 minutos\" \/>\n<script type=\"application\/ld+json\" class=\"yoast-schema-graph\">{\"@context\":\"https:\\\/\\\/schema.org\",\"@graph\":[{\"@type\":\"Article\",\"@id\":\"https:\\\/\\\/cuadra-agrado.es\\\/?p=5199#article\",\"isPartOf\":{\"@id\":\"https:\\\/\\\/cuadra-agrado.es\\\/?p=5199\"},\"author\":{\"name\":\"Miguel Redondo\",\"@id\":\"https:\\\/\\\/cuadra-agrado.es\\\/#\\\/schema\\\/person\\\/3aa4f8d2373cf756d93a5526bc72f31b\"},\"headline\":\"Nuestra manera de vivir el turf &#8230;..\",\"datePublished\":\"2019-09-25T14:36:09+00:00\",\"dateModified\":\"2024-02-27T09:15:12+00:00\",\"mainEntityOfPage\":{\"@id\":\"https:\\\/\\\/cuadra-agrado.es\\\/?p=5199\"},\"wordCount\":2468,\"articleSection\":[\"Actualidad\"],\"inLanguage\":\"es\"},{\"@type\":\"WebPage\",\"@id\":\"https:\\\/\\\/cuadra-agrado.es\\\/?p=5199\",\"url\":\"https:\\\/\\\/cuadra-agrado.es\\\/?p=5199\",\"name\":\"Nuestra manera de vivir el turf ..... - Cuadra Agrado\",\"isPartOf\":{\"@id\":\"https:\\\/\\\/cuadra-agrado.es\\\/#website\"},\"datePublished\":\"2019-09-25T14:36:09+00:00\",\"dateModified\":\"2024-02-27T09:15:12+00:00\",\"author\":{\"@id\":\"https:\\\/\\\/cuadra-agrado.es\\\/#\\\/schema\\\/person\\\/3aa4f8d2373cf756d93a5526bc72f31b\"},\"breadcrumb\":{\"@id\":\"https:\\\/\\\/cuadra-agrado.es\\\/?p=5199#breadcrumb\"},\"inLanguage\":\"es\",\"potentialAction\":[{\"@type\":\"ReadAction\",\"target\":[\"https:\\\/\\\/cuadra-agrado.es\\\/?p=5199\"]}]},{\"@type\":\"BreadcrumbList\",\"@id\":\"https:\\\/\\\/cuadra-agrado.es\\\/?p=5199#breadcrumb\",\"itemListElement\":[{\"@type\":\"ListItem\",\"position\":1,\"name\":\"Portada\",\"item\":\"https:\\\/\\\/cuadra-agrado.es\\\/\"},{\"@type\":\"ListItem\",\"position\":2,\"name\":\"Nuestra manera de vivir el turf &#8230;..\"}]},{\"@type\":\"WebSite\",\"@id\":\"https:\\\/\\\/cuadra-agrado.es\\\/#website\",\"url\":\"https:\\\/\\\/cuadra-agrado.es\\\/\",\"name\":\"Cuadra Agrado\",\"description\":\"En el mundo del Turf desde 2008\",\"potentialAction\":[{\"@type\":\"SearchAction\",\"target\":{\"@type\":\"EntryPoint\",\"urlTemplate\":\"https:\\\/\\\/cuadra-agrado.es\\\/?s={search_term_string}\"},\"query-input\":{\"@type\":\"PropertyValueSpecification\",\"valueRequired\":true,\"valueName\":\"search_term_string\"}}],\"inLanguage\":\"es\"},{\"@type\":\"Person\",\"@id\":\"https:\\\/\\\/cuadra-agrado.es\\\/#\\\/schema\\\/person\\\/3aa4f8d2373cf756d93a5526bc72f31b\",\"name\":\"Miguel Redondo\",\"image\":{\"@type\":\"ImageObject\",\"inLanguage\":\"es\",\"@id\":\"https:\\\/\\\/secure.gravatar.com\\\/avatar\\\/85704fceb4fa34017e3c1344d182da00dbf772fb8856ba2b7726a2df926415b4?s=96&d=mm&r=g\",\"url\":\"https:\\\/\\\/secure.gravatar.com\\\/avatar\\\/85704fceb4fa34017e3c1344d182da00dbf772fb8856ba2b7726a2df926415b4?s=96&d=mm&r=g\",\"contentUrl\":\"https:\\\/\\\/secure.gravatar.com\\\/avatar\\\/85704fceb4fa34017e3c1344d182da00dbf772fb8856ba2b7726a2df926415b4?s=96&d=mm&r=g\",\"caption\":\"Miguel Redondo\"},\"sameAs\":[\"https:\\\/\\\/cuadra-agrado.es\"],\"url\":\"https:\\\/\\\/cuadra-agrado.es\\\/?author=5\"}]}<\/script>\n<!-- \/ Yoast SEO plugin. -->","yoast_head_json":{"title":"Nuestra manera de vivir el turf ..... - Cuadra Agrado","robots":{"index":"index","follow":"follow","max-snippet":"max-snippet:-1","max-image-preview":"max-image-preview:large","max-video-preview":"max-video-preview:-1"},"canonical":"https:\/\/cuadra-agrado.es\/?p=5199","og_locale":"es_ES","og_type":"article","og_title":"Nuestra manera de vivir el turf ..... - Cuadra Agrado","og_description":"En primer lugar, pedimos disculpas si al aficionado-lector se le hace demasiado \u201cladrillo\u201d el extenso art\u00edculo que reci\u00e9n inicio con estas palabras. Tratar\u00e9 de ser lo m\u00e1s expl\u00edcito y directo posible, pero son muchos los temas que quiero dejar meridianamente claros con respecto a mi persona y cuadra, para, dentro de lo posible, evitar vivir [&hellip;]","og_url":"https:\/\/cuadra-agrado.es\/?p=5199","og_site_name":"Cuadra Agrado","article_published_time":"2019-09-25T14:36:09+00:00","article_modified_time":"2024-02-27T09:15:12+00:00","author":"Miguel Redondo","twitter_card":"summary_large_image","twitter_creator":"@AGRADOracing","twitter_site":"@AGRADOracing","twitter_misc":{"Escrito por":"Miguel Redondo","Tiempo de lectura":"12 minutos"},"schema":{"@context":"https:\/\/schema.org","@graph":[{"@type":"Article","@id":"https:\/\/cuadra-agrado.es\/?p=5199#article","isPartOf":{"@id":"https:\/\/cuadra-agrado.es\/?p=5199"},"author":{"name":"Miguel Redondo","@id":"https:\/\/cuadra-agrado.es\/#\/schema\/person\/3aa4f8d2373cf756d93a5526bc72f31b"},"headline":"Nuestra manera de vivir el turf &#8230;..","datePublished":"2019-09-25T14:36:09+00:00","dateModified":"2024-02-27T09:15:12+00:00","mainEntityOfPage":{"@id":"https:\/\/cuadra-agrado.es\/?p=5199"},"wordCount":2468,"articleSection":["Actualidad"],"inLanguage":"es"},{"@type":"WebPage","@id":"https:\/\/cuadra-agrado.es\/?p=5199","url":"https:\/\/cuadra-agrado.es\/?p=5199","name":"Nuestra manera de vivir el turf ..... - Cuadra Agrado","isPartOf":{"@id":"https:\/\/cuadra-agrado.es\/#website"},"datePublished":"2019-09-25T14:36:09+00:00","dateModified":"2024-02-27T09:15:12+00:00","author":{"@id":"https:\/\/cuadra-agrado.es\/#\/schema\/person\/3aa4f8d2373cf756d93a5526bc72f31b"},"breadcrumb":{"@id":"https:\/\/cuadra-agrado.es\/?p=5199#breadcrumb"},"inLanguage":"es","potentialAction":[{"@type":"ReadAction","target":["https:\/\/cuadra-agrado.es\/?p=5199"]}]},{"@type":"BreadcrumbList","@id":"https:\/\/cuadra-agrado.es\/?p=5199#breadcrumb","itemListElement":[{"@type":"ListItem","position":1,"name":"Portada","item":"https:\/\/cuadra-agrado.es\/"},{"@type":"ListItem","position":2,"name":"Nuestra manera de vivir el turf &#8230;.."}]},{"@type":"WebSite","@id":"https:\/\/cuadra-agrado.es\/#website","url":"https:\/\/cuadra-agrado.es\/","name":"Cuadra Agrado","description":"En el mundo del Turf desde 2008","potentialAction":[{"@type":"SearchAction","target":{"@type":"EntryPoint","urlTemplate":"https:\/\/cuadra-agrado.es\/?s={search_term_string}"},"query-input":{"@type":"PropertyValueSpecification","valueRequired":true,"valueName":"search_term_string"}}],"inLanguage":"es"},{"@type":"Person","@id":"https:\/\/cuadra-agrado.es\/#\/schema\/person\/3aa4f8d2373cf756d93a5526bc72f31b","name":"Miguel Redondo","image":{"@type":"ImageObject","inLanguage":"es","@id":"https:\/\/secure.gravatar.com\/avatar\/85704fceb4fa34017e3c1344d182da00dbf772fb8856ba2b7726a2df926415b4?s=96&d=mm&r=g","url":"https:\/\/secure.gravatar.com\/avatar\/85704fceb4fa34017e3c1344d182da00dbf772fb8856ba2b7726a2df926415b4?s=96&d=mm&r=g","contentUrl":"https:\/\/secure.gravatar.com\/avatar\/85704fceb4fa34017e3c1344d182da00dbf772fb8856ba2b7726a2df926415b4?s=96&d=mm&r=g","caption":"Miguel Redondo"},"sameAs":["https:\/\/cuadra-agrado.es"],"url":"https:\/\/cuadra-agrado.es\/?author=5"}]}},"_links":{"self":[{"href":"https:\/\/cuadra-agrado.es\/index.php?rest_route=\/wp\/v2\/posts\/5199","targetHints":{"allow":["GET"]}}],"collection":[{"href":"https:\/\/cuadra-agrado.es\/index.php?rest_route=\/wp\/v2\/posts"}],"about":[{"href":"https:\/\/cuadra-agrado.es\/index.php?rest_route=\/wp\/v2\/types\/post"}],"author":[{"embeddable":true,"href":"https:\/\/cuadra-agrado.es\/index.php?rest_route=\/wp\/v2\/users\/5"}],"replies":[{"embeddable":true,"href":"https:\/\/cuadra-agrado.es\/index.php?rest_route=%2Fwp%2Fv2%2Fcomments&post=5199"}],"version-history":[{"count":0,"href":"https:\/\/cuadra-agrado.es\/index.php?rest_route=\/wp\/v2\/posts\/5199\/revisions"}],"wp:attachment":[{"href":"https:\/\/cuadra-agrado.es\/index.php?rest_route=%2Fwp%2Fv2%2Fmedia&parent=5199"}],"wp:term":[{"taxonomy":"category","embeddable":true,"href":"https:\/\/cuadra-agrado.es\/index.php?rest_route=%2Fwp%2Fv2%2Fcategories&post=5199"},{"taxonomy":"post_tag","embeddable":true,"href":"https:\/\/cuadra-agrado.es\/index.php?rest_route=%2Fwp%2Fv2%2Ftags&post=5199"}],"curies":[{"name":"wp","href":"https:\/\/api.w.org\/{rel}","templated":true}]}}