{"id":5183,"date":"2019-09-17T08:51:51","date_gmt":"2019-09-17T07:51:51","guid":{"rendered":"https:\/\/cuadra-agrado.es\/?p=5183"},"modified":"2024-02-27T09:15:13","modified_gmt":"2024-02-27T09:15:13","slug":"dos-partants-inicio-otonal","status":"publish","type":"post","link":"https:\/\/cuadra-agrado.es\/?p=5183","title":{"rendered":"Dos partants para nuestro inicio oto\u00f1al"},"content":{"rendered":"<p style=\"text-align: justify;\">Tras la primera jornada de oto\u00f1o en el recinto madrile\u00f1o, donde pudimos disfrutar de la triple coronaci\u00f3n en nuestro pa\u00eds de <strong>\u201cMost Empowered\u201d<\/strong>, como la mejor yegua del medio fondo 2019, este pr\u00f3ximo domingo ser\u00e1 el punto de partida de nuestra particular temporada oto\u00f1al. Comenzamos con la puesta en marcha de dos de nuestros efectivos que no han dado precisamente su mejor versi\u00f3n durante gran parte del a\u00f1o y que, necesitamos poner en marcha de cara a su esperada y necesaria evoluci\u00f3n durante esta \u00faltima temporada del a\u00f1o que reci\u00e9n ha comenzado.<\/p>\n<p style=\"text-align: justify;\">Iniciaremos la segunda jornada con <strong>\u201cWe Know<\/strong>\u201d, que reaparece despu\u00e9s de tres meses, en la primera parte del H\u00e1ndicap del d\u00eda sobre 2.300 metros como prueba soporte a la \u201clototurf\u201d. Muchas dudas fundadas despu\u00e9s de su lesi\u00f3n, y una reaparici\u00f3n donde muy posiblemente llegue demasiado pronto como para buscar objetivos de alcance. Su valor 41 ingl\u00e9s desde su adquisici\u00f3n ha ido decreciendo en nuestro circuito en sus tres precedentes salidas hasta el actual valor 35,5 que, a d\u00eda de hoy estiman los \u201chandicappers\u201d y que nos da acceso a este primer h\u00e1ndicap que disputar\u00e1 en nuestro pa\u00eds. Confiamos que este sea su suelo y, a partir de ahora, nuestro \u00fanico objetivo es comenzar a incrementar ese valor paulatinamente durante la temporada oto\u00f1al, hasta recuperar valores de anta\u00f1o, si su salud lo permite. Sus precedentes con nosotros no son nada halag\u00fce\u00f1os y siendo del todo realistas, no deber\u00eda haber una progresi\u00f3n de valor tan dr\u00e1stica como para tocar pelo en esta reaparici\u00f3n despu\u00e9s de pocos trabajos en San Sebasti\u00e1n, donde ha pasado su temporada estival recuper\u00e1ndose de esa lesi\u00f3n lumbar. Subimos a <em>Borja Fayos<\/em>\u00a0a la silla para compensar esa posible falta de forma del caballo y que pueda ofrecernos su punto de vista como experimentado profesional. Sin duda, tratar\u00e1 de arrancarle con su fuerza todo lo que en su mano est\u00e9, pero lo que buscamos con esta monta en esta ocasi\u00f3n es objetividad y nuevas sensaciones que el caballo debe empezar a ofrecer. En cualquier caso, agradecemos p\u00fablicamente la deferencia por parte del que fuera nuestro primer jockey en la temporada pasada para volver a defender nuestros colores.<\/p>\n<p style=\"text-align: justify;\">Saldremos tambi\u00e9n a pista con<strong> \u201cBarbarigo\u201d<\/strong>, que se presentar\u00e1 de nuevo en casa despu\u00e9s de una agridulce consolatoria al Gobierno Vasco, donde no pudo optar m\u00e1s que a una tercera plaza, que alej\u00f3 un poco m\u00e1s valores a los de su mejor versi\u00f3n. Dura preparatoria al \u201cHispanidad\u201d para caballos de edad donde nuestro principal objetivo, lejos de optar a una victoria &#8211; que se nos antoja muy complicada con su 39,5 actual y recargo de kilo y medio- se centra en ir ganando confianza y poner punto de inflexi\u00f3n a un a\u00f1o malavenido y plagado de contratiempos. A favor, tenemos su forma y su estado de salud que parece (tocamos madera), contin\u00faa en buena lid. Retorna tambi\u00e9n a su mejor pista donde dio su mejor valor, y en su mejor distancia, pero en su contra para esta puesta en marcha, cuenta con rivales de mucha entidad a los que no ha podido doblegar en ning\u00fan momento del a\u00f1o, a igualdad de pesos con alguno de ellos, y concediendo kilos a otros tantos. Si en anteriores pruebas, las opciones eran suficientemente solidas como para optar a esa hipot\u00e9tica y siempre dif\u00edcil victoria, en esta ocasi\u00f3n, nuestro \u00fanico objetivo se centra en tratar de cerrar el tr\u00edo por detr\u00e1s de <strong>\u201cNoray<\/strong>\u201d y <strong>\u201cOriental\u201d, <\/strong>como principales y s\u00f3lidos favoritos de la prueba.<br \/>\nMonta para <em>Ra\u00fal Ramos<\/em> que se estrena con nuestra chaquetilla y que se ha ganado la confianza de Juan Luis Maroto para esta ocasi\u00f3n. Experimentado jockey, muy disciplinado en las \u00f3rdenes y con buen estilo, que no ha tenido demasiadas oportunidades en nuestro turf y que ha realizado una muy digna temporada estival ganando en Lasarte y Sanlucar, y apoyado con un magnifico ratio en las llegadas. En su debut con nosotros tendr\u00e1 la dif\u00edcil misi\u00f3n de buscar esos dos puestos remunerados que restan del partant, y que ser\u00e1 el primero en constatar ese punto de inflexi\u00f3n que esperamos de <strong>\u201cBarbarigo\u201d<\/strong> en su progresi\u00f3n futura. Confianza plena en el caballo, preparaci\u00f3n y monta, pero teniendo los pies en el suelo en este inicio de temporada con el \u00fanico objetivo de rebasar la psicol\u00f3gica barrera de ese rating 40, que sin duda \u00a0supondr\u00eda estar en puestos remunerados en esta dif\u00edcil preparatoria.<\/p>\n<p style=\"text-align: justify;\">Dos salidas por tanto con el \u00fanico objetivo de poner en marcha los dos primeros efectivos de la cuadra para ir labrando el pr\u00f3ximo futuro de esta temporada que reci\u00e9n acaba de comenzar. Por c\u00f3mo afrontamos ambas salidas, es evidente que la adrenalina y los nervios no aflorar\u00e1n como en ocasiones anteriores. Lo tomaremos con tranquilidad y con la l\u00f3gica ilusi\u00f3n de sentir buenas sensaciones de cara a la temporada, pero ya conocemos c\u00f3mo es este apasionante e inesperado mundo del turf, y cuando menos lo esperas, la fortuna tanto sale por la ventana, como vuelve a llamar a la puerta\u2026.<br \/>\nMucha suerte para los dos equipos, y las dos montas del d\u00eda.<br \/>\nComenzamos!!!<\/p>\n<hr \/>\n<p style=\"text-align: justify;\">\n<!-- AddThis Advanced Settings generic via filter on the_content --><!-- AddThis Share Buttons generic via filter on the_content -->","protected":false},"excerpt":{"rendered":"<p>Tras la primera jornada de oto\u00f1o en el recinto madrile\u00f1o, donde pudimos disfrutar de la triple coronaci\u00f3n en nuestro pa\u00eds de \u201cMost Empowered\u201d, como la mejor yegua del medio fondo 2019, este pr\u00f3ximo domingo ser\u00e1 el punto de partida de nuestra particular temporada oto\u00f1al. Comenzamos con la puesta en marcha de dos de nuestros efectivos [&hellip;]<!-- AddThis Advanced Settings generic via filter on get_the_excerpt --><!-- AddThis Share Buttons generic via filter on get_the_excerpt --><\/p>\n","protected":false},"author":5,"featured_media":6378,"comment_status":"closed","ping_status":"closed","sticky":false,"template":"","format":"standard","meta":{"_acf_changed":false,"_et_pb_use_builder":"","_et_pb_old_content":"","_et_gb_content_width":"","footnotes":""},"categories":[3],"tags":[],"class_list":["post-5183","post","type-post","status-publish","format-standard","has-post-thumbnail","hentry","category-noticias-cuadra-agrado"],"acf":[],"yoast_head":"<!-- This site is optimized with the Yoast SEO plugin v27.4 - https:\/\/yoast.com\/product\/yoast-seo-wordpress\/ -->\n<title>Dos partants para nuestro inicio oto\u00f1al - Cuadra Agrado<\/title>\n<meta name=\"robots\" content=\"index, follow, max-snippet:-1, max-image-preview:large, max-video-preview:-1\" \/>\n<link rel=\"canonical\" href=\"https:\/\/cuadra-agrado.es\/?p=5183\" \/>\n<meta property=\"og:locale\" content=\"es_ES\" \/>\n<meta property=\"og:type\" content=\"article\" \/>\n<meta property=\"og:title\" content=\"Dos partants para nuestro inicio oto\u00f1al - Cuadra Agrado\" \/>\n<meta property=\"og:description\" content=\"Tras la primera jornada de oto\u00f1o en el recinto madrile\u00f1o, donde pudimos disfrutar de la triple coronaci\u00f3n en nuestro pa\u00eds de \u201cMost Empowered\u201d, como la mejor yegua del medio fondo 2019, este pr\u00f3ximo domingo ser\u00e1 el punto de partida de nuestra particular temporada oto\u00f1al. Comenzamos con la puesta en marcha de dos de nuestros efectivos [&hellip;]\" \/>\n<meta property=\"og:url\" content=\"https:\/\/cuadra-agrado.es\/?p=5183\" \/>\n<meta property=\"og:site_name\" content=\"Cuadra Agrado\" \/>\n<meta property=\"article:published_time\" content=\"2019-09-17T07:51:51+00:00\" \/>\n<meta property=\"article:modified_time\" content=\"2024-02-27T09:15:13+00:00\" \/>\n<meta property=\"og:image\" content=\"https:\/\/cuadra-agrado.es\/wp-content\/uploads\/2019\/09\/WE-KNOW-1.jpg\" \/>\n\t<meta property=\"og:image:width\" content=\"1112\" \/>\n\t<meta property=\"og:image:height\" content=\"899\" \/>\n\t<meta property=\"og:image:type\" content=\"image\/jpeg\" \/>\n<meta name=\"author\" content=\"Miguel Redondo\" \/>\n<meta name=\"twitter:card\" content=\"summary_large_image\" \/>\n<meta name=\"twitter:creator\" content=\"@AGRADOracing\" \/>\n<meta name=\"twitter:site\" content=\"@AGRADOracing\" \/>\n<meta name=\"twitter:label1\" content=\"Escrito por\" \/>\n\t<meta name=\"twitter:data1\" content=\"Miguel Redondo\" \/>\n\t<meta name=\"twitter:label2\" content=\"Tiempo de lectura\" \/>\n\t<meta name=\"twitter:data2\" content=\"5 minutos\" \/>\n<script type=\"application\/ld+json\" class=\"yoast-schema-graph\">{\"@context\":\"https:\\\/\\\/schema.org\",\"@graph\":[{\"@type\":\"Article\",\"@id\":\"https:\\\/\\\/cuadra-agrado.es\\\/?p=5183#article\",\"isPartOf\":{\"@id\":\"https:\\\/\\\/cuadra-agrado.es\\\/?p=5183\"},\"author\":{\"name\":\"Miguel Redondo\",\"@id\":\"https:\\\/\\\/cuadra-agrado.es\\\/#\\\/schema\\\/person\\\/3aa4f8d2373cf756d93a5526bc72f31b\"},\"headline\":\"Dos partants para nuestro inicio oto\u00f1al\",\"datePublished\":\"2019-09-17T07:51:51+00:00\",\"dateModified\":\"2024-02-27T09:15:13+00:00\",\"mainEntityOfPage\":{\"@id\":\"https:\\\/\\\/cuadra-agrado.es\\\/?p=5183\"},\"wordCount\":915,\"image\":{\"@id\":\"https:\\\/\\\/cuadra-agrado.es\\\/?p=5183#primaryimage\"},\"thumbnailUrl\":\"https:\\\/\\\/cuadra-agrado.es\\\/wp-content\\\/uploads\\\/2019\\\/09\\\/WE-KNOW-1.jpg\",\"articleSection\":[\"Actualidad\"],\"inLanguage\":\"es\"},{\"@type\":\"WebPage\",\"@id\":\"https:\\\/\\\/cuadra-agrado.es\\\/?p=5183\",\"url\":\"https:\\\/\\\/cuadra-agrado.es\\\/?p=5183\",\"name\":\"Dos partants para nuestro inicio oto\u00f1al - Cuadra Agrado\",\"isPartOf\":{\"@id\":\"https:\\\/\\\/cuadra-agrado.es\\\/#website\"},\"primaryImageOfPage\":{\"@id\":\"https:\\\/\\\/cuadra-agrado.es\\\/?p=5183#primaryimage\"},\"image\":{\"@id\":\"https:\\\/\\\/cuadra-agrado.es\\\/?p=5183#primaryimage\"},\"thumbnailUrl\":\"https:\\\/\\\/cuadra-agrado.es\\\/wp-content\\\/uploads\\\/2019\\\/09\\\/WE-KNOW-1.jpg\",\"datePublished\":\"2019-09-17T07:51:51+00:00\",\"dateModified\":\"2024-02-27T09:15:13+00:00\",\"author\":{\"@id\":\"https:\\\/\\\/cuadra-agrado.es\\\/#\\\/schema\\\/person\\\/3aa4f8d2373cf756d93a5526bc72f31b\"},\"breadcrumb\":{\"@id\":\"https:\\\/\\\/cuadra-agrado.es\\\/?p=5183#breadcrumb\"},\"inLanguage\":\"es\",\"potentialAction\":[{\"@type\":\"ReadAction\",\"target\":[\"https:\\\/\\\/cuadra-agrado.es\\\/?p=5183\"]}]},{\"@type\":\"ImageObject\",\"inLanguage\":\"es\",\"@id\":\"https:\\\/\\\/cuadra-agrado.es\\\/?p=5183#primaryimage\",\"url\":\"https:\\\/\\\/cuadra-agrado.es\\\/wp-content\\\/uploads\\\/2019\\\/09\\\/WE-KNOW-1.jpg\",\"contentUrl\":\"https:\\\/\\\/cuadra-agrado.es\\\/wp-content\\\/uploads\\\/2019\\\/09\\\/WE-KNOW-1.jpg\",\"width\":1112,\"height\":899},{\"@type\":\"BreadcrumbList\",\"@id\":\"https:\\\/\\\/cuadra-agrado.es\\\/?p=5183#breadcrumb\",\"itemListElement\":[{\"@type\":\"ListItem\",\"position\":1,\"name\":\"Portada\",\"item\":\"https:\\\/\\\/cuadra-agrado.es\\\/\"},{\"@type\":\"ListItem\",\"position\":2,\"name\":\"Dos partants para nuestro inicio oto\u00f1al\"}]},{\"@type\":\"WebSite\",\"@id\":\"https:\\\/\\\/cuadra-agrado.es\\\/#website\",\"url\":\"https:\\\/\\\/cuadra-agrado.es\\\/\",\"name\":\"Cuadra Agrado\",\"description\":\"En el mundo del Turf desde 2008\",\"potentialAction\":[{\"@type\":\"SearchAction\",\"target\":{\"@type\":\"EntryPoint\",\"urlTemplate\":\"https:\\\/\\\/cuadra-agrado.es\\\/?s={search_term_string}\"},\"query-input\":{\"@type\":\"PropertyValueSpecification\",\"valueRequired\":true,\"valueName\":\"search_term_string\"}}],\"inLanguage\":\"es\"},{\"@type\":\"Person\",\"@id\":\"https:\\\/\\\/cuadra-agrado.es\\\/#\\\/schema\\\/person\\\/3aa4f8d2373cf756d93a5526bc72f31b\",\"name\":\"Miguel Redondo\",\"image\":{\"@type\":\"ImageObject\",\"inLanguage\":\"es\",\"@id\":\"https:\\\/\\\/secure.gravatar.com\\\/avatar\\\/85704fceb4fa34017e3c1344d182da00dbf772fb8856ba2b7726a2df926415b4?s=96&d=mm&r=g\",\"url\":\"https:\\\/\\\/secure.gravatar.com\\\/avatar\\\/85704fceb4fa34017e3c1344d182da00dbf772fb8856ba2b7726a2df926415b4?s=96&d=mm&r=g\",\"contentUrl\":\"https:\\\/\\\/secure.gravatar.com\\\/avatar\\\/85704fceb4fa34017e3c1344d182da00dbf772fb8856ba2b7726a2df926415b4?s=96&d=mm&r=g\",\"caption\":\"Miguel Redondo\"},\"sameAs\":[\"https:\\\/\\\/cuadra-agrado.es\"],\"url\":\"https:\\\/\\\/cuadra-agrado.es\\\/?author=5\"}]}<\/script>\n<!-- \/ Yoast SEO plugin. -->","yoast_head_json":{"title":"Dos partants para nuestro inicio oto\u00f1al - Cuadra Agrado","robots":{"index":"index","follow":"follow","max-snippet":"max-snippet:-1","max-image-preview":"max-image-preview:large","max-video-preview":"max-video-preview:-1"},"canonical":"https:\/\/cuadra-agrado.es\/?p=5183","og_locale":"es_ES","og_type":"article","og_title":"Dos partants para nuestro inicio oto\u00f1al - Cuadra Agrado","og_description":"Tras la primera jornada de oto\u00f1o en el recinto madrile\u00f1o, donde pudimos disfrutar de la triple coronaci\u00f3n en nuestro pa\u00eds de \u201cMost Empowered\u201d, como la mejor yegua del medio fondo 2019, este pr\u00f3ximo domingo ser\u00e1 el punto de partida de nuestra particular temporada oto\u00f1al. Comenzamos con la puesta en marcha de dos de nuestros efectivos [&hellip;]","og_url":"https:\/\/cuadra-agrado.es\/?p=5183","og_site_name":"Cuadra Agrado","article_published_time":"2019-09-17T07:51:51+00:00","article_modified_time":"2024-02-27T09:15:13+00:00","og_image":[{"width":1112,"height":899,"url":"https:\/\/cuadra-agrado.es\/wp-content\/uploads\/2019\/09\/WE-KNOW-1.jpg","type":"image\/jpeg"}],"author":"Miguel Redondo","twitter_card":"summary_large_image","twitter_creator":"@AGRADOracing","twitter_site":"@AGRADOracing","twitter_misc":{"Escrito por":"Miguel Redondo","Tiempo de lectura":"5 minutos"},"schema":{"@context":"https:\/\/schema.org","@graph":[{"@type":"Article","@id":"https:\/\/cuadra-agrado.es\/?p=5183#article","isPartOf":{"@id":"https:\/\/cuadra-agrado.es\/?p=5183"},"author":{"name":"Miguel Redondo","@id":"https:\/\/cuadra-agrado.es\/#\/schema\/person\/3aa4f8d2373cf756d93a5526bc72f31b"},"headline":"Dos partants para nuestro inicio oto\u00f1al","datePublished":"2019-09-17T07:51:51+00:00","dateModified":"2024-02-27T09:15:13+00:00","mainEntityOfPage":{"@id":"https:\/\/cuadra-agrado.es\/?p=5183"},"wordCount":915,"image":{"@id":"https:\/\/cuadra-agrado.es\/?p=5183#primaryimage"},"thumbnailUrl":"https:\/\/cuadra-agrado.es\/wp-content\/uploads\/2019\/09\/WE-KNOW-1.jpg","articleSection":["Actualidad"],"inLanguage":"es"},{"@type":"WebPage","@id":"https:\/\/cuadra-agrado.es\/?p=5183","url":"https:\/\/cuadra-agrado.es\/?p=5183","name":"Dos partants para nuestro inicio oto\u00f1al - Cuadra Agrado","isPartOf":{"@id":"https:\/\/cuadra-agrado.es\/#website"},"primaryImageOfPage":{"@id":"https:\/\/cuadra-agrado.es\/?p=5183#primaryimage"},"image":{"@id":"https:\/\/cuadra-agrado.es\/?p=5183#primaryimage"},"thumbnailUrl":"https:\/\/cuadra-agrado.es\/wp-content\/uploads\/2019\/09\/WE-KNOW-1.jpg","datePublished":"2019-09-17T07:51:51+00:00","dateModified":"2024-02-27T09:15:13+00:00","author":{"@id":"https:\/\/cuadra-agrado.es\/#\/schema\/person\/3aa4f8d2373cf756d93a5526bc72f31b"},"breadcrumb":{"@id":"https:\/\/cuadra-agrado.es\/?p=5183#breadcrumb"},"inLanguage":"es","potentialAction":[{"@type":"ReadAction","target":["https:\/\/cuadra-agrado.es\/?p=5183"]}]},{"@type":"ImageObject","inLanguage":"es","@id":"https:\/\/cuadra-agrado.es\/?p=5183#primaryimage","url":"https:\/\/cuadra-agrado.es\/wp-content\/uploads\/2019\/09\/WE-KNOW-1.jpg","contentUrl":"https:\/\/cuadra-agrado.es\/wp-content\/uploads\/2019\/09\/WE-KNOW-1.jpg","width":1112,"height":899},{"@type":"BreadcrumbList","@id":"https:\/\/cuadra-agrado.es\/?p=5183#breadcrumb","itemListElement":[{"@type":"ListItem","position":1,"name":"Portada","item":"https:\/\/cuadra-agrado.es\/"},{"@type":"ListItem","position":2,"name":"Dos partants para nuestro inicio oto\u00f1al"}]},{"@type":"WebSite","@id":"https:\/\/cuadra-agrado.es\/#website","url":"https:\/\/cuadra-agrado.es\/","name":"Cuadra Agrado","description":"En el mundo del Turf desde 2008","potentialAction":[{"@type":"SearchAction","target":{"@type":"EntryPoint","urlTemplate":"https:\/\/cuadra-agrado.es\/?s={search_term_string}"},"query-input":{"@type":"PropertyValueSpecification","valueRequired":true,"valueName":"search_term_string"}}],"inLanguage":"es"},{"@type":"Person","@id":"https:\/\/cuadra-agrado.es\/#\/schema\/person\/3aa4f8d2373cf756d93a5526bc72f31b","name":"Miguel Redondo","image":{"@type":"ImageObject","inLanguage":"es","@id":"https:\/\/secure.gravatar.com\/avatar\/85704fceb4fa34017e3c1344d182da00dbf772fb8856ba2b7726a2df926415b4?s=96&d=mm&r=g","url":"https:\/\/secure.gravatar.com\/avatar\/85704fceb4fa34017e3c1344d182da00dbf772fb8856ba2b7726a2df926415b4?s=96&d=mm&r=g","contentUrl":"https:\/\/secure.gravatar.com\/avatar\/85704fceb4fa34017e3c1344d182da00dbf772fb8856ba2b7726a2df926415b4?s=96&d=mm&r=g","caption":"Miguel Redondo"},"sameAs":["https:\/\/cuadra-agrado.es"],"url":"https:\/\/cuadra-agrado.es\/?author=5"}]}},"_links":{"self":[{"href":"https:\/\/cuadra-agrado.es\/index.php?rest_route=\/wp\/v2\/posts\/5183","targetHints":{"allow":["GET"]}}],"collection":[{"href":"https:\/\/cuadra-agrado.es\/index.php?rest_route=\/wp\/v2\/posts"}],"about":[{"href":"https:\/\/cuadra-agrado.es\/index.php?rest_route=\/wp\/v2\/types\/post"}],"author":[{"embeddable":true,"href":"https:\/\/cuadra-agrado.es\/index.php?rest_route=\/wp\/v2\/users\/5"}],"replies":[{"embeddable":true,"href":"https:\/\/cuadra-agrado.es\/index.php?rest_route=%2Fwp%2Fv2%2Fcomments&post=5183"}],"version-history":[{"count":0,"href":"https:\/\/cuadra-agrado.es\/index.php?rest_route=\/wp\/v2\/posts\/5183\/revisions"}],"wp:featuredmedia":[{"embeddable":true,"href":"https:\/\/cuadra-agrado.es\/index.php?rest_route=\/wp\/v2\/media\/6378"}],"wp:attachment":[{"href":"https:\/\/cuadra-agrado.es\/index.php?rest_route=%2Fwp%2Fv2%2Fmedia&parent=5183"}],"wp:term":[{"taxonomy":"category","embeddable":true,"href":"https:\/\/cuadra-agrado.es\/index.php?rest_route=%2Fwp%2Fv2%2Fcategories&post=5183"},{"taxonomy":"post_tag","embeddable":true,"href":"https:\/\/cuadra-agrado.es\/index.php?rest_route=%2Fwp%2Fv2%2Ftags&post=5183"}],"curies":[{"name":"wp","href":"https:\/\/api.w.org\/{rel}","templated":true}]}}