{"id":5158,"date":"2019-08-16T15:09:21","date_gmt":"2019-08-16T14:09:21","guid":{"rendered":"https:\/\/cuadra-agrado.es\/?p=5158"},"modified":"2024-02-27T09:15:13","modified_gmt":"2024-02-27T09:15:13","slug":"una-consolatoria-sabria-gran-premio","status":"publish","type":"post","link":"https:\/\/cuadra-agrado.es\/?p=5158","title":{"rendered":"Una consolatoria que sabr\u00eda a Gran Premio&#8230;."},"content":{"rendered":"<p style=\"text-align: justify;\">Tras el d\u00eda grande de San Sebastian, donde pudimos disfrutar de la 51 edici\u00f3n de la Copa de Oro brillantemente ganada por el ingl\u00e9s \u201cAmazing Red\u201d, llega el segundo d\u00eda grande de la semana con la jornada del Gran Premio Gobierno Vasco. Turno para <strong>\u201cBarbarigo\u201d<\/strong> que reaparece en esta pista este pr\u00f3ximo domingo en la segunda parte del Gran Premio, o tambi\u00e9n llamada coloquialmente como la consolatoria al Gobierno Vasco. Hasta el \u00faltimo momento hemos dudado entre estar presentes en el Gran Premio millero del verano, o pasar a disputar esta opci\u00f3n B, pero finalmente nos decantamos por dejar pasar esa siempre bonita sensaci\u00f3n de correr un nuevo \u201cGobierno Vasco\u201d y buscar mejores opciones en esta consolatoria, incluso teniendo que \u201cconvencer\u201d a nuestra preparaci\u00f3n para dar cumplimiento a nuestra decisi\u00f3n final, que en este caso concreto ha primado por encima de los planes del \u201cprepa\u201d.<\/p>\n<p style=\"text-align: justify;\">Los motivos sobre los que se fundamenta nuestra decisi\u00f3n son tan obvios como opciones existen entre una y otra prueba.<strong> \u201cBarbarigo\u201d<\/strong> dio la talla el pasado a\u00f1o en el Gran Premio con un buen tercero luchando hasta casi el poste de meta con el mism\u00edsimo \u201cNoray\u201d, que este a\u00f1o bien podr\u00eda repetir triunfo con permiso de<strong> \u201cOriental\u201d<\/strong>. La l\u00ednea de <strong>\u201cNoray\u201d<\/strong> se ha mantenido en el tiempo, pero desgraciadamente <strong>\u201cBarbarigo\u201d<\/strong> ha retrocedido al menos dos escalones esta pasada primavera, que son suficientes como para valorar sus mejores opciones en esta consolatoria y, que por supuesto, nos consolar\u00eda de gran manera, y nos servir\u00eda para comenzar el ascenso merecido de un caballo de gran valor que ha tenido una primavera fuera de su habitual tono.<\/p>\n<p style=\"text-align: justify;\"><strong>\u201cBarbarigo\u201d<\/strong> se medir\u00e1 a un buen lote finalmente de ocho participantes, tras la retirada de <strong>\u201cEinar\u201d,<\/strong> con la \u00fanica intenci\u00f3n de remontar valores pasados por encima de esa barrera psicol\u00f3gica del 40. No hay mucha excusa para no cumplir en la lucha por una nueva victoria para \u00e9l. Su forma est\u00e1 para poder competir dignamente en el Gran Premio, pero sus opciones ah\u00ed estar\u00edan muy comprometidas con, al menos, cinco caballos con un claro valor superior este verano. En esta consolatoria las opciones cobran mucha m\u00e1s vida y, aunque salimos con esa mantilla 3 que indica un peso alto con 61 kilos, la ventaja con respecto a los dos primeros en plomo como son <strong>\u201cPresidency\u201d<\/strong> e <strong>\u201cImpressionant\u201d<\/strong> nos alivian considerablemente. Este hijo de <strong>\u201cCanford Cliffs\u201d<\/strong> ya nos ofreci\u00f3 su gusto por la pista donostiarra el pasado a\u00f1o y, si adem\u00e1s, esa forma que la preparaci\u00f3n ha buscado con vistas al Gran Premio se acerca a los 10 puntos, nada parece tener en contra para desmentir esa \u00faltima salida en el Carudel donde estuvo plano y muy lejos de su habitual y contrastado valor.<\/p>\n<p style=\"text-align: justify;\">Monta en esta ocasi\u00f3n para <em>Julien Grosjean<\/em> que vuelve a vestirse con nuestros colores despu\u00e9s de que lo hiciera por \u00faltima vez en 2011 con el viejo \u201cOrlov\u201d, donde tuvo la recompensa de un segundo puesto. Confianza plena en el franc\u00e9s que cuenta con un excelente ratio este a\u00f1o en San Sebastian de casi el 50% de sus salidas en el tr\u00edo.<\/p>\n<p style=\"text-align: justify;\">Repasamos nuestros breves comentarios sobre nuestros rivales.<br \/>\n\u201cPresidency\u201d, casi intocable en pruebas de velocidad pura, pero vulnerable en distancias a partir de los 1.400 metros. 2 kilos tambi\u00e9n por encima y una pista blanda podr\u00edan ser suficientes argumentos para batirlo.<br \/>\n\u201cImpressionant\u201d, a d\u00eda de hoy no es mejor caballo que \u201cBarbarigo\u201d y con un kilo m\u00e1s en su montura deber\u00eda estar a su grupa en el poste de meta.<br \/>\n\u201cCa\u00f1edo\u201d, primero y segundo en sus dos precedentes este a\u00f1o en Lasarte. Muy buena fue su preparatoria. Si repite valor, estar\u00e1 casi seguro en el tr\u00edo.<br \/>\n\u201cBorn to Be\u201d, viene de ganar en la misma pista con peso alto ante un lote menor. Aqu\u00ed hay mucho m\u00e1s nivel, pero tiene calidad para copar puestos remunerados.<br \/>\n\u201cGeorge du Guern\u201d, muy cargado de carreras en el verano, ya dio s\u00edntomas de fatiga en la preparatoria. No parece ser la mejor elecci\u00f3n y puede ser el descarte natural del lote.<br \/>\n\u201cVert Parsley\u201d, solo parece fallar en pruebas de alto nivel como la pasada Poule o el Gran Criterium. Esta es accesible aunque sea contra viejos\u2026. A intentar meterse en el tr\u00edo.<br \/>\n\u201cLeitza\u201d, buena potranca que solo fall\u00f3 en la Poule. Viene de estar en el tr\u00edo en su anterior ante un muy buen lote. Buena escala. Para nosotros, el rival a batir.<\/p>\n<p style=\"text-align: justify;\">Carrera por tanto muy abierta y sin un favorito claro, donde los viejos deber\u00edan imponer su experiencia por encima de unos buenos tres a\u00f1os.<\/p>\n<p style=\"text-align: justify;\">No podemos finalizar la cr\u00f3nica sin una menci\u00f3n especial al Gran Premio del Gobierno Vasco, como prueba millera por excelencia del verano en nuestro turf. Diez aspirantes donde sobresalen dos grandes ejemplares de nuestro circuito como <strong>\u201cOriental\u201d<\/strong> y<strong> \u201cNoray\u201d<\/strong> como adultos del lote. El primero busca su primer grande en Espa\u00f1a despu\u00e9s de un amargo segundo puesto en el Carudel donde nada pudo hacer con aquel \u00abBayoun\u00bb. El segundo busca recuperar sensaciones y tratar de tripitir victoria en este gran premio y hacer historia. A estos dos viejos a\u00f1adiremos el junior <strong>\u201cNapanook\u201d<\/strong>, que llega con el cuchillo entre los dientes y con la confianza plena del \u201cprepa\u201d.<br \/>\nSuerte para todos los participantes de la jornada y, de manera muy especial, para todo el equipo de Juan Luis Maroto.<\/p>\n<hr \/>\n<p style=\"text-align: justify;\">\n<!-- AddThis Advanced Settings generic via filter on the_content --><!-- AddThis Share Buttons generic via filter on the_content -->","protected":false},"excerpt":{"rendered":"<p>Tras el d\u00eda grande de San Sebastian, donde pudimos disfrutar de la 51 edici\u00f3n de la Copa de Oro brillantemente ganada por el ingl\u00e9s \u201cAmazing Red\u201d, llega el segundo d\u00eda grande de la semana con la jornada del Gran Premio Gobierno Vasco. Turno para \u201cBarbarigo\u201d que reaparece en esta pista este pr\u00f3ximo domingo en la [&hellip;]<!-- AddThis Advanced Settings generic via filter on get_the_excerpt --><!-- AddThis Share Buttons generic via filter on get_the_excerpt --><\/p>\n","protected":false},"author":5,"featured_media":6385,"comment_status":"closed","ping_status":"closed","sticky":false,"template":"","format":"standard","meta":{"_acf_changed":false,"_et_pb_use_builder":"","_et_pb_old_content":"","_et_gb_content_width":"","footnotes":""},"categories":[3],"tags":[],"class_list":["post-5158","post","type-post","status-publish","format-standard","has-post-thumbnail","hentry","category-noticias-cuadra-agrado"],"acf":[],"yoast_head":"<!-- This site is optimized with the Yoast SEO plugin v27.4 - https:\/\/yoast.com\/product\/yoast-seo-wordpress\/ -->\n<title>Una consolatoria que sabr\u00eda a Gran Premio.... - Cuadra Agrado<\/title>\n<meta name=\"robots\" content=\"index, follow, max-snippet:-1, max-image-preview:large, max-video-preview:-1\" \/>\n<link rel=\"canonical\" href=\"https:\/\/cuadra-agrado.es\/?p=5158\" \/>\n<meta property=\"og:locale\" content=\"es_ES\" \/>\n<meta property=\"og:type\" content=\"article\" \/>\n<meta property=\"og:title\" content=\"Una consolatoria que sabr\u00eda a Gran Premio.... - Cuadra Agrado\" \/>\n<meta property=\"og:description\" content=\"Tras el d\u00eda grande de San Sebastian, donde pudimos disfrutar de la 51 edici\u00f3n de la Copa de Oro brillantemente ganada por el ingl\u00e9s \u201cAmazing Red\u201d, llega el segundo d\u00eda grande de la semana con la jornada del Gran Premio Gobierno Vasco. Turno para \u201cBarbarigo\u201d que reaparece en esta pista este pr\u00f3ximo domingo en la [&hellip;]\" \/>\n<meta property=\"og:url\" content=\"https:\/\/cuadra-agrado.es\/?p=5158\" \/>\n<meta property=\"og:site_name\" content=\"Cuadra Agrado\" \/>\n<meta property=\"article:published_time\" content=\"2019-08-16T14:09:21+00:00\" \/>\n<meta property=\"article:modified_time\" content=\"2024-02-27T09:15:13+00:00\" \/>\n<meta property=\"og:image\" content=\"https:\/\/cuadra-agrado.es\/wp-content\/uploads\/2019\/08\/Barbarigo-2-1-1.jpg\" \/>\n\t<meta property=\"og:image:width\" content=\"964\" \/>\n\t<meta property=\"og:image:height\" content=\"711\" \/>\n\t<meta property=\"og:image:type\" content=\"image\/jpeg\" \/>\n<meta name=\"author\" content=\"Miguel Redondo\" \/>\n<meta name=\"twitter:card\" content=\"summary_large_image\" \/>\n<meta name=\"twitter:creator\" content=\"@AGRADOracing\" \/>\n<meta name=\"twitter:site\" content=\"@AGRADOracing\" \/>\n<meta name=\"twitter:label1\" content=\"Escrito por\" \/>\n\t<meta name=\"twitter:data1\" content=\"Miguel Redondo\" \/>\n\t<meta name=\"twitter:label2\" content=\"Tiempo de lectura\" \/>\n\t<meta name=\"twitter:data2\" content=\"5 minutos\" \/>\n<script type=\"application\/ld+json\" class=\"yoast-schema-graph\">{\"@context\":\"https:\\\/\\\/schema.org\",\"@graph\":[{\"@type\":\"Article\",\"@id\":\"https:\\\/\\\/cuadra-agrado.es\\\/?p=5158#article\",\"isPartOf\":{\"@id\":\"https:\\\/\\\/cuadra-agrado.es\\\/?p=5158\"},\"author\":{\"name\":\"Miguel Redondo\",\"@id\":\"https:\\\/\\\/cuadra-agrado.es\\\/#\\\/schema\\\/person\\\/3aa4f8d2373cf756d93a5526bc72f31b\"},\"headline\":\"Una consolatoria que sabr\u00eda a Gran Premio&#8230;.\",\"datePublished\":\"2019-08-16T14:09:21+00:00\",\"dateModified\":\"2024-02-27T09:15:13+00:00\",\"mainEntityOfPage\":{\"@id\":\"https:\\\/\\\/cuadra-agrado.es\\\/?p=5158\"},\"wordCount\":933,\"image\":{\"@id\":\"https:\\\/\\\/cuadra-agrado.es\\\/?p=5158#primaryimage\"},\"thumbnailUrl\":\"https:\\\/\\\/cuadra-agrado.es\\\/wp-content\\\/uploads\\\/2019\\\/08\\\/Barbarigo-2-1-1.jpg\",\"articleSection\":[\"Actualidad\"],\"inLanguage\":\"es\"},{\"@type\":\"WebPage\",\"@id\":\"https:\\\/\\\/cuadra-agrado.es\\\/?p=5158\",\"url\":\"https:\\\/\\\/cuadra-agrado.es\\\/?p=5158\",\"name\":\"Una consolatoria que sabr\u00eda a Gran Premio.... - Cuadra Agrado\",\"isPartOf\":{\"@id\":\"https:\\\/\\\/cuadra-agrado.es\\\/#website\"},\"primaryImageOfPage\":{\"@id\":\"https:\\\/\\\/cuadra-agrado.es\\\/?p=5158#primaryimage\"},\"image\":{\"@id\":\"https:\\\/\\\/cuadra-agrado.es\\\/?p=5158#primaryimage\"},\"thumbnailUrl\":\"https:\\\/\\\/cuadra-agrado.es\\\/wp-content\\\/uploads\\\/2019\\\/08\\\/Barbarigo-2-1-1.jpg\",\"datePublished\":\"2019-08-16T14:09:21+00:00\",\"dateModified\":\"2024-02-27T09:15:13+00:00\",\"author\":{\"@id\":\"https:\\\/\\\/cuadra-agrado.es\\\/#\\\/schema\\\/person\\\/3aa4f8d2373cf756d93a5526bc72f31b\"},\"breadcrumb\":{\"@id\":\"https:\\\/\\\/cuadra-agrado.es\\\/?p=5158#breadcrumb\"},\"inLanguage\":\"es\",\"potentialAction\":[{\"@type\":\"ReadAction\",\"target\":[\"https:\\\/\\\/cuadra-agrado.es\\\/?p=5158\"]}]},{\"@type\":\"ImageObject\",\"inLanguage\":\"es\",\"@id\":\"https:\\\/\\\/cuadra-agrado.es\\\/?p=5158#primaryimage\",\"url\":\"https:\\\/\\\/cuadra-agrado.es\\\/wp-content\\\/uploads\\\/2019\\\/08\\\/Barbarigo-2-1-1.jpg\",\"contentUrl\":\"https:\\\/\\\/cuadra-agrado.es\\\/wp-content\\\/uploads\\\/2019\\\/08\\\/Barbarigo-2-1-1.jpg\",\"width\":964,\"height\":711},{\"@type\":\"BreadcrumbList\",\"@id\":\"https:\\\/\\\/cuadra-agrado.es\\\/?p=5158#breadcrumb\",\"itemListElement\":[{\"@type\":\"ListItem\",\"position\":1,\"name\":\"Portada\",\"item\":\"https:\\\/\\\/cuadra-agrado.es\\\/\"},{\"@type\":\"ListItem\",\"position\":2,\"name\":\"Una consolatoria que sabr\u00eda a Gran Premio&#8230;.\"}]},{\"@type\":\"WebSite\",\"@id\":\"https:\\\/\\\/cuadra-agrado.es\\\/#website\",\"url\":\"https:\\\/\\\/cuadra-agrado.es\\\/\",\"name\":\"Cuadra Agrado\",\"description\":\"En el mundo del Turf desde 2008\",\"potentialAction\":[{\"@type\":\"SearchAction\",\"target\":{\"@type\":\"EntryPoint\",\"urlTemplate\":\"https:\\\/\\\/cuadra-agrado.es\\\/?s={search_term_string}\"},\"query-input\":{\"@type\":\"PropertyValueSpecification\",\"valueRequired\":true,\"valueName\":\"search_term_string\"}}],\"inLanguage\":\"es\"},{\"@type\":\"Person\",\"@id\":\"https:\\\/\\\/cuadra-agrado.es\\\/#\\\/schema\\\/person\\\/3aa4f8d2373cf756d93a5526bc72f31b\",\"name\":\"Miguel Redondo\",\"image\":{\"@type\":\"ImageObject\",\"inLanguage\":\"es\",\"@id\":\"https:\\\/\\\/secure.gravatar.com\\\/avatar\\\/85704fceb4fa34017e3c1344d182da00dbf772fb8856ba2b7726a2df926415b4?s=96&d=mm&r=g\",\"url\":\"https:\\\/\\\/secure.gravatar.com\\\/avatar\\\/85704fceb4fa34017e3c1344d182da00dbf772fb8856ba2b7726a2df926415b4?s=96&d=mm&r=g\",\"contentUrl\":\"https:\\\/\\\/secure.gravatar.com\\\/avatar\\\/85704fceb4fa34017e3c1344d182da00dbf772fb8856ba2b7726a2df926415b4?s=96&d=mm&r=g\",\"caption\":\"Miguel Redondo\"},\"sameAs\":[\"https:\\\/\\\/cuadra-agrado.es\"],\"url\":\"https:\\\/\\\/cuadra-agrado.es\\\/?author=5\"}]}<\/script>\n<!-- \/ Yoast SEO plugin. -->","yoast_head_json":{"title":"Una consolatoria que sabr\u00eda a Gran Premio.... - Cuadra Agrado","robots":{"index":"index","follow":"follow","max-snippet":"max-snippet:-1","max-image-preview":"max-image-preview:large","max-video-preview":"max-video-preview:-1"},"canonical":"https:\/\/cuadra-agrado.es\/?p=5158","og_locale":"es_ES","og_type":"article","og_title":"Una consolatoria que sabr\u00eda a Gran Premio.... - Cuadra Agrado","og_description":"Tras el d\u00eda grande de San Sebastian, donde pudimos disfrutar de la 51 edici\u00f3n de la Copa de Oro brillantemente ganada por el ingl\u00e9s \u201cAmazing Red\u201d, llega el segundo d\u00eda grande de la semana con la jornada del Gran Premio Gobierno Vasco. Turno para \u201cBarbarigo\u201d que reaparece en esta pista este pr\u00f3ximo domingo en la [&hellip;]","og_url":"https:\/\/cuadra-agrado.es\/?p=5158","og_site_name":"Cuadra Agrado","article_published_time":"2019-08-16T14:09:21+00:00","article_modified_time":"2024-02-27T09:15:13+00:00","og_image":[{"width":964,"height":711,"url":"https:\/\/cuadra-agrado.es\/wp-content\/uploads\/2019\/08\/Barbarigo-2-1-1.jpg","type":"image\/jpeg"}],"author":"Miguel Redondo","twitter_card":"summary_large_image","twitter_creator":"@AGRADOracing","twitter_site":"@AGRADOracing","twitter_misc":{"Escrito por":"Miguel Redondo","Tiempo de lectura":"5 minutos"},"schema":{"@context":"https:\/\/schema.org","@graph":[{"@type":"Article","@id":"https:\/\/cuadra-agrado.es\/?p=5158#article","isPartOf":{"@id":"https:\/\/cuadra-agrado.es\/?p=5158"},"author":{"name":"Miguel Redondo","@id":"https:\/\/cuadra-agrado.es\/#\/schema\/person\/3aa4f8d2373cf756d93a5526bc72f31b"},"headline":"Una consolatoria que sabr\u00eda a Gran Premio&#8230;.","datePublished":"2019-08-16T14:09:21+00:00","dateModified":"2024-02-27T09:15:13+00:00","mainEntityOfPage":{"@id":"https:\/\/cuadra-agrado.es\/?p=5158"},"wordCount":933,"image":{"@id":"https:\/\/cuadra-agrado.es\/?p=5158#primaryimage"},"thumbnailUrl":"https:\/\/cuadra-agrado.es\/wp-content\/uploads\/2019\/08\/Barbarigo-2-1-1.jpg","articleSection":["Actualidad"],"inLanguage":"es"},{"@type":"WebPage","@id":"https:\/\/cuadra-agrado.es\/?p=5158","url":"https:\/\/cuadra-agrado.es\/?p=5158","name":"Una consolatoria que sabr\u00eda a Gran Premio.... - Cuadra Agrado","isPartOf":{"@id":"https:\/\/cuadra-agrado.es\/#website"},"primaryImageOfPage":{"@id":"https:\/\/cuadra-agrado.es\/?p=5158#primaryimage"},"image":{"@id":"https:\/\/cuadra-agrado.es\/?p=5158#primaryimage"},"thumbnailUrl":"https:\/\/cuadra-agrado.es\/wp-content\/uploads\/2019\/08\/Barbarigo-2-1-1.jpg","datePublished":"2019-08-16T14:09:21+00:00","dateModified":"2024-02-27T09:15:13+00:00","author":{"@id":"https:\/\/cuadra-agrado.es\/#\/schema\/person\/3aa4f8d2373cf756d93a5526bc72f31b"},"breadcrumb":{"@id":"https:\/\/cuadra-agrado.es\/?p=5158#breadcrumb"},"inLanguage":"es","potentialAction":[{"@type":"ReadAction","target":["https:\/\/cuadra-agrado.es\/?p=5158"]}]},{"@type":"ImageObject","inLanguage":"es","@id":"https:\/\/cuadra-agrado.es\/?p=5158#primaryimage","url":"https:\/\/cuadra-agrado.es\/wp-content\/uploads\/2019\/08\/Barbarigo-2-1-1.jpg","contentUrl":"https:\/\/cuadra-agrado.es\/wp-content\/uploads\/2019\/08\/Barbarigo-2-1-1.jpg","width":964,"height":711},{"@type":"BreadcrumbList","@id":"https:\/\/cuadra-agrado.es\/?p=5158#breadcrumb","itemListElement":[{"@type":"ListItem","position":1,"name":"Portada","item":"https:\/\/cuadra-agrado.es\/"},{"@type":"ListItem","position":2,"name":"Una consolatoria que sabr\u00eda a Gran Premio&#8230;."}]},{"@type":"WebSite","@id":"https:\/\/cuadra-agrado.es\/#website","url":"https:\/\/cuadra-agrado.es\/","name":"Cuadra Agrado","description":"En el mundo del Turf desde 2008","potentialAction":[{"@type":"SearchAction","target":{"@type":"EntryPoint","urlTemplate":"https:\/\/cuadra-agrado.es\/?s={search_term_string}"},"query-input":{"@type":"PropertyValueSpecification","valueRequired":true,"valueName":"search_term_string"}}],"inLanguage":"es"},{"@type":"Person","@id":"https:\/\/cuadra-agrado.es\/#\/schema\/person\/3aa4f8d2373cf756d93a5526bc72f31b","name":"Miguel Redondo","image":{"@type":"ImageObject","inLanguage":"es","@id":"https:\/\/secure.gravatar.com\/avatar\/85704fceb4fa34017e3c1344d182da00dbf772fb8856ba2b7726a2df926415b4?s=96&d=mm&r=g","url":"https:\/\/secure.gravatar.com\/avatar\/85704fceb4fa34017e3c1344d182da00dbf772fb8856ba2b7726a2df926415b4?s=96&d=mm&r=g","contentUrl":"https:\/\/secure.gravatar.com\/avatar\/85704fceb4fa34017e3c1344d182da00dbf772fb8856ba2b7726a2df926415b4?s=96&d=mm&r=g","caption":"Miguel Redondo"},"sameAs":["https:\/\/cuadra-agrado.es"],"url":"https:\/\/cuadra-agrado.es\/?author=5"}]}},"_links":{"self":[{"href":"https:\/\/cuadra-agrado.es\/index.php?rest_route=\/wp\/v2\/posts\/5158","targetHints":{"allow":["GET"]}}],"collection":[{"href":"https:\/\/cuadra-agrado.es\/index.php?rest_route=\/wp\/v2\/posts"}],"about":[{"href":"https:\/\/cuadra-agrado.es\/index.php?rest_route=\/wp\/v2\/types\/post"}],"author":[{"embeddable":true,"href":"https:\/\/cuadra-agrado.es\/index.php?rest_route=\/wp\/v2\/users\/5"}],"replies":[{"embeddable":true,"href":"https:\/\/cuadra-agrado.es\/index.php?rest_route=%2Fwp%2Fv2%2Fcomments&post=5158"}],"version-history":[{"count":0,"href":"https:\/\/cuadra-agrado.es\/index.php?rest_route=\/wp\/v2\/posts\/5158\/revisions"}],"wp:featuredmedia":[{"embeddable":true,"href":"https:\/\/cuadra-agrado.es\/index.php?rest_route=\/wp\/v2\/media\/6385"}],"wp:attachment":[{"href":"https:\/\/cuadra-agrado.es\/index.php?rest_route=%2Fwp%2Fv2%2Fmedia&parent=5158"}],"wp:term":[{"taxonomy":"category","embeddable":true,"href":"https:\/\/cuadra-agrado.es\/index.php?rest_route=%2Fwp%2Fv2%2Fcategories&post=5158"},{"taxonomy":"post_tag","embeddable":true,"href":"https:\/\/cuadra-agrado.es\/index.php?rest_route=%2Fwp%2Fv2%2Ftags&post=5158"}],"curies":[{"name":"wp","href":"https:\/\/api.w.org\/{rel}","templated":true}]}}