{"id":5068,"date":"2019-06-10T10:50:55","date_gmt":"2019-06-10T09:50:55","guid":{"rendered":"https:\/\/cuadra-agrado.es\/?p=5068"},"modified":"2024-02-27T09:15:15","modified_gmt":"2024-02-27T09:15:15","slug":"danubian-blue-se-reengancha-lasarte","status":"publish","type":"post","link":"https:\/\/cuadra-agrado.es\/?p=5068","title":{"rendered":"Danubian Blue se reengancha a la competici\u00f3n en Lasarte"},"content":{"rendered":"<p style=\"text-align: justify;\">Este pr\u00f3ximo mi\u00e9rcoles disputaremos la primera salida a pista del verano donostiarra 2019. Un a\u00f1o m\u00e1s, volvemos a estas frondosas tierras verdes del norte para volver a competir en uno de los hip\u00f3dromos talismanes que m\u00e1s alegr\u00edas y satisfacciones nos ha obsequiado a lo largo de nuestra historia. Ser\u00e1 la primera salida donostiarra para<strong> \u201cDanubian Blue\u201d <\/strong>y, ojal\u00e1 pueda tener la fortuna de coger el dif\u00edcil relevo de un tal <strong>\u201cRany\u00e1n\u201d, <\/strong>que a punto estuvieron de hacerle un monumento en aquel coqueto y legendario recinto. Ser\u00e1 en el Premio \u201cArkupe Taberna\u201d, coincidiendo con la segunda jornada de carreras de la presente temporada estival en una prueba de condici\u00f3n para potros y potrancas de tres a\u00f1os que no hayan ganado 8.000 euros. Casi esa cantidad fue el premio que ganara esta hija de <strong>\u201cCanford Cliffs\u201d<\/strong> en su fant\u00e1stica presentaci\u00f3n all\u00e1 por el mes de noviembre y, que nos hiciera so\u00f1ar en entrar en ese \u00abolimpo\u00bb con acceso sumamente restringido. R\u00e1pidamente se disip\u00f3 el sue\u00f1o con su primera carrera a tres a\u00f1os donde estuvo realmente plana y ap\u00e1tica, muy lejos de ese primer valor y sin apenas querer competir. Enorme decepci\u00f3n que se repiti\u00f3 en la Poule de Potrancas sin ninguna opci\u00f3n, y dejando constatado que no era su intenci\u00f3n tampoco seguir compitiendo en esa carrera. Algo mejor, pero tambi\u00e9n est\u00e9ril fue su tercera del a\u00f1o en el Premio \u201cNouvel An\u201d con un ligero aumento de la distancia, pero tambi\u00e9n muy lejos de esa calidad demostrada en su debut. Expulsados de la antesala de aquel fastuoso \u00abOlimpo\u00bb donde apenas estuvimos un par de meses rodeados de blancos\u00a0 e inmaculados corceles y enormes platos de gloria, desdicha y ambici\u00f3n, decidimos enjuagar nuestro orgullo y regresar de nuevo al camino terrenal reenganchando en este premio, con esa distancia que desde el primer d\u00eda pareci\u00f3 pedirnos, y en una pista blanda mucho m\u00e1s a su gusto, como as\u00ed nos demostrara en su debut.<\/p>\n<p style=\"text-align: justify;\">Bajamos considerablemente el nivel que se le atragant\u00f3 en este inicio de su edad cl\u00e1sica y creemos que el reenganche bien merece una vuelta a su mejor condici\u00f3n. Muy confiados, vemos buenas opciones en este nuevo debut en pista, siempre y cuando su actitud esta vez sea mucho m\u00e1s positiva. Es evidente que desconocemos su adaptaci\u00f3n al particular trazado donostiarra a mano contraria a la que hasta ahora ha corrido, pero ese es un h\u00e1ndicap equivalente pr\u00e1cticamente para todos, y no nos preocupa en exceso. Algo m\u00e1s nos preocupa el estado de la pista que necesitamos lo m\u00e1s blanda posible. La previsi\u00f3n de lluvia se mantiene para todo el d\u00eda de ma\u00f1ana y esto dejar\u00e1 la pista m\u00e1s a su gusto. Si algo tenemos claro es que la yegua en sus tres carreras de Madrid con una pista firme no ha querido saber absolutamente nada. Si tenemos en cuenta que su debut fue en una pista embarrada y que fue capaz de batir a un magn\u00edfico plantel de la generaci\u00f3n 2016, el silogismo nos indica que la yegua deber\u00eda resurgir de sus cenizas sobre una pista blanda y alargando esa distancia de la milla donde nunca ha estado c\u00f3moda este a\u00f1o. El nivel del lote, a\u00fan con el m\u00e1ximo de los respetos que todos merecen, es considerablemente menor a sus anteriores enfrentamientos en \u201cPoule\u201d o \u201cNouvel An\u201d, y esto tambi\u00e9n es un claro s\u00edntoma de confianza. La carrera es casi perfecta para ella y aqu\u00ed no hay demasiada excusa para no estar luchando esa segunda victoria y salir definitivamente del pozo. Ya ha demostrado su calidad y tambi\u00e9n ha demostrado su tozudez, pero es hora de volver a revivir aquellos momentos en la antesala del Olimpo y comenzar de nuevo su ascenso. La yegua se emplea todas las semanas con buenos trabajos matinales, est\u00e1 con una forma excepcional, brillo en el pelo, lunares en el cuello, come como una lima\u2026. todo esto no tiene sentido que no se traduzca en carrera.<br \/>\nIgnacio Melgarejo se vuelve a subir en ella y, en esta carrera de condici\u00f3n, nos aprovechamos de ese descargo de 1,5 kilos que nos vendr\u00eda fant\u00e1sticamente bien en caso de lucha cerrada. Ser\u00e1 el primero en saber si la actitud de la yegua al salir a pista es positiva, o por el contrario vuelve a dar los mismos s\u00edntomas de apat\u00eda. En cuanto a las \u00f3rdenes, imaginamos que simular el recorrido que tuvo en el debut ser\u00eda lo m\u00e1s l\u00f3gico, pero \u00a0desconocemos finalmente lo que \u201cCerqueira\u201d pueda decidir.<\/p>\n<p style=\"text-align: justify;\">Poco m\u00e1s que decir\u2026. El reenganche tiene la firme intenci\u00f3n de salir de las tinieblas y luchar una carrera relativamente factible. Todo lo que no sea estar remunerado entre los cuatro primeros de la prueba ser\u00eda un varapalo con muy dif\u00edcil futuro.<br \/>\nMucha suerte equipo!!!<\/p>\n<hr \/>\n<p style=\"text-align: justify;\">\n<!-- AddThis Advanced Settings generic via filter on the_content --><!-- AddThis Share Buttons generic via filter on the_content -->","protected":false},"excerpt":{"rendered":"<p>Este pr\u00f3ximo mi\u00e9rcoles disputaremos la primera salida a pista del verano donostiarra 2019. Un a\u00f1o m\u00e1s, volvemos a estas frondosas tierras verdes del norte para volver a competir en uno de los hip\u00f3dromos talismanes que m\u00e1s alegr\u00edas y satisfacciones nos ha obsequiado a lo largo de nuestra historia. Ser\u00e1 la primera salida donostiarra para \u201cDanubian [&hellip;]<!-- AddThis Advanced Settings generic via filter on get_the_excerpt --><!-- AddThis Share Buttons generic via filter on get_the_excerpt --><\/p>\n","protected":false},"author":5,"featured_media":6391,"comment_status":"closed","ping_status":"closed","sticky":false,"template":"","format":"standard","meta":{"_acf_changed":false,"_et_pb_use_builder":"","_et_pb_old_content":"","_et_gb_content_width":"","footnotes":""},"categories":[3],"tags":[],"class_list":["post-5068","post","type-post","status-publish","format-standard","has-post-thumbnail","hentry","category-noticias-cuadra-agrado"],"acf":[],"yoast_head":"<!-- This site is optimized with the Yoast SEO plugin v27.4 - https:\/\/yoast.com\/product\/yoast-seo-wordpress\/ -->\n<title>Danubian Blue se reengancha a la competici\u00f3n en Lasarte - Cuadra Agrado<\/title>\n<meta name=\"robots\" content=\"index, follow, max-snippet:-1, max-image-preview:large, max-video-preview:-1\" \/>\n<link rel=\"canonical\" href=\"https:\/\/cuadra-agrado.es\/?p=5068\" \/>\n<meta property=\"og:locale\" content=\"es_ES\" \/>\n<meta property=\"og:type\" content=\"article\" \/>\n<meta property=\"og:title\" content=\"Danubian Blue se reengancha a la competici\u00f3n en Lasarte - Cuadra Agrado\" \/>\n<meta property=\"og:description\" content=\"Este pr\u00f3ximo mi\u00e9rcoles disputaremos la primera salida a pista del verano donostiarra 2019. Un a\u00f1o m\u00e1s, volvemos a estas frondosas tierras verdes del norte para volver a competir en uno de los hip\u00f3dromos talismanes que m\u00e1s alegr\u00edas y satisfacciones nos ha obsequiado a lo largo de nuestra historia. Ser\u00e1 la primera salida donostiarra para \u201cDanubian [&hellip;]\" \/>\n<meta property=\"og:url\" content=\"https:\/\/cuadra-agrado.es\/?p=5068\" \/>\n<meta property=\"og:site_name\" content=\"Cuadra Agrado\" \/>\n<meta property=\"article:published_time\" content=\"2019-06-10T09:50:55+00:00\" \/>\n<meta property=\"article:modified_time\" content=\"2024-02-27T09:15:15+00:00\" \/>\n<meta property=\"og:image\" content=\"https:\/\/cuadra-agrado.es\/wp-content\/uploads\/2019\/06\/Danubian-Blue-02.12.18.-Foto-DC-PRO-scaled-1.jpg\" \/>\n\t<meta property=\"og:image:width\" content=\"2560\" \/>\n\t<meta property=\"og:image:height\" content=\"1884\" \/>\n\t<meta property=\"og:image:type\" content=\"image\/jpeg\" \/>\n<meta name=\"author\" content=\"Miguel Redondo\" \/>\n<meta name=\"twitter:card\" content=\"summary_large_image\" \/>\n<meta name=\"twitter:creator\" content=\"@AGRADOracing\" \/>\n<meta name=\"twitter:site\" content=\"@AGRADOracing\" \/>\n<meta name=\"twitter:label1\" content=\"Escrito por\" \/>\n\t<meta name=\"twitter:data1\" content=\"Miguel Redondo\" \/>\n\t<meta name=\"twitter:label2\" content=\"Tiempo de lectura\" \/>\n\t<meta name=\"twitter:data2\" content=\"4 minutos\" \/>\n<script type=\"application\/ld+json\" class=\"yoast-schema-graph\">{\"@context\":\"https:\\\/\\\/schema.org\",\"@graph\":[{\"@type\":\"Article\",\"@id\":\"https:\\\/\\\/cuadra-agrado.es\\\/?p=5068#article\",\"isPartOf\":{\"@id\":\"https:\\\/\\\/cuadra-agrado.es\\\/?p=5068\"},\"author\":{\"name\":\"Miguel Redondo\",\"@id\":\"https:\\\/\\\/cuadra-agrado.es\\\/#\\\/schema\\\/person\\\/3aa4f8d2373cf756d93a5526bc72f31b\"},\"headline\":\"Danubian Blue se reengancha a la competici\u00f3n en Lasarte\",\"datePublished\":\"2019-06-10T09:50:55+00:00\",\"dateModified\":\"2024-02-27T09:15:15+00:00\",\"mainEntityOfPage\":{\"@id\":\"https:\\\/\\\/cuadra-agrado.es\\\/?p=5068\"},\"wordCount\":850,\"image\":{\"@id\":\"https:\\\/\\\/cuadra-agrado.es\\\/?p=5068#primaryimage\"},\"thumbnailUrl\":\"https:\\\/\\\/cuadra-agrado.es\\\/wp-content\\\/uploads\\\/2019\\\/06\\\/Danubian-Blue-02.12.18.-Foto-DC-PRO-scaled-1.jpg\",\"articleSection\":[\"Actualidad\"],\"inLanguage\":\"es\"},{\"@type\":\"WebPage\",\"@id\":\"https:\\\/\\\/cuadra-agrado.es\\\/?p=5068\",\"url\":\"https:\\\/\\\/cuadra-agrado.es\\\/?p=5068\",\"name\":\"Danubian Blue se reengancha a la competici\u00f3n en Lasarte - Cuadra Agrado\",\"isPartOf\":{\"@id\":\"https:\\\/\\\/cuadra-agrado.es\\\/#website\"},\"primaryImageOfPage\":{\"@id\":\"https:\\\/\\\/cuadra-agrado.es\\\/?p=5068#primaryimage\"},\"image\":{\"@id\":\"https:\\\/\\\/cuadra-agrado.es\\\/?p=5068#primaryimage\"},\"thumbnailUrl\":\"https:\\\/\\\/cuadra-agrado.es\\\/wp-content\\\/uploads\\\/2019\\\/06\\\/Danubian-Blue-02.12.18.-Foto-DC-PRO-scaled-1.jpg\",\"datePublished\":\"2019-06-10T09:50:55+00:00\",\"dateModified\":\"2024-02-27T09:15:15+00:00\",\"author\":{\"@id\":\"https:\\\/\\\/cuadra-agrado.es\\\/#\\\/schema\\\/person\\\/3aa4f8d2373cf756d93a5526bc72f31b\"},\"breadcrumb\":{\"@id\":\"https:\\\/\\\/cuadra-agrado.es\\\/?p=5068#breadcrumb\"},\"inLanguage\":\"es\",\"potentialAction\":[{\"@type\":\"ReadAction\",\"target\":[\"https:\\\/\\\/cuadra-agrado.es\\\/?p=5068\"]}]},{\"@type\":\"ImageObject\",\"inLanguage\":\"es\",\"@id\":\"https:\\\/\\\/cuadra-agrado.es\\\/?p=5068#primaryimage\",\"url\":\"https:\\\/\\\/cuadra-agrado.es\\\/wp-content\\\/uploads\\\/2019\\\/06\\\/Danubian-Blue-02.12.18.-Foto-DC-PRO-scaled-1.jpg\",\"contentUrl\":\"https:\\\/\\\/cuadra-agrado.es\\\/wp-content\\\/uploads\\\/2019\\\/06\\\/Danubian-Blue-02.12.18.-Foto-DC-PRO-scaled-1.jpg\",\"width\":2560,\"height\":1884},{\"@type\":\"BreadcrumbList\",\"@id\":\"https:\\\/\\\/cuadra-agrado.es\\\/?p=5068#breadcrumb\",\"itemListElement\":[{\"@type\":\"ListItem\",\"position\":1,\"name\":\"Portada\",\"item\":\"https:\\\/\\\/cuadra-agrado.es\\\/\"},{\"@type\":\"ListItem\",\"position\":2,\"name\":\"Danubian Blue se reengancha a la competici\u00f3n en Lasarte\"}]},{\"@type\":\"WebSite\",\"@id\":\"https:\\\/\\\/cuadra-agrado.es\\\/#website\",\"url\":\"https:\\\/\\\/cuadra-agrado.es\\\/\",\"name\":\"Cuadra Agrado\",\"description\":\"En el mundo del Turf desde 2008\",\"potentialAction\":[{\"@type\":\"SearchAction\",\"target\":{\"@type\":\"EntryPoint\",\"urlTemplate\":\"https:\\\/\\\/cuadra-agrado.es\\\/?s={search_term_string}\"},\"query-input\":{\"@type\":\"PropertyValueSpecification\",\"valueRequired\":true,\"valueName\":\"search_term_string\"}}],\"inLanguage\":\"es\"},{\"@type\":\"Person\",\"@id\":\"https:\\\/\\\/cuadra-agrado.es\\\/#\\\/schema\\\/person\\\/3aa4f8d2373cf756d93a5526bc72f31b\",\"name\":\"Miguel Redondo\",\"image\":{\"@type\":\"ImageObject\",\"inLanguage\":\"es\",\"@id\":\"https:\\\/\\\/secure.gravatar.com\\\/avatar\\\/85704fceb4fa34017e3c1344d182da00dbf772fb8856ba2b7726a2df926415b4?s=96&d=mm&r=g\",\"url\":\"https:\\\/\\\/secure.gravatar.com\\\/avatar\\\/85704fceb4fa34017e3c1344d182da00dbf772fb8856ba2b7726a2df926415b4?s=96&d=mm&r=g\",\"contentUrl\":\"https:\\\/\\\/secure.gravatar.com\\\/avatar\\\/85704fceb4fa34017e3c1344d182da00dbf772fb8856ba2b7726a2df926415b4?s=96&d=mm&r=g\",\"caption\":\"Miguel Redondo\"},\"sameAs\":[\"https:\\\/\\\/cuadra-agrado.es\"],\"url\":\"https:\\\/\\\/cuadra-agrado.es\\\/?author=5\"}]}<\/script>\n<!-- \/ Yoast SEO plugin. -->","yoast_head_json":{"title":"Danubian Blue se reengancha a la competici\u00f3n en Lasarte - Cuadra Agrado","robots":{"index":"index","follow":"follow","max-snippet":"max-snippet:-1","max-image-preview":"max-image-preview:large","max-video-preview":"max-video-preview:-1"},"canonical":"https:\/\/cuadra-agrado.es\/?p=5068","og_locale":"es_ES","og_type":"article","og_title":"Danubian Blue se reengancha a la competici\u00f3n en Lasarte - Cuadra Agrado","og_description":"Este pr\u00f3ximo mi\u00e9rcoles disputaremos la primera salida a pista del verano donostiarra 2019. Un a\u00f1o m\u00e1s, volvemos a estas frondosas tierras verdes del norte para volver a competir en uno de los hip\u00f3dromos talismanes que m\u00e1s alegr\u00edas y satisfacciones nos ha obsequiado a lo largo de nuestra historia. Ser\u00e1 la primera salida donostiarra para \u201cDanubian [&hellip;]","og_url":"https:\/\/cuadra-agrado.es\/?p=5068","og_site_name":"Cuadra Agrado","article_published_time":"2019-06-10T09:50:55+00:00","article_modified_time":"2024-02-27T09:15:15+00:00","og_image":[{"width":2560,"height":1884,"url":"https:\/\/cuadra-agrado.es\/wp-content\/uploads\/2019\/06\/Danubian-Blue-02.12.18.-Foto-DC-PRO-scaled-1.jpg","type":"image\/jpeg"}],"author":"Miguel Redondo","twitter_card":"summary_large_image","twitter_creator":"@AGRADOracing","twitter_site":"@AGRADOracing","twitter_misc":{"Escrito por":"Miguel Redondo","Tiempo de lectura":"4 minutos"},"schema":{"@context":"https:\/\/schema.org","@graph":[{"@type":"Article","@id":"https:\/\/cuadra-agrado.es\/?p=5068#article","isPartOf":{"@id":"https:\/\/cuadra-agrado.es\/?p=5068"},"author":{"name":"Miguel Redondo","@id":"https:\/\/cuadra-agrado.es\/#\/schema\/person\/3aa4f8d2373cf756d93a5526bc72f31b"},"headline":"Danubian Blue se reengancha a la competici\u00f3n en Lasarte","datePublished":"2019-06-10T09:50:55+00:00","dateModified":"2024-02-27T09:15:15+00:00","mainEntityOfPage":{"@id":"https:\/\/cuadra-agrado.es\/?p=5068"},"wordCount":850,"image":{"@id":"https:\/\/cuadra-agrado.es\/?p=5068#primaryimage"},"thumbnailUrl":"https:\/\/cuadra-agrado.es\/wp-content\/uploads\/2019\/06\/Danubian-Blue-02.12.18.-Foto-DC-PRO-scaled-1.jpg","articleSection":["Actualidad"],"inLanguage":"es"},{"@type":"WebPage","@id":"https:\/\/cuadra-agrado.es\/?p=5068","url":"https:\/\/cuadra-agrado.es\/?p=5068","name":"Danubian Blue se reengancha a la competici\u00f3n en Lasarte - Cuadra Agrado","isPartOf":{"@id":"https:\/\/cuadra-agrado.es\/#website"},"primaryImageOfPage":{"@id":"https:\/\/cuadra-agrado.es\/?p=5068#primaryimage"},"image":{"@id":"https:\/\/cuadra-agrado.es\/?p=5068#primaryimage"},"thumbnailUrl":"https:\/\/cuadra-agrado.es\/wp-content\/uploads\/2019\/06\/Danubian-Blue-02.12.18.-Foto-DC-PRO-scaled-1.jpg","datePublished":"2019-06-10T09:50:55+00:00","dateModified":"2024-02-27T09:15:15+00:00","author":{"@id":"https:\/\/cuadra-agrado.es\/#\/schema\/person\/3aa4f8d2373cf756d93a5526bc72f31b"},"breadcrumb":{"@id":"https:\/\/cuadra-agrado.es\/?p=5068#breadcrumb"},"inLanguage":"es","potentialAction":[{"@type":"ReadAction","target":["https:\/\/cuadra-agrado.es\/?p=5068"]}]},{"@type":"ImageObject","inLanguage":"es","@id":"https:\/\/cuadra-agrado.es\/?p=5068#primaryimage","url":"https:\/\/cuadra-agrado.es\/wp-content\/uploads\/2019\/06\/Danubian-Blue-02.12.18.-Foto-DC-PRO-scaled-1.jpg","contentUrl":"https:\/\/cuadra-agrado.es\/wp-content\/uploads\/2019\/06\/Danubian-Blue-02.12.18.-Foto-DC-PRO-scaled-1.jpg","width":2560,"height":1884},{"@type":"BreadcrumbList","@id":"https:\/\/cuadra-agrado.es\/?p=5068#breadcrumb","itemListElement":[{"@type":"ListItem","position":1,"name":"Portada","item":"https:\/\/cuadra-agrado.es\/"},{"@type":"ListItem","position":2,"name":"Danubian Blue se reengancha a la competici\u00f3n en Lasarte"}]},{"@type":"WebSite","@id":"https:\/\/cuadra-agrado.es\/#website","url":"https:\/\/cuadra-agrado.es\/","name":"Cuadra Agrado","description":"En el mundo del Turf desde 2008","potentialAction":[{"@type":"SearchAction","target":{"@type":"EntryPoint","urlTemplate":"https:\/\/cuadra-agrado.es\/?s={search_term_string}"},"query-input":{"@type":"PropertyValueSpecification","valueRequired":true,"valueName":"search_term_string"}}],"inLanguage":"es"},{"@type":"Person","@id":"https:\/\/cuadra-agrado.es\/#\/schema\/person\/3aa4f8d2373cf756d93a5526bc72f31b","name":"Miguel Redondo","image":{"@type":"ImageObject","inLanguage":"es","@id":"https:\/\/secure.gravatar.com\/avatar\/85704fceb4fa34017e3c1344d182da00dbf772fb8856ba2b7726a2df926415b4?s=96&d=mm&r=g","url":"https:\/\/secure.gravatar.com\/avatar\/85704fceb4fa34017e3c1344d182da00dbf772fb8856ba2b7726a2df926415b4?s=96&d=mm&r=g","contentUrl":"https:\/\/secure.gravatar.com\/avatar\/85704fceb4fa34017e3c1344d182da00dbf772fb8856ba2b7726a2df926415b4?s=96&d=mm&r=g","caption":"Miguel Redondo"},"sameAs":["https:\/\/cuadra-agrado.es"],"url":"https:\/\/cuadra-agrado.es\/?author=5"}]}},"_links":{"self":[{"href":"https:\/\/cuadra-agrado.es\/index.php?rest_route=\/wp\/v2\/posts\/5068","targetHints":{"allow":["GET"]}}],"collection":[{"href":"https:\/\/cuadra-agrado.es\/index.php?rest_route=\/wp\/v2\/posts"}],"about":[{"href":"https:\/\/cuadra-agrado.es\/index.php?rest_route=\/wp\/v2\/types\/post"}],"author":[{"embeddable":true,"href":"https:\/\/cuadra-agrado.es\/index.php?rest_route=\/wp\/v2\/users\/5"}],"replies":[{"embeddable":true,"href":"https:\/\/cuadra-agrado.es\/index.php?rest_route=%2Fwp%2Fv2%2Fcomments&post=5068"}],"version-history":[{"count":0,"href":"https:\/\/cuadra-agrado.es\/index.php?rest_route=\/wp\/v2\/posts\/5068\/revisions"}],"wp:featuredmedia":[{"embeddable":true,"href":"https:\/\/cuadra-agrado.es\/index.php?rest_route=\/wp\/v2\/media\/6391"}],"wp:attachment":[{"href":"https:\/\/cuadra-agrado.es\/index.php?rest_route=%2Fwp%2Fv2%2Fmedia&parent=5068"}],"wp:term":[{"taxonomy":"category","embeddable":true,"href":"https:\/\/cuadra-agrado.es\/index.php?rest_route=%2Fwp%2Fv2%2Fcategories&post=5068"},{"taxonomy":"post_tag","embeddable":true,"href":"https:\/\/cuadra-agrado.es\/index.php?rest_route=%2Fwp%2Fv2%2Ftags&post=5068"}],"curies":[{"name":"wp","href":"https:\/\/api.w.org\/{rel}","templated":true}]}}