{"id":5020,"date":"2019-05-28T09:17:26","date_gmt":"2019-05-28T08:17:26","guid":{"rendered":"https:\/\/cuadra-agrado.es\/?p=5020"},"modified":"2024-02-27T09:15:15","modified_gmt":"2024-02-27T09:15:15","slug":"powerfull-sole-presentacion-madrid","status":"publish","type":"post","link":"https:\/\/cuadra-agrado.es\/?p=5020","title":{"rendered":"\u00abPowerful Sole\u00bb hace su presentaci\u00f3n en Madrid"},"content":{"rendered":"<p style=\"text-align: justify;\">En el d\u00eda de hoy ha quedado confirmado el partant definitivo de la pr\u00f3xima jornada de primavera en Hip\u00f3dromo de la Zarzuela, donde se estrenar\u00e1 bajo nuestros colores el ingl\u00e9s <strong>\u201cPowerful Sole\u201d,<\/strong> en el premio Satr\u00fastegui, como preparatoria al GP Carudel para los de edad cl\u00e1sica. Ser\u00e1 la presentaci\u00f3n en nuestro pa\u00eds de este hijo de <strong>\u201cSir Percy\u201d<\/strong> adquirido finalmente en reclamar franc\u00e9s el pasado mes de abril en Chantilly, tras un sigiloso seguimiento por nuestra parte desde comienzos de a\u00f1o. Una vez aclimatado a su nueva casa dentro del patio de Juan Luis Maroto, es hora de verle debutar en la pista madrile\u00f1a y que nos ofrezca un primer atisbo de la calidad demostrada en el exigente turf franc\u00e9s, donde fue doble ganador, y 5 veces colocado, llegando a alcanzar un valor FR38. Es el cuarto y \u00faltimo producto de <strong>\u201cPipper\u00b4s\u00a0 Ash\u201d<\/strong> por <strong>\u201cRoyal Academy\u201d,<\/strong> que sin duda es la l\u00ednea USA causante de ese origen puro \u201cflyer\u201d. Su hermano, y \u00fanico corredor de la familia <strong>\u201cHaftohaf\u201d<\/strong> lleg\u00f3 a dar un valor FR46 y fue doble colocado de listed, llegando a ganar tambi\u00e9n puntualmente sobre la distancia de 1.500 metros, aunque su horquilla de competici\u00f3n se asemejaba mucho m\u00e1s a la de <strong>\u201cPowerful\u201d<\/strong> en metraje entre 1.000 y 1.300 metros sobre l\u00ednea recta.<\/p>\n<p style=\"text-align: justify;\">Ser\u00e1 en la sexta y \u00faltima carrera de la jornada (14:25 h) de este pr\u00f3ximo domingo cuando se presentar\u00e1 en el paddock madrile\u00f1o este GB con un f\u00edsico no demasiado considerable pero muy compacto, muy propio de los sprinters por naturaleza. Quiz\u00e1s en el paddock no llame demasiado la atenci\u00f3n como esperamos que posteriormente lo haga en carrera, donde confiamos volver a ver esa preciosa acci\u00f3n en su galope a ras de suelo y, sobre todo, un especial y poderoso cambio de ritmo en es \u00faltimo furlon, que sin duda, fue la principal virtud que nos empuj\u00f3 a confiar en su adquisici\u00f3n. Sus \u00faltimos trabajos en claro y notorio ascenso desde su llegada a Madrid han gustado mucho al \u201cprepa\u201d y, aunque su estreno va a coincidir con una importante previa a todo un Gran Premio con buenos potros de la edad cl\u00e1sica, vamos con muy buenas sensaciones para emprender un buen debut, y como siempre, con las opciones de presentar las m\u00e1ximas credenciales. Ma\u00f1ana tendr\u00e1 su \u00faltimo trabajo fuerte antes de su debut en la pista madrile\u00f1a y, confiamos tener las mismas buenas sensaciones que en sus anteriores para seguir manteniendo esa confianza. No est\u00e1 matriculado en el \u201cCarudel\u201d y tampoco tenemos intenci\u00f3n de estar en ese prestigioso partant, siendo nuestra \u00fanica intenci\u00f3n y objetivo en esta preparatoria tan solo constatar el buen nivel que dej\u00f3 entrever en Francia, y dar comienzo a su carrera en competici\u00f3n bajo nuestros colores. Los 1.500 metros de la prueba quiz\u00e1s puedan quedar un poco largos a tenor de lo que habitualmente ha estado corriendo en Francia en distancia corta, y casi siempre en l\u00ednea recta, pero a estas alturas de la temporada, no hay opciones en el calendario en su metraje ideal, y tampoco queremos enfrentarlo a los viejos sprinters experimentados tan pronto, como podr\u00eda haber sido el Premio Urquijo como \u00fanica opci\u00f3n a la vista. Aunque ha demostrado su mayor valor en pruebas entre 1.200 y 1.300 metros, creemos que su padre, ganador del Derby de Epson 2006, bien podr\u00eda darle ese peque\u00f1o plus de metraje como para abordar esta milla escasa del \u201cSatr\u00fastegui\u201d, manteniendo m\u00ednimamente su valor actual. Sus trabajos matinales han constatado este hecho, que sin duda nos ofrece las garant\u00edas suficientes para competir en este nuevo metraje para \u00e9l. En cualquier caso, es una primera toma de contacto y, a partir de aqu\u00ed, todo su futuro ir\u00e1 encaminado a emular a aquel <strong>\u201cValiant Blue\u201d <\/strong>que tantas alegr\u00edas nos diera en la l\u00ednea recta madrile\u00f1a.<\/p>\n<p style=\"text-align: justify;\">Seis machos ser\u00e1n finalmente los rivales de <strong>\u201cPowerful\u201d <\/strong>en esta primera cita tras la retirada de<strong> \u00abSIr Roque\u00bb<\/strong> que se reengancha al Derby, y entre ellos, cabe destacar a dos que llegan a esta prueba con el cuchillo afilado para tentar una hipot\u00e9tica final en el \u201cCarudel\u201d y medirse contra los viejos. Son el caso de <strong>\u201cResac\u00f3n\u201d,<\/strong> ganador del Torre Arias y digno tercero de la poule, donde a estas alturas del a\u00f1o se le atribuye un valor 41, y sobre todo el compa\u00f1ero de patio <strong>\u201cNapanook\u201d,<\/strong> que en sus tres actuaciones en Madrid este a\u00f1o (Savater, Torre Arias y Poule) ha tenido la insolencia de no caerse de la gemela, y eso para nuestros handicapers significa un valor 42. Estos dos enormes ejemplares, junto a <strong>\u201cGueraty\u201d<\/strong> que marcha por la v\u00eda de la distancia y que disputar\u00e1 tambi\u00e9n este domingo el Derby espa\u00f1ol, son los tres valores m\u00e1s altos de nuestro turf en edad cl\u00e1sica. Del resto del lote, todos con m\u00e1s o menos opciones, aunque siempre en un escal\u00f3n inferior a estos dos firmes candidatos. Es una previa de nivel y ser\u00eda tremendamente insensato tachar a cualquiera de los siete potros que en esta prueba representar\u00e1n a la edad cl\u00e1sica millera de esta primera parte del a\u00f1o.<\/p>\n<p style=\"text-align: justify;\">Por lo que respecta \u00fanicamente a nosotros, a pesar de la dificultad de la carrera, buenas sensaciones para este nuevo efectivo que presentamos ante la afici\u00f3n. La racha para nuestros colores no es precisamente buena, pero el ciclo tarde o temprano cambiar\u00e1 de signo, y este podr\u00eda ser un buen momento para hacerlo. <strong>\u201cPowerful\u201d<\/strong> ser\u00e1 conducido por nuestro jockey <em>\u201cIgnacio Melgarejo\u201d<\/em> que partir\u00e1 desde el caj\u00f3n 2 y al que seguramente tendr\u00e1 que tapar durante gran parte del recorrido a la espera de lanzarlo y exigirle ese cambio de ritmo en el poste de los 300, a ser posible, por carriles exteriores. El joven Jockey viene de un fant\u00e1stico pleno y doblete en la jornada anterior. Esto sin duda le hace llegar con la confianza de 10 puntos, y esto tambi\u00e9n es una buena se\u00f1al a favor de nuestras opciones. Tendr\u00e1 una primera sensaci\u00f3n del potro este pr\u00f3ximo s\u00e1bado en un trabajo suave de estiramiento donde quedar\u00e1 listo para su debut el domingo. Por supuesto, le deseamos que siga la racha de victorias y siga escalando en su progresi\u00f3n como profesional junto a nosotros.<\/p>\n<p style=\"text-align: justify;\">No hay mucho m\u00e1s que decir\u2026. Es hora de cambiar este ciclo negativo que nos tiene inmersos en un peque\u00f1o des\u00e1nimo durante gran parte de esta primavera, y confiamos que esta nueva ilusi\u00f3n llamado <strong>\u201cPowerful Sole\u201d<\/strong> se encargue de hacerlo realidad, o al menos sea punto de inflexi\u00f3n en el cambio de ciclo.<br \/>\nMucha suerte equipo!!!<\/p>\n<hr \/>\n<p style=\"text-align: justify;\">\n<!-- AddThis Advanced Settings generic via filter on the_content --><!-- AddThis Share Buttons generic via filter on the_content -->","protected":false},"excerpt":{"rendered":"<p>En el d\u00eda de hoy ha quedado confirmado el partant definitivo de la pr\u00f3xima jornada de primavera en Hip\u00f3dromo de la Zarzuela, donde se estrenar\u00e1 bajo nuestros colores el ingl\u00e9s \u201cPowerful Sole\u201d, en el premio Satr\u00fastegui, como preparatoria al GP Carudel para los de edad cl\u00e1sica. Ser\u00e1 la presentaci\u00f3n en nuestro pa\u00eds de este hijo [&hellip;]<!-- AddThis Advanced Settings generic via filter on get_the_excerpt --><!-- AddThis Share Buttons generic via filter on get_the_excerpt --><\/p>\n","protected":false},"author":5,"featured_media":6394,"comment_status":"closed","ping_status":"closed","sticky":false,"template":"","format":"standard","meta":{"_acf_changed":false,"_et_pb_use_builder":"","_et_pb_old_content":"","_et_gb_content_width":"","footnotes":""},"categories":[3],"tags":[],"class_list":["post-5020","post","type-post","status-publish","format-standard","has-post-thumbnail","hentry","category-noticias-cuadra-agrado"],"acf":[],"yoast_head":"<!-- This site is optimized with the Yoast SEO plugin v27.4 - https:\/\/yoast.com\/product\/yoast-seo-wordpress\/ -->\n<title>&quot;Powerful Sole&quot; hace su presentaci\u00f3n en Madrid - Cuadra Agrado<\/title>\n<meta name=\"robots\" content=\"index, follow, max-snippet:-1, max-image-preview:large, max-video-preview:-1\" \/>\n<link rel=\"canonical\" href=\"https:\/\/cuadra-agrado.es\/?p=5020\" \/>\n<meta property=\"og:locale\" content=\"es_ES\" \/>\n<meta property=\"og:type\" content=\"article\" \/>\n<meta property=\"og:title\" content=\"&quot;Powerful Sole&quot; hace su presentaci\u00f3n en Madrid - Cuadra Agrado\" \/>\n<meta property=\"og:description\" content=\"En el d\u00eda de hoy ha quedado confirmado el partant definitivo de la pr\u00f3xima jornada de primavera en Hip\u00f3dromo de la Zarzuela, donde se estrenar\u00e1 bajo nuestros colores el ingl\u00e9s \u201cPowerful Sole\u201d, en el premio Satr\u00fastegui, como preparatoria al GP Carudel para los de edad cl\u00e1sica. Ser\u00e1 la presentaci\u00f3n en nuestro pa\u00eds de este hijo [&hellip;]\" \/>\n<meta property=\"og:url\" content=\"https:\/\/cuadra-agrado.es\/?p=5020\" \/>\n<meta property=\"og:site_name\" content=\"Cuadra Agrado\" \/>\n<meta property=\"article:published_time\" content=\"2019-05-28T08:17:26+00:00\" \/>\n<meta property=\"article:modified_time\" content=\"2024-02-27T09:15:15+00:00\" \/>\n<meta property=\"og:image\" content=\"https:\/\/cuadra-agrado.es\/wp-content\/uploads\/2019\/05\/powerful-sole-1-1.jpg\" \/>\n\t<meta property=\"og:image:width\" content=\"1332\" \/>\n\t<meta property=\"og:image:height\" content=\"1013\" \/>\n\t<meta property=\"og:image:type\" content=\"image\/jpeg\" \/>\n<meta name=\"author\" content=\"Miguel Redondo\" \/>\n<meta name=\"twitter:card\" content=\"summary_large_image\" \/>\n<meta name=\"twitter:creator\" content=\"@AGRADOracing\" \/>\n<meta name=\"twitter:site\" content=\"@AGRADOracing\" \/>\n<meta name=\"twitter:label1\" content=\"Escrito por\" \/>\n\t<meta name=\"twitter:data1\" content=\"Miguel Redondo\" \/>\n\t<meta name=\"twitter:label2\" content=\"Tiempo de lectura\" \/>\n\t<meta name=\"twitter:data2\" content=\"6 minutos\" \/>\n<script type=\"application\/ld+json\" class=\"yoast-schema-graph\">{\"@context\":\"https:\\\/\\\/schema.org\",\"@graph\":[{\"@type\":\"Article\",\"@id\":\"https:\\\/\\\/cuadra-agrado.es\\\/?p=5020#article\",\"isPartOf\":{\"@id\":\"https:\\\/\\\/cuadra-agrado.es\\\/?p=5020\"},\"author\":{\"name\":\"Miguel Redondo\",\"@id\":\"https:\\\/\\\/cuadra-agrado.es\\\/#\\\/schema\\\/person\\\/3aa4f8d2373cf756d93a5526bc72f31b\"},\"headline\":\"\u00abPowerful Sole\u00bb hace su presentaci\u00f3n en Madrid\",\"datePublished\":\"2019-05-28T08:17:26+00:00\",\"dateModified\":\"2024-02-27T09:15:15+00:00\",\"mainEntityOfPage\":{\"@id\":\"https:\\\/\\\/cuadra-agrado.es\\\/?p=5020\"},\"wordCount\":1149,\"image\":{\"@id\":\"https:\\\/\\\/cuadra-agrado.es\\\/?p=5020#primaryimage\"},\"thumbnailUrl\":\"https:\\\/\\\/cuadra-agrado.es\\\/wp-content\\\/uploads\\\/2019\\\/05\\\/powerful-sole-1-1.jpg\",\"articleSection\":[\"Actualidad\"],\"inLanguage\":\"es\"},{\"@type\":\"WebPage\",\"@id\":\"https:\\\/\\\/cuadra-agrado.es\\\/?p=5020\",\"url\":\"https:\\\/\\\/cuadra-agrado.es\\\/?p=5020\",\"name\":\"\\\"Powerful Sole\\\" hace su presentaci\u00f3n en Madrid - Cuadra Agrado\",\"isPartOf\":{\"@id\":\"https:\\\/\\\/cuadra-agrado.es\\\/#website\"},\"primaryImageOfPage\":{\"@id\":\"https:\\\/\\\/cuadra-agrado.es\\\/?p=5020#primaryimage\"},\"image\":{\"@id\":\"https:\\\/\\\/cuadra-agrado.es\\\/?p=5020#primaryimage\"},\"thumbnailUrl\":\"https:\\\/\\\/cuadra-agrado.es\\\/wp-content\\\/uploads\\\/2019\\\/05\\\/powerful-sole-1-1.jpg\",\"datePublished\":\"2019-05-28T08:17:26+00:00\",\"dateModified\":\"2024-02-27T09:15:15+00:00\",\"author\":{\"@id\":\"https:\\\/\\\/cuadra-agrado.es\\\/#\\\/schema\\\/person\\\/3aa4f8d2373cf756d93a5526bc72f31b\"},\"breadcrumb\":{\"@id\":\"https:\\\/\\\/cuadra-agrado.es\\\/?p=5020#breadcrumb\"},\"inLanguage\":\"es\",\"potentialAction\":[{\"@type\":\"ReadAction\",\"target\":[\"https:\\\/\\\/cuadra-agrado.es\\\/?p=5020\"]}]},{\"@type\":\"ImageObject\",\"inLanguage\":\"es\",\"@id\":\"https:\\\/\\\/cuadra-agrado.es\\\/?p=5020#primaryimage\",\"url\":\"https:\\\/\\\/cuadra-agrado.es\\\/wp-content\\\/uploads\\\/2019\\\/05\\\/powerful-sole-1-1.jpg\",\"contentUrl\":\"https:\\\/\\\/cuadra-agrado.es\\\/wp-content\\\/uploads\\\/2019\\\/05\\\/powerful-sole-1-1.jpg\",\"width\":1332,\"height\":1013},{\"@type\":\"BreadcrumbList\",\"@id\":\"https:\\\/\\\/cuadra-agrado.es\\\/?p=5020#breadcrumb\",\"itemListElement\":[{\"@type\":\"ListItem\",\"position\":1,\"name\":\"Portada\",\"item\":\"https:\\\/\\\/cuadra-agrado.es\\\/\"},{\"@type\":\"ListItem\",\"position\":2,\"name\":\"\u00abPowerful Sole\u00bb hace su presentaci\u00f3n en Madrid\"}]},{\"@type\":\"WebSite\",\"@id\":\"https:\\\/\\\/cuadra-agrado.es\\\/#website\",\"url\":\"https:\\\/\\\/cuadra-agrado.es\\\/\",\"name\":\"Cuadra Agrado\",\"description\":\"En el mundo del Turf desde 2008\",\"potentialAction\":[{\"@type\":\"SearchAction\",\"target\":{\"@type\":\"EntryPoint\",\"urlTemplate\":\"https:\\\/\\\/cuadra-agrado.es\\\/?s={search_term_string}\"},\"query-input\":{\"@type\":\"PropertyValueSpecification\",\"valueRequired\":true,\"valueName\":\"search_term_string\"}}],\"inLanguage\":\"es\"},{\"@type\":\"Person\",\"@id\":\"https:\\\/\\\/cuadra-agrado.es\\\/#\\\/schema\\\/person\\\/3aa4f8d2373cf756d93a5526bc72f31b\",\"name\":\"Miguel Redondo\",\"image\":{\"@type\":\"ImageObject\",\"inLanguage\":\"es\",\"@id\":\"https:\\\/\\\/secure.gravatar.com\\\/avatar\\\/85704fceb4fa34017e3c1344d182da00dbf772fb8856ba2b7726a2df926415b4?s=96&d=mm&r=g\",\"url\":\"https:\\\/\\\/secure.gravatar.com\\\/avatar\\\/85704fceb4fa34017e3c1344d182da00dbf772fb8856ba2b7726a2df926415b4?s=96&d=mm&r=g\",\"contentUrl\":\"https:\\\/\\\/secure.gravatar.com\\\/avatar\\\/85704fceb4fa34017e3c1344d182da00dbf772fb8856ba2b7726a2df926415b4?s=96&d=mm&r=g\",\"caption\":\"Miguel Redondo\"},\"sameAs\":[\"https:\\\/\\\/cuadra-agrado.es\"],\"url\":\"https:\\\/\\\/cuadra-agrado.es\\\/?author=5\"}]}<\/script>\n<!-- \/ Yoast SEO plugin. -->","yoast_head_json":{"title":"\"Powerful Sole\" hace su presentaci\u00f3n en Madrid - Cuadra Agrado","robots":{"index":"index","follow":"follow","max-snippet":"max-snippet:-1","max-image-preview":"max-image-preview:large","max-video-preview":"max-video-preview:-1"},"canonical":"https:\/\/cuadra-agrado.es\/?p=5020","og_locale":"es_ES","og_type":"article","og_title":"\"Powerful Sole\" hace su presentaci\u00f3n en Madrid - Cuadra Agrado","og_description":"En el d\u00eda de hoy ha quedado confirmado el partant definitivo de la pr\u00f3xima jornada de primavera en Hip\u00f3dromo de la Zarzuela, donde se estrenar\u00e1 bajo nuestros colores el ingl\u00e9s \u201cPowerful Sole\u201d, en el premio Satr\u00fastegui, como preparatoria al GP Carudel para los de edad cl\u00e1sica. Ser\u00e1 la presentaci\u00f3n en nuestro pa\u00eds de este hijo [&hellip;]","og_url":"https:\/\/cuadra-agrado.es\/?p=5020","og_site_name":"Cuadra Agrado","article_published_time":"2019-05-28T08:17:26+00:00","article_modified_time":"2024-02-27T09:15:15+00:00","og_image":[{"width":1332,"height":1013,"url":"https:\/\/cuadra-agrado.es\/wp-content\/uploads\/2019\/05\/powerful-sole-1-1.jpg","type":"image\/jpeg"}],"author":"Miguel Redondo","twitter_card":"summary_large_image","twitter_creator":"@AGRADOracing","twitter_site":"@AGRADOracing","twitter_misc":{"Escrito por":"Miguel Redondo","Tiempo de lectura":"6 minutos"},"schema":{"@context":"https:\/\/schema.org","@graph":[{"@type":"Article","@id":"https:\/\/cuadra-agrado.es\/?p=5020#article","isPartOf":{"@id":"https:\/\/cuadra-agrado.es\/?p=5020"},"author":{"name":"Miguel Redondo","@id":"https:\/\/cuadra-agrado.es\/#\/schema\/person\/3aa4f8d2373cf756d93a5526bc72f31b"},"headline":"\u00abPowerful Sole\u00bb hace su presentaci\u00f3n en Madrid","datePublished":"2019-05-28T08:17:26+00:00","dateModified":"2024-02-27T09:15:15+00:00","mainEntityOfPage":{"@id":"https:\/\/cuadra-agrado.es\/?p=5020"},"wordCount":1149,"image":{"@id":"https:\/\/cuadra-agrado.es\/?p=5020#primaryimage"},"thumbnailUrl":"https:\/\/cuadra-agrado.es\/wp-content\/uploads\/2019\/05\/powerful-sole-1-1.jpg","articleSection":["Actualidad"],"inLanguage":"es"},{"@type":"WebPage","@id":"https:\/\/cuadra-agrado.es\/?p=5020","url":"https:\/\/cuadra-agrado.es\/?p=5020","name":"\"Powerful Sole\" hace su presentaci\u00f3n en Madrid - Cuadra Agrado","isPartOf":{"@id":"https:\/\/cuadra-agrado.es\/#website"},"primaryImageOfPage":{"@id":"https:\/\/cuadra-agrado.es\/?p=5020#primaryimage"},"image":{"@id":"https:\/\/cuadra-agrado.es\/?p=5020#primaryimage"},"thumbnailUrl":"https:\/\/cuadra-agrado.es\/wp-content\/uploads\/2019\/05\/powerful-sole-1-1.jpg","datePublished":"2019-05-28T08:17:26+00:00","dateModified":"2024-02-27T09:15:15+00:00","author":{"@id":"https:\/\/cuadra-agrado.es\/#\/schema\/person\/3aa4f8d2373cf756d93a5526bc72f31b"},"breadcrumb":{"@id":"https:\/\/cuadra-agrado.es\/?p=5020#breadcrumb"},"inLanguage":"es","potentialAction":[{"@type":"ReadAction","target":["https:\/\/cuadra-agrado.es\/?p=5020"]}]},{"@type":"ImageObject","inLanguage":"es","@id":"https:\/\/cuadra-agrado.es\/?p=5020#primaryimage","url":"https:\/\/cuadra-agrado.es\/wp-content\/uploads\/2019\/05\/powerful-sole-1-1.jpg","contentUrl":"https:\/\/cuadra-agrado.es\/wp-content\/uploads\/2019\/05\/powerful-sole-1-1.jpg","width":1332,"height":1013},{"@type":"BreadcrumbList","@id":"https:\/\/cuadra-agrado.es\/?p=5020#breadcrumb","itemListElement":[{"@type":"ListItem","position":1,"name":"Portada","item":"https:\/\/cuadra-agrado.es\/"},{"@type":"ListItem","position":2,"name":"\u00abPowerful Sole\u00bb hace su presentaci\u00f3n en Madrid"}]},{"@type":"WebSite","@id":"https:\/\/cuadra-agrado.es\/#website","url":"https:\/\/cuadra-agrado.es\/","name":"Cuadra Agrado","description":"En el mundo del Turf desde 2008","potentialAction":[{"@type":"SearchAction","target":{"@type":"EntryPoint","urlTemplate":"https:\/\/cuadra-agrado.es\/?s={search_term_string}"},"query-input":{"@type":"PropertyValueSpecification","valueRequired":true,"valueName":"search_term_string"}}],"inLanguage":"es"},{"@type":"Person","@id":"https:\/\/cuadra-agrado.es\/#\/schema\/person\/3aa4f8d2373cf756d93a5526bc72f31b","name":"Miguel Redondo","image":{"@type":"ImageObject","inLanguage":"es","@id":"https:\/\/secure.gravatar.com\/avatar\/85704fceb4fa34017e3c1344d182da00dbf772fb8856ba2b7726a2df926415b4?s=96&d=mm&r=g","url":"https:\/\/secure.gravatar.com\/avatar\/85704fceb4fa34017e3c1344d182da00dbf772fb8856ba2b7726a2df926415b4?s=96&d=mm&r=g","contentUrl":"https:\/\/secure.gravatar.com\/avatar\/85704fceb4fa34017e3c1344d182da00dbf772fb8856ba2b7726a2df926415b4?s=96&d=mm&r=g","caption":"Miguel Redondo"},"sameAs":["https:\/\/cuadra-agrado.es"],"url":"https:\/\/cuadra-agrado.es\/?author=5"}]}},"_links":{"self":[{"href":"https:\/\/cuadra-agrado.es\/index.php?rest_route=\/wp\/v2\/posts\/5020","targetHints":{"allow":["GET"]}}],"collection":[{"href":"https:\/\/cuadra-agrado.es\/index.php?rest_route=\/wp\/v2\/posts"}],"about":[{"href":"https:\/\/cuadra-agrado.es\/index.php?rest_route=\/wp\/v2\/types\/post"}],"author":[{"embeddable":true,"href":"https:\/\/cuadra-agrado.es\/index.php?rest_route=\/wp\/v2\/users\/5"}],"replies":[{"embeddable":true,"href":"https:\/\/cuadra-agrado.es\/index.php?rest_route=%2Fwp%2Fv2%2Fcomments&post=5020"}],"version-history":[{"count":0,"href":"https:\/\/cuadra-agrado.es\/index.php?rest_route=\/wp\/v2\/posts\/5020\/revisions"}],"wp:featuredmedia":[{"embeddable":true,"href":"https:\/\/cuadra-agrado.es\/index.php?rest_route=\/wp\/v2\/media\/6394"}],"wp:attachment":[{"href":"https:\/\/cuadra-agrado.es\/index.php?rest_route=%2Fwp%2Fv2%2Fmedia&parent=5020"}],"wp:term":[{"taxonomy":"category","embeddable":true,"href":"https:\/\/cuadra-agrado.es\/index.php?rest_route=%2Fwp%2Fv2%2Fcategories&post=5020"},{"taxonomy":"post_tag","embeddable":true,"href":"https:\/\/cuadra-agrado.es\/index.php?rest_route=%2Fwp%2Fv2%2Ftags&post=5020"}],"curies":[{"name":"wp","href":"https:\/\/api.w.org\/{rel}","templated":true}]}}