{"id":4976,"date":"2019-04-29T09:44:20","date_gmt":"2019-04-29T08:44:20","guid":{"rendered":"https:\/\/cuadra-agrado.es\/?p=4976"},"modified":"2024-02-27T09:15:16","modified_gmt":"2024-02-27T09:15:16","slug":"solo-los-pequenos-mauro-julito-estuvieron-la-altura","status":"publish","type":"post","link":"https:\/\/cuadra-agrado.es\/?p=4976","title":{"rendered":"Solo los peque\u00f1os Mauro y Julito estuvieron a la altura&#8230;."},"content":{"rendered":"<p style=\"text-align: justify;\"><a href=\"http:\/\/cuadra-agrado.es\/wp-content\/uploads\/2019\/04\/IMG_0184.jpg\"><img loading=\"lazy\" decoding=\"async\" class=\"alignleft wp-image-4977 \" src=\"http:\/\/cuadra-agrado.es\/wp-content\/uploads\/2019\/04\/IMG_0184-1024x683.jpg\" alt=\"\" width=\"294\" height=\"196\" \/><\/a>Se hace tremendamente dif\u00edcil hoy enlazar palabras y escribir la cr\u00f3nica que relate o aporte explicaciones al duro d\u00eda vivido ayer por nuestra parte. Posiblemente, uno de los peores d\u00edas de nuestros 11 a\u00f1os de competici\u00f3n, donde pudimos sentir el aplastante peso de la tristeza, acompa\u00f1ada de su inseparable amargura, donde solo los peque\u00f1os Mauro y su fiel e inseparable \u00abJulito\u00bb estuvieron a la altura. Pocas ganas por tanto quedan de revivir lo sucedido ayer, pero por respeto a nuestra afici\u00f3n, y sobre todo a nuestros fieles seguidores, no podemos recluirnos en nuestra tristeza y dejar pasar el tiempo sin, al menos, ofrecer nuestra exposici\u00f3n.<br \/>\nEra un d\u00eda de esos que te ofrece la posibilidad de escribir un d\u00eda grande e imborrable en el recuerdo, y al mismo tiempo, cab\u00eda tambi\u00e9n la posibilidad de pasar desapercibido sin m\u00e1s recuerdo que el de haber participado en un d\u00eda especial de \u201cPoule\u201d en defensa de nuestros colores. Pero lo que nunca pod\u00edamos imaginar es que el d\u00eda iba a ser tan nefasto en cuanto a competici\u00f3n se refiere, y cargado de tantos aspectos negativos.<\/p>\n<p style=\"text-align: justify;\">Amanec\u00eda <strong>\u201cBarbarigo\u201d<\/strong> ya en la segunda carrera del d\u00eda en un buen \u201cPremio Andr\u00e9s Covarrubias\u201d. A priori, muy puesto, muy en forma, muy guapo en el paddock, con muchas granas de comerse al \u201coriental\u201d del lote. Pista buena, distancia algo corta para \u00e9l, pero grandes opciones de volver a luchar otra carrera de esas que te hacen sentir propietario de un gran caballo. Siempre luchador, durante m\u00e1s de dos a\u00f1os nos hab\u00eda mal acostumbrado a estar siempre cerca, a sentir las opciones de victoria en el \u00faltimo furlong de cada carrera, aunque en los peores escenarios finalmente quedara segundo o cuarto. Siempre cerca, siempre en la lucha, siempre fiable para afrontar cada combate, hasta que amaneci\u00f3 un d\u00eda donde nos mostr\u00f3 que hay batallas donde los grandes y fornidos \u201cb\u00e1rbaros\u201d tambi\u00e9n son vulnerables\u2026..<br \/>\nParti\u00f3 como siempre bien de cajones por el uno, pero pronto nos pudimos dar cuenta que la carrera iba a ser muy dura. \u201c<strong>Barbarigo\u201d<\/strong> es r\u00e1pido en la salida y nunca le ha supuesto mucho problema comandar o ir a la grupa del puntero, pero estos 1.400 metros se parec\u00edan mucho m\u00e1s a un sprint en l\u00ednea recta que a una prueba millera. En los primeros 100 metros ya pudimos intuir que el ritmo que marcaron <strong>\u201cArab Poet\u201d<\/strong> y <strong>\u201cOriental\u201d<\/strong> en punta iba a poner demasiado dura la carrera para todos. Permanecimos detr\u00e1s de ellos, pero nos costaba seguir un demoledor y absurdo ritmo donde finalmente el primero pag\u00f3 su osad\u00eda, y el segundo tambi\u00e9n se dej\u00f3 una f\u00e1cil carrera que ten\u00eda con creces ganada solamente con su presencia en el partant. Tratando de recuperar la distancia perdida de dos cuerpos con los punteros ya en la curva, y situar al caballo en la lucha final, el desgaste de pasar por fuera a <strong>\u201cCuppacoffe\u201d<\/strong> termin\u00f3 de fundir al b\u00e1rbaro, que esta vez dijo adi\u00f3s a sus opciones demasiado pronto dejando de luchar ya en el poste de los 300 metros. Sinceramente, esper\u00e1bamos mucho m\u00e1s de \u00e9l, y nos consta que tambi\u00e9n el equipo estaba convencido que volver\u00eda a luchar una m\u00e1s despu\u00e9s de su gran reaparici\u00f3n, pero algo se pas\u00f3 por alto, y el primer fallo grosero de <strong>\u201cBarbarigo\u201d<\/strong> hizo demasiada mella en un equipo que no estaba acostumbrado al fallo del b\u00e1rbaro. Seguiremos el camino trazado, es evidente que ahora quiz\u00e1s con algo menos de confianza, pero siendo conscientes que es un gran caballo que merece estar con los mejores de nuestro turf y luchando las mejores pruebas milleras.\u00a0 Visto lo visto, creemos necesario tratar de no volver a competir en pruebas con metraje inferior a 1.600 metros, y as\u00ed se lo hemos hecho saber a nuestro preparador que, en cualquier caso, tendr\u00e1 siempre la \u00faltima palabra en su calendario, pero ayer qued\u00f3 demostrado que en lotes de nivel y con un recorrido suicida, los 1.400 metros es un corto metraje para \u00abBarbarigo\u00bb, teniendo en cuenta que sus opciones siempre pasan por permanecer en posiciones de vanguardia.<\/p>\n<p style=\"text-align: justify;\">Tragamos saliva y casi sin tiempo para recuperarnos volv\u00edamos a pista con <strong>\u201cDanubian Blue\u201d<\/strong> en todo un Gran Premio Valderas. Muchos nervios en el Paddock donde la pudimos ver espl\u00e9ndida. Nunca antes la hab\u00edamos visto tan guapa. Era su d\u00eda de confirmaci\u00f3n, vest\u00eda impecable con pelo recogido, excelentemente bien maquillada para la ocasi\u00f3n y sobre todo, muy serena. Hasta ah\u00ed dur\u00f3 el envite y sus opciones. Nos dec\u00eda nuestro jockey al finalizar la carrera que cambi\u00f3 de mano un par de veces muy f\u00e1cil en el canter de calentamiento, todo parec\u00eda ir muy bien hasta que, apenas a 100 metros de llegar a los cajones, la yegua se par\u00f3 de golpe y comenz\u00f3 a rehusar, hasta el punto que tuvo que ser un mozo de cajones quien la llevar\u00e1 hasta el rondo tirando de ella. Ya en la zona de cajones explot\u00f3 a sudar y relinchar, terriblemente tensionada, apenas quer\u00eda ni tan siquiera caminar en c\u00edrculo por el rondo previo, con la mirada \u00fanicamente puesta en una interminable hilera de 20 cajones. Momentos de mucha angustia los que debi\u00f3 pasar la yegua, y por ende el propio \u201cMelgarejo\u201d que no entend\u00eda absolutamente nada de ese cambio repentino de actitud, desde que hac\u00eda apenas dos minutos disfrutaba del canter de calentamiento en total sosiego. Desde nuestra posici\u00f3n, no \u00e9ramos todav\u00eda conscientes de todo lo que estaba sucediendo hasta que se abrieron los cajones y pudimos ver que la yegua simplemente no quer\u00eda competir. La carrera ya estaba perdida antes de salir. Angustiosos fueron los primeros 300 metros con vigoroso y continuado braceo del joven jockey tratando de enlazar m\u00ednimamente con la cola del pelot\u00f3n. Nunca antes hab\u00edamos visto en ninguno de nuestros caballos una acci\u00f3n tan poco profesional y de tanta bajeza, propio de caballos de tercera parte de h\u00e1ndicap, a los que con todo nuestro respeto, muchos de ellos no son dignos de la competici\u00f3n sencillamente porque no quieren competir. Muy duro de asumir, pero fiel reflejo de una realidad m\u00e1s propia de una de las peores pesadillas donde corres y corres, pero nunca avanzas y, sobre todo en el peor escenario posible con miles de ojos que quieren presenciar la prueba por excelencia en total competitividad. No queremos extendernos mucho m\u00e1s en las est\u00e9riles explicaciones, porque no tenemos ni la m\u00e1s remota idea de lo que pas\u00f3 por la cabeza de \u201cDanubian\u201d de camino a los cajones. Toca trabajar sobre el \u201ccoco\u201d de una yegua que hab\u00eda demostrado mucha clase y valor competitivo, pero que ayer algo le hizo convertirse en una yegua carente de competitividad y de valor de un plumazo. Seguimos confiando en su clase, pero si no arreglamos su cabeza r\u00e1pidamente, puede convertirse en un verdadero suplicio futuro con poca o ninguna opci\u00f3n. No hay peor cosa que un caballo de competici\u00f3n, sencillamente no quiera competir\u2026.. Terminamos nuestra cr\u00f3nica negra de nuestra Poule con nuestro reconocimiento a la ganadora de este a\u00f1o 2018,<strong> \u00abUdalla\u00bb<\/strong> y nuestra m\u00e1s sincera enhorabuena a sus propietarios y responsables como es el caso de Patrick Olave como principal protagonista y art\u00edfice de un tremendo trabajo. Era nuestra apuesta segura para la victoria, y aunque dej\u00f3 el favoritismo para su compa\u00f1era de patio en la preparatoria, la gran cita era ayer.<\/p>\n<p style=\"text-align: justify;\">Desolados con nuestro particular d\u00eda, tratamos de poner nuestra mejor cara para disfrutar del peque\u00f1o de la familia que cerraba la jornada compitiendo en la primera prueba de ponies categor\u00eda C. El t\u00e1ndem Mauro-Julito pusieron la \u00fanica sonrisa del d\u00eda al hacerse con la victoria y, eso al menos, enjuag\u00f3 uno de los d\u00edas m\u00e1s tristes de nuestra vida en competici\u00f3n. Bravo Mauro!!! el protagonismo hoy es para ti, y solo tu mereces la foto de portada.<\/p>\n<hr \/>\n<p style=\"text-align: justify;\">\n<!-- AddThis Advanced Settings generic via filter on the_content --><!-- AddThis Share Buttons generic via filter on the_content -->","protected":false},"excerpt":{"rendered":"<p>Se hace tremendamente dif\u00edcil hoy enlazar palabras y escribir la cr\u00f3nica que relate o aporte explicaciones al duro d\u00eda vivido ayer por nuestra parte. Posiblemente, uno de los peores d\u00edas de nuestros 11 a\u00f1os de competici\u00f3n, donde pudimos sentir el aplastante peso de la tristeza, acompa\u00f1ada de su inseparable amargura, donde solo los peque\u00f1os Mauro [&hellip;]<!-- AddThis Advanced Settings generic via filter on get_the_excerpt --><!-- AddThis Share Buttons generic via filter on get_the_excerpt --><\/p>\n","protected":false},"author":5,"featured_media":4977,"comment_status":"closed","ping_status":"closed","sticky":false,"template":"","format":"standard","meta":{"_acf_changed":false,"_et_pb_use_builder":"","_et_pb_old_content":"","_et_gb_content_width":"","footnotes":""},"categories":[3],"tags":[],"class_list":["post-4976","post","type-post","status-publish","format-standard","has-post-thumbnail","hentry","category-noticias-cuadra-agrado"],"acf":[],"yoast_head":"<!-- This site is optimized with the Yoast SEO plugin v27.4 - https:\/\/yoast.com\/product\/yoast-seo-wordpress\/ -->\n<title>Solo los peque\u00f1os Mauro y Julito estuvieron a la altura.... - Cuadra Agrado<\/title>\n<meta name=\"robots\" content=\"index, follow, max-snippet:-1, max-image-preview:large, max-video-preview:-1\" \/>\n<link rel=\"canonical\" href=\"https:\/\/cuadra-agrado.es\/?p=4976\" \/>\n<meta property=\"og:locale\" content=\"es_ES\" \/>\n<meta property=\"og:type\" content=\"article\" \/>\n<meta property=\"og:title\" content=\"Solo los peque\u00f1os Mauro y Julito estuvieron a la altura.... - Cuadra Agrado\" \/>\n<meta property=\"og:description\" content=\"Se hace tremendamente dif\u00edcil hoy enlazar palabras y escribir la cr\u00f3nica que relate o aporte explicaciones al duro d\u00eda vivido ayer por nuestra parte. Posiblemente, uno de los peores d\u00edas de nuestros 11 a\u00f1os de competici\u00f3n, donde pudimos sentir el aplastante peso de la tristeza, acompa\u00f1ada de su inseparable amargura, donde solo los peque\u00f1os Mauro [&hellip;]\" \/>\n<meta property=\"og:url\" content=\"https:\/\/cuadra-agrado.es\/?p=4976\" \/>\n<meta property=\"og:site_name\" content=\"Cuadra Agrado\" \/>\n<meta property=\"article:published_time\" content=\"2019-04-29T08:44:20+00:00\" \/>\n<meta property=\"article:modified_time\" content=\"2024-02-27T09:15:16+00:00\" \/>\n<meta name=\"author\" content=\"Miguel Redondo\" \/>\n<meta name=\"twitter:card\" content=\"summary_large_image\" \/>\n<meta name=\"twitter:creator\" content=\"@AGRADOracing\" \/>\n<meta name=\"twitter:site\" content=\"@AGRADOracing\" \/>\n<meta name=\"twitter:label1\" content=\"Escrito por\" \/>\n\t<meta name=\"twitter:data1\" content=\"Miguel Redondo\" \/>\n\t<meta name=\"twitter:label2\" content=\"Tiempo de lectura\" \/>\n\t<meta name=\"twitter:data2\" content=\"7 minutos\" \/>\n<script type=\"application\/ld+json\" class=\"yoast-schema-graph\">{\"@context\":\"https:\\\/\\\/schema.org\",\"@graph\":[{\"@type\":\"Article\",\"@id\":\"https:\\\/\\\/cuadra-agrado.es\\\/?p=4976#article\",\"isPartOf\":{\"@id\":\"https:\\\/\\\/cuadra-agrado.es\\\/?p=4976\"},\"author\":{\"name\":\"Miguel Redondo\",\"@id\":\"https:\\\/\\\/cuadra-agrado.es\\\/#\\\/schema\\\/person\\\/3aa4f8d2373cf756d93a5526bc72f31b\"},\"headline\":\"Solo los peque\u00f1os Mauro y Julito estuvieron a la altura&#8230;.\",\"datePublished\":\"2019-04-29T08:44:20+00:00\",\"dateModified\":\"2024-02-27T09:15:16+00:00\",\"mainEntityOfPage\":{\"@id\":\"https:\\\/\\\/cuadra-agrado.es\\\/?p=4976\"},\"wordCount\":1382,\"image\":{\"@id\":\"https:\\\/\\\/cuadra-agrado.es\\\/?p=4976#primaryimage\"},\"thumbnailUrl\":\"\",\"articleSection\":[\"Actualidad\"],\"inLanguage\":\"es\"},{\"@type\":\"WebPage\",\"@id\":\"https:\\\/\\\/cuadra-agrado.es\\\/?p=4976\",\"url\":\"https:\\\/\\\/cuadra-agrado.es\\\/?p=4976\",\"name\":\"Solo los peque\u00f1os Mauro y Julito estuvieron a la altura.... - Cuadra Agrado\",\"isPartOf\":{\"@id\":\"https:\\\/\\\/cuadra-agrado.es\\\/#website\"},\"primaryImageOfPage\":{\"@id\":\"https:\\\/\\\/cuadra-agrado.es\\\/?p=4976#primaryimage\"},\"image\":{\"@id\":\"https:\\\/\\\/cuadra-agrado.es\\\/?p=4976#primaryimage\"},\"thumbnailUrl\":\"\",\"datePublished\":\"2019-04-29T08:44:20+00:00\",\"dateModified\":\"2024-02-27T09:15:16+00:00\",\"author\":{\"@id\":\"https:\\\/\\\/cuadra-agrado.es\\\/#\\\/schema\\\/person\\\/3aa4f8d2373cf756d93a5526bc72f31b\"},\"breadcrumb\":{\"@id\":\"https:\\\/\\\/cuadra-agrado.es\\\/?p=4976#breadcrumb\"},\"inLanguage\":\"es\",\"potentialAction\":[{\"@type\":\"ReadAction\",\"target\":[\"https:\\\/\\\/cuadra-agrado.es\\\/?p=4976\"]}]},{\"@type\":\"ImageObject\",\"inLanguage\":\"es\",\"@id\":\"https:\\\/\\\/cuadra-agrado.es\\\/?p=4976#primaryimage\",\"url\":\"\",\"contentUrl\":\"\"},{\"@type\":\"BreadcrumbList\",\"@id\":\"https:\\\/\\\/cuadra-agrado.es\\\/?p=4976#breadcrumb\",\"itemListElement\":[{\"@type\":\"ListItem\",\"position\":1,\"name\":\"Portada\",\"item\":\"https:\\\/\\\/cuadra-agrado.es\\\/\"},{\"@type\":\"ListItem\",\"position\":2,\"name\":\"Solo los peque\u00f1os Mauro y Julito estuvieron a la altura&#8230;.\"}]},{\"@type\":\"WebSite\",\"@id\":\"https:\\\/\\\/cuadra-agrado.es\\\/#website\",\"url\":\"https:\\\/\\\/cuadra-agrado.es\\\/\",\"name\":\"Cuadra Agrado\",\"description\":\"En el mundo del Turf desde 2008\",\"potentialAction\":[{\"@type\":\"SearchAction\",\"target\":{\"@type\":\"EntryPoint\",\"urlTemplate\":\"https:\\\/\\\/cuadra-agrado.es\\\/?s={search_term_string}\"},\"query-input\":{\"@type\":\"PropertyValueSpecification\",\"valueRequired\":true,\"valueName\":\"search_term_string\"}}],\"inLanguage\":\"es\"},{\"@type\":\"Person\",\"@id\":\"https:\\\/\\\/cuadra-agrado.es\\\/#\\\/schema\\\/person\\\/3aa4f8d2373cf756d93a5526bc72f31b\",\"name\":\"Miguel Redondo\",\"image\":{\"@type\":\"ImageObject\",\"inLanguage\":\"es\",\"@id\":\"https:\\\/\\\/secure.gravatar.com\\\/avatar\\\/85704fceb4fa34017e3c1344d182da00dbf772fb8856ba2b7726a2df926415b4?s=96&d=mm&r=g\",\"url\":\"https:\\\/\\\/secure.gravatar.com\\\/avatar\\\/85704fceb4fa34017e3c1344d182da00dbf772fb8856ba2b7726a2df926415b4?s=96&d=mm&r=g\",\"contentUrl\":\"https:\\\/\\\/secure.gravatar.com\\\/avatar\\\/85704fceb4fa34017e3c1344d182da00dbf772fb8856ba2b7726a2df926415b4?s=96&d=mm&r=g\",\"caption\":\"Miguel Redondo\"},\"sameAs\":[\"https:\\\/\\\/cuadra-agrado.es\"],\"url\":\"https:\\\/\\\/cuadra-agrado.es\\\/?author=5\"}]}<\/script>\n<!-- \/ Yoast SEO plugin. -->","yoast_head_json":{"title":"Solo los peque\u00f1os Mauro y Julito estuvieron a la altura.... - Cuadra Agrado","robots":{"index":"index","follow":"follow","max-snippet":"max-snippet:-1","max-image-preview":"max-image-preview:large","max-video-preview":"max-video-preview:-1"},"canonical":"https:\/\/cuadra-agrado.es\/?p=4976","og_locale":"es_ES","og_type":"article","og_title":"Solo los peque\u00f1os Mauro y Julito estuvieron a la altura.... - Cuadra Agrado","og_description":"Se hace tremendamente dif\u00edcil hoy enlazar palabras y escribir la cr\u00f3nica que relate o aporte explicaciones al duro d\u00eda vivido ayer por nuestra parte. Posiblemente, uno de los peores d\u00edas de nuestros 11 a\u00f1os de competici\u00f3n, donde pudimos sentir el aplastante peso de la tristeza, acompa\u00f1ada de su inseparable amargura, donde solo los peque\u00f1os Mauro [&hellip;]","og_url":"https:\/\/cuadra-agrado.es\/?p=4976","og_site_name":"Cuadra Agrado","article_published_time":"2019-04-29T08:44:20+00:00","article_modified_time":"2024-02-27T09:15:16+00:00","author":"Miguel Redondo","twitter_card":"summary_large_image","twitter_creator":"@AGRADOracing","twitter_site":"@AGRADOracing","twitter_misc":{"Escrito por":"Miguel Redondo","Tiempo de lectura":"7 minutos"},"schema":{"@context":"https:\/\/schema.org","@graph":[{"@type":"Article","@id":"https:\/\/cuadra-agrado.es\/?p=4976#article","isPartOf":{"@id":"https:\/\/cuadra-agrado.es\/?p=4976"},"author":{"name":"Miguel Redondo","@id":"https:\/\/cuadra-agrado.es\/#\/schema\/person\/3aa4f8d2373cf756d93a5526bc72f31b"},"headline":"Solo los peque\u00f1os Mauro y Julito estuvieron a la altura&#8230;.","datePublished":"2019-04-29T08:44:20+00:00","dateModified":"2024-02-27T09:15:16+00:00","mainEntityOfPage":{"@id":"https:\/\/cuadra-agrado.es\/?p=4976"},"wordCount":1382,"image":{"@id":"https:\/\/cuadra-agrado.es\/?p=4976#primaryimage"},"thumbnailUrl":"","articleSection":["Actualidad"],"inLanguage":"es"},{"@type":"WebPage","@id":"https:\/\/cuadra-agrado.es\/?p=4976","url":"https:\/\/cuadra-agrado.es\/?p=4976","name":"Solo los peque\u00f1os Mauro y Julito estuvieron a la altura.... - Cuadra Agrado","isPartOf":{"@id":"https:\/\/cuadra-agrado.es\/#website"},"primaryImageOfPage":{"@id":"https:\/\/cuadra-agrado.es\/?p=4976#primaryimage"},"image":{"@id":"https:\/\/cuadra-agrado.es\/?p=4976#primaryimage"},"thumbnailUrl":"","datePublished":"2019-04-29T08:44:20+00:00","dateModified":"2024-02-27T09:15:16+00:00","author":{"@id":"https:\/\/cuadra-agrado.es\/#\/schema\/person\/3aa4f8d2373cf756d93a5526bc72f31b"},"breadcrumb":{"@id":"https:\/\/cuadra-agrado.es\/?p=4976#breadcrumb"},"inLanguage":"es","potentialAction":[{"@type":"ReadAction","target":["https:\/\/cuadra-agrado.es\/?p=4976"]}]},{"@type":"ImageObject","inLanguage":"es","@id":"https:\/\/cuadra-agrado.es\/?p=4976#primaryimage","url":"","contentUrl":""},{"@type":"BreadcrumbList","@id":"https:\/\/cuadra-agrado.es\/?p=4976#breadcrumb","itemListElement":[{"@type":"ListItem","position":1,"name":"Portada","item":"https:\/\/cuadra-agrado.es\/"},{"@type":"ListItem","position":2,"name":"Solo los peque\u00f1os Mauro y Julito estuvieron a la altura&#8230;."}]},{"@type":"WebSite","@id":"https:\/\/cuadra-agrado.es\/#website","url":"https:\/\/cuadra-agrado.es\/","name":"Cuadra Agrado","description":"En el mundo del Turf desde 2008","potentialAction":[{"@type":"SearchAction","target":{"@type":"EntryPoint","urlTemplate":"https:\/\/cuadra-agrado.es\/?s={search_term_string}"},"query-input":{"@type":"PropertyValueSpecification","valueRequired":true,"valueName":"search_term_string"}}],"inLanguage":"es"},{"@type":"Person","@id":"https:\/\/cuadra-agrado.es\/#\/schema\/person\/3aa4f8d2373cf756d93a5526bc72f31b","name":"Miguel Redondo","image":{"@type":"ImageObject","inLanguage":"es","@id":"https:\/\/secure.gravatar.com\/avatar\/85704fceb4fa34017e3c1344d182da00dbf772fb8856ba2b7726a2df926415b4?s=96&d=mm&r=g","url":"https:\/\/secure.gravatar.com\/avatar\/85704fceb4fa34017e3c1344d182da00dbf772fb8856ba2b7726a2df926415b4?s=96&d=mm&r=g","contentUrl":"https:\/\/secure.gravatar.com\/avatar\/85704fceb4fa34017e3c1344d182da00dbf772fb8856ba2b7726a2df926415b4?s=96&d=mm&r=g","caption":"Miguel Redondo"},"sameAs":["https:\/\/cuadra-agrado.es"],"url":"https:\/\/cuadra-agrado.es\/?author=5"}]}},"_links":{"self":[{"href":"https:\/\/cuadra-agrado.es\/index.php?rest_route=\/wp\/v2\/posts\/4976","targetHints":{"allow":["GET"]}}],"collection":[{"href":"https:\/\/cuadra-agrado.es\/index.php?rest_route=\/wp\/v2\/posts"}],"about":[{"href":"https:\/\/cuadra-agrado.es\/index.php?rest_route=\/wp\/v2\/types\/post"}],"author":[{"embeddable":true,"href":"https:\/\/cuadra-agrado.es\/index.php?rest_route=\/wp\/v2\/users\/5"}],"replies":[{"embeddable":true,"href":"https:\/\/cuadra-agrado.es\/index.php?rest_route=%2Fwp%2Fv2%2Fcomments&post=4976"}],"version-history":[{"count":0,"href":"https:\/\/cuadra-agrado.es\/index.php?rest_route=\/wp\/v2\/posts\/4976\/revisions"}],"wp:featuredmedia":[{"embeddable":true,"href":"https:\/\/cuadra-agrado.es\/index.php?rest_route=\/"}],"wp:attachment":[{"href":"https:\/\/cuadra-agrado.es\/index.php?rest_route=%2Fwp%2Fv2%2Fmedia&parent=4976"}],"wp:term":[{"taxonomy":"category","embeddable":true,"href":"https:\/\/cuadra-agrado.es\/index.php?rest_route=%2Fwp%2Fv2%2Fcategories&post=4976"},{"taxonomy":"post_tag","embeddable":true,"href":"https:\/\/cuadra-agrado.es\/index.php?rest_route=%2Fwp%2Fv2%2Ftags&post=4976"}],"curies":[{"name":"wp","href":"https:\/\/api.w.org\/{rel}","templated":true}]}}