{"id":4891,"date":"2019-02-04T16:45:25","date_gmt":"2019-02-04T15:45:25","guid":{"rendered":"https:\/\/cuadra-agrado.es\/?p=4891"},"modified":"2024-02-27T09:26:18","modified_gmt":"2024-02-27T09:26:18","slug":"izada-bandera-azul-nuestra-cuadra-2019","status":"publish","type":"post","link":"https:\/\/cuadra-agrado.es\/?p=4891","title":{"rendered":"Bandera azul izada para nuestra cuadra 2019"},"content":{"rendered":"<p style=\"text-align: justify;\">Tras el inicio del nuevo a\u00f1o turf\u00edstico 2019 en el Gran Hip\u00f3dromo de Andaluc\u00eda, donde lamentablemente este a\u00f1o no hemos podido acudir con ninguno de nuestros efectivos, en menos de un mes comenzar\u00e1 la nueva temporada de primavera en Hip\u00f3dromo de la Zarzuela de Madrid donde se izar\u00e1 la bandera azul para nuestra cuadra. Despu\u00e9s de tres largos a\u00f1os de renovaci\u00f3n y re-inversi\u00f3n de efectivos, desde donde part\u00edamos de cero tras nuestro desmantelamiento en 2015, creemos que este 2019 nos brindar\u00e1 ilusionantes frutos con una cuadra joven, compensada y llena de calidad. Nuestros cinco efectivos en competici\u00f3n que ponemos en pista tratar\u00e1n de defender, junto a los profesionales que hemos elegido para la misi\u00f3n, nuestros colores con las m\u00e1s altas miras en la competici\u00f3n nacional.<\/p>\n<p style=\"text-align: justify;\">Hacemos presentaci\u00f3n oficial de nuestros \u201ccinco magn\u00edficos\u201d que bajo las preparaciones de Juan Luis Maroto y Jose Carlos Cerqueira, todos ellos estabulados en el Hip\u00f3dromo de la Zarzuela, tratar\u00e1n de sumar nuevas victorias para nuestra cuadra en este nuevo a\u00f1o.<\/p>\n<p style=\"text-align: justify;\"><strong><a href=\"http:\/\/cuadra-agrado.es\/wp-content\/uploads\/2017\/10\/Barbarigo-Nouvel-An.jpg\" target=\"_blank\" rel=\"noopener noreferrer\"><img loading=\"lazy\" decoding=\"async\" class=\"alignleft wp-image-3615 \" src=\"http:\/\/cuadra-agrado.es\/wp-content\/uploads\/2017\/10\/Barbarigo-Nouvel-An.jpg\" alt=\"\" width=\"188\" height=\"195\"><\/a>BARBARIGO<\/strong> ser\u00e1 el l\u00edder y adalid que deber\u00e1 encabezar nuestra escuadra para este a\u00f1o. Caballo que entra en sus cinco a\u00f1os y que ha demostrado en los dos que lleva con nosotros ser un verdadero garante para luchar pruebas de entidad. El pasado a\u00f1o no tuvo la fortuna de cara y, aunque estuvo luchando pruebas de valor durante todo el a\u00f1o, no pudo conseguir m\u00e1s que una victoria menor en la arena estival de Madrid. Entre sus mejores carreras figur\u00f3 el \u00abGran Premio Gobierno Vasco\u00bb donde estuvo luchando hasta el \u00faltimo hect\u00f3metro para finalmente ser digno tercero. Lleg\u00f3 despu\u00e9s el \u00abGran Premio Antonio Blasco\u00bb, donde sin ser su mejor distancia volvi\u00f3 a estar nuevamente en la lucha aun con un zapato menos. Tambi\u00e9n demostr\u00f3 su calidad en el Gran Handicap de oto\u00f1o del \u00abPremio Infanta Beatriz\u00bb donde se parti\u00f3 la cara con 62 kilos contra buenos caballos para conseguir un buen segundo. Este a\u00f1o Juan Luis Maroto tiene mucha confianza depositada en el caballo, y le ve muy capaz de tocar la gloria en un Gran Premio millero. Seguramente le veremos mucho menos en pista que el pasado a\u00f1o, siendo nuestro principal objetivo con \u00e9l centrarse en preparar de la mejor forma posible esas tres pruebas milleras por excelencia de nuestro calendario; Carudel, Gobierno Vasco e Hispanidad. Hemos puesto el list\u00f3n muy alto este a\u00f1o para este hijo de<strong> \u201cCanford Cliffs\u201d<\/strong>, pero cuando la confianza es plena y las opciones no son ficticias, hay que ir a por todas y buscar esa gloria que nos queda por descubrir ganando un grande.<\/p>\n<p style=\"text-align: justify;\"><strong><a href=\"http:\/\/cuadra-agrado.es\/wp-content\/uploads\/2018\/12\/Danubian-Blue.jpg\" target=\"_blank\" rel=\"noopener noreferrer\"><img loading=\"lazy\" decoding=\"async\" class=\"alignright wp-image-4789 \" src=\"http:\/\/cuadra-agrado.es\/wp-content\/uploads\/2018\/12\/Danubian-Blue-1024x683.jpg\" alt=\"\" width=\"321\" height=\"214\"><\/a>DANUBIAN BLUE <\/strong>se ha convertido en nuestra nueva reina tras el maravilloso e ilusionante debut que nos brind\u00f3 a final de la temporada oto\u00f1al. Despu\u00e9s de varios a\u00f1os donde la estirpe de los \u201cBlues\u201d desafortunadamente parec\u00eda no dar la talla (<strong>Parisien Blue y Caribean Blue<\/strong>), desde el principio en el patio de J.C. Cerquiera siempre pint\u00f3 muy bien esta nueva \u201cBlue\u201d. As\u00ed lo demostr\u00f3 despu\u00e9s en un maravilloso debut, donde en ning\u00fan caso estaba con la mejor forma para ganar, y nos deleit\u00f3 con una aplastante victoria contra buenos machos, que despu\u00e9s han demostrado ser grandes apuestas de futuro, como ha sido el caso de <strong>\u201cEl Guanche\u201d<\/strong> es su reciente victoria en clase 1 en Francia. A\u00fan con dudas sobre su mejor distancia, tenemos esa gran opci\u00f3n de luchar con ella una siempre bonita \u201cPoule\u201d en la milla, o un atrevido y no menos ilusionante \u201cOAKS\u201d en distancia.&nbsp; Estuvimos a punto de comenzar su programa en Sevilla para adelantarnos a conocer esa distancia, pero el cambio de pista a arena, las dudas en la distancia y viaje de por medio, nos hizo finalmente tomar la decisi\u00f3n de esperar. Su primera salida a pista en este 2019 en Madrid para la segunda jornada nos despejar\u00e1 definitivamente esas dudas de metraje para elegir su mejor programa. La edad cl\u00e1sica es la mejor edad por excelencia para un PSI y, aunque no tiene a\u00fan la experiencia de otras muchas que ser\u00e1n rivales en esta bonita edad, tenemos la mayor de las ilusiones puestas en ella para consolidarse como una de las mejores yeguas de 2019, si la suerte le sigue acompa\u00f1ando en lo que a salud se refiere.<\/p>\n<p style=\"text-align: justify;\"><strong><a href=\"http:\/\/cuadra-agrado.es\/wp-content\/uploads\/2018\/12\/WE-KNOW.jpg\" target=\"_blank\" rel=\"noopener noreferrer\"><img loading=\"lazy\" decoding=\"async\" class=\"alignleft wp-image-4785 \" src=\"http:\/\/cuadra-agrado.es\/wp-content\/uploads\/2018\/12\/WE-KNOW-1024x828.jpg\" alt=\"\" width=\"215\" height=\"174\"><\/a>WE KNOW<\/strong> ser\u00e1 nuestra apuesta de futuro como el \u201cstayer\u201d de la cuadra, y tiene el honorable envite de tomar el relevo del viejo y querido<strong> \u201cRany\u00e1n<\/strong>\u201d. Adquirido en la subasta de Tattersalls en noviembre de 2018, este irland\u00e9s hijo de <strong>\u201cTeofilo\u201d<\/strong> y madre por <strong>\u201cJeremy\u201d&nbsp;<\/strong>lleg\u00f3 a nuestra cuadra en trato directo con el propietario, una vez no cubri\u00f3 el precio de reserva de 30.000 guineas de aquella subasta. Su madre, <strong>\u00abYellow Rosebud\u00bb<\/strong>, doble ganadora de G3 y colocada de G2 presenta en \u00e9l su primer descendiente, que una vez aclimatado a su nueva casa en Madrid, sus primeros trabajos est\u00e1n demostrando una enorme calidad. Un caballo ya ganador que entra en sus cuatro a\u00f1os, y que en su edad cl\u00e1sica ofreci\u00f3 un valor contrastado en UK 89 (ESP40,5) siendo capaz de competir en distancias entre 2.000 y 2.800 metros. Es una de nuestras firmes opciones tambi\u00e9n para luchar Grandes Premios de distancia, y entre ellos, nuestra ilusi\u00f3n para estar presente por primera vez en nuestra historia en el Gran Premio de Madrid como principal objetivo. Entre sus mejores virtudes est\u00e1 un f\u00edsico no demasiado grande en alzada, pero muy compacto y fuerte, y un significativo tes\u00f3n y coraje, que sin duda es una virtud fundamental en un gran competidor. Es uno de los mimados en el patio de JC. Cerqueira, y solamente eso, ya nos indica que la ilusi\u00f3n es proporcional a la calidad que ofrece esta nueva apuesta de futuro en la confiamos plenamente.<\/p>\n<p style=\"text-align: justify;\"><strong><a href=\"http:\/\/cuadra-agrado.es\/wp-content\/uploads\/2018\/01\/AMERICAN.jpg\" target=\"_blank\" rel=\"noopener noreferrer\"><img loading=\"lazy\" decoding=\"async\" class=\"alignright wp-image-3737 \" src=\"http:\/\/cuadra-agrado.es\/wp-content\/uploads\/2018\/01\/AMERICAN-1024x689.jpg\" alt=\"\" width=\"249\" height=\"168\"><\/a>AMERICAN BLUE<\/strong> quiz\u00e1s sea el que menos preparado est\u00e9 a d\u00eda de hoy para mantener la l\u00ednea de grandes envites de los tres anteriores. Bien es cierto que es un caballo que nos encanta en cuanto a f\u00edsico y or\u00edgenes se refiere, pero desgraciadamente todav\u00eda no ha madurado lo suficiente de cabeza como para afrontar grandes retos de cara a esta su edad cl\u00e1sica, o al menos poder definirlos con antelaci\u00f3n. Poco a poco estamos convencidos que nos lo va a decir en pista, y mantenemos la confianza que ya en su pr\u00f3ximo debut, pueda ofrecernos algo que estamos esperando desde su entrada en el patio de Juan Luis Maroto. Pas\u00f3 por castraci\u00f3n el pasado noviembre y adicional a este peque\u00f1o problema que interrumpi\u00f3 sus trabajos, tambi\u00e9n tuvo problemas en uno de sus cascos que le ha tenido parado durante gran parte del invierno. Es un caballo que tarde o temprano dar\u00e1 el salto a lo que esperamos de \u00e9l. Calidad tiene a espuertas, se mueve muy bien en pista, cada semana mejora en su acci\u00f3n y seriedad, pero a\u00fan no ha cogido ese pulm\u00f3n que necesita para debutar en las m\u00ednimas condiciones. Seguiremos a la espera y seguro que pronto nos demostrar\u00e1 de qu\u00e9 pasta esta hecho este bonito alaz\u00e1n, hijo de<strong> \u201cManduro\u201d.<\/strong><\/p>\n<p style=\"text-align: justify;\"><strong><a href=\"http:\/\/cuadra-agrado.es\/wp-content\/uploads\/2019\/02\/IMG_0820.jpg\" target=\"_blank\" rel=\"noopener noreferrer\"><img loading=\"lazy\" decoding=\"async\" class=\"alignleft wp-image-4893 \" src=\"http:\/\/cuadra-agrado.es\/wp-content\/uploads\/2019\/02\/IMG_0820-1024x768.jpg\" alt=\"\" width=\"255\" height=\"191\"><\/a>HIGHROCK BLUE<\/strong> es nuestro primer producto de cr\u00eda y como tal, nuestra m\u00e1s sincera ilusi\u00f3n de cara al futuro. Hija de nuestra yegua madre <strong>\u201cHigh Brooklyn\u201d<\/strong>, que tan mala suerte encontr\u00f3 en la competici\u00f3n, y que esperamos y confiamos que pueda resarcirse como reproductora. Es el primer producto por <strong>\u201cCeltic Rock\u201d<\/strong> y la calidad la lleva en la sangre desde que la vimos nacer. Todo el proceso de cr\u00eda, pre-doma y posterior doma lo hemos realizado desde nuestra yeguada, y hemos sido part\u00edcipes en primera persona de sus avances. Queremos tambi\u00e9n aprovechar para agradecer p\u00fablicamente a \u201cDehesa de Cantogordo\u201d, y en la persona de Federico Riop\u00e9rez, los primeros cuidados hasta su destete, que fueron delicadamente gestionados desde aquel para\u00edso del caballo. Lleg\u00f3 el momento de pasar de disfrutar en el prado correteando y jugando con los bocados, a un escenario m\u00e1s serio en la competici\u00f3n. Se estabular\u00e1 este pr\u00f3ximo jueves en el patio de JC. Cerqueira y esperaremos pacientes su presentaci\u00f3n en sociedad previsiblemente a finales de la temporada de oto\u00f1o. No tenemos prisa con ella, pero creemos que en sus primeros trabajos ya ha demostrado que no es atrasada, como podr\u00edan marcar sus or\u00edgenes y nacimiento tard\u00edo. Su f\u00edsico no parece seguir las l\u00edneas maestras de un primer producto. Tiene muy buena alzada para su edad y es muy consistente. Ha demostrado tener mucha voluntad en los primeros trabajos de doma, y en sus primeros galopes parece ya visualizarse una gran clase proveniente de esa excepcional l\u00ednea materna y de un cruce con un batallador y clasudo<strong> \u201cCeltic Rock<\/strong>\u201d.<\/p>\n<p style=\"text-align: justify;\">Este es el plantel de nuestros cinco efectivos que pondremos en pista este a\u00f1o 2019. Todos ellos tienen capacidad suficiente para continuar con nuestra filosof\u00eda de ganar cada una de las carreras que disputamos. El futuro despu\u00e9s deparar\u00e1 lo que el destino considere, as\u00ed es el turf y as\u00ed hemos aprendido en estos a\u00f1os de competici\u00f3n\u2026. Disfrutar el fascinante momento de las grandes haza\u00f1as, y seguir aprendiendo del amargo sabor de la afligida derrota. Pero, a menos de un mes vista de nuestro debut en este nuevo a\u00f1o, salimos con la mayor confianza e ilusi\u00f3n que jam\u00e1s hayamos tenido durante los m\u00e1s de diez a\u00f1os en competici\u00f3n.<\/p>\n<p style=\"text-align: justify;\">Esperamos que la fortuna sea fiel compa\u00f1era de todos los nuestros, guiados de la mano de todos los profesionales, que de una u otra forma, defender\u00e1n nuestros colores. Son los casos de Juan Luis Maroto y Jose Carlos Cerqueira, que junto a su equipo, ser\u00e1n los m\u00e1ximos responsables de su preparaci\u00f3n. Y el caso de nuestro jockey para 2019, Ignacio Melgarejo, que desde este mismo momento deseamos disfrute y nos haga disfrutar de todos nuestros caballos en un a\u00f1o donde estamos convencidos se afianzar\u00e1 como uno de los mejores jinetes profesionales de la nueva era. Tiene grandes atributos y cualidades para ser la referencia de nuestros j\u00f3venes jockeys en un muy pr\u00f3ximo futuro, y lleg\u00f3 el momento de que esos grandes atributos salgan a la luz para el disfrute de todos.<\/p>\n<p>Para terminar, deseamos toda la suerte que merecen todos y cada uno de los propietarios y profesionales de nuestro turf. Nuestro deseo es que todos sin excepci\u00f3n, tengan ese momento de gloria en una competici\u00f3n donde el \u00fanico inter\u00e9s para todos es que siga creciendo y afianz\u00e1ndose a\u00f1o a a\u00f1o siguiendo un mismo camino. Deseamos tambi\u00e9n mucha suerte y buen hacer para todos los responsables de nuestro turf (JCE, Asociaci\u00f3n de Hip\u00f3dromos, Asociaci\u00f3n de Criadores, Asociaci\u00f3n de Propietarios, Hip\u00f3dromos, etc\u2026) y tambi\u00e9n en particular, a los nuevos responsables de nuestro querido Hip\u00f3dromo de la Zarzuela de Madrid.<\/p>\n<hr>\n<p style=\"text-align: justify;\">&nbsp;<\/p>\n<!-- AddThis Advanced Settings generic via filter on the_content --><!-- AddThis Share Buttons generic via filter on the_content -->","protected":false},"excerpt":{"rendered":"<p>Tras el inicio del nuevo a\u00f1o turf\u00edstico 2019 en el Gran Hip\u00f3dromo de Andaluc\u00eda, donde lamentablemente este a\u00f1o no hemos podido acudir con ninguno de nuestros efectivos, en menos de un mes comenzar\u00e1 la nueva temporada de primavera en Hip\u00f3dromo de la Zarzuela de Madrid donde se izar\u00e1 la bandera azul para nuestra cuadra. Despu\u00e9s [&hellip;]<!-- AddThis Advanced Settings generic via filter on get_the_excerpt --><!-- AddThis Share Buttons generic via filter on get_the_excerpt --><\/p>\n","protected":false},"author":5,"featured_media":4625,"comment_status":"closed","ping_status":"closed","sticky":false,"template":"","format":"standard","meta":{"_acf_changed":false,"_et_pb_use_builder":"","_et_pb_old_content":"","_et_gb_content_width":"","footnotes":""},"categories":[3],"tags":[],"class_list":["post-4891","post","type-post","status-publish","format-standard","has-post-thumbnail","hentry","category-noticias-cuadra-agrado"],"acf":[],"yoast_head":"<!-- This site is optimized with the Yoast SEO plugin v27.4 - https:\/\/yoast.com\/product\/yoast-seo-wordpress\/ -->\n<title>Bandera azul izada para nuestra cuadra 2019 - Cuadra Agrado<\/title>\n<meta name=\"robots\" content=\"index, follow, max-snippet:-1, max-image-preview:large, max-video-preview:-1\" \/>\n<link rel=\"canonical\" href=\"https:\/\/cuadra-agrado.es\/?p=4891\" \/>\n<meta property=\"og:locale\" content=\"es_ES\" \/>\n<meta property=\"og:type\" content=\"article\" \/>\n<meta property=\"og:title\" content=\"Bandera azul izada para nuestra cuadra 2019 - Cuadra Agrado\" \/>\n<meta property=\"og:description\" content=\"Tras el inicio del nuevo a\u00f1o turf\u00edstico 2019 en el Gran Hip\u00f3dromo de Andaluc\u00eda, donde lamentablemente este a\u00f1o no hemos podido acudir con ninguno de nuestros efectivos, en menos de un mes comenzar\u00e1 la nueva temporada de primavera en Hip\u00f3dromo de la Zarzuela de Madrid donde se izar\u00e1 la bandera azul para nuestra cuadra. Despu\u00e9s [&hellip;]\" \/>\n<meta property=\"og:url\" content=\"https:\/\/cuadra-agrado.es\/?p=4891\" \/>\n<meta property=\"og:site_name\" content=\"Cuadra Agrado\" \/>\n<meta property=\"article:published_time\" content=\"2019-02-04T15:45:25+00:00\" \/>\n<meta property=\"article:modified_time\" content=\"2024-02-27T09:26:18+00:00\" \/>\n<meta name=\"author\" content=\"Miguel Redondo\" \/>\n<meta name=\"twitter:card\" content=\"summary_large_image\" \/>\n<meta name=\"twitter:creator\" content=\"@AGRADOracing\" \/>\n<meta name=\"twitter:site\" content=\"@AGRADOracing\" \/>\n<meta name=\"twitter:label1\" content=\"Escrito por\" \/>\n\t<meta name=\"twitter:data1\" content=\"Miguel Redondo\" \/>\n\t<meta name=\"twitter:label2\" content=\"Tiempo de lectura\" \/>\n\t<meta name=\"twitter:data2\" content=\"9 minutos\" \/>\n<script type=\"application\/ld+json\" class=\"yoast-schema-graph\">{\"@context\":\"https:\\\/\\\/schema.org\",\"@graph\":[{\"@type\":\"Article\",\"@id\":\"https:\\\/\\\/cuadra-agrado.es\\\/?p=4891#article\",\"isPartOf\":{\"@id\":\"https:\\\/\\\/cuadra-agrado.es\\\/?p=4891\"},\"author\":{\"name\":\"Miguel Redondo\",\"@id\":\"https:\\\/\\\/cuadra-agrado.es\\\/#\\\/schema\\\/person\\\/3aa4f8d2373cf756d93a5526bc72f31b\"},\"headline\":\"Bandera azul izada para nuestra cuadra 2019\",\"datePublished\":\"2019-02-04T15:45:25+00:00\",\"dateModified\":\"2024-02-27T09:26:18+00:00\",\"mainEntityOfPage\":{\"@id\":\"https:\\\/\\\/cuadra-agrado.es\\\/?p=4891\"},\"wordCount\":1884,\"image\":{\"@id\":\"https:\\\/\\\/cuadra-agrado.es\\\/?p=4891#primaryimage\"},\"thumbnailUrl\":\"\",\"articleSection\":[\"Actualidad\"],\"inLanguage\":\"es\"},{\"@type\":\"WebPage\",\"@id\":\"https:\\\/\\\/cuadra-agrado.es\\\/?p=4891\",\"url\":\"https:\\\/\\\/cuadra-agrado.es\\\/?p=4891\",\"name\":\"Bandera azul izada para nuestra cuadra 2019 - Cuadra Agrado\",\"isPartOf\":{\"@id\":\"https:\\\/\\\/cuadra-agrado.es\\\/#website\"},\"primaryImageOfPage\":{\"@id\":\"https:\\\/\\\/cuadra-agrado.es\\\/?p=4891#primaryimage\"},\"image\":{\"@id\":\"https:\\\/\\\/cuadra-agrado.es\\\/?p=4891#primaryimage\"},\"thumbnailUrl\":\"\",\"datePublished\":\"2019-02-04T15:45:25+00:00\",\"dateModified\":\"2024-02-27T09:26:18+00:00\",\"author\":{\"@id\":\"https:\\\/\\\/cuadra-agrado.es\\\/#\\\/schema\\\/person\\\/3aa4f8d2373cf756d93a5526bc72f31b\"},\"breadcrumb\":{\"@id\":\"https:\\\/\\\/cuadra-agrado.es\\\/?p=4891#breadcrumb\"},\"inLanguage\":\"es\",\"potentialAction\":[{\"@type\":\"ReadAction\",\"target\":[\"https:\\\/\\\/cuadra-agrado.es\\\/?p=4891\"]}]},{\"@type\":\"ImageObject\",\"inLanguage\":\"es\",\"@id\":\"https:\\\/\\\/cuadra-agrado.es\\\/?p=4891#primaryimage\",\"url\":\"\",\"contentUrl\":\"\"},{\"@type\":\"BreadcrumbList\",\"@id\":\"https:\\\/\\\/cuadra-agrado.es\\\/?p=4891#breadcrumb\",\"itemListElement\":[{\"@type\":\"ListItem\",\"position\":1,\"name\":\"Portada\",\"item\":\"https:\\\/\\\/cuadra-agrado.es\\\/\"},{\"@type\":\"ListItem\",\"position\":2,\"name\":\"Bandera azul izada para nuestra cuadra 2019\"}]},{\"@type\":\"WebSite\",\"@id\":\"https:\\\/\\\/cuadra-agrado.es\\\/#website\",\"url\":\"https:\\\/\\\/cuadra-agrado.es\\\/\",\"name\":\"Cuadra Agrado\",\"description\":\"En el mundo del Turf desde 2008\",\"potentialAction\":[{\"@type\":\"SearchAction\",\"target\":{\"@type\":\"EntryPoint\",\"urlTemplate\":\"https:\\\/\\\/cuadra-agrado.es\\\/?s={search_term_string}\"},\"query-input\":{\"@type\":\"PropertyValueSpecification\",\"valueRequired\":true,\"valueName\":\"search_term_string\"}}],\"inLanguage\":\"es\"},{\"@type\":\"Person\",\"@id\":\"https:\\\/\\\/cuadra-agrado.es\\\/#\\\/schema\\\/person\\\/3aa4f8d2373cf756d93a5526bc72f31b\",\"name\":\"Miguel Redondo\",\"image\":{\"@type\":\"ImageObject\",\"inLanguage\":\"es\",\"@id\":\"https:\\\/\\\/secure.gravatar.com\\\/avatar\\\/85704fceb4fa34017e3c1344d182da00dbf772fb8856ba2b7726a2df926415b4?s=96&d=mm&r=g\",\"url\":\"https:\\\/\\\/secure.gravatar.com\\\/avatar\\\/85704fceb4fa34017e3c1344d182da00dbf772fb8856ba2b7726a2df926415b4?s=96&d=mm&r=g\",\"contentUrl\":\"https:\\\/\\\/secure.gravatar.com\\\/avatar\\\/85704fceb4fa34017e3c1344d182da00dbf772fb8856ba2b7726a2df926415b4?s=96&d=mm&r=g\",\"caption\":\"Miguel Redondo\"},\"sameAs\":[\"https:\\\/\\\/cuadra-agrado.es\"],\"url\":\"https:\\\/\\\/cuadra-agrado.es\\\/?author=5\"}]}<\/script>\n<!-- \/ Yoast SEO plugin. -->","yoast_head_json":{"title":"Bandera azul izada para nuestra cuadra 2019 - Cuadra Agrado","robots":{"index":"index","follow":"follow","max-snippet":"max-snippet:-1","max-image-preview":"max-image-preview:large","max-video-preview":"max-video-preview:-1"},"canonical":"https:\/\/cuadra-agrado.es\/?p=4891","og_locale":"es_ES","og_type":"article","og_title":"Bandera azul izada para nuestra cuadra 2019 - Cuadra Agrado","og_description":"Tras el inicio del nuevo a\u00f1o turf\u00edstico 2019 en el Gran Hip\u00f3dromo de Andaluc\u00eda, donde lamentablemente este a\u00f1o no hemos podido acudir con ninguno de nuestros efectivos, en menos de un mes comenzar\u00e1 la nueva temporada de primavera en Hip\u00f3dromo de la Zarzuela de Madrid donde se izar\u00e1 la bandera azul para nuestra cuadra. Despu\u00e9s [&hellip;]","og_url":"https:\/\/cuadra-agrado.es\/?p=4891","og_site_name":"Cuadra Agrado","article_published_time":"2019-02-04T15:45:25+00:00","article_modified_time":"2024-02-27T09:26:18+00:00","author":"Miguel Redondo","twitter_card":"summary_large_image","twitter_creator":"@AGRADOracing","twitter_site":"@AGRADOracing","twitter_misc":{"Escrito por":"Miguel Redondo","Tiempo de lectura":"9 minutos"},"schema":{"@context":"https:\/\/schema.org","@graph":[{"@type":"Article","@id":"https:\/\/cuadra-agrado.es\/?p=4891#article","isPartOf":{"@id":"https:\/\/cuadra-agrado.es\/?p=4891"},"author":{"name":"Miguel Redondo","@id":"https:\/\/cuadra-agrado.es\/#\/schema\/person\/3aa4f8d2373cf756d93a5526bc72f31b"},"headline":"Bandera azul izada para nuestra cuadra 2019","datePublished":"2019-02-04T15:45:25+00:00","dateModified":"2024-02-27T09:26:18+00:00","mainEntityOfPage":{"@id":"https:\/\/cuadra-agrado.es\/?p=4891"},"wordCount":1884,"image":{"@id":"https:\/\/cuadra-agrado.es\/?p=4891#primaryimage"},"thumbnailUrl":"","articleSection":["Actualidad"],"inLanguage":"es"},{"@type":"WebPage","@id":"https:\/\/cuadra-agrado.es\/?p=4891","url":"https:\/\/cuadra-agrado.es\/?p=4891","name":"Bandera azul izada para nuestra cuadra 2019 - Cuadra Agrado","isPartOf":{"@id":"https:\/\/cuadra-agrado.es\/#website"},"primaryImageOfPage":{"@id":"https:\/\/cuadra-agrado.es\/?p=4891#primaryimage"},"image":{"@id":"https:\/\/cuadra-agrado.es\/?p=4891#primaryimage"},"thumbnailUrl":"","datePublished":"2019-02-04T15:45:25+00:00","dateModified":"2024-02-27T09:26:18+00:00","author":{"@id":"https:\/\/cuadra-agrado.es\/#\/schema\/person\/3aa4f8d2373cf756d93a5526bc72f31b"},"breadcrumb":{"@id":"https:\/\/cuadra-agrado.es\/?p=4891#breadcrumb"},"inLanguage":"es","potentialAction":[{"@type":"ReadAction","target":["https:\/\/cuadra-agrado.es\/?p=4891"]}]},{"@type":"ImageObject","inLanguage":"es","@id":"https:\/\/cuadra-agrado.es\/?p=4891#primaryimage","url":"","contentUrl":""},{"@type":"BreadcrumbList","@id":"https:\/\/cuadra-agrado.es\/?p=4891#breadcrumb","itemListElement":[{"@type":"ListItem","position":1,"name":"Portada","item":"https:\/\/cuadra-agrado.es\/"},{"@type":"ListItem","position":2,"name":"Bandera azul izada para nuestra cuadra 2019"}]},{"@type":"WebSite","@id":"https:\/\/cuadra-agrado.es\/#website","url":"https:\/\/cuadra-agrado.es\/","name":"Cuadra Agrado","description":"En el mundo del Turf desde 2008","potentialAction":[{"@type":"SearchAction","target":{"@type":"EntryPoint","urlTemplate":"https:\/\/cuadra-agrado.es\/?s={search_term_string}"},"query-input":{"@type":"PropertyValueSpecification","valueRequired":true,"valueName":"search_term_string"}}],"inLanguage":"es"},{"@type":"Person","@id":"https:\/\/cuadra-agrado.es\/#\/schema\/person\/3aa4f8d2373cf756d93a5526bc72f31b","name":"Miguel Redondo","image":{"@type":"ImageObject","inLanguage":"es","@id":"https:\/\/secure.gravatar.com\/avatar\/85704fceb4fa34017e3c1344d182da00dbf772fb8856ba2b7726a2df926415b4?s=96&d=mm&r=g","url":"https:\/\/secure.gravatar.com\/avatar\/85704fceb4fa34017e3c1344d182da00dbf772fb8856ba2b7726a2df926415b4?s=96&d=mm&r=g","contentUrl":"https:\/\/secure.gravatar.com\/avatar\/85704fceb4fa34017e3c1344d182da00dbf772fb8856ba2b7726a2df926415b4?s=96&d=mm&r=g","caption":"Miguel Redondo"},"sameAs":["https:\/\/cuadra-agrado.es"],"url":"https:\/\/cuadra-agrado.es\/?author=5"}]}},"_links":{"self":[{"href":"https:\/\/cuadra-agrado.es\/index.php?rest_route=\/wp\/v2\/posts\/4891","targetHints":{"allow":["GET"]}}],"collection":[{"href":"https:\/\/cuadra-agrado.es\/index.php?rest_route=\/wp\/v2\/posts"}],"about":[{"href":"https:\/\/cuadra-agrado.es\/index.php?rest_route=\/wp\/v2\/types\/post"}],"author":[{"embeddable":true,"href":"https:\/\/cuadra-agrado.es\/index.php?rest_route=\/wp\/v2\/users\/5"}],"replies":[{"embeddable":true,"href":"https:\/\/cuadra-agrado.es\/index.php?rest_route=%2Fwp%2Fv2%2Fcomments&post=4891"}],"version-history":[{"count":0,"href":"https:\/\/cuadra-agrado.es\/index.php?rest_route=\/wp\/v2\/posts\/4891\/revisions"}],"wp:featuredmedia":[{"embeddable":true,"href":"https:\/\/cuadra-agrado.es\/index.php?rest_route=\/"}],"wp:attachment":[{"href":"https:\/\/cuadra-agrado.es\/index.php?rest_route=%2Fwp%2Fv2%2Fmedia&parent=4891"}],"wp:term":[{"taxonomy":"category","embeddable":true,"href":"https:\/\/cuadra-agrado.es\/index.php?rest_route=%2Fwp%2Fv2%2Fcategories&post=4891"},{"taxonomy":"post_tag","embeddable":true,"href":"https:\/\/cuadra-agrado.es\/index.php?rest_route=%2Fwp%2Fv2%2Ftags&post=4891"}],"curies":[{"name":"wp","href":"https:\/\/api.w.org\/{rel}","templated":true}]}}