{"id":4875,"date":"2018-12-28T17:21:10","date_gmt":"2018-12-28T16:21:10","guid":{"rendered":"https:\/\/cuadra-agrado.es\/?p=4875"},"modified":"2024-02-27T09:26:18","modified_gmt":"2024-02-27T09:26:18","slug":"barbarigo-despide-2018","status":"publish","type":"post","link":"https:\/\/cuadra-agrado.es\/?p=4875","title":{"rendered":"Barbarigo echa el cierre a 2018"},"content":{"rendered":"<p style=\"text-align: justify;\"><strong><a href=\"http:\/\/cuadra-agrado.es\/wp-content\/uploads\/2018\/12\/IMG_0768.jpg\" target=\"_blank\" rel=\"noopener noreferrer\"><img loading=\"lazy\" decoding=\"async\" class=\"alignleft wp-image-4876 \" src=\"http:\/\/cuadra-agrado.es\/wp-content\/uploads\/2018\/12\/IMG_0768.jpg\" alt=\"\" width=\"408\" height=\"230\"><\/a>\u00abBarbarigo\u00bb<\/strong> fue el protagonista de nuestro fin de a\u00f1o 2018 con un digno quinto puesto en el premio \u201cLuis Urbano\u201d celebrado en el Hip\u00f3dromo de la Zarzuela. Sab\u00edamos de antemano que era una autentica osad\u00eda poder disputar una victoria con 73 kilos en los lomos, pero ya explic\u00e1bamos en nuestra previa que la ocasi\u00f3n lo merec\u00eda. Se trataba de un d\u00eda muy especial en un entorno familiar y navide\u00f1o en que quer\u00edamos ser parte protagonista de un evento que muy pocas veces hemos podido presenciar en nuestro turf. Por otra parte, quer\u00edamos tambi\u00e9n aprovechar la despedida de un joven gentleman al que le hac\u00eda tambi\u00e9n especial ilusi\u00f3n volver a subirse en el caballo con el que conquistara su primera victoria en competici\u00f3n, antes de su marcha a tierras irlandesas.<\/p>\n<p style=\"text-align: justify;\">La competici\u00f3n en la mayor\u00eda de las ocasiones es justa y, finalmente no pudo ser. Pero el binomio volvi\u00f3 a responder incluso mejor de lo que las matem\u00e1ticas nos dec\u00edan. Con una estrategia algo m\u00e1s conservadora que lo habitual, trat\u00f3 de disputar la carrera a la entrada de recta definitiva, pero el duro lastre se dej\u00f3 notar a falta de 300 metros y el quinto puesto a apenas 2 cuerpos del tercero, y con muchos kilos de diferencia, nos indica que su valor volvi\u00f3 a mantenerse como lo ha hecho durante todo el a\u00f1o. Es evidente que recibimos cr\u00edticas a favor y en contra de nuestra participaci\u00f3n, cosa algo habitual en nuestro mundo. Aceptamos todas y cada una de esas cr\u00edticas constructivas, pero con el toro ya lidiado en plaza, nos reafirmamos en nuestra decisi\u00f3n del todo consensuada con nuestra preparaci\u00f3n y entorno m\u00e1s intimo.<\/p>\n<p style=\"text-align: justify;\"><strong>\u201cBarbarigo\u201d<\/strong> cierra as\u00ed una larga y dura temporada que comenzara en el GP de Velocidad sevillana all\u00e1 por el mes de febrero. Han sido diez largos meses donde ha estado presente en pruebas de entidad como ese mismo GP de Andaluc\u00eda, Premio Asociaci\u00f3n de Hip\u00f3dromos, Premio Arkaitz, Premio Nertal como preparatoria al GP Carudel, GP Gobierno Vasco, Young Tiger, Infanta Beatriz o el \u00faltimo GP Antonio Blasco.&nbsp;Bien es cierto que solo obtuvo la recompensa de una vitoria en una prueba menor en la temporada estival de Madrid, pero la constancia y lucha en todas y cada una de sus salidas le han hecho mantener un alto valor en nuestra liga nacional desde el primero al \u00faltimo d\u00eda de este 2018.<\/p>\n<p style=\"text-align: justify;\">Por lo que respecta a los dem\u00e1s efectivos, fue el a\u00f1o de la triste despedida del eterno&nbsp;<strong>\u201dRany\u00e1n<\/strong>\u201d a sus nueve a\u00f1os, despu\u00e9s de demostrar a todo nuestro turf la pasta de gladiador de la que estaba hecho. Se despidi\u00f3 mucho m\u00e1s tarde de lo que incluso nosotros hab\u00edamos planificado, pero le dejamos galopar hasta que \u00e9l quiso poner el punto y final a su dilatada y m\u00e1s que honrada carrera en competici\u00f3n. Se march\u00f3 entre aplausos de muchos de sus fieles seguidores, no sin antes volver a sumar otras dos victorias en este su \u00faltimo a\u00f1o, para dejar una bonita docena en su historial. Hoy ya descansa pl\u00e1cidamente junto con sus primeros compa\u00f1eros de patio <strong>\u201cOrlov\u201d y \u201cValiant Blue\u201d<\/strong>, los tres mosqueteros que inauguraron nuestra cuadra all\u00e1 por 2008, y que solo entre ellos tres completaran nada m\u00e1s y nada menos que 32 victorias.<\/p>\n<p style=\"text-align: justify;\">A \u201c<strong>American Blue\u201d<\/strong> se le fue el a\u00f1o entre juegos y charangas. Desde el principio sab\u00edamos que a su cabeza le faltaba todav\u00eda alg\u00fan hervor, y decidimos darle tiempo para tratar de amueblarla poco a poco. Tanto tiempo le dimos, que se nos fue el a\u00f1o sin que nos ofreciera mucho m\u00e1s que un prodigioso aspecto f\u00edsico y una ilusi\u00f3n futura que trataremos de disfrutar en su edad cl\u00e1sica, si finalmente la reciente castraci\u00f3n le hace centrarse, y nos ofrece todo el potencial que parece esconder.<\/p>\n<p style=\"text-align: justify;\">Fue el a\u00f1o de despedida tambi\u00e9n para <strong>\u201cCaribean Blue\u201d<\/strong> que finalmente confirm\u00f3 lo que muy lentamente comenzamos a sospechar desde principios de a\u00f1o\u2026.. Le dimos seis intentos en diferentes distancias durante la primara parte del a\u00f1o, pero lo \u00fanico que sacamos en claro fue la poca calidad que portaba su gen\u00e9tica. No hubo una opci\u00f3n mejor que enviarla al campo para disfrutar de ella en livianos paseos a media tarde.<\/p>\n<p style=\"text-align: justify;\">La estirpe de los \u201cBlues\u201d este a\u00f1o parec\u00eda hacer aguas, hasta que lleg\u00f3 el esperado debut de \u201c<strong>Danubian Blue\u201d<\/strong>. Yegua que recriamos con much\u00edsimo cari\u00f1o y que fue la protagonista de nuestro enlace con un nuevo preparador al que le deb\u00edamos una promesa desde hac\u00eda tiempo. J.C. Cerqueira comenz\u00f3 con mucha ilusi\u00f3n en febrero esta nueva etapa con nosotros, y poco a poco la fue amoldando y convirtiendo en una yegua de carreras. Tanto fue as\u00ed que incluso le sorprendi\u00f3 que, con una condici\u00f3n m\u00ednima para debutar casi in-extremis en la \u00faltima jornada de oto\u00f1o, consiguiera su primera victoria ante rivales de cierta entidad. La estirpe de los \u201cBlues\u201d volvi\u00f3 a llenarse de ilusi\u00f3n, y tenemos mucho de esa esencia para el pr\u00f3ximo a\u00f1o con ella.<br \/>\nYa presentamos hace poco a&nbsp;<strong>\u201cWe Know\u201d<\/strong>, el \u00faltimo nuevo miembro de la cuadra que aterriz\u00f3 desde tierras brit\u00e1nicas hace apenas dos meses y que no lleg\u00f3 a tiempo de estrenarse con nosotros en 2018. Un nuevo miembro de cuatro a\u00f1os en el que tenemos mucha ilusi\u00f3n, y seguro ser\u00e1 parte importante de nuestra escuadra para el pr\u00f3ximo a\u00f1o con muy buenas referencias y un buen valor contrastado por encima de 40.<\/p>\n<p style=\"text-align: justify;\">Y para terminar, pronto tendremos en competici\u00f3n a nuestro primer producto como criador. Otro \u00abBlue\u00bb est\u00e1 en camino y se presentar\u00e1 en sociedad como \u00abHighrock Blue\u00bb, hija y primer producto de nuestra yegua madre \u00abHigh Brooklyn\u00bb y el querido por toda la afici\u00f3n espa\u00f1ola, \u00abCeltic Rock\u00bb. &nbsp;<\/p>\n<p style=\"text-align: justify;\">Termina el d\u00e9cimo a\u00f1o de nuestra historia y en breve comenzaremos uno nuevo. No ha sido el mejor a\u00f1o en cuanto a victorias se refiere, solamente pudimos sumar cuatro a nuestro historial. Pero hemos disfrutado un a\u00f1o m\u00e1s con recuerdos que quedar\u00e1n para nuestra historia&#8230;. Recuerdos entre los que destacar\u00e1n en este 2018 la primera victoria conseguida en un debut, la merecida despedida de un gladiador y el v\u00e9rtigo de ver a uno de los nuestros luchar hasta pr\u00e1cticamente el poste de meta todo un \u00abGobierno Vasco\u00bb.<br \/>\nLamentablemente el programa invernal de Sevilla este a\u00f1o no se ajusta a las condiciones de nuestros efectivos y muy probablemente la temporada 2019 comenzar\u00e1 acompa\u00f1ada de la primavera madrile\u00f1a.&nbsp;<\/p>\n<p>Feliz a\u00f1o para todos y nos vemos muy pronto en 2019.<\/p>\n<hr>\n<p style=\"text-align: justify;\">&nbsp;<\/p>\n<!-- AddThis Advanced Settings generic via filter on the_content --><!-- AddThis Share Buttons generic via filter on the_content -->","protected":false},"excerpt":{"rendered":"<p>\u00abBarbarigo\u00bb fue el protagonista de nuestro fin de a\u00f1o 2018 con un digno quinto puesto en el premio \u201cLuis Urbano\u201d celebrado en el Hip\u00f3dromo de la Zarzuela. Sab\u00edamos de antemano que era una autentica osad\u00eda poder disputar una victoria con 73 kilos en los lomos, pero ya explic\u00e1bamos en nuestra previa que la ocasi\u00f3n lo [&hellip;]<!-- AddThis Advanced Settings generic via filter on get_the_excerpt --><!-- AddThis Share Buttons generic via filter on get_the_excerpt --><\/p>\n","protected":false},"author":5,"featured_media":4876,"comment_status":"closed","ping_status":"closed","sticky":false,"template":"","format":"standard","meta":{"_acf_changed":false,"_et_pb_use_builder":"","_et_pb_old_content":"","_et_gb_content_width":"","footnotes":""},"categories":[3],"tags":[],"class_list":["post-4875","post","type-post","status-publish","format-standard","has-post-thumbnail","hentry","category-noticias-cuadra-agrado"],"acf":[],"yoast_head":"<!-- This site is optimized with the Yoast SEO plugin v27.4 - https:\/\/yoast.com\/product\/yoast-seo-wordpress\/ -->\n<title>Barbarigo echa el cierre a 2018 - Cuadra Agrado<\/title>\n<meta name=\"robots\" content=\"index, follow, max-snippet:-1, max-image-preview:large, max-video-preview:-1\" \/>\n<link rel=\"canonical\" href=\"https:\/\/cuadra-agrado.es\/?p=4875\" \/>\n<meta property=\"og:locale\" content=\"es_ES\" \/>\n<meta property=\"og:type\" content=\"article\" \/>\n<meta property=\"og:title\" content=\"Barbarigo echa el cierre a 2018 - Cuadra Agrado\" \/>\n<meta property=\"og:description\" content=\"\u00abBarbarigo\u00bb fue el protagonista de nuestro fin de a\u00f1o 2018 con un digno quinto puesto en el premio \u201cLuis Urbano\u201d celebrado en el Hip\u00f3dromo de la Zarzuela. Sab\u00edamos de antemano que era una autentica osad\u00eda poder disputar una victoria con 73 kilos en los lomos, pero ya explic\u00e1bamos en nuestra previa que la ocasi\u00f3n lo [&hellip;]\" \/>\n<meta property=\"og:url\" content=\"https:\/\/cuadra-agrado.es\/?p=4875\" \/>\n<meta property=\"og:site_name\" content=\"Cuadra Agrado\" \/>\n<meta property=\"article:published_time\" content=\"2018-12-28T16:21:10+00:00\" \/>\n<meta property=\"article:modified_time\" content=\"2024-02-27T09:26:18+00:00\" \/>\n<meta name=\"author\" content=\"Miguel Redondo\" \/>\n<meta name=\"twitter:card\" content=\"summary_large_image\" \/>\n<meta name=\"twitter:creator\" content=\"@AGRADOracing\" \/>\n<meta name=\"twitter:site\" content=\"@AGRADOracing\" \/>\n<meta name=\"twitter:label1\" content=\"Escrito por\" \/>\n\t<meta name=\"twitter:data1\" content=\"Miguel Redondo\" \/>\n\t<meta name=\"twitter:label2\" content=\"Tiempo de lectura\" \/>\n\t<meta name=\"twitter:data2\" content=\"6 minutos\" \/>\n<script type=\"application\/ld+json\" class=\"yoast-schema-graph\">{\"@context\":\"https:\\\/\\\/schema.org\",\"@graph\":[{\"@type\":\"Article\",\"@id\":\"https:\\\/\\\/cuadra-agrado.es\\\/?p=4875#article\",\"isPartOf\":{\"@id\":\"https:\\\/\\\/cuadra-agrado.es\\\/?p=4875\"},\"author\":{\"name\":\"Miguel Redondo\",\"@id\":\"https:\\\/\\\/cuadra-agrado.es\\\/#\\\/schema\\\/person\\\/3aa4f8d2373cf756d93a5526bc72f31b\"},\"headline\":\"Barbarigo echa el cierre a 2018\",\"datePublished\":\"2018-12-28T16:21:10+00:00\",\"dateModified\":\"2024-02-27T09:26:18+00:00\",\"mainEntityOfPage\":{\"@id\":\"https:\\\/\\\/cuadra-agrado.es\\\/?p=4875\"},\"wordCount\":1162,\"image\":{\"@id\":\"https:\\\/\\\/cuadra-agrado.es\\\/?p=4875#primaryimage\"},\"thumbnailUrl\":\"\",\"articleSection\":[\"Actualidad\"],\"inLanguage\":\"es\"},{\"@type\":\"WebPage\",\"@id\":\"https:\\\/\\\/cuadra-agrado.es\\\/?p=4875\",\"url\":\"https:\\\/\\\/cuadra-agrado.es\\\/?p=4875\",\"name\":\"Barbarigo echa el cierre a 2018 - Cuadra Agrado\",\"isPartOf\":{\"@id\":\"https:\\\/\\\/cuadra-agrado.es\\\/#website\"},\"primaryImageOfPage\":{\"@id\":\"https:\\\/\\\/cuadra-agrado.es\\\/?p=4875#primaryimage\"},\"image\":{\"@id\":\"https:\\\/\\\/cuadra-agrado.es\\\/?p=4875#primaryimage\"},\"thumbnailUrl\":\"\",\"datePublished\":\"2018-12-28T16:21:10+00:00\",\"dateModified\":\"2024-02-27T09:26:18+00:00\",\"author\":{\"@id\":\"https:\\\/\\\/cuadra-agrado.es\\\/#\\\/schema\\\/person\\\/3aa4f8d2373cf756d93a5526bc72f31b\"},\"breadcrumb\":{\"@id\":\"https:\\\/\\\/cuadra-agrado.es\\\/?p=4875#breadcrumb\"},\"inLanguage\":\"es\",\"potentialAction\":[{\"@type\":\"ReadAction\",\"target\":[\"https:\\\/\\\/cuadra-agrado.es\\\/?p=4875\"]}]},{\"@type\":\"ImageObject\",\"inLanguage\":\"es\",\"@id\":\"https:\\\/\\\/cuadra-agrado.es\\\/?p=4875#primaryimage\",\"url\":\"\",\"contentUrl\":\"\"},{\"@type\":\"BreadcrumbList\",\"@id\":\"https:\\\/\\\/cuadra-agrado.es\\\/?p=4875#breadcrumb\",\"itemListElement\":[{\"@type\":\"ListItem\",\"position\":1,\"name\":\"Portada\",\"item\":\"https:\\\/\\\/cuadra-agrado.es\\\/\"},{\"@type\":\"ListItem\",\"position\":2,\"name\":\"Barbarigo echa el cierre a 2018\"}]},{\"@type\":\"WebSite\",\"@id\":\"https:\\\/\\\/cuadra-agrado.es\\\/#website\",\"url\":\"https:\\\/\\\/cuadra-agrado.es\\\/\",\"name\":\"Cuadra Agrado\",\"description\":\"En el mundo del Turf desde 2008\",\"potentialAction\":[{\"@type\":\"SearchAction\",\"target\":{\"@type\":\"EntryPoint\",\"urlTemplate\":\"https:\\\/\\\/cuadra-agrado.es\\\/?s={search_term_string}\"},\"query-input\":{\"@type\":\"PropertyValueSpecification\",\"valueRequired\":true,\"valueName\":\"search_term_string\"}}],\"inLanguage\":\"es\"},{\"@type\":\"Person\",\"@id\":\"https:\\\/\\\/cuadra-agrado.es\\\/#\\\/schema\\\/person\\\/3aa4f8d2373cf756d93a5526bc72f31b\",\"name\":\"Miguel Redondo\",\"image\":{\"@type\":\"ImageObject\",\"inLanguage\":\"es\",\"@id\":\"https:\\\/\\\/secure.gravatar.com\\\/avatar\\\/85704fceb4fa34017e3c1344d182da00dbf772fb8856ba2b7726a2df926415b4?s=96&d=mm&r=g\",\"url\":\"https:\\\/\\\/secure.gravatar.com\\\/avatar\\\/85704fceb4fa34017e3c1344d182da00dbf772fb8856ba2b7726a2df926415b4?s=96&d=mm&r=g\",\"contentUrl\":\"https:\\\/\\\/secure.gravatar.com\\\/avatar\\\/85704fceb4fa34017e3c1344d182da00dbf772fb8856ba2b7726a2df926415b4?s=96&d=mm&r=g\",\"caption\":\"Miguel Redondo\"},\"sameAs\":[\"https:\\\/\\\/cuadra-agrado.es\"],\"url\":\"https:\\\/\\\/cuadra-agrado.es\\\/?author=5\"}]}<\/script>\n<!-- \/ Yoast SEO plugin. -->","yoast_head_json":{"title":"Barbarigo echa el cierre a 2018 - Cuadra Agrado","robots":{"index":"index","follow":"follow","max-snippet":"max-snippet:-1","max-image-preview":"max-image-preview:large","max-video-preview":"max-video-preview:-1"},"canonical":"https:\/\/cuadra-agrado.es\/?p=4875","og_locale":"es_ES","og_type":"article","og_title":"Barbarigo echa el cierre a 2018 - Cuadra Agrado","og_description":"\u00abBarbarigo\u00bb fue el protagonista de nuestro fin de a\u00f1o 2018 con un digno quinto puesto en el premio \u201cLuis Urbano\u201d celebrado en el Hip\u00f3dromo de la Zarzuela. Sab\u00edamos de antemano que era una autentica osad\u00eda poder disputar una victoria con 73 kilos en los lomos, pero ya explic\u00e1bamos en nuestra previa que la ocasi\u00f3n lo [&hellip;]","og_url":"https:\/\/cuadra-agrado.es\/?p=4875","og_site_name":"Cuadra Agrado","article_published_time":"2018-12-28T16:21:10+00:00","article_modified_time":"2024-02-27T09:26:18+00:00","author":"Miguel Redondo","twitter_card":"summary_large_image","twitter_creator":"@AGRADOracing","twitter_site":"@AGRADOracing","twitter_misc":{"Escrito por":"Miguel Redondo","Tiempo de lectura":"6 minutos"},"schema":{"@context":"https:\/\/schema.org","@graph":[{"@type":"Article","@id":"https:\/\/cuadra-agrado.es\/?p=4875#article","isPartOf":{"@id":"https:\/\/cuadra-agrado.es\/?p=4875"},"author":{"name":"Miguel Redondo","@id":"https:\/\/cuadra-agrado.es\/#\/schema\/person\/3aa4f8d2373cf756d93a5526bc72f31b"},"headline":"Barbarigo echa el cierre a 2018","datePublished":"2018-12-28T16:21:10+00:00","dateModified":"2024-02-27T09:26:18+00:00","mainEntityOfPage":{"@id":"https:\/\/cuadra-agrado.es\/?p=4875"},"wordCount":1162,"image":{"@id":"https:\/\/cuadra-agrado.es\/?p=4875#primaryimage"},"thumbnailUrl":"","articleSection":["Actualidad"],"inLanguage":"es"},{"@type":"WebPage","@id":"https:\/\/cuadra-agrado.es\/?p=4875","url":"https:\/\/cuadra-agrado.es\/?p=4875","name":"Barbarigo echa el cierre a 2018 - Cuadra Agrado","isPartOf":{"@id":"https:\/\/cuadra-agrado.es\/#website"},"primaryImageOfPage":{"@id":"https:\/\/cuadra-agrado.es\/?p=4875#primaryimage"},"image":{"@id":"https:\/\/cuadra-agrado.es\/?p=4875#primaryimage"},"thumbnailUrl":"","datePublished":"2018-12-28T16:21:10+00:00","dateModified":"2024-02-27T09:26:18+00:00","author":{"@id":"https:\/\/cuadra-agrado.es\/#\/schema\/person\/3aa4f8d2373cf756d93a5526bc72f31b"},"breadcrumb":{"@id":"https:\/\/cuadra-agrado.es\/?p=4875#breadcrumb"},"inLanguage":"es","potentialAction":[{"@type":"ReadAction","target":["https:\/\/cuadra-agrado.es\/?p=4875"]}]},{"@type":"ImageObject","inLanguage":"es","@id":"https:\/\/cuadra-agrado.es\/?p=4875#primaryimage","url":"","contentUrl":""},{"@type":"BreadcrumbList","@id":"https:\/\/cuadra-agrado.es\/?p=4875#breadcrumb","itemListElement":[{"@type":"ListItem","position":1,"name":"Portada","item":"https:\/\/cuadra-agrado.es\/"},{"@type":"ListItem","position":2,"name":"Barbarigo echa el cierre a 2018"}]},{"@type":"WebSite","@id":"https:\/\/cuadra-agrado.es\/#website","url":"https:\/\/cuadra-agrado.es\/","name":"Cuadra Agrado","description":"En el mundo del Turf desde 2008","potentialAction":[{"@type":"SearchAction","target":{"@type":"EntryPoint","urlTemplate":"https:\/\/cuadra-agrado.es\/?s={search_term_string}"},"query-input":{"@type":"PropertyValueSpecification","valueRequired":true,"valueName":"search_term_string"}}],"inLanguage":"es"},{"@type":"Person","@id":"https:\/\/cuadra-agrado.es\/#\/schema\/person\/3aa4f8d2373cf756d93a5526bc72f31b","name":"Miguel Redondo","image":{"@type":"ImageObject","inLanguage":"es","@id":"https:\/\/secure.gravatar.com\/avatar\/85704fceb4fa34017e3c1344d182da00dbf772fb8856ba2b7726a2df926415b4?s=96&d=mm&r=g","url":"https:\/\/secure.gravatar.com\/avatar\/85704fceb4fa34017e3c1344d182da00dbf772fb8856ba2b7726a2df926415b4?s=96&d=mm&r=g","contentUrl":"https:\/\/secure.gravatar.com\/avatar\/85704fceb4fa34017e3c1344d182da00dbf772fb8856ba2b7726a2df926415b4?s=96&d=mm&r=g","caption":"Miguel Redondo"},"sameAs":["https:\/\/cuadra-agrado.es"],"url":"https:\/\/cuadra-agrado.es\/?author=5"}]}},"_links":{"self":[{"href":"https:\/\/cuadra-agrado.es\/index.php?rest_route=\/wp\/v2\/posts\/4875","targetHints":{"allow":["GET"]}}],"collection":[{"href":"https:\/\/cuadra-agrado.es\/index.php?rest_route=\/wp\/v2\/posts"}],"about":[{"href":"https:\/\/cuadra-agrado.es\/index.php?rest_route=\/wp\/v2\/types\/post"}],"author":[{"embeddable":true,"href":"https:\/\/cuadra-agrado.es\/index.php?rest_route=\/wp\/v2\/users\/5"}],"replies":[{"embeddable":true,"href":"https:\/\/cuadra-agrado.es\/index.php?rest_route=%2Fwp%2Fv2%2Fcomments&post=4875"}],"version-history":[{"count":0,"href":"https:\/\/cuadra-agrado.es\/index.php?rest_route=\/wp\/v2\/posts\/4875\/revisions"}],"wp:featuredmedia":[{"embeddable":true,"href":"https:\/\/cuadra-agrado.es\/index.php?rest_route=\/"}],"wp:attachment":[{"href":"https:\/\/cuadra-agrado.es\/index.php?rest_route=%2Fwp%2Fv2%2Fmedia&parent=4875"}],"wp:term":[{"taxonomy":"category","embeddable":true,"href":"https:\/\/cuadra-agrado.es\/index.php?rest_route=%2Fwp%2Fv2%2Fcategories&post=4875"},{"taxonomy":"post_tag","embeddable":true,"href":"https:\/\/cuadra-agrado.es\/index.php?rest_route=%2Fwp%2Fv2%2Ftags&post=4875"}],"curies":[{"name":"wp","href":"https:\/\/api.w.org\/{rel}","templated":true}]}}