{"id":4755,"date":"2018-11-19T13:15:02","date_gmt":"2018-11-19T12:15:02","guid":{"rendered":"https:\/\/cuadra-agrado.es\/?p=4755"},"modified":"2024-02-27T09:26:20","modified_gmt":"2024-02-27T09:26:20","slug":"barbarigo-se-reengancha-al-blasco","status":"publish","type":"post","link":"https:\/\/cuadra-agrado.es\/?p=4755","title":{"rendered":"Barbarigo se reengancha al Blasco"},"content":{"rendered":"<p style=\"text-align: justify;\"><a href=\"http:\/\/cuadra-agrado.es\/wp-content\/uploads\/2018\/09\/IMG_0539.jpg\" target=\"_blank\" rel=\"noopener noreferrer\"><img loading=\"lazy\" decoding=\"async\" class=\"alignleft wp-image-4617\" src=\"http:\/\/cuadra-agrado.es\/wp-content\/uploads\/2018\/09\/IMG_0539-1024x683.jpg\" alt=\"\" width=\"648\" height=\"432\" \/><\/a>No estaba en nuestros planes iniciales, ni tan siquiera en los finales de hace apenas un par de semanas donde d\u00e1bamos por finalizado su tercer a\u00f1o en competici\u00f3n, pero las sensaciones algunas veces cambian de estado, y hoy podemos confirmar que <strong>\u201cBarbarigo\u201d<\/strong> estar\u00e1 en el partant del pr\u00f3ximo <em>Gran Premio Antonio Blasco 2018.<\/em><\/p>\n<p style=\"text-align: justify;\">Tras su \u00faltima actuaci\u00f3n en el Gran H\u00e1ndicap <em>\u201cInfanta Beatriz\u201d<\/em>, donde los handicapers estimaran volver a incrementar su valor, nos dej\u00f3 otro buen sabor de boca con un bonito y trabajado segundo puesto portando el top de la escala. Decidimos entonces mantener el programa y aprovechar el invierno para dejarle descansar\u00a0 con vistas a un reinicio en la temporada de invierno sevillana. Durante los dos d\u00edas siguientes a esa \u00faltima carrera, nos abord\u00f3 la ilusi\u00f3nate idea de aprovechar esa magn\u00edfica forma que hab\u00eda demostrado en su reaparici\u00f3n, despu\u00e9s de dos meses de descanso, para intentar buscar una nueva opci\u00f3n antes de finalizar el a\u00f1o. La apuesta no representaba mucho riesgo ya con el final de temporada en ciernes, y decidimos buscar una carrera para intentar encontrar esa victoria que durante el a\u00f1o se le ha negado demasiadas m\u00e1s veces de las que merec\u00eda.\u00a0 Por m\u00e1s que buscamos una carrera asequible de su condici\u00f3n en Madrid, Sevilla o incluso en tierras galas, no quedaba mucho donde elegir nada m\u00e1s que un se\u00f1alado y siempre dif\u00edcil <em>Gran Premio Antonio Blasco<\/em> con un a priori numeroso partant, y con un alto coste de reenganche. Aunque la elecci\u00f3n era del todo osada por nuestra parte, decidimos ponerlo en conocimiento de nuestro preparador Juan Luis Maroto para que nos diera su opini\u00f3n a nuestra atrevida propuesta. No tard\u00f3 el bueno de Juan Luis en decirnos que, aunque inicialmente no lo ten\u00eda contemplado, la sugerencia podr\u00eda ser muy factible y su confianza nos empuj\u00f3 a contemplar de manera mucho m\u00e1s seria la idea. Decidimos dejar pasar unos d\u00edas para ver c\u00f3mo le hab\u00eda sentado la \u00faltima carrera, y el propio Juan Luis, despu\u00e9s del trabajo matinal del pasado s\u00e1bado, nos confirm\u00f3 que el caballo estaba todav\u00eda en mejores condiciones de forma que en su reaparici\u00f3n, lo que nos sirvi\u00f3 para dar el paso definitivo y de manera conjunta, jugar nuestras cartas. Decidimos entonces\u00a0 hablar con nuestro jockey \u201cBorja Fayos\u201d, (que ya incluso hab\u00eda confirmado su compromiso de monta para esa carrera) para informarle de nuestra intenci\u00f3n de estar en el partant definitivo.<br \/>\nHoy lunes a las 12:30 ha quedado confirmado nuestro reenganche en la prueba estrella de la jornada donde<strong> \u201cBarbarigo\u201d<\/strong> tratar\u00e1 de disputar la carrera contra el mejor ramillete de velocistas de valor en nuestro pa\u00eds. A falta del partant definitivo, ser\u00e1n finalmente catorce los participantes en este cl\u00e1sico<em> \u201cGP Antonio Blasco\u201d<\/em> sobre distancia de 1.400 metros y que se dar\u00e1 cita en la quinta carrera de la jornada.<\/p>\n<p style=\"text-align: justify;\">Hay una m\u00e1xima en el turf que dice que un reenganche bien merece una victoria, y aunque las opciones irremediablemente pasan por el fallo de unos claros favoritos de la prueba como son el caso de<strong> \u201cPresidency<\/strong>\u201d, o el brillante ganador del \u00faltimo Hispanidad, <strong>\u201cC\u00e9firo\u201d,<\/strong> como los dos caballos con mejor valor de la prueba, tambi\u00e9n vamos a tener que luchar con otros muchos que de igual forma buscan ese fallo y que llegan tambi\u00e9n en plena forma mental y f\u00edsica para luchar una de las m\u00e1s bonitas pruebas de velocidad de nuestro turf. Grandes elegidos figuran en el partant, y ejemplos de ellos a los ya mencionados son; <strong>\u201cAngel Down\u201d<\/strong> como triple ganador en el a\u00f1o en pruebas de velocidad,<strong> \u201cCuppacoffee\u201d<\/strong> como ganador del vigente Habitancum, o el cu\u00e1druple ganador sobre la distancia <strong>\u201cVale\u201d<\/strong>. Adem\u00e1s de estos viejos, debemos resaltar a los que corresponden a la edad cl\u00e1sica que tambi\u00e9n puede tener su chance. Es el caso de\u00a0la ganadora del 77\u00ba aniversario <strong>\u201cSoupha<\/strong>\u201d, o el m\u00e1s que fiable \u201c<strong>Another day of Sun\u201d,<\/strong> que ser\u00e1 la primera vez que se enfrente a los viejos, pero que cuyos n\u00fameros asustan con 4 grandes victorias en el a\u00f1o entre las que destacan el \u201cOpcional\u201d, \u201cTorre Arias\u201d y \u201cPoule\u201d.<\/p>\n<p style=\"text-align: justify;\">Con respecto a las opciones de <strong>\u201cBarbarigo\u201d<\/strong>, llega incluso con un punto m\u00e1s que la \u00faltima disputada donde volvi\u00f3 a incrementar su valor a su actual 42,5. La confianza del \u201cprepa\u201d en base a la actual forma del caballo es tambi\u00e9n sin\u00f3nimo de certidumbre en sus opciones, al menos para figurar de nuevo en el tr\u00edo. Sus problemas de salud, que sin duda era lo que m\u00e1s preocupaba, quedaron definitivamente atr\u00e1s y podr\u00eda volver a dar ese magn\u00edfico valor que ofreci\u00f3 en el pasado GP Gobierno Vasco donde estuvo luchando hasta el poste de meta con el que ha demostrado ser el mejor caballo del a\u00f1o, \u201cNoray\u201d. Hace apenas 15 d\u00edas volvi\u00f3 a demostrar que se mueve bien el terreno pesado, como muy previsiblemente volver\u00e1 a estar la condici\u00f3n de la pista este pr\u00f3ximo domingo con todas las lluvias que se esperan durante toda la semana. Los 62 kilos ha demostrado tambi\u00e9n moverlos bien siempre que ha corrido con ese plomo, y aunque la distancia se reduce a los 1.400 metros, metraje que a priori parece no deber\u00eda ser su mejor distancia, confiamos que no ser\u00e1 un h\u00e1ndicap en contra. El caballo aunque ha demostrado tener valor para ganar en 1.800 y 1.600, su gen\u00e9tica tambi\u00e9n nos dice que su horquilla puede ser suficientemente amplia como para bajar hasta estos 1.400 metros, m\u00e1s si cabe en un terreno pesado donde el metraje obviamente se alargar\u00e1 considerablemente y donde su estilo de carrera tambi\u00e9n le har\u00e1 buscar esa buena opci\u00f3n para encarar la recta definitiva en posiciones de vanguardia.<\/p>\n<p style=\"text-align: justify;\">Nada que perder y mucho que ganar en este cierre de temporada. Borja Fayos volver\u00e1 a intentarlo de nuevo para volver a retar a la mala fortuna que ha tenido con \u00e9l en todas sus salidas sin encontrar la victoria. Quiz\u00e1s en el momento que menos lo esperas, pod\u00e1is encontrar los dos vuestra merecida recompensa que llev\u00e1is buscando durante todo el a\u00f1o\u2026<\/p>\n<p style=\"text-align: justify;\">Mucha suerte equipo, y a disfrutar de un reenganche que pagamos gustosos y del que esperamos obtener esa recompensa a la valent\u00eda.<\/p>\n<hr \/>\n<p style=\"text-align: justify;\">\n<!-- AddThis Advanced Settings generic via filter on the_content --><!-- AddThis Share Buttons generic via filter on the_content -->","protected":false},"excerpt":{"rendered":"<p>No estaba en nuestros planes iniciales, ni tan siquiera en los finales de hace apenas un par de semanas donde d\u00e1bamos por finalizado su tercer a\u00f1o en competici\u00f3n, pero las sensaciones algunas veces cambian de estado, y hoy podemos confirmar que \u201cBarbarigo\u201d estar\u00e1 en el partant del pr\u00f3ximo Gran Premio Antonio Blasco 2018. Tras su [&hellip;]<!-- AddThis Advanced Settings generic via filter on get_the_excerpt --><!-- AddThis Share Buttons generic via filter on get_the_excerpt --><\/p>\n","protected":false},"author":5,"featured_media":4617,"comment_status":"closed","ping_status":"closed","sticky":false,"template":"","format":"standard","meta":{"_acf_changed":false,"_et_pb_use_builder":"","_et_pb_old_content":"","_et_gb_content_width":"","footnotes":""},"categories":[3],"tags":[],"class_list":["post-4755","post","type-post","status-publish","format-standard","has-post-thumbnail","hentry","category-noticias-cuadra-agrado"],"acf":[],"yoast_head":"<!-- This site is optimized with the Yoast SEO plugin v27.4 - https:\/\/yoast.com\/product\/yoast-seo-wordpress\/ -->\n<title>Barbarigo se reengancha al Blasco - Cuadra Agrado<\/title>\n<meta name=\"robots\" content=\"index, follow, max-snippet:-1, max-image-preview:large, max-video-preview:-1\" \/>\n<link rel=\"canonical\" href=\"https:\/\/cuadra-agrado.es\/?p=4755\" \/>\n<meta property=\"og:locale\" content=\"es_ES\" \/>\n<meta property=\"og:type\" content=\"article\" \/>\n<meta property=\"og:title\" content=\"Barbarigo se reengancha al Blasco - Cuadra Agrado\" \/>\n<meta property=\"og:description\" content=\"No estaba en nuestros planes iniciales, ni tan siquiera en los finales de hace apenas un par de semanas donde d\u00e1bamos por finalizado su tercer a\u00f1o en competici\u00f3n, pero las sensaciones algunas veces cambian de estado, y hoy podemos confirmar que \u201cBarbarigo\u201d estar\u00e1 en el partant del pr\u00f3ximo Gran Premio Antonio Blasco 2018. Tras su [&hellip;]\" \/>\n<meta property=\"og:url\" content=\"https:\/\/cuadra-agrado.es\/?p=4755\" \/>\n<meta property=\"og:site_name\" content=\"Cuadra Agrado\" \/>\n<meta property=\"article:published_time\" content=\"2018-11-19T12:15:02+00:00\" \/>\n<meta property=\"article:modified_time\" content=\"2024-02-27T09:26:20+00:00\" \/>\n<meta name=\"author\" content=\"Miguel Redondo\" \/>\n<meta name=\"twitter:card\" content=\"summary_large_image\" \/>\n<meta name=\"twitter:creator\" content=\"@AGRADOracing\" \/>\n<meta name=\"twitter:site\" content=\"@AGRADOracing\" \/>\n<meta name=\"twitter:label1\" content=\"Escrito por\" \/>\n\t<meta name=\"twitter:data1\" content=\"Miguel Redondo\" \/>\n\t<meta name=\"twitter:label2\" content=\"Tiempo de lectura\" \/>\n\t<meta name=\"twitter:data2\" content=\"5 minutos\" \/>\n<script type=\"application\/ld+json\" class=\"yoast-schema-graph\">{\"@context\":\"https:\\\/\\\/schema.org\",\"@graph\":[{\"@type\":\"Article\",\"@id\":\"https:\\\/\\\/cuadra-agrado.es\\\/?p=4755#article\",\"isPartOf\":{\"@id\":\"https:\\\/\\\/cuadra-agrado.es\\\/?p=4755\"},\"author\":{\"name\":\"Miguel Redondo\",\"@id\":\"https:\\\/\\\/cuadra-agrado.es\\\/#\\\/schema\\\/person\\\/3aa4f8d2373cf756d93a5526bc72f31b\"},\"headline\":\"Barbarigo se reengancha al Blasco\",\"datePublished\":\"2018-11-19T12:15:02+00:00\",\"dateModified\":\"2024-02-27T09:26:20+00:00\",\"mainEntityOfPage\":{\"@id\":\"https:\\\/\\\/cuadra-agrado.es\\\/?p=4755\"},\"wordCount\":1087,\"image\":{\"@id\":\"https:\\\/\\\/cuadra-agrado.es\\\/?p=4755#primaryimage\"},\"thumbnailUrl\":\"\",\"articleSection\":[\"Actualidad\"],\"inLanguage\":\"es\"},{\"@type\":\"WebPage\",\"@id\":\"https:\\\/\\\/cuadra-agrado.es\\\/?p=4755\",\"url\":\"https:\\\/\\\/cuadra-agrado.es\\\/?p=4755\",\"name\":\"Barbarigo se reengancha al Blasco - Cuadra Agrado\",\"isPartOf\":{\"@id\":\"https:\\\/\\\/cuadra-agrado.es\\\/#website\"},\"primaryImageOfPage\":{\"@id\":\"https:\\\/\\\/cuadra-agrado.es\\\/?p=4755#primaryimage\"},\"image\":{\"@id\":\"https:\\\/\\\/cuadra-agrado.es\\\/?p=4755#primaryimage\"},\"thumbnailUrl\":\"\",\"datePublished\":\"2018-11-19T12:15:02+00:00\",\"dateModified\":\"2024-02-27T09:26:20+00:00\",\"author\":{\"@id\":\"https:\\\/\\\/cuadra-agrado.es\\\/#\\\/schema\\\/person\\\/3aa4f8d2373cf756d93a5526bc72f31b\"},\"breadcrumb\":{\"@id\":\"https:\\\/\\\/cuadra-agrado.es\\\/?p=4755#breadcrumb\"},\"inLanguage\":\"es\",\"potentialAction\":[{\"@type\":\"ReadAction\",\"target\":[\"https:\\\/\\\/cuadra-agrado.es\\\/?p=4755\"]}]},{\"@type\":\"ImageObject\",\"inLanguage\":\"es\",\"@id\":\"https:\\\/\\\/cuadra-agrado.es\\\/?p=4755#primaryimage\",\"url\":\"\",\"contentUrl\":\"\"},{\"@type\":\"BreadcrumbList\",\"@id\":\"https:\\\/\\\/cuadra-agrado.es\\\/?p=4755#breadcrumb\",\"itemListElement\":[{\"@type\":\"ListItem\",\"position\":1,\"name\":\"Portada\",\"item\":\"https:\\\/\\\/cuadra-agrado.es\\\/\"},{\"@type\":\"ListItem\",\"position\":2,\"name\":\"Barbarigo se reengancha al Blasco\"}]},{\"@type\":\"WebSite\",\"@id\":\"https:\\\/\\\/cuadra-agrado.es\\\/#website\",\"url\":\"https:\\\/\\\/cuadra-agrado.es\\\/\",\"name\":\"Cuadra Agrado\",\"description\":\"En el mundo del Turf desde 2008\",\"potentialAction\":[{\"@type\":\"SearchAction\",\"target\":{\"@type\":\"EntryPoint\",\"urlTemplate\":\"https:\\\/\\\/cuadra-agrado.es\\\/?s={search_term_string}\"},\"query-input\":{\"@type\":\"PropertyValueSpecification\",\"valueRequired\":true,\"valueName\":\"search_term_string\"}}],\"inLanguage\":\"es\"},{\"@type\":\"Person\",\"@id\":\"https:\\\/\\\/cuadra-agrado.es\\\/#\\\/schema\\\/person\\\/3aa4f8d2373cf756d93a5526bc72f31b\",\"name\":\"Miguel Redondo\",\"image\":{\"@type\":\"ImageObject\",\"inLanguage\":\"es\",\"@id\":\"https:\\\/\\\/secure.gravatar.com\\\/avatar\\\/85704fceb4fa34017e3c1344d182da00dbf772fb8856ba2b7726a2df926415b4?s=96&d=mm&r=g\",\"url\":\"https:\\\/\\\/secure.gravatar.com\\\/avatar\\\/85704fceb4fa34017e3c1344d182da00dbf772fb8856ba2b7726a2df926415b4?s=96&d=mm&r=g\",\"contentUrl\":\"https:\\\/\\\/secure.gravatar.com\\\/avatar\\\/85704fceb4fa34017e3c1344d182da00dbf772fb8856ba2b7726a2df926415b4?s=96&d=mm&r=g\",\"caption\":\"Miguel Redondo\"},\"sameAs\":[\"https:\\\/\\\/cuadra-agrado.es\"],\"url\":\"https:\\\/\\\/cuadra-agrado.es\\\/?author=5\"}]}<\/script>\n<!-- \/ Yoast SEO plugin. -->","yoast_head_json":{"title":"Barbarigo se reengancha al Blasco - Cuadra Agrado","robots":{"index":"index","follow":"follow","max-snippet":"max-snippet:-1","max-image-preview":"max-image-preview:large","max-video-preview":"max-video-preview:-1"},"canonical":"https:\/\/cuadra-agrado.es\/?p=4755","og_locale":"es_ES","og_type":"article","og_title":"Barbarigo se reengancha al Blasco - Cuadra Agrado","og_description":"No estaba en nuestros planes iniciales, ni tan siquiera en los finales de hace apenas un par de semanas donde d\u00e1bamos por finalizado su tercer a\u00f1o en competici\u00f3n, pero las sensaciones algunas veces cambian de estado, y hoy podemos confirmar que \u201cBarbarigo\u201d estar\u00e1 en el partant del pr\u00f3ximo Gran Premio Antonio Blasco 2018. Tras su [&hellip;]","og_url":"https:\/\/cuadra-agrado.es\/?p=4755","og_site_name":"Cuadra Agrado","article_published_time":"2018-11-19T12:15:02+00:00","article_modified_time":"2024-02-27T09:26:20+00:00","author":"Miguel Redondo","twitter_card":"summary_large_image","twitter_creator":"@AGRADOracing","twitter_site":"@AGRADOracing","twitter_misc":{"Escrito por":"Miguel Redondo","Tiempo de lectura":"5 minutos"},"schema":{"@context":"https:\/\/schema.org","@graph":[{"@type":"Article","@id":"https:\/\/cuadra-agrado.es\/?p=4755#article","isPartOf":{"@id":"https:\/\/cuadra-agrado.es\/?p=4755"},"author":{"name":"Miguel Redondo","@id":"https:\/\/cuadra-agrado.es\/#\/schema\/person\/3aa4f8d2373cf756d93a5526bc72f31b"},"headline":"Barbarigo se reengancha al Blasco","datePublished":"2018-11-19T12:15:02+00:00","dateModified":"2024-02-27T09:26:20+00:00","mainEntityOfPage":{"@id":"https:\/\/cuadra-agrado.es\/?p=4755"},"wordCount":1087,"image":{"@id":"https:\/\/cuadra-agrado.es\/?p=4755#primaryimage"},"thumbnailUrl":"","articleSection":["Actualidad"],"inLanguage":"es"},{"@type":"WebPage","@id":"https:\/\/cuadra-agrado.es\/?p=4755","url":"https:\/\/cuadra-agrado.es\/?p=4755","name":"Barbarigo se reengancha al Blasco - Cuadra Agrado","isPartOf":{"@id":"https:\/\/cuadra-agrado.es\/#website"},"primaryImageOfPage":{"@id":"https:\/\/cuadra-agrado.es\/?p=4755#primaryimage"},"image":{"@id":"https:\/\/cuadra-agrado.es\/?p=4755#primaryimage"},"thumbnailUrl":"","datePublished":"2018-11-19T12:15:02+00:00","dateModified":"2024-02-27T09:26:20+00:00","author":{"@id":"https:\/\/cuadra-agrado.es\/#\/schema\/person\/3aa4f8d2373cf756d93a5526bc72f31b"},"breadcrumb":{"@id":"https:\/\/cuadra-agrado.es\/?p=4755#breadcrumb"},"inLanguage":"es","potentialAction":[{"@type":"ReadAction","target":["https:\/\/cuadra-agrado.es\/?p=4755"]}]},{"@type":"ImageObject","inLanguage":"es","@id":"https:\/\/cuadra-agrado.es\/?p=4755#primaryimage","url":"","contentUrl":""},{"@type":"BreadcrumbList","@id":"https:\/\/cuadra-agrado.es\/?p=4755#breadcrumb","itemListElement":[{"@type":"ListItem","position":1,"name":"Portada","item":"https:\/\/cuadra-agrado.es\/"},{"@type":"ListItem","position":2,"name":"Barbarigo se reengancha al Blasco"}]},{"@type":"WebSite","@id":"https:\/\/cuadra-agrado.es\/#website","url":"https:\/\/cuadra-agrado.es\/","name":"Cuadra Agrado","description":"En el mundo del Turf desde 2008","potentialAction":[{"@type":"SearchAction","target":{"@type":"EntryPoint","urlTemplate":"https:\/\/cuadra-agrado.es\/?s={search_term_string}"},"query-input":{"@type":"PropertyValueSpecification","valueRequired":true,"valueName":"search_term_string"}}],"inLanguage":"es"},{"@type":"Person","@id":"https:\/\/cuadra-agrado.es\/#\/schema\/person\/3aa4f8d2373cf756d93a5526bc72f31b","name":"Miguel Redondo","image":{"@type":"ImageObject","inLanguage":"es","@id":"https:\/\/secure.gravatar.com\/avatar\/85704fceb4fa34017e3c1344d182da00dbf772fb8856ba2b7726a2df926415b4?s=96&d=mm&r=g","url":"https:\/\/secure.gravatar.com\/avatar\/85704fceb4fa34017e3c1344d182da00dbf772fb8856ba2b7726a2df926415b4?s=96&d=mm&r=g","contentUrl":"https:\/\/secure.gravatar.com\/avatar\/85704fceb4fa34017e3c1344d182da00dbf772fb8856ba2b7726a2df926415b4?s=96&d=mm&r=g","caption":"Miguel Redondo"},"sameAs":["https:\/\/cuadra-agrado.es"],"url":"https:\/\/cuadra-agrado.es\/?author=5"}]}},"_links":{"self":[{"href":"https:\/\/cuadra-agrado.es\/index.php?rest_route=\/wp\/v2\/posts\/4755","targetHints":{"allow":["GET"]}}],"collection":[{"href":"https:\/\/cuadra-agrado.es\/index.php?rest_route=\/wp\/v2\/posts"}],"about":[{"href":"https:\/\/cuadra-agrado.es\/index.php?rest_route=\/wp\/v2\/types\/post"}],"author":[{"embeddable":true,"href":"https:\/\/cuadra-agrado.es\/index.php?rest_route=\/wp\/v2\/users\/5"}],"replies":[{"embeddable":true,"href":"https:\/\/cuadra-agrado.es\/index.php?rest_route=%2Fwp%2Fv2%2Fcomments&post=4755"}],"version-history":[{"count":0,"href":"https:\/\/cuadra-agrado.es\/index.php?rest_route=\/wp\/v2\/posts\/4755\/revisions"}],"wp:featuredmedia":[{"embeddable":true,"href":"https:\/\/cuadra-agrado.es\/index.php?rest_route=\/"}],"wp:attachment":[{"href":"https:\/\/cuadra-agrado.es\/index.php?rest_route=%2Fwp%2Fv2%2Fmedia&parent=4755"}],"wp:term":[{"taxonomy":"category","embeddable":true,"href":"https:\/\/cuadra-agrado.es\/index.php?rest_route=%2Fwp%2Fv2%2Fcategories&post=4755"},{"taxonomy":"post_tag","embeddable":true,"href":"https:\/\/cuadra-agrado.es\/index.php?rest_route=%2Fwp%2Fv2%2Ftags&post=4755"}],"curies":[{"name":"wp","href":"https:\/\/api.w.org\/{rel}","templated":true}]}}