{"id":4688,"date":"2018-11-11T21:09:09","date_gmt":"2018-11-11T20:09:09","guid":{"rendered":"https:\/\/cuadra-agrado.es\/?p=4688"},"modified":"2024-02-27T09:26:21","modified_gmt":"2024-02-27T09:26:21","slug":"bonito-segundo-barbarigo-aniversario","status":"publish","type":"post","link":"https:\/\/cuadra-agrado.es\/?p=4688","title":{"rendered":"Bonito segundo de Barbarigo en el d\u00eda de nuestro aniversario&#8230;."},"content":{"rendered":"<p style=\"text-align: justify;\"><a href=\"http:\/\/cuadra-agrado.es\/wp-content\/uploads\/2018\/11\/barbarigo1.jpg\" target=\"_blank\" rel=\"noopener noreferrer\"><img loading=\"lazy\" decoding=\"async\" class=\"alignleft wp-image-4689\" src=\"http:\/\/cuadra-agrado.es\/wp-content\/uploads\/2018\/11\/barbarigo1-1024x682.jpg\" alt=\"\" width=\"575\" height=\"383\" \/><\/a>El 11 de noviembre de 2008 quedaba registrada en SFCCE nuestra \u00abCuadra Agrado\u201d y por tanto, nac\u00edan nuestros colores granate y azul. En el d\u00eda de hoy se cumpl\u00edan 10 maravillosos a\u00f1os en una disciplina que ha marcado para siempre la forma de vida de toda nuestra familia ligada al mundo de las carreras de caballos. En el m\u00e1s estricto secreto e intimidad, para no tentar a la diosa mala fortuna, el destino nos hab\u00eda brindado una bonita oportunidad de celebrar este aniversario con una buena opci\u00f3n de victoria por parte de\u00a0<strong>\u201cBarbarigo\u201d <\/strong>y, aunque no creemos mucho en el destino, el d\u00eda era tan se\u00f1alado y las opciones tan asequibles, que no pod\u00edamos evitar esa sensaci\u00f3n de excitaci\u00f3n.<\/p>\n<p style=\"text-align: justify;\">Lo intent\u00f3 como siempre el bravo <strong>\u201cBarbarigo\u201d<\/strong>\u00a0esta vez en un Gran H\u00e1ndicap de valor donde su mantilla con el n\u00famero 1 le hac\u00eda portar las onzas de plomo de mayor peso. Se presentaba en el paddock casi dos meses despu\u00e9s con un aspecto espl\u00e9ndido y eso, nos hizo creer a\u00fan m\u00e1s es sus buenas opciones. Tras otro recorrido valiente donde dio la cara desde cajones en posiciones de vanguardia y hasta el \u00faltimo hect\u00f3metro, quiso brindarnos esa victoria que la cuadra entera merec\u00eda, pero ese caprichoso destino del que siempre hemos desconfiado, no quiso acompa\u00f1arnos en un d\u00eda tan se\u00f1alado. Hoy, Fayos lo llev\u00f3 en un recorrido perfecto, supo llevar bien los kilos, de nuevo puso coraz\u00f3n en su lucha en una pista que de haber estado algo menos blanda nos hubiera ofrecido alguna opci\u00f3n m\u00e1s para no sentir tanto el plomo. Pero hoy los cinco kilos menos de un inesperado y camuflado <strong>\u201cOscar Nonantais\u201d<\/strong> no dieron opci\u00f3n al nuestro por m\u00e1s que se empe\u00f1ara el binomio en luchar hasta el \u00faltimo aliento. En cualquier caso, otro enorme segundo que nos vuelve a saber casi tan dulce como otros muchos primeros. Un caballo que ha demostrado durante sus tres a\u00f1os de competici\u00f3n ser uno de esos caballos de gran coraz\u00f3n y valor que alg\u00fan d\u00eda nos dedicar\u00e1 algo grande en nuestro turf. Carrera tras carrera ha mantenido constante un alto valor 42 durante pr\u00e1cticamente todo el a\u00f1o, y eso es sin duda lo que te hace sentir el m\u00e1ximo orgullo por un caballo que nos aporta grandeza y por ende, tambi\u00e9n a nuestro turf.<\/p>\n<p style=\"text-align: justify;\">Duro a\u00f1o el que ha tenido desde que comenzara 2018 en el Gran Premio de Andaluc\u00eda all\u00e1 por el mes de febrero. En total, han sido ocho duras carreras de condici\u00f3n, grandes h\u00e1ndicaps, preparatorias a grandes premios y grandes premios donde, de esas ocho salidas, ha estado seis veces en el tr\u00edo (75%). Un caballo que concluye sus cuatro a\u00f1itos con casi 100.000 euros en premios en su mantilla y que, si la suerte y la salud lo acompa\u00f1an para el pr\u00f3ximo a\u00f1o, puede tener una muy bonita opci\u00f3n para luchar por grandes objetivos que este a\u00f1o se le han quedado en el tintero. Hoy termina con la cabeza alta su primer a\u00f1o como \u201cviejo\u201d y ya como adalid y capit\u00e1n de la cuadra. Un merecido descanso de invierno le espera para afrontar sus cinco a\u00f1os de la pr\u00f3xima primavera \u00a0donde plantearemos una temporada con las mismas miras a los grandes premios de la milla en los tres hip\u00f3dromos nacionales. Le deseamos un placentero descanso y estamos ya deseando verlo nuevamente reaparecer en los grandes premios de velocidad de Sevilla en febrero.<\/p>\n<p style=\"text-align: justify;\">Para finalizar, agradecer p\u00fablicamente a nuestro preparador Juan Luis Maroto y a todo el equipo el enorme trabajo que han hecho con este hijo de <strong>\u201cCanford Cliffs\u201d.<\/strong> No es nada f\u00e1cil conseguir y despu\u00e9s mantener el valor alto de un caballo a lo largo de dos a\u00f1os de competici\u00f3n y, por supuesto, no todo es m\u00e9rito en exclusividad del caballo. De igual forma, agradecer al equipo veterinario su profesionalidad para dar soluci\u00f3n a algunos problemas de salud sufridos durante el a\u00f1o y, por \u00faltimo, agradecer los intentos de nuestro jockey \u201cBorja Fayos\u201d por ganar con \u00e9l y que desafortunadamente no pudo conseguir. Los dos saben que se deben esa merecida victoria y estamos seguros de que el pr\u00f3ximo a\u00f1o lograr\u00e1n ese merecido empe\u00f1o.<\/p>\n<p style=\"text-align: justify;\">Buen descanso D. Barbarigo, se ha ganado el pienso y lo que es m\u00e1s importante, nuestro respeto y el de muchos aficionados.<\/p>\n<hr \/>\n<p style=\"text-align: justify;\">\n<!-- AddThis Advanced Settings generic via filter on the_content --><!-- AddThis Share Buttons generic via filter on the_content -->","protected":false},"excerpt":{"rendered":"<p>El 11 de noviembre de 2008 quedaba registrada en SFCCE nuestra \u00abCuadra Agrado\u201d y por tanto, nac\u00edan nuestros colores granate y azul. En el d\u00eda de hoy se cumpl\u00edan 10 maravillosos a\u00f1os en una disciplina que ha marcado para siempre la forma de vida de toda nuestra familia ligada al mundo de las carreras de [&hellip;]<!-- AddThis Advanced Settings generic via filter on get_the_excerpt --><!-- AddThis Share Buttons generic via filter on get_the_excerpt --><\/p>\n","protected":false},"author":5,"featured_media":4689,"comment_status":"closed","ping_status":"closed","sticky":false,"template":"","format":"standard","meta":{"_acf_changed":false,"_et_pb_use_builder":"","_et_pb_old_content":"","_et_gb_content_width":"","footnotes":""},"categories":[3],"tags":[],"class_list":["post-4688","post","type-post","status-publish","format-standard","has-post-thumbnail","hentry","category-noticias-cuadra-agrado"],"acf":[],"yoast_head":"<!-- This site is optimized with the Yoast SEO plugin v27.4 - https:\/\/yoast.com\/product\/yoast-seo-wordpress\/ -->\n<title>Bonito segundo de Barbarigo en el d\u00eda de nuestro aniversario.... - Cuadra Agrado<\/title>\n<meta name=\"robots\" content=\"index, follow, max-snippet:-1, max-image-preview:large, max-video-preview:-1\" \/>\n<link rel=\"canonical\" href=\"https:\/\/cuadra-agrado.es\/?p=4688\" \/>\n<meta property=\"og:locale\" content=\"es_ES\" \/>\n<meta property=\"og:type\" content=\"article\" \/>\n<meta property=\"og:title\" content=\"Bonito segundo de Barbarigo en el d\u00eda de nuestro aniversario.... - Cuadra Agrado\" \/>\n<meta property=\"og:description\" content=\"El 11 de noviembre de 2008 quedaba registrada en SFCCE nuestra \u00abCuadra Agrado\u201d y por tanto, nac\u00edan nuestros colores granate y azul. En el d\u00eda de hoy se cumpl\u00edan 10 maravillosos a\u00f1os en una disciplina que ha marcado para siempre la forma de vida de toda nuestra familia ligada al mundo de las carreras de [&hellip;]\" \/>\n<meta property=\"og:url\" content=\"https:\/\/cuadra-agrado.es\/?p=4688\" \/>\n<meta property=\"og:site_name\" content=\"Cuadra Agrado\" \/>\n<meta property=\"article:published_time\" content=\"2018-11-11T20:09:09+00:00\" \/>\n<meta property=\"article:modified_time\" content=\"2024-02-27T09:26:21+00:00\" \/>\n<meta name=\"author\" content=\"Miguel Redondo\" \/>\n<meta name=\"twitter:card\" content=\"summary_large_image\" \/>\n<meta name=\"twitter:creator\" content=\"@AGRADOracing\" \/>\n<meta name=\"twitter:site\" content=\"@AGRADOracing\" \/>\n<meta name=\"twitter:label1\" content=\"Escrito por\" \/>\n\t<meta name=\"twitter:data1\" content=\"Miguel Redondo\" \/>\n\t<meta name=\"twitter:label2\" content=\"Tiempo de lectura\" \/>\n\t<meta name=\"twitter:data2\" content=\"4 minutos\" \/>\n<script type=\"application\/ld+json\" class=\"yoast-schema-graph\">{\"@context\":\"https:\\\/\\\/schema.org\",\"@graph\":[{\"@type\":\"Article\",\"@id\":\"https:\\\/\\\/cuadra-agrado.es\\\/?p=4688#article\",\"isPartOf\":{\"@id\":\"https:\\\/\\\/cuadra-agrado.es\\\/?p=4688\"},\"author\":{\"name\":\"Miguel Redondo\",\"@id\":\"https:\\\/\\\/cuadra-agrado.es\\\/#\\\/schema\\\/person\\\/3aa4f8d2373cf756d93a5526bc72f31b\"},\"headline\":\"Bonito segundo de Barbarigo en el d\u00eda de nuestro aniversario&#8230;.\",\"datePublished\":\"2018-11-11T20:09:09+00:00\",\"dateModified\":\"2024-02-27T09:26:21+00:00\",\"mainEntityOfPage\":{\"@id\":\"https:\\\/\\\/cuadra-agrado.es\\\/?p=4688\"},\"wordCount\":782,\"image\":{\"@id\":\"https:\\\/\\\/cuadra-agrado.es\\\/?p=4688#primaryimage\"},\"thumbnailUrl\":\"\",\"articleSection\":[\"Actualidad\"],\"inLanguage\":\"es\"},{\"@type\":\"WebPage\",\"@id\":\"https:\\\/\\\/cuadra-agrado.es\\\/?p=4688\",\"url\":\"https:\\\/\\\/cuadra-agrado.es\\\/?p=4688\",\"name\":\"Bonito segundo de Barbarigo en el d\u00eda de nuestro aniversario.... - Cuadra Agrado\",\"isPartOf\":{\"@id\":\"https:\\\/\\\/cuadra-agrado.es\\\/#website\"},\"primaryImageOfPage\":{\"@id\":\"https:\\\/\\\/cuadra-agrado.es\\\/?p=4688#primaryimage\"},\"image\":{\"@id\":\"https:\\\/\\\/cuadra-agrado.es\\\/?p=4688#primaryimage\"},\"thumbnailUrl\":\"\",\"datePublished\":\"2018-11-11T20:09:09+00:00\",\"dateModified\":\"2024-02-27T09:26:21+00:00\",\"author\":{\"@id\":\"https:\\\/\\\/cuadra-agrado.es\\\/#\\\/schema\\\/person\\\/3aa4f8d2373cf756d93a5526bc72f31b\"},\"breadcrumb\":{\"@id\":\"https:\\\/\\\/cuadra-agrado.es\\\/?p=4688#breadcrumb\"},\"inLanguage\":\"es\",\"potentialAction\":[{\"@type\":\"ReadAction\",\"target\":[\"https:\\\/\\\/cuadra-agrado.es\\\/?p=4688\"]}]},{\"@type\":\"ImageObject\",\"inLanguage\":\"es\",\"@id\":\"https:\\\/\\\/cuadra-agrado.es\\\/?p=4688#primaryimage\",\"url\":\"\",\"contentUrl\":\"\"},{\"@type\":\"BreadcrumbList\",\"@id\":\"https:\\\/\\\/cuadra-agrado.es\\\/?p=4688#breadcrumb\",\"itemListElement\":[{\"@type\":\"ListItem\",\"position\":1,\"name\":\"Portada\",\"item\":\"https:\\\/\\\/cuadra-agrado.es\\\/\"},{\"@type\":\"ListItem\",\"position\":2,\"name\":\"Bonito segundo de Barbarigo en el d\u00eda de nuestro aniversario&#8230;.\"}]},{\"@type\":\"WebSite\",\"@id\":\"https:\\\/\\\/cuadra-agrado.es\\\/#website\",\"url\":\"https:\\\/\\\/cuadra-agrado.es\\\/\",\"name\":\"Cuadra Agrado\",\"description\":\"En el mundo del Turf desde 2008\",\"potentialAction\":[{\"@type\":\"SearchAction\",\"target\":{\"@type\":\"EntryPoint\",\"urlTemplate\":\"https:\\\/\\\/cuadra-agrado.es\\\/?s={search_term_string}\"},\"query-input\":{\"@type\":\"PropertyValueSpecification\",\"valueRequired\":true,\"valueName\":\"search_term_string\"}}],\"inLanguage\":\"es\"},{\"@type\":\"Person\",\"@id\":\"https:\\\/\\\/cuadra-agrado.es\\\/#\\\/schema\\\/person\\\/3aa4f8d2373cf756d93a5526bc72f31b\",\"name\":\"Miguel Redondo\",\"image\":{\"@type\":\"ImageObject\",\"inLanguage\":\"es\",\"@id\":\"https:\\\/\\\/secure.gravatar.com\\\/avatar\\\/85704fceb4fa34017e3c1344d182da00dbf772fb8856ba2b7726a2df926415b4?s=96&d=mm&r=g\",\"url\":\"https:\\\/\\\/secure.gravatar.com\\\/avatar\\\/85704fceb4fa34017e3c1344d182da00dbf772fb8856ba2b7726a2df926415b4?s=96&d=mm&r=g\",\"contentUrl\":\"https:\\\/\\\/secure.gravatar.com\\\/avatar\\\/85704fceb4fa34017e3c1344d182da00dbf772fb8856ba2b7726a2df926415b4?s=96&d=mm&r=g\",\"caption\":\"Miguel Redondo\"},\"sameAs\":[\"https:\\\/\\\/cuadra-agrado.es\"],\"url\":\"https:\\\/\\\/cuadra-agrado.es\\\/?author=5\"}]}<\/script>\n<!-- \/ Yoast SEO plugin. -->","yoast_head_json":{"title":"Bonito segundo de Barbarigo en el d\u00eda de nuestro aniversario.... - Cuadra Agrado","robots":{"index":"index","follow":"follow","max-snippet":"max-snippet:-1","max-image-preview":"max-image-preview:large","max-video-preview":"max-video-preview:-1"},"canonical":"https:\/\/cuadra-agrado.es\/?p=4688","og_locale":"es_ES","og_type":"article","og_title":"Bonito segundo de Barbarigo en el d\u00eda de nuestro aniversario.... - Cuadra Agrado","og_description":"El 11 de noviembre de 2008 quedaba registrada en SFCCE nuestra \u00abCuadra Agrado\u201d y por tanto, nac\u00edan nuestros colores granate y azul. En el d\u00eda de hoy se cumpl\u00edan 10 maravillosos a\u00f1os en una disciplina que ha marcado para siempre la forma de vida de toda nuestra familia ligada al mundo de las carreras de [&hellip;]","og_url":"https:\/\/cuadra-agrado.es\/?p=4688","og_site_name":"Cuadra Agrado","article_published_time":"2018-11-11T20:09:09+00:00","article_modified_time":"2024-02-27T09:26:21+00:00","author":"Miguel Redondo","twitter_card":"summary_large_image","twitter_creator":"@AGRADOracing","twitter_site":"@AGRADOracing","twitter_misc":{"Escrito por":"Miguel Redondo","Tiempo de lectura":"4 minutos"},"schema":{"@context":"https:\/\/schema.org","@graph":[{"@type":"Article","@id":"https:\/\/cuadra-agrado.es\/?p=4688#article","isPartOf":{"@id":"https:\/\/cuadra-agrado.es\/?p=4688"},"author":{"name":"Miguel Redondo","@id":"https:\/\/cuadra-agrado.es\/#\/schema\/person\/3aa4f8d2373cf756d93a5526bc72f31b"},"headline":"Bonito segundo de Barbarigo en el d\u00eda de nuestro aniversario&#8230;.","datePublished":"2018-11-11T20:09:09+00:00","dateModified":"2024-02-27T09:26:21+00:00","mainEntityOfPage":{"@id":"https:\/\/cuadra-agrado.es\/?p=4688"},"wordCount":782,"image":{"@id":"https:\/\/cuadra-agrado.es\/?p=4688#primaryimage"},"thumbnailUrl":"","articleSection":["Actualidad"],"inLanguage":"es"},{"@type":"WebPage","@id":"https:\/\/cuadra-agrado.es\/?p=4688","url":"https:\/\/cuadra-agrado.es\/?p=4688","name":"Bonito segundo de Barbarigo en el d\u00eda de nuestro aniversario.... - Cuadra Agrado","isPartOf":{"@id":"https:\/\/cuadra-agrado.es\/#website"},"primaryImageOfPage":{"@id":"https:\/\/cuadra-agrado.es\/?p=4688#primaryimage"},"image":{"@id":"https:\/\/cuadra-agrado.es\/?p=4688#primaryimage"},"thumbnailUrl":"","datePublished":"2018-11-11T20:09:09+00:00","dateModified":"2024-02-27T09:26:21+00:00","author":{"@id":"https:\/\/cuadra-agrado.es\/#\/schema\/person\/3aa4f8d2373cf756d93a5526bc72f31b"},"breadcrumb":{"@id":"https:\/\/cuadra-agrado.es\/?p=4688#breadcrumb"},"inLanguage":"es","potentialAction":[{"@type":"ReadAction","target":["https:\/\/cuadra-agrado.es\/?p=4688"]}]},{"@type":"ImageObject","inLanguage":"es","@id":"https:\/\/cuadra-agrado.es\/?p=4688#primaryimage","url":"","contentUrl":""},{"@type":"BreadcrumbList","@id":"https:\/\/cuadra-agrado.es\/?p=4688#breadcrumb","itemListElement":[{"@type":"ListItem","position":1,"name":"Portada","item":"https:\/\/cuadra-agrado.es\/"},{"@type":"ListItem","position":2,"name":"Bonito segundo de Barbarigo en el d\u00eda de nuestro aniversario&#8230;."}]},{"@type":"WebSite","@id":"https:\/\/cuadra-agrado.es\/#website","url":"https:\/\/cuadra-agrado.es\/","name":"Cuadra Agrado","description":"En el mundo del Turf desde 2008","potentialAction":[{"@type":"SearchAction","target":{"@type":"EntryPoint","urlTemplate":"https:\/\/cuadra-agrado.es\/?s={search_term_string}"},"query-input":{"@type":"PropertyValueSpecification","valueRequired":true,"valueName":"search_term_string"}}],"inLanguage":"es"},{"@type":"Person","@id":"https:\/\/cuadra-agrado.es\/#\/schema\/person\/3aa4f8d2373cf756d93a5526bc72f31b","name":"Miguel Redondo","image":{"@type":"ImageObject","inLanguage":"es","@id":"https:\/\/secure.gravatar.com\/avatar\/85704fceb4fa34017e3c1344d182da00dbf772fb8856ba2b7726a2df926415b4?s=96&d=mm&r=g","url":"https:\/\/secure.gravatar.com\/avatar\/85704fceb4fa34017e3c1344d182da00dbf772fb8856ba2b7726a2df926415b4?s=96&d=mm&r=g","contentUrl":"https:\/\/secure.gravatar.com\/avatar\/85704fceb4fa34017e3c1344d182da00dbf772fb8856ba2b7726a2df926415b4?s=96&d=mm&r=g","caption":"Miguel Redondo"},"sameAs":["https:\/\/cuadra-agrado.es"],"url":"https:\/\/cuadra-agrado.es\/?author=5"}]}},"_links":{"self":[{"href":"https:\/\/cuadra-agrado.es\/index.php?rest_route=\/wp\/v2\/posts\/4688","targetHints":{"allow":["GET"]}}],"collection":[{"href":"https:\/\/cuadra-agrado.es\/index.php?rest_route=\/wp\/v2\/posts"}],"about":[{"href":"https:\/\/cuadra-agrado.es\/index.php?rest_route=\/wp\/v2\/types\/post"}],"author":[{"embeddable":true,"href":"https:\/\/cuadra-agrado.es\/index.php?rest_route=\/wp\/v2\/users\/5"}],"replies":[{"embeddable":true,"href":"https:\/\/cuadra-agrado.es\/index.php?rest_route=%2Fwp%2Fv2%2Fcomments&post=4688"}],"version-history":[{"count":0,"href":"https:\/\/cuadra-agrado.es\/index.php?rest_route=\/wp\/v2\/posts\/4688\/revisions"}],"wp:featuredmedia":[{"embeddable":true,"href":"https:\/\/cuadra-agrado.es\/index.php?rest_route=\/"}],"wp:attachment":[{"href":"https:\/\/cuadra-agrado.es\/index.php?rest_route=%2Fwp%2Fv2%2Fmedia&parent=4688"}],"wp:term":[{"taxonomy":"category","embeddable":true,"href":"https:\/\/cuadra-agrado.es\/index.php?rest_route=%2Fwp%2Fv2%2Fcategories&post=4688"},{"taxonomy":"post_tag","embeddable":true,"href":"https:\/\/cuadra-agrado.es\/index.php?rest_route=%2Fwp%2Fv2%2Ftags&post=4688"}],"curies":[{"name":"wp","href":"https:\/\/api.w.org\/{rel}","templated":true}]}}